{"id":302,"date":"2008-08-22T14:30:36","date_gmt":"2008-08-22T14:30:36","guid":{"rendered":"http:\/\/desarrollo.mcvicious.com\/aero2020\/2008\/08\/22\/vo-de-aena-revela-que-el-avie-spanair-sestall-rebotar-contra-la-pista\/"},"modified":"2008-08-22T14:30:36","modified_gmt":"2008-08-22T14:30:36","slug":"vo-de-aena-revela-que-el-avie-spanair-sestall-rebotar-contra-la-pista","status":"publish","type":"post","link":"https:\/\/aeronoticias.com.pe\/noticiero\/transporte-aereo\/internacional\/vo-de-aena-revela-que-el-avie-spanair-sestall-rebotar-contra-la-pista\/","title":{"rendered":"V"},"content":{"rendered":"<blockquote>\n<p style=\"font-size: 12px; margin: 0cm 0cm 0pt; color: #003a75; font-family: Arial, Helvetica, sans-serif\" class=\"MsoNormal\" align=\"justify\">El avi&oacute;n estall&oacute; en la pista despu&eacute;s de rebotar y avanzar contra el pavimento. No se incendi&oacute; un motor al tomar altura, como apuntaron los primeros testimonios. <\/p>\n<p style=\"font-size: 12px; margin: 0cm 0cm 0pt; color: #003a75; font-family: Arial, Helvetica, sans-serif\" class=\"MsoNormal\" align=\"justify\">&nbsp;<\/p>\n<p style=\"font-size: 12px; margin: 0cm 0cm 0pt; color: #003a75; font-family: Arial, Helvetica, sans-serif\" class=\"MsoNormal\" align=\"justify\">El v&iacute;deo grabado por AENA del despegue del fat&iacute;dico vuelo JK5022 de Spanair, en el que el mi&eacute;rcoles perdieron la vida 153 de sus 172 pasajeros, revela que el aparato apur&oacute; la pista de la T4 -puede que debido a un fallo de potencia- y, tras elevarse s&oacute;lo unos metros, cay&oacute; a la derecha.<\/p>\n<p style=\"font-size: 12px; margin: 0cm 0cm 0pt; color: #003a75; font-family: Arial, Helvetica, sans-serif\" class=\"MsoNormal\" align=\"justify\">&nbsp;<\/p>\n<p style=\"font-size: 12px; margin: 0cm 0cm 0pt; color: #003a75; font-family: Arial, Helvetica, sans-serif\" class=\"MsoNormal\" align=\"justify\">El v&iacute;deo no muestra ninguna explosi&oacute;n ni estallido del motor en el aire. Tras caer, el fuselaje recorri&oacute; escorado la pista. S&oacute;lo estall&oacute; tras varios segundos rebotando contra el suelo, seg&uacute;n fuentes pr&oacute;ximas a la investigaci&oacute;n. <\/p>\n<p style=\"font-size: 12px; margin: 0cm 0cm 0pt; color: #003a75; font-family: Arial, Helvetica, sans-serif\" class=\"MsoNormal\" align=\"justify\">&nbsp;<\/p>\n<p style=\"font-size: 12px; margin: 0cm 0cm 0pt; color: #003a75; font-family: Arial, Helvetica, sans-serif\" class=\"MsoNormal\" align=\"justify\">Una de las chispas del rozamiento ya hab&iacute;a prendido el queroseno y la tragedia era inevitable.<\/p>\n<p>&nbsp;<\/p>\n<div style=\"text-align: center\"><img loading=\"lazy\" decoding=\"async\" src=\"http:\/\/aeronoticias.com.pe\/fotonoticias\/agosto\/spanair22accid.JPG\" alt=\" \" title=\"Restos de la aeronave MD de Spanair tras el accidente que cobr&oacute; la vida a 153 viajeros. (Foto: Internet)\" hspace=\"5\" vspace=\"5\" width=\"250\" height=\"183\" \/><\/div>\n<\/blockquote>\n<p> <!--more--> <\/p>\n<blockquote>\n<p style=\"font-size: 12px; color: #003a75; font-family: Arial, Helvetica, sans-serif\" align=\"center\"><strong>V&iacute;ctimas carbonizadas<\/strong><\/p>\n<p style=\"font-size: 12px; color: #003a75; font-family: Arial, Helvetica, sans-serif\" align=\"justify\">Muchas de las v&iacute;ctimas quedaron carbonizadas y m&aacute;s de 100 cad&aacute;veres&nbsp;a&uacute;n no han sido identificados, esper&aacute;ndose que con una prueba de ADN puedan ser identificados. En tanto que 19 personas contin&uacute;an internadas&nbsp;en los hospitales.<\/p>\n<p style=\"font-size: 12px; color: #003a75; font-family: Arial, Helvetica, sans-serif\" align=\"center\"><strong>Confusi&oacute;n en torno a la tragedia<\/strong><\/p>\n<p style=\"font-size: 12px; color: #003a75; font-family: Arial, Helvetica, sans-serif\" align=\"justify\">La tragedia del JK5022 sigue envuelta en&nbsp;la confusi&oacute;n y los encargados de desentra&ntilde;ar las causas del accidente ser&aacute;n los expertos oficiales y policiales con ayuda de t&eacute;cnicos de EE UU, quienes estudian sobre el terreno los restos del aparato y las dos cajas negras, una de las cuales est&aacute; da&ntilde;ada.<\/p>\n<p style=\"font-size: 12px; color: #003a75; font-family: Arial, Helvetica, sans-serif\" align=\"justify\">Aunque la investigaci&oacute;n puede tardar meses, el director general de Aviaci&oacute;n Civil, del Ministerio de Fomento, Manuel Bautista, declar&oacute; al diario El Pa&iacute;s de Espa&ntilde;a que&nbsp;&quot;ha habido m&aacute;s de un fallo&quot;. <\/p>\n<p style=\"font-size: 12px; color: #003a75; font-family: Arial, Helvetica, sans-serif\" align=\"center\"><strong>&quot;No estoy seguro que fallara el motor&quot;<\/strong><\/p>\n<p style=\"font-size: 12px; color: #003a75; font-family: Arial, Helvetica, sans-serif\" align=\"justify\">Bautista dej&oacute; claro, aun sin especular sobre las causas, que &quot;un fallo del motor no es causa de un accidente. Eso est&aacute; de sobra contemplado en todas las normas. Junto con otras causas puede ser que tumbe el avi&oacute;n. Habr&aacute; que determinar el conjunto de causas que han concurrido&quot;. Y remat&oacute;, enigm&aacute;tico: &quot;No estoy tan seguro de que fallara el motor&quot;.<\/p>\n<p style=\"font-size: 12px; color: #003a75; font-family: Arial, Helvetica, sans-serif\" align=\"justify\">Agreg&oacute; que en&nbsp;las grandes cat&aacute;strofes a&eacute;reas hay fallos mec&aacute;nicos que a menudo desembocan en un error humano. Los 19 supervivientes del siniestro, el mayor en 25 a&ntilde;os en Espa&ntilde;a, mejoraban ayer poco a poco de sus heridas, principalmente quemaduras, ingresados en hospitales de Madrid. <\/p>\n<p style=\"font-size: 12px; color: #003a75; font-family: Arial, Helvetica, sans-serif\" align=\"center\"><strong>&iquest;Por qu&eacute; el piloto abort&oacute; el primer despegue?<\/strong><\/p>\n<p style=\"font-size: 12px; color: #003a75; font-family: Arial, Helvetica, sans-serif\" align=\"left\">La investigaci&oacute;n se centra en averiguar por qu&eacute; el piloto abort&oacute; el primer despegue, previsto para las 13.20, y pidi&oacute; una reparaci&oacute;n. &quot;El piloto detect&oacute; algo cuando se llev&oacute; el avi&oacute;n de la pista. &Eacute;l crey&oacute; que estaba resuelto si decidi&oacute; despegar&quot;, explic&oacute; Bautista. <\/p>\n<p style=\"font-size: 12px; color: #003a75; font-family: Arial, Helvetica, sans-serif\" align=\"left\">Asever&oacute; que el avi&oacute;n estuvo 40 minutos bajo la supervisi&oacute;n de un mec&aacute;nico y el comandante firm&oacute; el parte con el que se declar&oacute; conforme con la revisi&oacute;n. A las 14.23 volvi&oacute; a acelerar por la pista 36-L de Barajas. Ya iba rumbo al desastre.<\/p>\n<p style=\"font-size: 12px; color: #003a75; font-family: Arial, Helvetica, sans-serif\" align=\"center\"><strong>Spanair quit&oacute; importancia a esa primera reparaci&oacute;n<\/strong><\/p>\n<p style=\"font-size: 12px; color: #003a75; font-family: Arial, Helvetica, sans-serif\" align=\"left\">Mats Jansson, presidente de la aerol&iacute;nea escandinava SAS, due&ntilde;a de Spanair, explic&oacute; que la aver&iacute;a que retras&oacute; la salida consisti&oacute; en un &quot;calentamiento excesivo en una toma de aire que alimenta algunos sistemas del avi&oacute;n&quot;. <\/p>\n<p style=\"font-size: 12px; color: #003a75; font-family: Arial, Helvetica, sans-serif\" align=\"left\">Se trata de un aparato situado en la parte delantera del fuselaje, cerca de la cabina. <\/p>\n<p style=\"font-size: 12px; color: #003a75; font-family: Arial, Helvetica, sans-serif\" align=\"left\">Ese sistema permite que funcione el calefactor para que que no se forme hielo en el motor en altura o en invierno.Ese calefactor fall&oacute; y por eso el piloto regres&oacute; al aparcamiento, seg&uacute;n el director de producci&oacute;n de Spanair, Javier Mendoza, que a&ntilde;adi&oacute; que no tiene que estar encendido en tierra.<\/p>\n<p style=\"font-size: 12px; color: #003a75; font-family: Arial, Helvetica, sans-serif\" align=\"left\">El problema se solucion&oacute;, explic&oacute; la compa&ntilde;&iacute;a, &quot;quitando el interruptor&quot; de la alimentaci&oacute;n. &quot;Se aisl&oacute; el problema, se corrigi&oacute; y se despach&oacute; el vuelo&quot;, concluy&oacute; la empresa. Jansson ofreci&oacute; toda su colaboraci&oacute;n al ministro del Interior, Alfredo P&eacute;rez Rubalcaba.<\/p>\n<p style=\"font-size: 12px; color: #003a75; font-family: Arial, Helvetica, sans-serif\" align=\"center\"><strong>Sindicato mayoritario de t&eacute;cnicos<\/strong><\/p>\n<p style=\"font-size: 12px; color: #003a75; font-family: Arial, Helvetica, sans-serif\" align=\"left\">Jos&eacute; Mar&iacute;a Delgado, presidente del sindicato mayoritario de t&eacute;cnicos, Asetma, explic&oacute;: &quot;El t&eacute;cnico que revis&oacute; el avi&oacute;n no pudo reparar el sistema&quot;. Pero como el manual de la compa&ntilde;&iacute;a permite volar con esa aver&iacute;a hasta 10 d&iacute;as, y debido a que con las condiciones meteorol&oacute;gicas -con ese calor no era necesario el calefactor- no hac&iacute;a falta repararlo. As&iacute; que &quot;el problema se solucion&oacute; desconect&aacute;ndolo, no repar&aacute;ndolo&quot;. &quot;No afectaba para nada al pilotaje ni al accidente que se produjo&quot;, explica el t&eacute;cnico.<\/p>\n<p style=\"font-size: 12px; color: #003a75; font-family: Arial, Helvetica, sans-serif\" align=\"center\"><strong>&quot;Caja negra da&ntilde;ada&quot;<\/strong><\/p>\n<p style=\"font-size: 12px; color: #003a75; font-family: Arial, Helvetica, sans-serif\" align=\"justify\">Una de las dos cajas negras, la que analiza el funcionamiento de la nave, &quot;est&aacute; da&ntilde;ada&quot; fruto del accidente, seg&uacute;n admiti&oacute; el Ministerio de Fomento. <\/p>\n<p style=\"font-size: 12px; color: #003a75; font-family: Arial, Helvetica, sans-serif\" align=\"justify\">Las altas temperaturas del incendio pueden da&ntilde;ar estas cajas, lo que dificulta y retrasa, aunque no impide, la recuperaci&oacute;n de datos.<\/p>\n<p style=\"font-size: 12px; color: #003a75; font-family: Arial, Helvetica, sans-serif\" align=\"justify\">Este dispositivo es el que debe indicar qu&eacute; fall&oacute; y, en concreto, qu&eacute; dispositivo se encendi&oacute; en la cabina y llev&oacute; al piloto a sacar el avi&oacute;n de la zona de despegue para para que fuese revisado.<\/p>\n<p style=\"font-size: 12px; color: #003a75; font-family: Arial, Helvetica, sans-serif\" align=\"justify\">Seg&uacute;n fuentes pr&oacute;ximas a la investigaci&oacute;n judicial, el fallo estaba en el mismo motor que luego origin&oacute; el accidente.<\/p>\n<p style=\"font-size: 12px; color: #003a75; font-family: Arial, Helvetica, sans-serif\" align=\"justify\">Dichas fuentes precisan que las pesquisas del juez ser&aacute;n largas. Y que pondr&aacute;n especial &eacute;nfasis en averiguar de qu&eacute; avis&oacute; la luz que se encendi&oacute; en la cabina. Supuestamente, los t&eacute;cnicos entendieron que ese fallo no era importante y autorizaron la salida del avi&oacute;n. <\/p>\n<p style=\"font-size: 12px; color: #003a75; font-family: Arial, Helvetica, sans-serif\" align=\"center\"><strong>Gestiones judiciales<\/strong><\/p>\n<p style=\"font-size: 12px; color: #003a75; font-family: Arial, Helvetica, sans-serif\" align=\"justify\">Una fuente judicial explic&oacute; que &quot;el accidente pudo ser fortuito e impredecible, con lo cual las gestiones judiciales ir&iacute;an encaminadas a procurar que las familias de las v&iacute;ctimas sean indemnizadas. Por el contrario, pudo haber una negligencia. Si se autoriz&oacute; la salida del avi&oacute;n sin haber reparado adecuadamente la aver&iacute;a de la que avis&oacute; la luz que se encendi&oacute; en la cabina, est&aacute; claro que hay una responsabilidad penal. Pero todo eso debe ser aclarado antes de tomar decisiones. Por ello, los informes periciales ser&aacute;n fundamentales para ello.<\/p>\n<p style=\"font-size: 12px; color: #003a75; font-family: Arial, Helvetica, sans-serif\" align=\"center\"><strong>Cualquier revisi&oacute;n debe quedar documentada<\/strong><\/p>\n<p style=\"font-size: 12px; color: #003a75; font-family: Arial, Helvetica, sans-serif\" align=\"justify\">Estas fuentes se&ntilde;alan que cualquier revisi&oacute;n o reparaci&oacute;n que se efect&uacute;e a un avi&oacute;n debe quedar acreditada documentalmente. Y que en esa documentaci&oacute;n deben constar los nombres de las personas que intervienen.<\/p>\n<p style=\"font-size: 12px; color: #003a75; font-family: Arial, Helvetica, sans-serif\" align=\"justify\">&quot;Habr&aacute; que ver qu&eacute; empresa hizo la revisi&oacute;n, y si es una empresa con personal de la misma compa&ntilde;&iacute;a u otra subcontratada. Y si es de la misma compa&ntilde;&iacute;a, qu&eacute; control oficial se realiza&quot;. <\/p>\n<p style=\"font-size: 12px; color: #003a75; font-family: Arial, Helvetica, sans-serif\" align=\"justify\">Una vez que reciban esos informes, el juez del caso, Javier P&eacute;rez, y el fiscal Lorenzo Bernal decidir&aacute;n a qui&eacute;nes interrogan y si lo hacen como testigos o imputados.<\/p>\n<p style=\"font-size: 12px; color: #003a75; font-family: Arial, Helvetica, sans-serif\" align=\"center\"><strong>Caja que registra di&aacute;logo de pilotos en la cabina y la torre de control<\/strong>&nbsp;<\/p>\n<p style=\"font-size: 12px; color: #003a75; font-family: Arial, Helvetica, sans-serif\" align=\"justify\">La otra caja negra es la que registra los di&aacute;logos entre los pilotos dentro de la cabina y entre &eacute;stos y la torre de control. <\/p>\n<p style=\"font-size: 12px; color: #003a75; font-family: Arial, Helvetica, sans-serif\" align=\"justify\">El comandante, Antonio Garc&iacute;a Luna, no se comunic&oacute; con la torre de control despu&eacute;s de que le dieran v&iacute;a libre a la salida, pero s&iacute; debe de haber grabadas conversaciones entre &eacute;l y su copiloto.<\/p>\n<p style=\"font-size: 12px; color: #003a75; font-family: Arial, Helvetica, sans-serif\" align=\"justify\">Bautista se&ntilde;al&oacute; que, seg&uacute;n la primera documentaci&oacute;n analizada, todos los papeles del avi&oacute;n estaban en regla. <\/p>\n<p style=\"font-size: 12px; color: #003a75; font-family: Arial, Helvetica, sans-serif\" align=\"center\"><strong>Avi&oacute;n McDonnell Douglas 82<\/strong><\/p>\n<p style=\"font-size: 12px; color: #003a75; font-family: Arial, Helvetica, sans-serif\" align=\"justify\">El avi&oacute;n, un McDonnell Douglas 82, matr&iacute;cula EC-HPP, llevaba volando desde que el 18 de noviembre de 1993 lo estren&oacute; Korean Air. <\/p>\n<p style=\"font-size: 12px; color: #003a75; font-family: Arial, Helvetica, sans-serif\" align=\"justify\">Spanair lo adquiri&oacute; el 23 de julio de 1999. Con 15 a&ntilde;os no se trata de un avi&oacute;n antiguo.<\/p>\n<p style=\"font-size: 12px; color: #003a75; font-family: Arial, Helvetica, sans-serif\" align=\"justify\">Un portavoz de Boeing afirm&oacute; desde EE UU que la serie MD &quot;es segura&quot;.<\/p>\n<p style=\"font-size: 12px; color: #003a75; font-family: Arial, Helvetica, sans-serif\" align=\"justify\">&quot;Hemos fabricado m&aacute;s de 1.100 aviones de esa serie y m&aacute;s del 80% siguen volando. <\/p>\n<p style=\"font-size: 12px; color: #003a75; font-family: Arial, Helvetica, sans-serif\" align=\"justify\">La tasa de accidentes es de 0,034 por cada mill&oacute;n de horas de vuelo, cuando la media mundial es de 0,9&quot;, explic&oacute; Jim Proulx, portavoz de la empresa.<\/p>\n<p style=\"font-size: 12px; color: #003a75; font-family: Arial, Helvetica, sans-serif\" align=\"center\"><strong>C&aacute;maras del Aeropuerto y v&iacute;deo del accidente<\/strong><\/p>\n<p style=\"font-size: 12px; color: #003a75; font-family: Arial, Helvetica, sans-serif\" align=\"justify\">Tambi&eacute;n ser&aacute; clave en la investigaci&oacute;n el v&iacute;deo del accidente que grabaron las c&aacute;maras del aeropuerto. <\/p>\n<p style=\"font-size: 12px; color: #003a75; font-family: Arial, Helvetica, sans-serif\" align=\"justify\">Esa grabaci&oacute;n la llev&oacute; ayer la ministra de Fomento, Magdalena &Aacute;lvarez, a la reuni&oacute;n del Gabinete de crisis que presidi&oacute; en La Moncloa el jefe del Ejecutivo Espa&ntilde;ol, Jos&eacute; Luis Rodr&iacute;guez Zapatero.<\/p>\n<p style=\"font-size: 12px; color: #003a75; font-family: Arial, Helvetica, sans-serif\" align=\"justify\">All&iacute;, la ministra inform&oacute; de que Spanair ha sido sometida a 36 inspecciones este a&ntilde;o, sin que se haya producido anomal&iacute;a alguna. <\/p>\n<p style=\"font-size: 12px; color: #003a75; font-family: Arial, Helvetica, sans-serif\" align=\"center\"><strong>Tres d&iacute;as de duelo<\/strong><\/p>\n<p style=\"font-size: 12px; color: #003a75; font-family: Arial, Helvetica, sans-serif\" align=\"justify\">El Gobierno decret&oacute; tres d&iacute;as de luto oficial -viernes, s&aacute;bado y domingo-, y acord&oacute; crear una Oficina de V&iacute;ctimas del Accidente y la Coordinaci&oacute;n de Interior con Fomento para facilitar que las familias trasladen a sus v&iacute;ctimas.<\/p>\n<p style=\"font-size: 12px; color: #003a75; font-family: Arial, Helvetica, sans-serif\" align=\"justify\">Lo que la comisi&oacute;n de investigaci&oacute;n de accidentes descart&oacute; inmediatamente es que las condiciones meteorol&oacute;gicas tuvieran algo que ver con este accidente.<\/p>\n<p style=\"font-size: 12px; color: #003a75; font-family: Arial, Helvetica, sans-serif\" align=\"justify\">&nbsp;A las 14.30 del mi&eacute;rcoles Barajas midi&oacute; viento sur de siete nudos (una velocidad m&iacute;nima). Unos 10 minutos antes el viento rol&oacute; brevemente al suroeste. A las 15.00, el viento era del sureste y de cuatro nudos, seg&uacute;n los datos de la Agencia Estatal de Meteorolog&iacute;a, organismo presente en la comisi&oacute;n que investiga el siniestro. (Fuente: Aviation Safety)<\/p>\n<\/blockquote>\n","protected":false},"excerpt":{"rendered":"<p>El avi&oacute;n estall&oacute; en la pista despu&eacute;s de rebotar y avanzar contra el pavimento. No se incendi&oacute; un motor al tomar altura, como apuntaron los primeros testimonios. &nbsp; El v&iacute;deo grabado por AENA del despegue del fat&iacute;dico vuelo JK5022 de Spanair, en el que el mi&eacute;rcoles perdieron la vida 153 de sus 172 pasajeros, revela [&hellip;]<\/p>\n","protected":false},"author":1,"featured_media":0,"comment_status":"open","ping_status":"open","sticky":false,"template":"","format":"standard","meta":{"tdm_status":"","tdm_grid_status":"","footnotes":""},"categories":[32],"tags":[],"class_list":{"0":"post-302","1":"post","2":"type-post","3":"status-publish","4":"format-standard","6":"category-internacional"},"yoast_head":"<!-- This site is optimized with the Yoast SEO plugin v25.1 - https:\/\/yoast.com\/wordpress\/plugins\/seo\/ -->\n<title>V<\/title>\n<meta name=\"description\" content=\"Portal de noticias del Per\u00fa sobre el transporte a\u00e9reo, aviaci\u00f3n, turismo, hoteleria, actualidad.\" \/>\n<meta name=\"robots\" content=\"index, follow, max-snippet:-1, max-image-preview:large, max-video-preview:-1\" \/>\n<link rel=\"canonical\" href=\"https:\/\/aeronoticias.com.pe\/noticiero\/transporte-aereo\/internacional\/vo-de-aena-revela-que-el-avie-spanair-sestall-rebotar-contra-la-pista\/\" \/>\n<meta property=\"og:locale\" content=\"es_ES\" \/>\n<meta property=\"og:type\" content=\"article\" \/>\n<meta property=\"og:title\" content=\"V\" \/>\n<meta property=\"og:description\" content=\"Portal de noticias del Per\u00fa sobre el transporte a\u00e9reo, aviaci\u00f3n, turismo, hoteleria, actualidad.\" \/>\n<meta property=\"og:url\" content=\"https:\/\/aeronoticias.com.pe\/noticiero\/transporte-aereo\/internacional\/vo-de-aena-revela-que-el-avie-spanair-sestall-rebotar-contra-la-pista\/\" \/>\n<meta property=\"og:site_name\" content=\"Aeronoticias.com.pe\" \/>\n<meta property=\"article:publisher\" content=\"https:\/\/www.facebook.com\/Aeronoticias.com.pe\/\" \/>\n<meta property=\"article:published_time\" content=\"2008-08-22T14:30:36+00:00\" \/>\n<meta property=\"og:image\" content=\"http:\/\/aeronoticias.com.pe\/fotonoticias\/agosto\/spanair22accid.JPG\" \/>\n<meta name=\"author\" content=\"Redacci\u00f3n Aeronoticias\" \/>\n<meta name=\"twitter:card\" content=\"summary_large_image\" \/>\n<meta name=\"twitter:creator\" content=\"@aeronoticias\" \/>\n<meta name=\"twitter:site\" content=\"@aeronoticias\" \/>\n<meta name=\"twitter:label1\" content=\"Escrito por\" \/>\n\t<meta name=\"twitter:data1\" content=\"Redacci\u00f3n Aeronoticias\" \/>\n\t<meta name=\"twitter:label2\" content=\"Tiempo de lectura\" \/>\n\t<meta name=\"twitter:data2\" content=\"9 minutos\" \/>\n<script type=\"application\/ld+json\" class=\"yoast-schema-graph\">{\"@context\":\"https:\/\/schema.org\",\"@graph\":[{\"@type\":\"WebPage\",\"@id\":\"https:\/\/aeronoticias.com.pe\/noticiero\/transporte-aereo\/internacional\/vo-de-aena-revela-que-el-avie-spanair-sestall-rebotar-contra-la-pista\/\",\"url\":\"https:\/\/aeronoticias.com.pe\/noticiero\/transporte-aereo\/internacional\/vo-de-aena-revela-que-el-avie-spanair-sestall-rebotar-contra-la-pista\/\",\"name\":\"V\",\"isPartOf\":{\"@id\":\"https:\/\/aeronoticias.com.pe\/noticiero\/#website\"},\"primaryImageOfPage\":{\"@id\":\"https:\/\/aeronoticias.com.pe\/noticiero\/transporte-aereo\/internacional\/vo-de-aena-revela-que-el-avie-spanair-sestall-rebotar-contra-la-pista\/#primaryimage\"},\"image\":{\"@id\":\"https:\/\/aeronoticias.com.pe\/noticiero\/transporte-aereo\/internacional\/vo-de-aena-revela-que-el-avie-spanair-sestall-rebotar-contra-la-pista\/#primaryimage\"},\"thumbnailUrl\":\"http:\/\/aeronoticias.com.pe\/fotonoticias\/agosto\/spanair22accid.JPG\",\"datePublished\":\"2008-08-22T14:30:36+00:00\",\"author\":{\"@id\":\"https:\/\/aeronoticias.com.pe\/noticiero\/#\/schema\/person\/fc1e5d578f4b62ba1cf7ac2bba1170a0\"},\"description\":\"Portal de noticias del Per\u00fa sobre el transporte a\u00e9reo, aviaci\u00f3n, turismo, hoteleria, actualidad.\",\"breadcrumb\":{\"@id\":\"https:\/\/aeronoticias.com.pe\/noticiero\/transporte-aereo\/internacional\/vo-de-aena-revela-que-el-avie-spanair-sestall-rebotar-contra-la-pista\/#breadcrumb\"},\"inLanguage\":\"es\",\"potentialAction\":[{\"@type\":\"ReadAction\",\"target\":[\"https:\/\/aeronoticias.com.pe\/noticiero\/transporte-aereo\/internacional\/vo-de-aena-revela-que-el-avie-spanair-sestall-rebotar-contra-la-pista\/\"]}]},{\"@type\":\"ImageObject\",\"inLanguage\":\"es\",\"@id\":\"https:\/\/aeronoticias.com.pe\/noticiero\/transporte-aereo\/internacional\/vo-de-aena-revela-que-el-avie-spanair-sestall-rebotar-contra-la-pista\/#primaryimage\",\"url\":\"http:\/\/aeronoticias.com.pe\/fotonoticias\/agosto\/spanair22accid.JPG\",\"contentUrl\":\"http:\/\/aeronoticias.com.pe\/fotonoticias\/agosto\/spanair22accid.JPG\"},{\"@type\":\"BreadcrumbList\",\"@id\":\"https:\/\/aeronoticias.com.pe\/noticiero\/transporte-aereo\/internacional\/vo-de-aena-revela-que-el-avie-spanair-sestall-rebotar-contra-la-pista\/#breadcrumb\",\"itemListElement\":[{\"@type\":\"ListItem\",\"position\":1,\"name\":\"Portada\",\"item\":\"https:\/\/aeronoticias.com.pe\/noticiero\/\"},{\"@type\":\"ListItem\",\"position\":2,\"name\":\"V\"}]},{\"@type\":\"WebSite\",\"@id\":\"https:\/\/aeronoticias.com.pe\/noticiero\/#website\",\"url\":\"https:\/\/aeronoticias.com.pe\/noticiero\/\",\"name\":\"Aeronoticias.com.pe\",\"description\":\"Noticias de tranporte aereo, turismo, hoteles, gastronomia, actualidad, internacional\",\"potentialAction\":[{\"@type\":\"SearchAction\",\"target\":{\"@type\":\"EntryPoint\",\"urlTemplate\":\"https:\/\/aeronoticias.com.pe\/noticiero\/?s={search_term_string}\"},\"query-input\":{\"@type\":\"PropertyValueSpecification\",\"valueRequired\":true,\"valueName\":\"search_term_string\"}}],\"inLanguage\":\"es\"},{\"@type\":\"Person\",\"@id\":\"https:\/\/aeronoticias.com.pe\/noticiero\/#\/schema\/person\/fc1e5d578f4b62ba1cf7ac2bba1170a0\",\"name\":\"Redacci\u00f3n Aeronoticias\",\"url\":\"https:\/\/aeronoticias.com.pe\/noticiero\/author\/piloto\/\"}]}<\/script>\n<!-- \/ Yoast SEO plugin. -->","yoast_head_json":{"title":"V","description":"Portal de noticias del Per\u00fa sobre el transporte a\u00e9reo, aviaci\u00f3n, turismo, hoteleria, actualidad.","robots":{"index":"index","follow":"follow","max-snippet":"max-snippet:-1","max-image-preview":"max-image-preview:large","max-video-preview":"max-video-preview:-1"},"canonical":"https:\/\/aeronoticias.com.pe\/noticiero\/transporte-aereo\/internacional\/vo-de-aena-revela-que-el-avie-spanair-sestall-rebotar-contra-la-pista\/","og_locale":"es_ES","og_type":"article","og_title":"V","og_description":"Portal de noticias del Per\u00fa sobre el transporte a\u00e9reo, aviaci\u00f3n, turismo, hoteleria, actualidad.","og_url":"https:\/\/aeronoticias.com.pe\/noticiero\/transporte-aereo\/internacional\/vo-de-aena-revela-que-el-avie-spanair-sestall-rebotar-contra-la-pista\/","og_site_name":"Aeronoticias.com.pe","article_publisher":"https:\/\/www.facebook.com\/Aeronoticias.com.pe\/","article_published_time":"2008-08-22T14:30:36+00:00","og_image":[{"url":"http:\/\/aeronoticias.com.pe\/fotonoticias\/agosto\/spanair22accid.JPG","type":"","width":"","height":""}],"author":"Redacci\u00f3n Aeronoticias","twitter_card":"summary_large_image","twitter_creator":"@aeronoticias","twitter_site":"@aeronoticias","twitter_misc":{"Escrito por":"Redacci\u00f3n Aeronoticias","Tiempo de lectura":"9 minutos"},"schema":{"@context":"https:\/\/schema.org","@graph":[{"@type":"WebPage","@id":"https:\/\/aeronoticias.com.pe\/noticiero\/transporte-aereo\/internacional\/vo-de-aena-revela-que-el-avie-spanair-sestall-rebotar-contra-la-pista\/","url":"https:\/\/aeronoticias.com.pe\/noticiero\/transporte-aereo\/internacional\/vo-de-aena-revela-que-el-avie-spanair-sestall-rebotar-contra-la-pista\/","name":"V","isPartOf":{"@id":"https:\/\/aeronoticias.com.pe\/noticiero\/#website"},"primaryImageOfPage":{"@id":"https:\/\/aeronoticias.com.pe\/noticiero\/transporte-aereo\/internacional\/vo-de-aena-revela-que-el-avie-spanair-sestall-rebotar-contra-la-pista\/#primaryimage"},"image":{"@id":"https:\/\/aeronoticias.com.pe\/noticiero\/transporte-aereo\/internacional\/vo-de-aena-revela-que-el-avie-spanair-sestall-rebotar-contra-la-pista\/#primaryimage"},"thumbnailUrl":"http:\/\/aeronoticias.com.pe\/fotonoticias\/agosto\/spanair22accid.JPG","datePublished":"2008-08-22T14:30:36+00:00","author":{"@id":"https:\/\/aeronoticias.com.pe\/noticiero\/#\/schema\/person\/fc1e5d578f4b62ba1cf7ac2bba1170a0"},"description":"Portal de noticias del Per\u00fa sobre el transporte a\u00e9reo, aviaci\u00f3n, turismo, hoteleria, actualidad.","breadcrumb":{"@id":"https:\/\/aeronoticias.com.pe\/noticiero\/transporte-aereo\/internacional\/vo-de-aena-revela-que-el-avie-spanair-sestall-rebotar-contra-la-pista\/#breadcrumb"},"inLanguage":"es","potentialAction":[{"@type":"ReadAction","target":["https:\/\/aeronoticias.com.pe\/noticiero\/transporte-aereo\/internacional\/vo-de-aena-revela-que-el-avie-spanair-sestall-rebotar-contra-la-pista\/"]}]},{"@type":"ImageObject","inLanguage":"es","@id":"https:\/\/aeronoticias.com.pe\/noticiero\/transporte-aereo\/internacional\/vo-de-aena-revela-que-el-avie-spanair-sestall-rebotar-contra-la-pista\/#primaryimage","url":"http:\/\/aeronoticias.com.pe\/fotonoticias\/agosto\/spanair22accid.JPG","contentUrl":"http:\/\/aeronoticias.com.pe\/fotonoticias\/agosto\/spanair22accid.JPG"},{"@type":"BreadcrumbList","@id":"https:\/\/aeronoticias.com.pe\/noticiero\/transporte-aereo\/internacional\/vo-de-aena-revela-que-el-avie-spanair-sestall-rebotar-contra-la-pista\/#breadcrumb","itemListElement":[{"@type":"ListItem","position":1,"name":"Portada","item":"https:\/\/aeronoticias.com.pe\/noticiero\/"},{"@type":"ListItem","position":2,"name":"V"}]},{"@type":"WebSite","@id":"https:\/\/aeronoticias.com.pe\/noticiero\/#website","url":"https:\/\/aeronoticias.com.pe\/noticiero\/","name":"Aeronoticias.com.pe","description":"Noticias de tranporte aereo, turismo, hoteles, gastronomia, actualidad, internacional","potentialAction":[{"@type":"SearchAction","target":{"@type":"EntryPoint","urlTemplate":"https:\/\/aeronoticias.com.pe\/noticiero\/?s={search_term_string}"},"query-input":{"@type":"PropertyValueSpecification","valueRequired":true,"valueName":"search_term_string"}}],"inLanguage":"es"},{"@type":"Person","@id":"https:\/\/aeronoticias.com.pe\/noticiero\/#\/schema\/person\/fc1e5d578f4b62ba1cf7ac2bba1170a0","name":"Redacci\u00f3n Aeronoticias","url":"https:\/\/aeronoticias.com.pe\/noticiero\/author\/piloto\/"}]}},"_links":{"self":[{"href":"https:\/\/aeronoticias.com.pe\/noticiero\/wp-json\/wp\/v2\/posts\/302","targetHints":{"allow":["GET"]}}],"collection":[{"href":"https:\/\/aeronoticias.com.pe\/noticiero\/wp-json\/wp\/v2\/posts"}],"about":[{"href":"https:\/\/aeronoticias.com.pe\/noticiero\/wp-json\/wp\/v2\/types\/post"}],"author":[{"embeddable":true,"href":"https:\/\/aeronoticias.com.pe\/noticiero\/wp-json\/wp\/v2\/users\/1"}],"replies":[{"embeddable":true,"href":"https:\/\/aeronoticias.com.pe\/noticiero\/wp-json\/wp\/v2\/comments?post=302"}],"version-history":[{"count":0,"href":"https:\/\/aeronoticias.com.pe\/noticiero\/wp-json\/wp\/v2\/posts\/302\/revisions"}],"wp:attachment":[{"href":"https:\/\/aeronoticias.com.pe\/noticiero\/wp-json\/wp\/v2\/media?parent=302"}],"wp:term":[{"taxonomy":"category","embeddable":true,"href":"https:\/\/aeronoticias.com.pe\/noticiero\/wp-json\/wp\/v2\/categories?post=302"},{"taxonomy":"post_tag","embeddable":true,"href":"https:\/\/aeronoticias.com.pe\/noticiero\/wp-json\/wp\/v2\/tags?post=302"}],"curies":[{"name":"wp","href":"https:\/\/api.w.org\/{rel}","templated":true}]}}