{"id":303,"date":"2008-08-22T17:59:30","date_gmt":"2008-08-22T17:59:30","guid":{"rendered":"http:\/\/desarrollo.mcvicious.com\/aero2020\/2008\/08\/22\/exportacie-caferuano-llegara-us-600-millones-dice-ministra-ar\/"},"modified":"2008-08-22T17:59:30","modified_gmt":"2008-08-22T17:59:30","slug":"exportacie-caferuano-llegara-us-600-millones-dice-ministra-ar","status":"publish","type":"post","link":"https:\/\/aeronoticias.com.pe\/noticiero\/economia\/exportacie-caferuano-llegara-us-600-millones-dice-ministra-ar\/","title":{"rendered":"Exportaci"},"content":{"rendered":"<blockquote>\n<p style=\"font-size: 12px; color: #003a75; font-family: Arial, Helvetica, sans-serif\" align=\"justify\">Tras indicar que el D&iacute;a del Caf&eacute; Peruano se celebrar&aacute; cada cuarto domingo de agosto, la titular del Mincetur, Mercedes Ar&aacute;oz sostuvo que el caf&eacute; nacional llega a 40 pa&iacute;ses en los cinco continentes, previendo que las exportaciones de caf&eacute; lleguen a US$ 600 millones este a&ntilde;o.<\/p>\n<p style=\"font-size: 12px; color: #003a75; font-family: Arial, Helvetica, sans-serif\" align=\"justify\">&ldquo;Actualmente exportamos a 40 pa&iacute;ses en los 5 continentes, ofreciendo lo que pide el mercado: productos ecol&oacute;gicos, org&aacute;nicos y con mayor valor agregado&rdquo;, expres&oacute; Ar&aacute;oz.<\/p>\n<p style=\"font-size: 12px; color: #003a75; font-family: Arial, Helvetica, sans-serif\" align=\"justify\">Indic&oacute; que estas caracter&iacute;sticas han permitido que el caf&eacute; peruano se posicione en el segmento de pa&iacute;ses productores de caf&eacute;s suaves y mejorar su cotizaci&oacute;n internacional, fortaleciendo la imagen del Per&uacute; como un pa&iacute;s agr&iacute;cola y n&uacute;mero 1 en la exportaci&oacute;n de caf&eacute; org&aacute;nico a nivel mundial.<\/p>\n<div style=\"text-align: center\"><img loading=\"lazy\" decoding=\"async\" src=\"http:\/\/aeronoticias.com.pe\/fotonoticias\/agosto\/cafe22.JPG\" alt=\" \" title=\"Exportaciones de caf&eacute; peruanos llegar&iacute;an a US$ 600 millones dice ministra Ar&aacute;oz. (Foto: Internet)\" hspace=\"5\" vspace=\"5\" width=\"170\" height=\"189\" align=\"absMiddle\" \/><\/div>\n<\/blockquote>\n<p> <!--more--> <\/p>\n<blockquote>\n<p style=\"font-size: 12px; color: #003a75; font-family: Arial, Helvetica, sans-serif\" align=\"center\"><strong>Est&aacute;ndares de calidad<\/strong><\/p>\n<p style=\"font-size: 12px; color: #003a75; font-family: Arial, Helvetica, sans-serif\" align=\"justify\">Ar&aacute;oz proyect&oacute; que las exportaciones de caf&eacute; llegar&iacute;an a US$ 600 millones este a&ntilde;o, favorecidas por la coyuntura de precios al alza en el mercado internacional y un fuerte incremento de las cosechas en todas las regiones cafetaleras. <\/p>\n<p style=\"font-size: 12px; color: #003a75; font-family: Arial, Helvetica, sans-serif\" align=\"justify\">Dijo que en el 2007, las ventas al exterior de caf&eacute; alcanzaron el valor de US$ 424.5 millones, siendo los principales mercados de destino Alemania, Estados Unidos y B&eacute;lgica.<\/p>\n<p style=\"font-size: 12px; color: #003a75; font-family: Arial, Helvetica, sans-serif\" align=\"justify\">Asegur&oacute; que los desaf&iacute;os del sector se centra en el aseguramiento de la calidad, a trav&eacute;s de la implementaci&oacute;n de las buenas pr&aacute;cticas (en el campo y en el procesamiento), as&iacute; como contar con est&aacute;ndares de calidad y volver la mirada hacia el mercado interno.<\/p>\n<p style=\"font-size: 12px; color: #003a75; font-family: Arial, Helvetica, sans-serif\" align=\"justify\">&ldquo;La declaraci&oacute;n del D&iacute;a del Caf&eacute; Peruano contribuir&aacute; a resaltar su importancia en la generaci&oacute;n de empleo, seguridad alimentaria, ingresos para los peque&ntilde;os productores, conservaci&oacute;n del medio ambiente y de la biodiversidad y, divisas por exportaciones, as&iacute; como tambi&eacute;n permitir&aacute; fomentar una cultura de consumo de caf&eacute; de calidad en el Per&uacute;&rdquo;, expres&oacute; Mercedes Ar&aacute;oz.<\/p>\n<p style=\"font-size: 12px; color: #003a75; font-family: Arial, Helvetica, sans-serif\" align=\"center\"><strong>Ceproba: Estrategia para un mayor consumo interno<\/strong><\/p>\n<p style=\"font-size: 12px; color: #003a75; font-family: Arial, Helvetica, sans-serif\" align=\"justify\">Actualmente, el consumo de caf&eacute; en los pa&iacute;ses importadores es de un rango entre 3 kg y 13.5 kg per-capita y en los pa&iacute;ses productores entre 700 gramos y 5 kg., mientras en el Per&uacute; consumimos 500 gramos per capita al a&ntilde;o. <\/p>\n<p style=\"font-size: 12px; color: #003a75; font-family: Arial, Helvetica, sans-serif\" align=\"justify\">A trav&eacute;s de la Comisi&oacute;n Especial de Productos Bandera (Ceproba) Caf&eacute; se dise&ntilde;ar&aacute; una estrategia para buscar un mayor consumo interno. Asever&oacute; que la alianza p&uacute;blico-privada a trav&eacute;s de estas entidades permitir&aacute; trabajar en acciones que nos permitan que el caf&eacute; peruano sea m&aacute;s apreciado en nuestro propio mercado. <\/p>\n<p style=\"font-size: 12px; color: #003a75; font-family: Arial, Helvetica, sans-serif\" align=\"justify\">&ldquo;Reitero mi compromiso institucional de continuar apoyando el proceso de consolidaci&oacute;n y de mejora de la calidad de los productos de exportaci&oacute;n. Es un esfuerzo conjunto del sector p&uacute;blico y privado, orientado a atender las necesidades del mercado, y a promover la confianza de los consumidores. Estos son los aspectos que representan desaf&iacute;os constantes en el contexto nacional e internacional&rdquo;, expres&oacute; Ar&aacute;oz.&nbsp;16:59:20<\/p>\n<p align=\"justify\">&nbsp;<\/p>\n<\/blockquote>\n","protected":false},"excerpt":{"rendered":"<p>Tras indicar que el D&iacute;a del Caf&eacute; Peruano se celebrar&aacute; cada cuarto domingo de agosto, la titular del Mincetur, Mercedes Ar&aacute;oz sostuvo que el caf&eacute; nacional llega a 40 pa&iacute;ses en los cinco continentes, previendo que las exportaciones de caf&eacute; lleguen a US$ 600 millones este a&ntilde;o. &ldquo;Actualmente exportamos a 40 pa&iacute;ses en los 5 [&hellip;]<\/p>\n","protected":false},"author":1,"featured_media":0,"comment_status":"open","ping_status":"open","sticky":false,"template":"","format":"standard","meta":{"tdm_status":"","tdm_grid_status":"","footnotes":""},"categories":[33],"tags":[],"class_list":{"0":"post-303","1":"post","2":"type-post","3":"status-publish","4":"format-standard","6":"category-economia"},"yoast_head":"<!-- This site is optimized with the Yoast SEO plugin v25.1 - https:\/\/yoast.com\/wordpress\/plugins\/seo\/ -->\n<title>Exportaci<\/title>\n<meta name=\"description\" content=\"Portal de noticias del Per\u00fa sobre el transporte a\u00e9reo, aviaci\u00f3n, turismo, hoteleria, actualidad.\" \/>\n<meta name=\"robots\" content=\"index, follow, max-snippet:-1, max-image-preview:large, max-video-preview:-1\" \/>\n<link rel=\"canonical\" href=\"https:\/\/aeronoticias.com.pe\/noticiero\/economia\/exportacie-caferuano-llegara-us-600-millones-dice-ministra-ar\/\" \/>\n<meta property=\"og:locale\" content=\"es_ES\" \/>\n<meta property=\"og:type\" content=\"article\" \/>\n<meta property=\"og:title\" content=\"Exportaci\" \/>\n<meta property=\"og:description\" content=\"Portal de noticias del Per\u00fa sobre el transporte a\u00e9reo, aviaci\u00f3n, turismo, hoteleria, actualidad.\" \/>\n<meta property=\"og:url\" content=\"https:\/\/aeronoticias.com.pe\/noticiero\/economia\/exportacie-caferuano-llegara-us-600-millones-dice-ministra-ar\/\" \/>\n<meta property=\"og:site_name\" content=\"Aeronoticias.com.pe\" \/>\n<meta property=\"article:publisher\" content=\"https:\/\/www.facebook.com\/Aeronoticias.com.pe\/\" \/>\n<meta property=\"article:published_time\" content=\"2008-08-22T17:59:30+00:00\" \/>\n<meta property=\"og:image\" content=\"http:\/\/aeronoticias.com.pe\/fotonoticias\/agosto\/cafe22.JPG\" \/>\n<meta name=\"author\" content=\"Redacci\u00f3n Aeronoticias\" \/>\n<meta name=\"twitter:card\" content=\"summary_large_image\" \/>\n<meta name=\"twitter:creator\" content=\"@aeronoticias\" \/>\n<meta name=\"twitter:site\" content=\"@aeronoticias\" \/>\n<meta name=\"twitter:label1\" content=\"Escrito por\" \/>\n\t<meta name=\"twitter:data1\" content=\"Redacci\u00f3n Aeronoticias\" \/>\n\t<meta name=\"twitter:label2\" content=\"Tiempo de lectura\" \/>\n\t<meta name=\"twitter:data2\" content=\"3 minutos\" \/>\n<script type=\"application\/ld+json\" class=\"yoast-schema-graph\">{\"@context\":\"https:\/\/schema.org\",\"@graph\":[{\"@type\":\"WebPage\",\"@id\":\"https:\/\/aeronoticias.com.pe\/noticiero\/economia\/exportacie-caferuano-llegara-us-600-millones-dice-ministra-ar\/\",\"url\":\"https:\/\/aeronoticias.com.pe\/noticiero\/economia\/exportacie-caferuano-llegara-us-600-millones-dice-ministra-ar\/\",\"name\":\"Exportaci\",\"isPartOf\":{\"@id\":\"https:\/\/aeronoticias.com.pe\/noticiero\/#website\"},\"primaryImageOfPage\":{\"@id\":\"https:\/\/aeronoticias.com.pe\/noticiero\/economia\/exportacie-caferuano-llegara-us-600-millones-dice-ministra-ar\/#primaryimage\"},\"image\":{\"@id\":\"https:\/\/aeronoticias.com.pe\/noticiero\/economia\/exportacie-caferuano-llegara-us-600-millones-dice-ministra-ar\/#primaryimage\"},\"thumbnailUrl\":\"http:\/\/aeronoticias.com.pe\/fotonoticias\/agosto\/cafe22.JPG\",\"datePublished\":\"2008-08-22T17:59:30+00:00\",\"author\":{\"@id\":\"https:\/\/aeronoticias.com.pe\/noticiero\/#\/schema\/person\/fc1e5d578f4b62ba1cf7ac2bba1170a0\"},\"description\":\"Portal de noticias del Per\u00fa sobre el transporte a\u00e9reo, aviaci\u00f3n, turismo, hoteleria, actualidad.\",\"breadcrumb\":{\"@id\":\"https:\/\/aeronoticias.com.pe\/noticiero\/economia\/exportacie-caferuano-llegara-us-600-millones-dice-ministra-ar\/#breadcrumb\"},\"inLanguage\":\"es\",\"potentialAction\":[{\"@type\":\"ReadAction\",\"target\":[\"https:\/\/aeronoticias.com.pe\/noticiero\/economia\/exportacie-caferuano-llegara-us-600-millones-dice-ministra-ar\/\"]}]},{\"@type\":\"ImageObject\",\"inLanguage\":\"es\",\"@id\":\"https:\/\/aeronoticias.com.pe\/noticiero\/economia\/exportacie-caferuano-llegara-us-600-millones-dice-ministra-ar\/#primaryimage\",\"url\":\"http:\/\/aeronoticias.com.pe\/fotonoticias\/agosto\/cafe22.JPG\",\"contentUrl\":\"http:\/\/aeronoticias.com.pe\/fotonoticias\/agosto\/cafe22.JPG\"},{\"@type\":\"BreadcrumbList\",\"@id\":\"https:\/\/aeronoticias.com.pe\/noticiero\/economia\/exportacie-caferuano-llegara-us-600-millones-dice-ministra-ar\/#breadcrumb\",\"itemListElement\":[{\"@type\":\"ListItem\",\"position\":1,\"name\":\"Portada\",\"item\":\"https:\/\/aeronoticias.com.pe\/noticiero\/\"},{\"@type\":\"ListItem\",\"position\":2,\"name\":\"Exportaci\"}]},{\"@type\":\"WebSite\",\"@id\":\"https:\/\/aeronoticias.com.pe\/noticiero\/#website\",\"url\":\"https:\/\/aeronoticias.com.pe\/noticiero\/\",\"name\":\"Aeronoticias.com.pe\",\"description\":\"Noticias de tranporte aereo, turismo, hoteles, gastronomia, actualidad, internacional\",\"potentialAction\":[{\"@type\":\"SearchAction\",\"target\":{\"@type\":\"EntryPoint\",\"urlTemplate\":\"https:\/\/aeronoticias.com.pe\/noticiero\/?s={search_term_string}\"},\"query-input\":{\"@type\":\"PropertyValueSpecification\",\"valueRequired\":true,\"valueName\":\"search_term_string\"}}],\"inLanguage\":\"es\"},{\"@type\":\"Person\",\"@id\":\"https:\/\/aeronoticias.com.pe\/noticiero\/#\/schema\/person\/fc1e5d578f4b62ba1cf7ac2bba1170a0\",\"name\":\"Redacci\u00f3n Aeronoticias\",\"url\":\"https:\/\/aeronoticias.com.pe\/noticiero\/author\/piloto\/\"}]}<\/script>\n<!-- \/ Yoast SEO plugin. -->","yoast_head_json":{"title":"Exportaci","description":"Portal de noticias del Per\u00fa sobre el transporte a\u00e9reo, aviaci\u00f3n, turismo, hoteleria, actualidad.","robots":{"index":"index","follow":"follow","max-snippet":"max-snippet:-1","max-image-preview":"max-image-preview:large","max-video-preview":"max-video-preview:-1"},"canonical":"https:\/\/aeronoticias.com.pe\/noticiero\/economia\/exportacie-caferuano-llegara-us-600-millones-dice-ministra-ar\/","og_locale":"es_ES","og_type":"article","og_title":"Exportaci","og_description":"Portal de noticias del Per\u00fa sobre el transporte a\u00e9reo, aviaci\u00f3n, turismo, hoteleria, actualidad.","og_url":"https:\/\/aeronoticias.com.pe\/noticiero\/economia\/exportacie-caferuano-llegara-us-600-millones-dice-ministra-ar\/","og_site_name":"Aeronoticias.com.pe","article_publisher":"https:\/\/www.facebook.com\/Aeronoticias.com.pe\/","article_published_time":"2008-08-22T17:59:30+00:00","og_image":[{"url":"http:\/\/aeronoticias.com.pe\/fotonoticias\/agosto\/cafe22.JPG","type":"","width":"","height":""}],"author":"Redacci\u00f3n Aeronoticias","twitter_card":"summary_large_image","twitter_creator":"@aeronoticias","twitter_site":"@aeronoticias","twitter_misc":{"Escrito por":"Redacci\u00f3n Aeronoticias","Tiempo de lectura":"3 minutos"},"schema":{"@context":"https:\/\/schema.org","@graph":[{"@type":"WebPage","@id":"https:\/\/aeronoticias.com.pe\/noticiero\/economia\/exportacie-caferuano-llegara-us-600-millones-dice-ministra-ar\/","url":"https:\/\/aeronoticias.com.pe\/noticiero\/economia\/exportacie-caferuano-llegara-us-600-millones-dice-ministra-ar\/","name":"Exportaci","isPartOf":{"@id":"https:\/\/aeronoticias.com.pe\/noticiero\/#website"},"primaryImageOfPage":{"@id":"https:\/\/aeronoticias.com.pe\/noticiero\/economia\/exportacie-caferuano-llegara-us-600-millones-dice-ministra-ar\/#primaryimage"},"image":{"@id":"https:\/\/aeronoticias.com.pe\/noticiero\/economia\/exportacie-caferuano-llegara-us-600-millones-dice-ministra-ar\/#primaryimage"},"thumbnailUrl":"http:\/\/aeronoticias.com.pe\/fotonoticias\/agosto\/cafe22.JPG","datePublished":"2008-08-22T17:59:30+00:00","author":{"@id":"https:\/\/aeronoticias.com.pe\/noticiero\/#\/schema\/person\/fc1e5d578f4b62ba1cf7ac2bba1170a0"},"description":"Portal de noticias del Per\u00fa sobre el transporte a\u00e9reo, aviaci\u00f3n, turismo, hoteleria, actualidad.","breadcrumb":{"@id":"https:\/\/aeronoticias.com.pe\/noticiero\/economia\/exportacie-caferuano-llegara-us-600-millones-dice-ministra-ar\/#breadcrumb"},"inLanguage":"es","potentialAction":[{"@type":"ReadAction","target":["https:\/\/aeronoticias.com.pe\/noticiero\/economia\/exportacie-caferuano-llegara-us-600-millones-dice-ministra-ar\/"]}]},{"@type":"ImageObject","inLanguage":"es","@id":"https:\/\/aeronoticias.com.pe\/noticiero\/economia\/exportacie-caferuano-llegara-us-600-millones-dice-ministra-ar\/#primaryimage","url":"http:\/\/aeronoticias.com.pe\/fotonoticias\/agosto\/cafe22.JPG","contentUrl":"http:\/\/aeronoticias.com.pe\/fotonoticias\/agosto\/cafe22.JPG"},{"@type":"BreadcrumbList","@id":"https:\/\/aeronoticias.com.pe\/noticiero\/economia\/exportacie-caferuano-llegara-us-600-millones-dice-ministra-ar\/#breadcrumb","itemListElement":[{"@type":"ListItem","position":1,"name":"Portada","item":"https:\/\/aeronoticias.com.pe\/noticiero\/"},{"@type":"ListItem","position":2,"name":"Exportaci"}]},{"@type":"WebSite","@id":"https:\/\/aeronoticias.com.pe\/noticiero\/#website","url":"https:\/\/aeronoticias.com.pe\/noticiero\/","name":"Aeronoticias.com.pe","description":"Noticias de tranporte aereo, turismo, hoteles, gastronomia, actualidad, internacional","potentialAction":[{"@type":"SearchAction","target":{"@type":"EntryPoint","urlTemplate":"https:\/\/aeronoticias.com.pe\/noticiero\/?s={search_term_string}"},"query-input":{"@type":"PropertyValueSpecification","valueRequired":true,"valueName":"search_term_string"}}],"inLanguage":"es"},{"@type":"Person","@id":"https:\/\/aeronoticias.com.pe\/noticiero\/#\/schema\/person\/fc1e5d578f4b62ba1cf7ac2bba1170a0","name":"Redacci\u00f3n Aeronoticias","url":"https:\/\/aeronoticias.com.pe\/noticiero\/author\/piloto\/"}]}},"_links":{"self":[{"href":"https:\/\/aeronoticias.com.pe\/noticiero\/wp-json\/wp\/v2\/posts\/303","targetHints":{"allow":["GET"]}}],"collection":[{"href":"https:\/\/aeronoticias.com.pe\/noticiero\/wp-json\/wp\/v2\/posts"}],"about":[{"href":"https:\/\/aeronoticias.com.pe\/noticiero\/wp-json\/wp\/v2\/types\/post"}],"author":[{"embeddable":true,"href":"https:\/\/aeronoticias.com.pe\/noticiero\/wp-json\/wp\/v2\/users\/1"}],"replies":[{"embeddable":true,"href":"https:\/\/aeronoticias.com.pe\/noticiero\/wp-json\/wp\/v2\/comments?post=303"}],"version-history":[{"count":0,"href":"https:\/\/aeronoticias.com.pe\/noticiero\/wp-json\/wp\/v2\/posts\/303\/revisions"}],"wp:attachment":[{"href":"https:\/\/aeronoticias.com.pe\/noticiero\/wp-json\/wp\/v2\/media?parent=303"}],"wp:term":[{"taxonomy":"category","embeddable":true,"href":"https:\/\/aeronoticias.com.pe\/noticiero\/wp-json\/wp\/v2\/categories?post=303"},{"taxonomy":"post_tag","embeddable":true,"href":"https:\/\/aeronoticias.com.pe\/noticiero\/wp-json\/wp\/v2\/tags?post=303"}],"curies":[{"name":"wp","href":"https:\/\/api.w.org\/{rel}","templated":true}]}}