{"id":30321,"date":"2012-09-11T16:10:56","date_gmt":"2012-09-11T16:10:56","guid":{"rendered":"http:\/\/desarrollo.mcvicious.com\/aero2020\/2012\/09\/11\/turismo-corporativo-en-norte-y-vacacional-en-selva-impulsan-llegada-de-mas-visitantes-a-peru\/"},"modified":"2012-09-11T16:10:56","modified_gmt":"2012-09-11T16:10:56","slug":"turismo-corporativo-en-norte-y-vacacional-en-selva-impulsan-llegada-de-mas-visitantes-a-peru","status":"publish","type":"post","link":"https:\/\/aeronoticias.com.pe\/noticiero\/turismo\/13\/turismo-corporativo-en-norte-y-vacacional-en-selva-impulsan-llegada-de-mas-visitantes-a-peru\/","title":{"rendered":"Turismo corporativo en norte y vacacional en selva impulsan llegada de m\u00e1s visitantes a Per\u00fa"},"content":{"rendered":"<p style=\"text-align: justify;\"><strong>(Aeronoticias).-<\/strong> La llegada de m\u00e1s turistas internacionales a Per\u00fa mantiene una trayectoria ascendente impulsada por el crecimiento del turismo corporativo en el norte y en Lima, y el turismo vacacional en la selva y sur del pa\u00eds, afirm\u00f3 hoy la viceministra de Turismo, Claudia Cornejo.<\/p>\n<p style=\"text-align: justify;\">Durante el primer semestre del 2012 la llegada de turistas internacionales a Per\u00fa fue de un mill\u00f3n 373,183, lo que representa un incremento de 10.6 por ciento en relaci\u00f3n con el primer semestre del 2011, seg\u00fan estad\u00edsticas de la Direcci\u00f3n General de Migraciones y Naturalizaci\u00f3n (Digemin).<\/p>\n<p style=\"text-align: justify;\">\u201cAmbos, tanto el turismo vocacional como el turismo corporativo est\u00e1n creciendo significativamente. En el norte y en Lima hay un aumento del segmento corporativo, mientras que en Puno, Arequipa e Iquitos (Loreto) el segmento vacacional es el que crece muy bien\u201d, declar\u00f3 a la agencia Andina.<\/p>\n<p style=\"text-align: justify;\">Explic\u00f3 que Loreto, con el r\u00edo Amazonas, es uno de los destinos m\u00e1s solicitados por los extranjeros, mientras que en el norte Piura, Trujillo (La Libertad) y Chiclayo (Lambayeque) son los destinos m\u00e1s demandados por los turistas del segmento corporativo.<\/p>\n<p style=\"text-align: justify;\">En ese sentido, manifest\u00f3 que es necesario impulsar la llegada de m\u00e1s inversiones en infraestructura hotelera a diversas zonas del pa\u00eds para satisfacer la creciente demanda.<\/p>\n<p>  <!--more-->  <\/p>\n<p style=\"text-align: justify;\">\u201cTenemos que colocar a Per\u00fa en el mapa de los inversionistas hoteleros pues el pa\u00eds tiene mucho que ofrecer. Est\u00e1 inversi\u00f3n no solo se puede dar en Lima o Cusco, hay otras regiones que est\u00e1n creciendo bastante bien y que tienen mucho espacio para el turismo corporativo y vacacional\u201d, acot\u00f3.<\/p>\n<p style=\"text-align: justify;\">Asever\u00f3 que es necesario un trabajo conjunto entre los sectores p\u00fablico y privado para elaborar proyectos atractivos de inversi\u00f3n tur\u00edstica y captar los capitales excedentes en el mundo en medio de un contexto de crisis.<\/p>\n<p style=\"text-align: justify;\">\u201cLas ciudades se est\u00e1n viendo rebasadas por la llegada de turistas, lo cual es positivo y nos ayuda a sustentar que necesitamos infraestructura hotelera, pero para eso tenemos que poner proyectos en cartera\u201d, expres\u00f3.<\/p>\n<p style=\"text-align: justify;\">La viceministra reiter\u00f3 que para este a\u00f1o se espera un crecimiento de nueve por ciento en turismo receptivo y de diez por ciento en generaci\u00f3n de divisas por este concepto.<\/p>\n<p style=\"text-align: justify;\">Cornejo particip\u00f3 hoy en la inauguraci\u00f3n de la quinta edici\u00f3n de la South American Hotel &amp; Tourism Investment Conference (SAHIC) 2012, que por primera vez se organiza en Per\u00fa y que re\u00fane a unos 300 empresarios extranjeros, inversionistas en hoteler\u00eda y turismo.<\/p>\n<p style=\"text-align: justify;\">Dijo que el Ministerio de Comercio Exterior y Turismo (Mincetur) espera que se pueda atraer m\u00e1s capitales para desarrollar la oferta tur\u00edstica en el pa\u00eds por lo cual realiza constantemente actividades de promoci\u00f3n a nivel internacional.<\/p>\n<p style=\"text-align: justify;\">\u201cEsperamos que poco a poca m\u00e1s cadenas hoteleras se sumen, que otras empresas puedan ingresar al mercado y que las existentes puedan ampliar su cartera de inversiones en zonas como la selva o el norte del pa\u00eds\u201d, concluy\u00f3.<\/p>\n<p style=\"text-align: justify;\">(FIN) LVT\/JPC<\/p>\n<p style=\"text-align: justify;\">Agencia Andina.<\/p>\n<p style=\"text-align: justify;\"><img decoding=\"async\" src=\"images\/stories\/10\/09\/140910\/loreto.jpg\" border=\"0\" alt=\"Turismo corporativo en norte y vacacional en selva impulsan llegada de m\u00e1s visitantes a Per\u00fa\" title=\"Turismo corporativo en norte y vacacional en selva impulsan llegada de m\u00e1s visitantes a Per\u00fa\" \/><\/p>\n","protected":false},"excerpt":{"rendered":"<p>(Aeronoticias).- La llegada de m\u00e1s turistas internacionales a Per\u00fa mantiene una trayectoria ascendente impulsada por el crecimiento del turismo corporativo en el norte y en Lima, y el turismo vacacional en la selva y sur del pa\u00eds, afirm\u00f3 hoy la viceministra de Turismo, Claudia Cornejo. Durante el primer semestre del 2012 la llegada de turistas [&hellip;]<\/p>\n","protected":false},"author":1,"featured_media":0,"comment_status":"open","ping_status":"open","sticky":false,"template":"","format":"standard","meta":{"tdm_status":"","tdm_grid_status":"","footnotes":""},"categories":[31],"tags":[],"class_list":{"0":"post-30321","1":"post","2":"type-post","3":"status-publish","4":"format-standard","6":"category-31"},"yoast_head":"<!-- This site is optimized with the Yoast SEO plugin v25.1 - https:\/\/yoast.com\/wordpress\/plugins\/seo\/ -->\n<title>Turismo corporativo en norte y vacacional en selva impulsan llegada de m\u00e1s visitantes a Per\u00fa<\/title>\n<meta name=\"description\" content=\"Portal de noticias del Per\u00fa sobre el transporte a\u00e9reo, aviaci\u00f3n, turismo, hoteleria, actualidad.\" \/>\n<meta name=\"robots\" content=\"index, follow, max-snippet:-1, max-image-preview:large, max-video-preview:-1\" \/>\n<link rel=\"canonical\" href=\"https:\/\/aeronoticias.com.pe\/noticiero\/turismo\/13\/turismo-corporativo-en-norte-y-vacacional-en-selva-impulsan-llegada-de-mas-visitantes-a-peru\/\" \/>\n<meta property=\"og:locale\" content=\"es_ES\" \/>\n<meta property=\"og:type\" content=\"article\" \/>\n<meta property=\"og:title\" content=\"Turismo corporativo en norte y vacacional en selva impulsan llegada de m\u00e1s visitantes a Per\u00fa\" \/>\n<meta property=\"og:description\" content=\"Portal de noticias del Per\u00fa sobre el transporte a\u00e9reo, aviaci\u00f3n, turismo, hoteleria, actualidad.\" \/>\n<meta property=\"og:url\" content=\"https:\/\/aeronoticias.com.pe\/noticiero\/turismo\/13\/turismo-corporativo-en-norte-y-vacacional-en-selva-impulsan-llegada-de-mas-visitantes-a-peru\/\" \/>\n<meta property=\"og:site_name\" content=\"Aeronoticias.com.pe\" \/>\n<meta property=\"article:publisher\" content=\"https:\/\/www.facebook.com\/Aeronoticias.com.pe\/\" \/>\n<meta property=\"article:published_time\" content=\"2012-09-11T16:10:56+00:00\" \/>\n<meta name=\"author\" content=\"Redacci\u00f3n Aeronoticias\" \/>\n<meta name=\"twitter:card\" content=\"summary_large_image\" \/>\n<meta name=\"twitter:creator\" content=\"@aeronoticias\" \/>\n<meta name=\"twitter:site\" content=\"@aeronoticias\" \/>\n<meta name=\"twitter:label1\" content=\"Escrito por\" \/>\n\t<meta name=\"twitter:data1\" content=\"Redacci\u00f3n Aeronoticias\" \/>\n\t<meta name=\"twitter:label2\" content=\"Tiempo de lectura\" \/>\n\t<meta name=\"twitter:data2\" content=\"3 minutos\" \/>\n<script type=\"application\/ld+json\" class=\"yoast-schema-graph\">{\"@context\":\"https:\/\/schema.org\",\"@graph\":[{\"@type\":\"WebPage\",\"@id\":\"https:\/\/aeronoticias.com.pe\/noticiero\/turismo\/13\/turismo-corporativo-en-norte-y-vacacional-en-selva-impulsan-llegada-de-mas-visitantes-a-peru\/\",\"url\":\"https:\/\/aeronoticias.com.pe\/noticiero\/turismo\/13\/turismo-corporativo-en-norte-y-vacacional-en-selva-impulsan-llegada-de-mas-visitantes-a-peru\/\",\"name\":\"Turismo corporativo en norte y vacacional en selva impulsan llegada de m\u00e1s visitantes a Per\u00fa\",\"isPartOf\":{\"@id\":\"https:\/\/aeronoticias.com.pe\/noticiero\/#website\"},\"datePublished\":\"2012-09-11T16:10:56+00:00\",\"author\":{\"@id\":\"https:\/\/aeronoticias.com.pe\/noticiero\/#\/schema\/person\/fc1e5d578f4b62ba1cf7ac2bba1170a0\"},\"description\":\"Portal de noticias del Per\u00fa sobre el transporte a\u00e9reo, aviaci\u00f3n, turismo, hoteleria, actualidad.\",\"breadcrumb\":{\"@id\":\"https:\/\/aeronoticias.com.pe\/noticiero\/turismo\/13\/turismo-corporativo-en-norte-y-vacacional-en-selva-impulsan-llegada-de-mas-visitantes-a-peru\/#breadcrumb\"},\"inLanguage\":\"es\",\"potentialAction\":[{\"@type\":\"ReadAction\",\"target\":[\"https:\/\/aeronoticias.com.pe\/noticiero\/turismo\/13\/turismo-corporativo-en-norte-y-vacacional-en-selva-impulsan-llegada-de-mas-visitantes-a-peru\/\"]}]},{\"@type\":\"BreadcrumbList\",\"@id\":\"https:\/\/aeronoticias.com.pe\/noticiero\/turismo\/13\/turismo-corporativo-en-norte-y-vacacional-en-selva-impulsan-llegada-de-mas-visitantes-a-peru\/#breadcrumb\",\"itemListElement\":[{\"@type\":\"ListItem\",\"position\":1,\"name\":\"Portada\",\"item\":\"https:\/\/aeronoticias.com.pe\/noticiero\/\"},{\"@type\":\"ListItem\",\"position\":2,\"name\":\"Turismo corporativo en norte y vacacional en selva impulsan llegada de m\u00e1s visitantes a Per\u00fa\"}]},{\"@type\":\"WebSite\",\"@id\":\"https:\/\/aeronoticias.com.pe\/noticiero\/#website\",\"url\":\"https:\/\/aeronoticias.com.pe\/noticiero\/\",\"name\":\"Aeronoticias.com.pe\",\"description\":\"Noticias de tranporte aereo, turismo, hoteles, gastronomia, actualidad, internacional\",\"potentialAction\":[{\"@type\":\"SearchAction\",\"target\":{\"@type\":\"EntryPoint\",\"urlTemplate\":\"https:\/\/aeronoticias.com.pe\/noticiero\/?s={search_term_string}\"},\"query-input\":{\"@type\":\"PropertyValueSpecification\",\"valueRequired\":true,\"valueName\":\"search_term_string\"}}],\"inLanguage\":\"es\"},{\"@type\":\"Person\",\"@id\":\"https:\/\/aeronoticias.com.pe\/noticiero\/#\/schema\/person\/fc1e5d578f4b62ba1cf7ac2bba1170a0\",\"name\":\"Redacci\u00f3n Aeronoticias\",\"url\":\"https:\/\/aeronoticias.com.pe\/noticiero\/author\/piloto\/\"}]}<\/script>\n<!-- \/ Yoast SEO plugin. -->","yoast_head_json":{"title":"Turismo corporativo en norte y vacacional en selva impulsan llegada de m\u00e1s visitantes a Per\u00fa","description":"Portal de noticias del Per\u00fa sobre el transporte a\u00e9reo, aviaci\u00f3n, turismo, hoteleria, actualidad.","robots":{"index":"index","follow":"follow","max-snippet":"max-snippet:-1","max-image-preview":"max-image-preview:large","max-video-preview":"max-video-preview:-1"},"canonical":"https:\/\/aeronoticias.com.pe\/noticiero\/turismo\/13\/turismo-corporativo-en-norte-y-vacacional-en-selva-impulsan-llegada-de-mas-visitantes-a-peru\/","og_locale":"es_ES","og_type":"article","og_title":"Turismo corporativo en norte y vacacional en selva impulsan llegada de m\u00e1s visitantes a Per\u00fa","og_description":"Portal de noticias del Per\u00fa sobre el transporte a\u00e9reo, aviaci\u00f3n, turismo, hoteleria, actualidad.","og_url":"https:\/\/aeronoticias.com.pe\/noticiero\/turismo\/13\/turismo-corporativo-en-norte-y-vacacional-en-selva-impulsan-llegada-de-mas-visitantes-a-peru\/","og_site_name":"Aeronoticias.com.pe","article_publisher":"https:\/\/www.facebook.com\/Aeronoticias.com.pe\/","article_published_time":"2012-09-11T16:10:56+00:00","author":"Redacci\u00f3n Aeronoticias","twitter_card":"summary_large_image","twitter_creator":"@aeronoticias","twitter_site":"@aeronoticias","twitter_misc":{"Escrito por":"Redacci\u00f3n Aeronoticias","Tiempo de lectura":"3 minutos"},"schema":{"@context":"https:\/\/schema.org","@graph":[{"@type":"WebPage","@id":"https:\/\/aeronoticias.com.pe\/noticiero\/turismo\/13\/turismo-corporativo-en-norte-y-vacacional-en-selva-impulsan-llegada-de-mas-visitantes-a-peru\/","url":"https:\/\/aeronoticias.com.pe\/noticiero\/turismo\/13\/turismo-corporativo-en-norte-y-vacacional-en-selva-impulsan-llegada-de-mas-visitantes-a-peru\/","name":"Turismo corporativo en norte y vacacional en selva impulsan llegada de m\u00e1s visitantes a Per\u00fa","isPartOf":{"@id":"https:\/\/aeronoticias.com.pe\/noticiero\/#website"},"datePublished":"2012-09-11T16:10:56+00:00","author":{"@id":"https:\/\/aeronoticias.com.pe\/noticiero\/#\/schema\/person\/fc1e5d578f4b62ba1cf7ac2bba1170a0"},"description":"Portal de noticias del Per\u00fa sobre el transporte a\u00e9reo, aviaci\u00f3n, turismo, hoteleria, actualidad.","breadcrumb":{"@id":"https:\/\/aeronoticias.com.pe\/noticiero\/turismo\/13\/turismo-corporativo-en-norte-y-vacacional-en-selva-impulsan-llegada-de-mas-visitantes-a-peru\/#breadcrumb"},"inLanguage":"es","potentialAction":[{"@type":"ReadAction","target":["https:\/\/aeronoticias.com.pe\/noticiero\/turismo\/13\/turismo-corporativo-en-norte-y-vacacional-en-selva-impulsan-llegada-de-mas-visitantes-a-peru\/"]}]},{"@type":"BreadcrumbList","@id":"https:\/\/aeronoticias.com.pe\/noticiero\/turismo\/13\/turismo-corporativo-en-norte-y-vacacional-en-selva-impulsan-llegada-de-mas-visitantes-a-peru\/#breadcrumb","itemListElement":[{"@type":"ListItem","position":1,"name":"Portada","item":"https:\/\/aeronoticias.com.pe\/noticiero\/"},{"@type":"ListItem","position":2,"name":"Turismo corporativo en norte y vacacional en selva impulsan llegada de m\u00e1s visitantes a Per\u00fa"}]},{"@type":"WebSite","@id":"https:\/\/aeronoticias.com.pe\/noticiero\/#website","url":"https:\/\/aeronoticias.com.pe\/noticiero\/","name":"Aeronoticias.com.pe","description":"Noticias de tranporte aereo, turismo, hoteles, gastronomia, actualidad, internacional","potentialAction":[{"@type":"SearchAction","target":{"@type":"EntryPoint","urlTemplate":"https:\/\/aeronoticias.com.pe\/noticiero\/?s={search_term_string}"},"query-input":{"@type":"PropertyValueSpecification","valueRequired":true,"valueName":"search_term_string"}}],"inLanguage":"es"},{"@type":"Person","@id":"https:\/\/aeronoticias.com.pe\/noticiero\/#\/schema\/person\/fc1e5d578f4b62ba1cf7ac2bba1170a0","name":"Redacci\u00f3n Aeronoticias","url":"https:\/\/aeronoticias.com.pe\/noticiero\/author\/piloto\/"}]}},"_links":{"self":[{"href":"https:\/\/aeronoticias.com.pe\/noticiero\/wp-json\/wp\/v2\/posts\/30321","targetHints":{"allow":["GET"]}}],"collection":[{"href":"https:\/\/aeronoticias.com.pe\/noticiero\/wp-json\/wp\/v2\/posts"}],"about":[{"href":"https:\/\/aeronoticias.com.pe\/noticiero\/wp-json\/wp\/v2\/types\/post"}],"author":[{"embeddable":true,"href":"https:\/\/aeronoticias.com.pe\/noticiero\/wp-json\/wp\/v2\/users\/1"}],"replies":[{"embeddable":true,"href":"https:\/\/aeronoticias.com.pe\/noticiero\/wp-json\/wp\/v2\/comments?post=30321"}],"version-history":[{"count":0,"href":"https:\/\/aeronoticias.com.pe\/noticiero\/wp-json\/wp\/v2\/posts\/30321\/revisions"}],"wp:attachment":[{"href":"https:\/\/aeronoticias.com.pe\/noticiero\/wp-json\/wp\/v2\/media?parent=30321"}],"wp:term":[{"taxonomy":"category","embeddable":true,"href":"https:\/\/aeronoticias.com.pe\/noticiero\/wp-json\/wp\/v2\/categories?post=30321"},{"taxonomy":"post_tag","embeddable":true,"href":"https:\/\/aeronoticias.com.pe\/noticiero\/wp-json\/wp\/v2\/tags?post=30321"}],"curies":[{"name":"wp","href":"https:\/\/api.w.org\/{rel}","templated":true}]}}