{"id":30432,"date":"2012-09-14T17:59:12","date_gmt":"2012-09-14T17:59:12","guid":{"rendered":"http:\/\/desarrollo.mcvicious.com\/aero2020\/2012\/09\/14\/advierten-de-obstaculos-y-riesgos-en-fusion-de-eads-y-bae-systems\/"},"modified":"2012-09-14T17:59:12","modified_gmt":"2012-09-14T17:59:12","slug":"advierten-de-obstaculos-y-riesgos-en-fusion-de-eads-y-bae-systems","status":"publish","type":"post","link":"https:\/\/aeronoticias.com.pe\/noticiero\/economia\/advierten-de-obstaculos-y-riesgos-en-fusion-de-eads-y-bae-systems\/","title":{"rendered":"Advierten de obst\u00e1culos y riesgos en fusi\u00f3n de EADS y BAE Systems"},"content":{"rendered":"<p style=\"text-align: justify;\"><strong>(Aeronoticias).-<\/strong> Las acciones de EADS y de la firma brit\u00e1nica BAE Systems ca\u00edan el jueves debido a que los inversores temen que los planes para fusionar las empresas y crear el grupo de defensa y aeroespacial m\u00e1s grande del mundo puedan encontrar obst\u00e1culos pol\u00edticos y regulatorios.<\/p>\n<p style=\"text-align: justify;\">Si las negociaciones reveladas tarde el mi\u00e9rcoles culminan en un acuerdo, los accionistas de BAE tendr\u00edan el 40 por ciento y los inversores de EADS el 60 por ciento en un gigante con productos que van desde los aviones comerciales Airbus hasta las naves de guerra Typhoon y los submarinos nucleares Astute.<\/p>\n<p style=\"text-align: justify;\">La combinaci\u00f3n m\u00e1s importante en el sector aeroespacial y de defensa de Europa en una d\u00e9cada resalta la presi\u00f3n que sufren las empresas del sector por compensar el impacto de la reducci\u00f3n de los presupuestos militares y los menores ingresos del sector comercial.<\/p>\n<hr id=\"system-readmore\" style=\"text-align: justify;\" \/>\n<p style=\"text-align: justify;\">Pero el acuerdo necesita el apoyo de Alemania y Francia para desarmar un pacto de accionistas en EADS y, a la vez, el nuevo grupo debe ganarse la confianza necesaria para lidiar con clientes preocupados por la seguridad que van del Pent\u00e1gono al Golfo P\u00e9rsico.<\/p>\n<p style=\"text-align: justify;\">La cancillera alemana, Angela Merkel, dijo a los periodistas que el acuerdo por Berl\u00ecn. En momentos en que los pol\u00ecticos europeos est\u00e1n cautelosos por el empleo, especialmente en Francia donde es desempleo ha alcanzado un m\u00e1ximo en 13 a\u00f1os, el jefe de la unidad Airbus de EADS busc\u00f3 tranquilizar a su personal respecto al acuerdo.<\/p>\n<p><img decoding=\"async\" src=\"images\/stories\/12\/09\/140912\/bae.jpg\" border=\"0\" alt=\"Advierten de obst\u00e1culos y riesgos en fusi\u00f3n de EADS y BAE Systems\" title=\"Advierten de obst\u00e1culos y riesgos en fusi\u00f3n de EADS y BAE Systems\" \/><\/p>\n<p><\/p>\n","protected":false},"excerpt":{"rendered":"<p>(Aeronoticias).- Las acciones de EADS y de la firma brit\u00e1nica BAE Systems ca\u00edan el jueves debido a que los inversores temen que los planes para fusionar las empresas y crear el grupo de defensa y aeroespacial m\u00e1s grande del mundo puedan encontrar obst\u00e1culos pol\u00edticos y regulatorios. Si las negociaciones reveladas tarde el mi\u00e9rcoles culminan en [&hellip;]<\/p>\n","protected":false},"author":1,"featured_media":0,"comment_status":"open","ping_status":"open","sticky":false,"template":"","format":"standard","meta":{"tdm_status":"","tdm_grid_status":"","footnotes":""},"categories":[33],"tags":[],"class_list":{"0":"post-30432","1":"post","2":"type-post","3":"status-publish","4":"format-standard","6":"category-economia"},"yoast_head":"<!-- This site is optimized with the Yoast SEO plugin v25.1 - https:\/\/yoast.com\/wordpress\/plugins\/seo\/ -->\n<title>Advierten de obst\u00e1culos y riesgos en fusi\u00f3n de EADS y BAE Systems<\/title>\n<meta name=\"description\" content=\"Portal de noticias del Per\u00fa sobre el transporte a\u00e9reo, aviaci\u00f3n, turismo, hoteleria, actualidad.\" \/>\n<meta name=\"robots\" content=\"index, follow, max-snippet:-1, max-image-preview:large, max-video-preview:-1\" \/>\n<link rel=\"canonical\" href=\"https:\/\/aeronoticias.com.pe\/noticiero\/economia\/advierten-de-obstaculos-y-riesgos-en-fusion-de-eads-y-bae-systems\/\" \/>\n<meta property=\"og:locale\" content=\"es_ES\" \/>\n<meta property=\"og:type\" content=\"article\" \/>\n<meta property=\"og:title\" content=\"Advierten de obst\u00e1culos y riesgos en fusi\u00f3n de EADS y BAE Systems\" \/>\n<meta property=\"og:description\" content=\"Portal de noticias del Per\u00fa sobre el transporte a\u00e9reo, aviaci\u00f3n, turismo, hoteleria, actualidad.\" \/>\n<meta property=\"og:url\" content=\"https:\/\/aeronoticias.com.pe\/noticiero\/economia\/advierten-de-obstaculos-y-riesgos-en-fusion-de-eads-y-bae-systems\/\" \/>\n<meta property=\"og:site_name\" content=\"Aeronoticias.com.pe\" \/>\n<meta property=\"article:publisher\" content=\"https:\/\/www.facebook.com\/Aeronoticias.com.pe\/\" \/>\n<meta property=\"article:published_time\" content=\"2012-09-14T17:59:12+00:00\" \/>\n<meta name=\"author\" content=\"Redacci\u00f3n Aeronoticias\" \/>\n<meta name=\"twitter:card\" content=\"summary_large_image\" \/>\n<meta name=\"twitter:creator\" content=\"@aeronoticias\" \/>\n<meta name=\"twitter:site\" content=\"@aeronoticias\" \/>\n<meta name=\"twitter:label1\" content=\"Escrito por\" \/>\n\t<meta name=\"twitter:data1\" content=\"Redacci\u00f3n Aeronoticias\" \/>\n\t<meta name=\"twitter:label2\" content=\"Tiempo de lectura\" \/>\n\t<meta name=\"twitter:data2\" content=\"1 minuto\" \/>\n<script type=\"application\/ld+json\" class=\"yoast-schema-graph\">{\"@context\":\"https:\/\/schema.org\",\"@graph\":[{\"@type\":\"WebPage\",\"@id\":\"https:\/\/aeronoticias.com.pe\/noticiero\/economia\/advierten-de-obstaculos-y-riesgos-en-fusion-de-eads-y-bae-systems\/\",\"url\":\"https:\/\/aeronoticias.com.pe\/noticiero\/economia\/advierten-de-obstaculos-y-riesgos-en-fusion-de-eads-y-bae-systems\/\",\"name\":\"Advierten de obst\u00e1culos y riesgos en fusi\u00f3n de EADS y BAE Systems\",\"isPartOf\":{\"@id\":\"https:\/\/aeronoticias.com.pe\/noticiero\/#website\"},\"datePublished\":\"2012-09-14T17:59:12+00:00\",\"author\":{\"@id\":\"https:\/\/aeronoticias.com.pe\/noticiero\/#\/schema\/person\/fc1e5d578f4b62ba1cf7ac2bba1170a0\"},\"description\":\"Portal de noticias del Per\u00fa sobre el transporte a\u00e9reo, aviaci\u00f3n, turismo, hoteleria, actualidad.\",\"breadcrumb\":{\"@id\":\"https:\/\/aeronoticias.com.pe\/noticiero\/economia\/advierten-de-obstaculos-y-riesgos-en-fusion-de-eads-y-bae-systems\/#breadcrumb\"},\"inLanguage\":\"es\",\"potentialAction\":[{\"@type\":\"ReadAction\",\"target\":[\"https:\/\/aeronoticias.com.pe\/noticiero\/economia\/advierten-de-obstaculos-y-riesgos-en-fusion-de-eads-y-bae-systems\/\"]}]},{\"@type\":\"BreadcrumbList\",\"@id\":\"https:\/\/aeronoticias.com.pe\/noticiero\/economia\/advierten-de-obstaculos-y-riesgos-en-fusion-de-eads-y-bae-systems\/#breadcrumb\",\"itemListElement\":[{\"@type\":\"ListItem\",\"position\":1,\"name\":\"Portada\",\"item\":\"https:\/\/aeronoticias.com.pe\/noticiero\/\"},{\"@type\":\"ListItem\",\"position\":2,\"name\":\"Advierten de obst\u00e1culos y riesgos en fusi\u00f3n de EADS y BAE Systems\"}]},{\"@type\":\"WebSite\",\"@id\":\"https:\/\/aeronoticias.com.pe\/noticiero\/#website\",\"url\":\"https:\/\/aeronoticias.com.pe\/noticiero\/\",\"name\":\"Aeronoticias.com.pe\",\"description\":\"Noticias de tranporte aereo, turismo, hoteles, gastronomia, actualidad, internacional\",\"potentialAction\":[{\"@type\":\"SearchAction\",\"target\":{\"@type\":\"EntryPoint\",\"urlTemplate\":\"https:\/\/aeronoticias.com.pe\/noticiero\/?s={search_term_string}\"},\"query-input\":{\"@type\":\"PropertyValueSpecification\",\"valueRequired\":true,\"valueName\":\"search_term_string\"}}],\"inLanguage\":\"es\"},{\"@type\":\"Person\",\"@id\":\"https:\/\/aeronoticias.com.pe\/noticiero\/#\/schema\/person\/fc1e5d578f4b62ba1cf7ac2bba1170a0\",\"name\":\"Redacci\u00f3n Aeronoticias\",\"url\":\"https:\/\/aeronoticias.com.pe\/noticiero\/author\/piloto\/\"}]}<\/script>\n<!-- \/ Yoast SEO plugin. -->","yoast_head_json":{"title":"Advierten de obst\u00e1culos y riesgos en fusi\u00f3n de EADS y BAE Systems","description":"Portal de noticias del Per\u00fa sobre el transporte a\u00e9reo, aviaci\u00f3n, turismo, hoteleria, actualidad.","robots":{"index":"index","follow":"follow","max-snippet":"max-snippet:-1","max-image-preview":"max-image-preview:large","max-video-preview":"max-video-preview:-1"},"canonical":"https:\/\/aeronoticias.com.pe\/noticiero\/economia\/advierten-de-obstaculos-y-riesgos-en-fusion-de-eads-y-bae-systems\/","og_locale":"es_ES","og_type":"article","og_title":"Advierten de obst\u00e1culos y riesgos en fusi\u00f3n de EADS y BAE Systems","og_description":"Portal de noticias del Per\u00fa sobre el transporte a\u00e9reo, aviaci\u00f3n, turismo, hoteleria, actualidad.","og_url":"https:\/\/aeronoticias.com.pe\/noticiero\/economia\/advierten-de-obstaculos-y-riesgos-en-fusion-de-eads-y-bae-systems\/","og_site_name":"Aeronoticias.com.pe","article_publisher":"https:\/\/www.facebook.com\/Aeronoticias.com.pe\/","article_published_time":"2012-09-14T17:59:12+00:00","author":"Redacci\u00f3n Aeronoticias","twitter_card":"summary_large_image","twitter_creator":"@aeronoticias","twitter_site":"@aeronoticias","twitter_misc":{"Escrito por":"Redacci\u00f3n Aeronoticias","Tiempo de lectura":"1 minuto"},"schema":{"@context":"https:\/\/schema.org","@graph":[{"@type":"WebPage","@id":"https:\/\/aeronoticias.com.pe\/noticiero\/economia\/advierten-de-obstaculos-y-riesgos-en-fusion-de-eads-y-bae-systems\/","url":"https:\/\/aeronoticias.com.pe\/noticiero\/economia\/advierten-de-obstaculos-y-riesgos-en-fusion-de-eads-y-bae-systems\/","name":"Advierten de obst\u00e1culos y riesgos en fusi\u00f3n de EADS y BAE Systems","isPartOf":{"@id":"https:\/\/aeronoticias.com.pe\/noticiero\/#website"},"datePublished":"2012-09-14T17:59:12+00:00","author":{"@id":"https:\/\/aeronoticias.com.pe\/noticiero\/#\/schema\/person\/fc1e5d578f4b62ba1cf7ac2bba1170a0"},"description":"Portal de noticias del Per\u00fa sobre el transporte a\u00e9reo, aviaci\u00f3n, turismo, hoteleria, actualidad.","breadcrumb":{"@id":"https:\/\/aeronoticias.com.pe\/noticiero\/economia\/advierten-de-obstaculos-y-riesgos-en-fusion-de-eads-y-bae-systems\/#breadcrumb"},"inLanguage":"es","potentialAction":[{"@type":"ReadAction","target":["https:\/\/aeronoticias.com.pe\/noticiero\/economia\/advierten-de-obstaculos-y-riesgos-en-fusion-de-eads-y-bae-systems\/"]}]},{"@type":"BreadcrumbList","@id":"https:\/\/aeronoticias.com.pe\/noticiero\/economia\/advierten-de-obstaculos-y-riesgos-en-fusion-de-eads-y-bae-systems\/#breadcrumb","itemListElement":[{"@type":"ListItem","position":1,"name":"Portada","item":"https:\/\/aeronoticias.com.pe\/noticiero\/"},{"@type":"ListItem","position":2,"name":"Advierten de obst\u00e1culos y riesgos en fusi\u00f3n de EADS y BAE Systems"}]},{"@type":"WebSite","@id":"https:\/\/aeronoticias.com.pe\/noticiero\/#website","url":"https:\/\/aeronoticias.com.pe\/noticiero\/","name":"Aeronoticias.com.pe","description":"Noticias de tranporte aereo, turismo, hoteles, gastronomia, actualidad, internacional","potentialAction":[{"@type":"SearchAction","target":{"@type":"EntryPoint","urlTemplate":"https:\/\/aeronoticias.com.pe\/noticiero\/?s={search_term_string}"},"query-input":{"@type":"PropertyValueSpecification","valueRequired":true,"valueName":"search_term_string"}}],"inLanguage":"es"},{"@type":"Person","@id":"https:\/\/aeronoticias.com.pe\/noticiero\/#\/schema\/person\/fc1e5d578f4b62ba1cf7ac2bba1170a0","name":"Redacci\u00f3n Aeronoticias","url":"https:\/\/aeronoticias.com.pe\/noticiero\/author\/piloto\/"}]}},"_links":{"self":[{"href":"https:\/\/aeronoticias.com.pe\/noticiero\/wp-json\/wp\/v2\/posts\/30432","targetHints":{"allow":["GET"]}}],"collection":[{"href":"https:\/\/aeronoticias.com.pe\/noticiero\/wp-json\/wp\/v2\/posts"}],"about":[{"href":"https:\/\/aeronoticias.com.pe\/noticiero\/wp-json\/wp\/v2\/types\/post"}],"author":[{"embeddable":true,"href":"https:\/\/aeronoticias.com.pe\/noticiero\/wp-json\/wp\/v2\/users\/1"}],"replies":[{"embeddable":true,"href":"https:\/\/aeronoticias.com.pe\/noticiero\/wp-json\/wp\/v2\/comments?post=30432"}],"version-history":[{"count":0,"href":"https:\/\/aeronoticias.com.pe\/noticiero\/wp-json\/wp\/v2\/posts\/30432\/revisions"}],"wp:attachment":[{"href":"https:\/\/aeronoticias.com.pe\/noticiero\/wp-json\/wp\/v2\/media?parent=30432"}],"wp:term":[{"taxonomy":"category","embeddable":true,"href":"https:\/\/aeronoticias.com.pe\/noticiero\/wp-json\/wp\/v2\/categories?post=30432"},{"taxonomy":"post_tag","embeddable":true,"href":"https:\/\/aeronoticias.com.pe\/noticiero\/wp-json\/wp\/v2\/tags?post=30432"}],"curies":[{"name":"wp","href":"https:\/\/api.w.org\/{rel}","templated":true}]}}