{"id":30440,"date":"2012-09-15T00:52:46","date_gmt":"2012-09-15T00:52:46","guid":{"rendered":"http:\/\/desarrollo.mcvicious.com\/aero2020\/2012\/09\/15\/mincetur-no-descarta-que-gobierno-lance-nuevas-medidasde-estimulo-a-exportadores\/"},"modified":"2012-09-15T00:52:46","modified_gmt":"2012-09-15T00:52:46","slug":"mincetur-no-descarta-que-gobierno-lance-nuevas-medidasde-estimulo-a-exportadores","status":"publish","type":"post","link":"https:\/\/aeronoticias.com.pe\/noticiero\/economia\/mincetur-no-descarta-que-gobierno-lance-nuevas-medidasde-estimulo-a-exportadores\/","title":{"rendered":"Mincetur no descarta que Gobierno lance nuevas medidasde est\u00edmulo a exportadores"},"content":{"rendered":"<p style=\"text-align: justify;\"><strong>(Aeronoticias).-<\/strong>El Ejecutivo podr\u00eda lanzar nuevas medidas de est\u00edmulo al sector exportador, el que no s\u00f3lo se est\u00e1 viendo afectado por la crisis internacional, sino tambi\u00e9n por la constante ca\u00edda del tipo de cambio, as\u00ed lo dio a conocer el ministro de Comercio Exterior y Turismo, Jos\u00e9 Luis Silva.<\/p>\n<p style=\"text-align: justify;\">\u00abPermanentemente  estamos analizando alternativas y estamos plante\u00e1ndolas tambi\u00e9n. No lo  descartamos, por lo que de haber un segundo paquete de est\u00edmulo,\u00a0 se  anunciar\u00e1 en el momento oportuno\u00bb, afirm\u00f3 Silva Martinot.<\/p>\n<p style=\"text-align: justify;\">Como se recuerda, en junio pasado, el gobierno anunci\u00f3 medidas de est\u00edmulo a la exportaci\u00f3n con el objetivo de contrarrestrar los factores de riesgo de la crisis externa y llegar a la meta, inicial de US$ 49 mil millones (actualmente m\u00e1s dde US$ 45 mil. Entre las cuales figuraba el\u00a0  triplica la l\u00ednea de cr\u00e9dito a las peque\u00f1as y medianas empresas  exportadoras.<\/p>\n<p style=\"text-align: justify;\">Silva Martinot manifest\u00f3 que su sector eval\u00faa constantemente las propuestas del sector exportador a fin de mejorar la competitividad y las nuevas oportunidades que se presentan en el mercado.<\/p>\n<p style=\"text-align: justify;\"><strong> <\/strong><\/p>\n<p style=\"text-align: justify;\">Respecto\u00a0 al pedido de Adex , que se facilite a las empresas exportadoras realizar su pago de impuesto en d\u00f3lares, el titular de Comercio Exterior y Turismo, precis\u00f3 que todas las propuestas que les llega del sector privado, son evaluadas por el Mincetur y son canalizadas al Ministerio de Econom\u00eda y Finanzas.<\/p>\n<p style=\"text-align: justify;\">\u00abNosotros hacemos llegar nuestras recomendaciones, cuando\u00a0 creemos que las medidas son adecuadas\u00bb, dijo.<\/p>\n<p style=\"text-align: justify;\">Sobre  el avance del primer paquete de medidas de estimulo al sector  exportador, el titular del Mincetur se\u00f1al\u00f3 que algunas de estas, a\u00fan\u00a0  est\u00e1n en proceso de implementaci\u00f3n, mientras que otras ya muestran  resultados, como el tema de financiamientos y\u00a0 garant\u00edas a los peque\u00f1os y  medianos exportadores.<\/p>\n<p style=\"text-align: justify;\">Estas  declaraciones las ofreci\u00f3 en el marco de la presentaci\u00f3n de la Campa\u00f1a  de Cultura Tur\u00edstica sobre Artesan\u00eda que busca revalorar e incrementar  la demanda de estos productos para beneficiar a 64.619 artesanos en el  pa\u00eds.<\/p>\n<p style=\"text-align: justify;\"><img decoding=\"async\" src=\"images\/stories\/12\/09\/140912\/silvamartinotmc.jpg\" border=\"0\" alt=\"ministro\" title=\"ministro\" \/><\/p>\n","protected":false},"excerpt":{"rendered":"<p>(Aeronoticias).-El Ejecutivo podr\u00eda lanzar nuevas medidas de est\u00edmulo al sector exportador, el que no s\u00f3lo se est\u00e1 viendo afectado por la crisis internacional, sino tambi\u00e9n por la constante ca\u00edda del tipo de cambio, as\u00ed lo dio a conocer el ministro de Comercio Exterior y Turismo, Jos\u00e9 Luis Silva. \u00abPermanentemente estamos analizando alternativas y estamos plante\u00e1ndolas [&hellip;]<\/p>\n","protected":false},"author":1,"featured_media":0,"comment_status":"open","ping_status":"open","sticky":false,"template":"","format":"standard","meta":{"tdm_status":"","tdm_grid_status":"","footnotes":""},"categories":[33],"tags":[],"class_list":{"0":"post-30440","1":"post","2":"type-post","3":"status-publish","4":"format-standard","6":"category-economia"},"yoast_head":"<!-- This site is optimized with the Yoast SEO plugin v25.1 - https:\/\/yoast.com\/wordpress\/plugins\/seo\/ -->\n<title>Mincetur no descarta que Gobierno lance nuevas medidasde est\u00edmulo a exportadores<\/title>\n<meta name=\"description\" content=\"Portal de noticias del Per\u00fa sobre el transporte a\u00e9reo, aviaci\u00f3n, turismo, hoteleria, actualidad.\" \/>\n<meta name=\"robots\" content=\"index, follow, max-snippet:-1, max-image-preview:large, max-video-preview:-1\" \/>\n<link rel=\"canonical\" href=\"https:\/\/aeronoticias.com.pe\/noticiero\/economia\/mincetur-no-descarta-que-gobierno-lance-nuevas-medidasde-estimulo-a-exportadores\/\" \/>\n<meta property=\"og:locale\" content=\"es_ES\" \/>\n<meta property=\"og:type\" content=\"article\" \/>\n<meta property=\"og:title\" content=\"Mincetur no descarta que Gobierno lance nuevas medidasde est\u00edmulo a exportadores\" \/>\n<meta property=\"og:description\" content=\"Portal de noticias del Per\u00fa sobre el transporte a\u00e9reo, aviaci\u00f3n, turismo, hoteleria, actualidad.\" \/>\n<meta property=\"og:url\" content=\"https:\/\/aeronoticias.com.pe\/noticiero\/economia\/mincetur-no-descarta-que-gobierno-lance-nuevas-medidasde-estimulo-a-exportadores\/\" \/>\n<meta property=\"og:site_name\" content=\"Aeronoticias.com.pe\" \/>\n<meta property=\"article:publisher\" content=\"https:\/\/www.facebook.com\/Aeronoticias.com.pe\/\" \/>\n<meta property=\"article:published_time\" content=\"2012-09-15T00:52:46+00:00\" \/>\n<meta name=\"author\" content=\"Redacci\u00f3n Aeronoticias\" \/>\n<meta name=\"twitter:card\" content=\"summary_large_image\" \/>\n<meta name=\"twitter:creator\" content=\"@aeronoticias\" \/>\n<meta name=\"twitter:site\" content=\"@aeronoticias\" \/>\n<meta name=\"twitter:label1\" content=\"Escrito por\" \/>\n\t<meta name=\"twitter:data1\" content=\"Redacci\u00f3n Aeronoticias\" \/>\n\t<meta name=\"twitter:label2\" content=\"Tiempo de lectura\" \/>\n\t<meta name=\"twitter:data2\" content=\"2 minutos\" \/>\n<script type=\"application\/ld+json\" class=\"yoast-schema-graph\">{\"@context\":\"https:\/\/schema.org\",\"@graph\":[{\"@type\":\"WebPage\",\"@id\":\"https:\/\/aeronoticias.com.pe\/noticiero\/economia\/mincetur-no-descarta-que-gobierno-lance-nuevas-medidasde-estimulo-a-exportadores\/\",\"url\":\"https:\/\/aeronoticias.com.pe\/noticiero\/economia\/mincetur-no-descarta-que-gobierno-lance-nuevas-medidasde-estimulo-a-exportadores\/\",\"name\":\"Mincetur no descarta que Gobierno lance nuevas medidasde est\u00edmulo a exportadores\",\"isPartOf\":{\"@id\":\"https:\/\/aeronoticias.com.pe\/noticiero\/#website\"},\"datePublished\":\"2012-09-15T00:52:46+00:00\",\"author\":{\"@id\":\"https:\/\/aeronoticias.com.pe\/noticiero\/#\/schema\/person\/fc1e5d578f4b62ba1cf7ac2bba1170a0\"},\"description\":\"Portal de noticias del Per\u00fa sobre el transporte a\u00e9reo, aviaci\u00f3n, turismo, hoteleria, actualidad.\",\"breadcrumb\":{\"@id\":\"https:\/\/aeronoticias.com.pe\/noticiero\/economia\/mincetur-no-descarta-que-gobierno-lance-nuevas-medidasde-estimulo-a-exportadores\/#breadcrumb\"},\"inLanguage\":\"es\",\"potentialAction\":[{\"@type\":\"ReadAction\",\"target\":[\"https:\/\/aeronoticias.com.pe\/noticiero\/economia\/mincetur-no-descarta-que-gobierno-lance-nuevas-medidasde-estimulo-a-exportadores\/\"]}]},{\"@type\":\"BreadcrumbList\",\"@id\":\"https:\/\/aeronoticias.com.pe\/noticiero\/economia\/mincetur-no-descarta-que-gobierno-lance-nuevas-medidasde-estimulo-a-exportadores\/#breadcrumb\",\"itemListElement\":[{\"@type\":\"ListItem\",\"position\":1,\"name\":\"Portada\",\"item\":\"https:\/\/aeronoticias.com.pe\/noticiero\/\"},{\"@type\":\"ListItem\",\"position\":2,\"name\":\"Mincetur no descarta que Gobierno lance nuevas medidasde est\u00edmulo a exportadores\"}]},{\"@type\":\"WebSite\",\"@id\":\"https:\/\/aeronoticias.com.pe\/noticiero\/#website\",\"url\":\"https:\/\/aeronoticias.com.pe\/noticiero\/\",\"name\":\"Aeronoticias.com.pe\",\"description\":\"Noticias de tranporte aereo, turismo, hoteles, gastronomia, actualidad, internacional\",\"potentialAction\":[{\"@type\":\"SearchAction\",\"target\":{\"@type\":\"EntryPoint\",\"urlTemplate\":\"https:\/\/aeronoticias.com.pe\/noticiero\/?s={search_term_string}\"},\"query-input\":{\"@type\":\"PropertyValueSpecification\",\"valueRequired\":true,\"valueName\":\"search_term_string\"}}],\"inLanguage\":\"es\"},{\"@type\":\"Person\",\"@id\":\"https:\/\/aeronoticias.com.pe\/noticiero\/#\/schema\/person\/fc1e5d578f4b62ba1cf7ac2bba1170a0\",\"name\":\"Redacci\u00f3n Aeronoticias\",\"url\":\"https:\/\/aeronoticias.com.pe\/noticiero\/author\/piloto\/\"}]}<\/script>\n<!-- \/ Yoast SEO plugin. -->","yoast_head_json":{"title":"Mincetur no descarta que Gobierno lance nuevas medidasde est\u00edmulo a exportadores","description":"Portal de noticias del Per\u00fa sobre el transporte a\u00e9reo, aviaci\u00f3n, turismo, hoteleria, actualidad.","robots":{"index":"index","follow":"follow","max-snippet":"max-snippet:-1","max-image-preview":"max-image-preview:large","max-video-preview":"max-video-preview:-1"},"canonical":"https:\/\/aeronoticias.com.pe\/noticiero\/economia\/mincetur-no-descarta-que-gobierno-lance-nuevas-medidasde-estimulo-a-exportadores\/","og_locale":"es_ES","og_type":"article","og_title":"Mincetur no descarta que Gobierno lance nuevas medidasde est\u00edmulo a exportadores","og_description":"Portal de noticias del Per\u00fa sobre el transporte a\u00e9reo, aviaci\u00f3n, turismo, hoteleria, actualidad.","og_url":"https:\/\/aeronoticias.com.pe\/noticiero\/economia\/mincetur-no-descarta-que-gobierno-lance-nuevas-medidasde-estimulo-a-exportadores\/","og_site_name":"Aeronoticias.com.pe","article_publisher":"https:\/\/www.facebook.com\/Aeronoticias.com.pe\/","article_published_time":"2012-09-15T00:52:46+00:00","author":"Redacci\u00f3n Aeronoticias","twitter_card":"summary_large_image","twitter_creator":"@aeronoticias","twitter_site":"@aeronoticias","twitter_misc":{"Escrito por":"Redacci\u00f3n Aeronoticias","Tiempo de lectura":"2 minutos"},"schema":{"@context":"https:\/\/schema.org","@graph":[{"@type":"WebPage","@id":"https:\/\/aeronoticias.com.pe\/noticiero\/economia\/mincetur-no-descarta-que-gobierno-lance-nuevas-medidasde-estimulo-a-exportadores\/","url":"https:\/\/aeronoticias.com.pe\/noticiero\/economia\/mincetur-no-descarta-que-gobierno-lance-nuevas-medidasde-estimulo-a-exportadores\/","name":"Mincetur no descarta que Gobierno lance nuevas medidasde est\u00edmulo a exportadores","isPartOf":{"@id":"https:\/\/aeronoticias.com.pe\/noticiero\/#website"},"datePublished":"2012-09-15T00:52:46+00:00","author":{"@id":"https:\/\/aeronoticias.com.pe\/noticiero\/#\/schema\/person\/fc1e5d578f4b62ba1cf7ac2bba1170a0"},"description":"Portal de noticias del Per\u00fa sobre el transporte a\u00e9reo, aviaci\u00f3n, turismo, hoteleria, actualidad.","breadcrumb":{"@id":"https:\/\/aeronoticias.com.pe\/noticiero\/economia\/mincetur-no-descarta-que-gobierno-lance-nuevas-medidasde-estimulo-a-exportadores\/#breadcrumb"},"inLanguage":"es","potentialAction":[{"@type":"ReadAction","target":["https:\/\/aeronoticias.com.pe\/noticiero\/economia\/mincetur-no-descarta-que-gobierno-lance-nuevas-medidasde-estimulo-a-exportadores\/"]}]},{"@type":"BreadcrumbList","@id":"https:\/\/aeronoticias.com.pe\/noticiero\/economia\/mincetur-no-descarta-que-gobierno-lance-nuevas-medidasde-estimulo-a-exportadores\/#breadcrumb","itemListElement":[{"@type":"ListItem","position":1,"name":"Portada","item":"https:\/\/aeronoticias.com.pe\/noticiero\/"},{"@type":"ListItem","position":2,"name":"Mincetur no descarta que Gobierno lance nuevas medidasde est\u00edmulo a exportadores"}]},{"@type":"WebSite","@id":"https:\/\/aeronoticias.com.pe\/noticiero\/#website","url":"https:\/\/aeronoticias.com.pe\/noticiero\/","name":"Aeronoticias.com.pe","description":"Noticias de tranporte aereo, turismo, hoteles, gastronomia, actualidad, internacional","potentialAction":[{"@type":"SearchAction","target":{"@type":"EntryPoint","urlTemplate":"https:\/\/aeronoticias.com.pe\/noticiero\/?s={search_term_string}"},"query-input":{"@type":"PropertyValueSpecification","valueRequired":true,"valueName":"search_term_string"}}],"inLanguage":"es"},{"@type":"Person","@id":"https:\/\/aeronoticias.com.pe\/noticiero\/#\/schema\/person\/fc1e5d578f4b62ba1cf7ac2bba1170a0","name":"Redacci\u00f3n Aeronoticias","url":"https:\/\/aeronoticias.com.pe\/noticiero\/author\/piloto\/"}]}},"_links":{"self":[{"href":"https:\/\/aeronoticias.com.pe\/noticiero\/wp-json\/wp\/v2\/posts\/30440","targetHints":{"allow":["GET"]}}],"collection":[{"href":"https:\/\/aeronoticias.com.pe\/noticiero\/wp-json\/wp\/v2\/posts"}],"about":[{"href":"https:\/\/aeronoticias.com.pe\/noticiero\/wp-json\/wp\/v2\/types\/post"}],"author":[{"embeddable":true,"href":"https:\/\/aeronoticias.com.pe\/noticiero\/wp-json\/wp\/v2\/users\/1"}],"replies":[{"embeddable":true,"href":"https:\/\/aeronoticias.com.pe\/noticiero\/wp-json\/wp\/v2\/comments?post=30440"}],"version-history":[{"count":0,"href":"https:\/\/aeronoticias.com.pe\/noticiero\/wp-json\/wp\/v2\/posts\/30440\/revisions"}],"wp:attachment":[{"href":"https:\/\/aeronoticias.com.pe\/noticiero\/wp-json\/wp\/v2\/media?parent=30440"}],"wp:term":[{"taxonomy":"category","embeddable":true,"href":"https:\/\/aeronoticias.com.pe\/noticiero\/wp-json\/wp\/v2\/categories?post=30440"},{"taxonomy":"post_tag","embeddable":true,"href":"https:\/\/aeronoticias.com.pe\/noticiero\/wp-json\/wp\/v2\/tags?post=30440"}],"curies":[{"name":"wp","href":"https:\/\/api.w.org\/{rel}","templated":true}]}}