{"id":30448,"date":"2012-09-15T17:36:25","date_gmt":"2012-09-15T17:36:25","guid":{"rendered":"http:\/\/desarrollo.mcvicious.com\/aero2020\/2012\/09\/15\/buscan-mejorar-conectividad-aerea-entre-puerto-esperanza-ucayali-e-inapari-madre-de-dios\/"},"modified":"2012-09-15T17:36:25","modified_gmt":"2012-09-15T17:36:25","slug":"buscan-mejorar-conectividad-aerea-entre-puerto-esperanza-ucayali-e-inapari-madre-de-dios","status":"publish","type":"post","link":"https:\/\/aeronoticias.com.pe\/noticiero\/transporte-aereo\/nacional\/buscan-mejorar-conectividad-aerea-entre-puerto-esperanza-ucayali-e-inapari-madre-de-dios\/","title":{"rendered":"Buscan mejorar conectividad a\u00e9rea entre Puerto Esperanza (Ucayali) e I\u00f1apari (Madre de Dios)"},"content":{"rendered":"<p style=\"text-align: justify;\"><strong>(Aeronoticias).-<\/strong> El Ministerio del Ambiente (Minam) consider\u00f3 hoy que la opci\u00f3n m\u00e1s adecuada para mejorar la conectividad entre Puerto Esperanza, en Ucayali, e I\u00f1apari, en Madre de Dios, es fortalecer el puente a\u00e9reo que existe en la actualidad.<\/p>\n<p style=\"text-align: justify;\">Gabriel Quijandr\u00eda, viceministro de Desarrollo Estrat\u00e9gico de los Recursos Naturales, dijo que construir una v\u00eda terrestre entre estas zonas ser\u00eda un error porque cruzar\u00eda el parque nacional Alto Pur\u00fas, el \u00e1rea natural protegida m\u00e1s grande de Per\u00fa.<\/p>\n<p style=\"text-align: justify;\">\u00abEl trazado de la carretera tal como est\u00e1 resulta inviable porque cruza una serie de zonas sobre las cuales el Estado decidi\u00f3 generar condiciones de manejo especial al declararlas parque nacional y no hay ni un solo cent\u00edmetro por el que pase la carretera que no est\u00e9 afectando zonas de uso especial declaradas por el Estado anteriormente\u201d, advirti\u00f3.<\/p>\n<p>  <!--more-->  <\/p>\n<p style=\"text-align: justify;\">Agreg\u00f3 que el Minam no est\u00e1 en contra del proceso de integraci\u00f3n que permita que las poblaciones alejadas del pa\u00eds puedan tener los mismos derechos o el acceso a los beneficios que da el Estado.<\/p>\n<p style=\"text-align: justify;\">\u201cPero debemos hacerlo de manera sensata y sostenible, no a trav\u00e9s de una carretera o v\u00eda terrestre en una zona de alta biodiversidad y fragilidad, asegurando que esta integraci\u00f3n no se haga sobre la base de destruir recursos naturales\u201d, se\u00f1al\u00f3.<\/p>\n<p style=\"text-align: justify;\">Insisti\u00f3 en que la alternativa m\u00e1s viable para mejorar la conectividad de las 178 comunidades que viven en esa zona es fortalecer el sistema del puente a\u00e9reo que actualmente funciona de manera insuficiente.<\/p>\n<p style=\"text-align: justify;\">Asimismo, consider\u00f3 importante implementar un programa para promover bionegocios como un sistema alternativo que no tendr\u00eda el impacto de la carretera y que podr\u00eda ser llevado adelante sin mayor problema.<\/p>\n<p style=\"text-align: justify;\">La carretera en menci\u00f3n, que ser\u00eda de 273 kil\u00f3metros, est\u00e1 contemplada en el proyecto de ley N\u00b0 1035\/2011-CR, propuesto por el congresista Carlos Tubino.<\/p>\n<p style=\"text-align: justify;\">El viceministro Quijandr\u00eda brind\u00f3 estas declaraciones en la mesa redonda, \u201cPur\u00fas: biodiversidad y buen vivir\u201d, organizada por la congresista Ver\u00f3nika Mendoza y la Asociaci\u00f3n Inter\u00e9tnica de Desarrollo de la Selva Peruana (Aidesep).<\/p>\n<p style=\"text-align: justify;\">(FIN) NDP\/VVS<\/p>\n<p style=\"text-align: justify;\">Agencia Andina.<\/p>\n<p style=\"text-align: justify;\"><img decoding=\"async\" src=\"images\/stories\/11\/11\/111111\/avion06.jpg\" border=\"0\" alt=\"Buscan mejorar conectividad a\u00e9rea entre Puerto Esperanza (Ucayali) e I\u00f1apari (Madre de Dios) \" title=\"Buscan mejorar conectividad a\u00e9rea entre Puerto Esperanza (Ucayali) e I\u00f1apari (Madre de Dios) \" \/><\/p>\n","protected":false},"excerpt":{"rendered":"<p>(Aeronoticias).- El Ministerio del Ambiente (Minam) consider\u00f3 hoy que la opci\u00f3n m\u00e1s adecuada para mejorar la conectividad entre Puerto Esperanza, en Ucayali, e I\u00f1apari, en Madre de Dios, es fortalecer el puente a\u00e9reo que existe en la actualidad. Gabriel Quijandr\u00eda, viceministro de Desarrollo Estrat\u00e9gico de los Recursos Naturales, dijo que construir una v\u00eda terrestre entre [&hellip;]<\/p>\n","protected":false},"author":1,"featured_media":0,"comment_status":"open","ping_status":"open","sticky":false,"template":"","format":"standard","meta":{"tdm_status":"","tdm_grid_status":"","footnotes":""},"categories":[51],"tags":[],"class_list":{"0":"post-30448","1":"post","2":"type-post","3":"status-publish","4":"format-standard","6":"category-nacional"},"yoast_head":"<!-- This site is optimized with the Yoast SEO plugin v25.1 - https:\/\/yoast.com\/wordpress\/plugins\/seo\/ -->\n<title>Buscan mejorar conectividad a\u00e9rea entre Puerto Esperanza (Ucayali) e I\u00f1apari (Madre de Dios)<\/title>\n<meta name=\"description\" content=\"Portal de noticias del Per\u00fa sobre el transporte a\u00e9reo, aviaci\u00f3n, turismo, hoteleria, actualidad.\" \/>\n<meta name=\"robots\" content=\"index, follow, max-snippet:-1, max-image-preview:large, max-video-preview:-1\" \/>\n<link rel=\"canonical\" href=\"https:\/\/aeronoticias.com.pe\/noticiero\/transporte-aereo\/nacional\/buscan-mejorar-conectividad-aerea-entre-puerto-esperanza-ucayali-e-inapari-madre-de-dios\/\" \/>\n<meta property=\"og:locale\" content=\"es_ES\" \/>\n<meta property=\"og:type\" content=\"article\" \/>\n<meta property=\"og:title\" content=\"Buscan mejorar conectividad a\u00e9rea entre Puerto Esperanza (Ucayali) e I\u00f1apari (Madre de Dios)\" \/>\n<meta property=\"og:description\" content=\"Portal de noticias del Per\u00fa sobre el transporte a\u00e9reo, aviaci\u00f3n, turismo, hoteleria, actualidad.\" \/>\n<meta property=\"og:url\" content=\"https:\/\/aeronoticias.com.pe\/noticiero\/transporte-aereo\/nacional\/buscan-mejorar-conectividad-aerea-entre-puerto-esperanza-ucayali-e-inapari-madre-de-dios\/\" \/>\n<meta property=\"og:site_name\" content=\"Aeronoticias.com.pe\" \/>\n<meta property=\"article:publisher\" content=\"https:\/\/www.facebook.com\/Aeronoticias.com.pe\/\" \/>\n<meta property=\"article:published_time\" content=\"2012-09-15T17:36:25+00:00\" \/>\n<meta name=\"author\" content=\"Redacci\u00f3n Aeronoticias\" \/>\n<meta name=\"twitter:card\" content=\"summary_large_image\" \/>\n<meta name=\"twitter:creator\" content=\"@aeronoticias\" \/>\n<meta name=\"twitter:site\" content=\"@aeronoticias\" \/>\n<meta name=\"twitter:label1\" content=\"Escrito por\" \/>\n\t<meta name=\"twitter:data1\" content=\"Redacci\u00f3n Aeronoticias\" \/>\n\t<meta name=\"twitter:label2\" content=\"Tiempo de lectura\" \/>\n\t<meta name=\"twitter:data2\" content=\"2 minutos\" \/>\n<script type=\"application\/ld+json\" class=\"yoast-schema-graph\">{\"@context\":\"https:\/\/schema.org\",\"@graph\":[{\"@type\":\"WebPage\",\"@id\":\"https:\/\/aeronoticias.com.pe\/noticiero\/transporte-aereo\/nacional\/buscan-mejorar-conectividad-aerea-entre-puerto-esperanza-ucayali-e-inapari-madre-de-dios\/\",\"url\":\"https:\/\/aeronoticias.com.pe\/noticiero\/transporte-aereo\/nacional\/buscan-mejorar-conectividad-aerea-entre-puerto-esperanza-ucayali-e-inapari-madre-de-dios\/\",\"name\":\"Buscan mejorar conectividad a\u00e9rea entre Puerto Esperanza (Ucayali) e I\u00f1apari (Madre de Dios)\",\"isPartOf\":{\"@id\":\"https:\/\/aeronoticias.com.pe\/noticiero\/#website\"},\"datePublished\":\"2012-09-15T17:36:25+00:00\",\"author\":{\"@id\":\"https:\/\/aeronoticias.com.pe\/noticiero\/#\/schema\/person\/fc1e5d578f4b62ba1cf7ac2bba1170a0\"},\"description\":\"Portal de noticias del Per\u00fa sobre el transporte a\u00e9reo, aviaci\u00f3n, turismo, hoteleria, actualidad.\",\"breadcrumb\":{\"@id\":\"https:\/\/aeronoticias.com.pe\/noticiero\/transporte-aereo\/nacional\/buscan-mejorar-conectividad-aerea-entre-puerto-esperanza-ucayali-e-inapari-madre-de-dios\/#breadcrumb\"},\"inLanguage\":\"es\",\"potentialAction\":[{\"@type\":\"ReadAction\",\"target\":[\"https:\/\/aeronoticias.com.pe\/noticiero\/transporte-aereo\/nacional\/buscan-mejorar-conectividad-aerea-entre-puerto-esperanza-ucayali-e-inapari-madre-de-dios\/\"]}]},{\"@type\":\"BreadcrumbList\",\"@id\":\"https:\/\/aeronoticias.com.pe\/noticiero\/transporte-aereo\/nacional\/buscan-mejorar-conectividad-aerea-entre-puerto-esperanza-ucayali-e-inapari-madre-de-dios\/#breadcrumb\",\"itemListElement\":[{\"@type\":\"ListItem\",\"position\":1,\"name\":\"Portada\",\"item\":\"https:\/\/aeronoticias.com.pe\/noticiero\/\"},{\"@type\":\"ListItem\",\"position\":2,\"name\":\"Buscan mejorar conectividad a\u00e9rea entre Puerto Esperanza (Ucayali) e I\u00f1apari (Madre de Dios)\"}]},{\"@type\":\"WebSite\",\"@id\":\"https:\/\/aeronoticias.com.pe\/noticiero\/#website\",\"url\":\"https:\/\/aeronoticias.com.pe\/noticiero\/\",\"name\":\"Aeronoticias.com.pe\",\"description\":\"Noticias de tranporte aereo, turismo, hoteles, gastronomia, actualidad, internacional\",\"potentialAction\":[{\"@type\":\"SearchAction\",\"target\":{\"@type\":\"EntryPoint\",\"urlTemplate\":\"https:\/\/aeronoticias.com.pe\/noticiero\/?s={search_term_string}\"},\"query-input\":{\"@type\":\"PropertyValueSpecification\",\"valueRequired\":true,\"valueName\":\"search_term_string\"}}],\"inLanguage\":\"es\"},{\"@type\":\"Person\",\"@id\":\"https:\/\/aeronoticias.com.pe\/noticiero\/#\/schema\/person\/fc1e5d578f4b62ba1cf7ac2bba1170a0\",\"name\":\"Redacci\u00f3n Aeronoticias\",\"url\":\"https:\/\/aeronoticias.com.pe\/noticiero\/author\/piloto\/\"}]}<\/script>\n<!-- \/ Yoast SEO plugin. -->","yoast_head_json":{"title":"Buscan mejorar conectividad a\u00e9rea entre Puerto Esperanza (Ucayali) e I\u00f1apari (Madre de Dios)","description":"Portal de noticias del Per\u00fa sobre el transporte a\u00e9reo, aviaci\u00f3n, turismo, hoteleria, actualidad.","robots":{"index":"index","follow":"follow","max-snippet":"max-snippet:-1","max-image-preview":"max-image-preview:large","max-video-preview":"max-video-preview:-1"},"canonical":"https:\/\/aeronoticias.com.pe\/noticiero\/transporte-aereo\/nacional\/buscan-mejorar-conectividad-aerea-entre-puerto-esperanza-ucayali-e-inapari-madre-de-dios\/","og_locale":"es_ES","og_type":"article","og_title":"Buscan mejorar conectividad a\u00e9rea entre Puerto Esperanza (Ucayali) e I\u00f1apari (Madre de Dios)","og_description":"Portal de noticias del Per\u00fa sobre el transporte a\u00e9reo, aviaci\u00f3n, turismo, hoteleria, actualidad.","og_url":"https:\/\/aeronoticias.com.pe\/noticiero\/transporte-aereo\/nacional\/buscan-mejorar-conectividad-aerea-entre-puerto-esperanza-ucayali-e-inapari-madre-de-dios\/","og_site_name":"Aeronoticias.com.pe","article_publisher":"https:\/\/www.facebook.com\/Aeronoticias.com.pe\/","article_published_time":"2012-09-15T17:36:25+00:00","author":"Redacci\u00f3n Aeronoticias","twitter_card":"summary_large_image","twitter_creator":"@aeronoticias","twitter_site":"@aeronoticias","twitter_misc":{"Escrito por":"Redacci\u00f3n Aeronoticias","Tiempo de lectura":"2 minutos"},"schema":{"@context":"https:\/\/schema.org","@graph":[{"@type":"WebPage","@id":"https:\/\/aeronoticias.com.pe\/noticiero\/transporte-aereo\/nacional\/buscan-mejorar-conectividad-aerea-entre-puerto-esperanza-ucayali-e-inapari-madre-de-dios\/","url":"https:\/\/aeronoticias.com.pe\/noticiero\/transporte-aereo\/nacional\/buscan-mejorar-conectividad-aerea-entre-puerto-esperanza-ucayali-e-inapari-madre-de-dios\/","name":"Buscan mejorar conectividad a\u00e9rea entre Puerto Esperanza (Ucayali) e I\u00f1apari (Madre de Dios)","isPartOf":{"@id":"https:\/\/aeronoticias.com.pe\/noticiero\/#website"},"datePublished":"2012-09-15T17:36:25+00:00","author":{"@id":"https:\/\/aeronoticias.com.pe\/noticiero\/#\/schema\/person\/fc1e5d578f4b62ba1cf7ac2bba1170a0"},"description":"Portal de noticias del Per\u00fa sobre el transporte a\u00e9reo, aviaci\u00f3n, turismo, hoteleria, actualidad.","breadcrumb":{"@id":"https:\/\/aeronoticias.com.pe\/noticiero\/transporte-aereo\/nacional\/buscan-mejorar-conectividad-aerea-entre-puerto-esperanza-ucayali-e-inapari-madre-de-dios\/#breadcrumb"},"inLanguage":"es","potentialAction":[{"@type":"ReadAction","target":["https:\/\/aeronoticias.com.pe\/noticiero\/transporte-aereo\/nacional\/buscan-mejorar-conectividad-aerea-entre-puerto-esperanza-ucayali-e-inapari-madre-de-dios\/"]}]},{"@type":"BreadcrumbList","@id":"https:\/\/aeronoticias.com.pe\/noticiero\/transporte-aereo\/nacional\/buscan-mejorar-conectividad-aerea-entre-puerto-esperanza-ucayali-e-inapari-madre-de-dios\/#breadcrumb","itemListElement":[{"@type":"ListItem","position":1,"name":"Portada","item":"https:\/\/aeronoticias.com.pe\/noticiero\/"},{"@type":"ListItem","position":2,"name":"Buscan mejorar conectividad a\u00e9rea entre Puerto Esperanza (Ucayali) e I\u00f1apari (Madre de Dios)"}]},{"@type":"WebSite","@id":"https:\/\/aeronoticias.com.pe\/noticiero\/#website","url":"https:\/\/aeronoticias.com.pe\/noticiero\/","name":"Aeronoticias.com.pe","description":"Noticias de tranporte aereo, turismo, hoteles, gastronomia, actualidad, internacional","potentialAction":[{"@type":"SearchAction","target":{"@type":"EntryPoint","urlTemplate":"https:\/\/aeronoticias.com.pe\/noticiero\/?s={search_term_string}"},"query-input":{"@type":"PropertyValueSpecification","valueRequired":true,"valueName":"search_term_string"}}],"inLanguage":"es"},{"@type":"Person","@id":"https:\/\/aeronoticias.com.pe\/noticiero\/#\/schema\/person\/fc1e5d578f4b62ba1cf7ac2bba1170a0","name":"Redacci\u00f3n Aeronoticias","url":"https:\/\/aeronoticias.com.pe\/noticiero\/author\/piloto\/"}]}},"_links":{"self":[{"href":"https:\/\/aeronoticias.com.pe\/noticiero\/wp-json\/wp\/v2\/posts\/30448","targetHints":{"allow":["GET"]}}],"collection":[{"href":"https:\/\/aeronoticias.com.pe\/noticiero\/wp-json\/wp\/v2\/posts"}],"about":[{"href":"https:\/\/aeronoticias.com.pe\/noticiero\/wp-json\/wp\/v2\/types\/post"}],"author":[{"embeddable":true,"href":"https:\/\/aeronoticias.com.pe\/noticiero\/wp-json\/wp\/v2\/users\/1"}],"replies":[{"embeddable":true,"href":"https:\/\/aeronoticias.com.pe\/noticiero\/wp-json\/wp\/v2\/comments?post=30448"}],"version-history":[{"count":0,"href":"https:\/\/aeronoticias.com.pe\/noticiero\/wp-json\/wp\/v2\/posts\/30448\/revisions"}],"wp:attachment":[{"href":"https:\/\/aeronoticias.com.pe\/noticiero\/wp-json\/wp\/v2\/media?parent=30448"}],"wp:term":[{"taxonomy":"category","embeddable":true,"href":"https:\/\/aeronoticias.com.pe\/noticiero\/wp-json\/wp\/v2\/categories?post=30448"},{"taxonomy":"post_tag","embeddable":true,"href":"https:\/\/aeronoticias.com.pe\/noticiero\/wp-json\/wp\/v2\/tags?post=30448"}],"curies":[{"name":"wp","href":"https:\/\/api.w.org\/{rel}","templated":true}]}}