{"id":30450,"date":"2012-09-15T18:12:33","date_gmt":"2012-09-15T18:12:33","guid":{"rendered":"http:\/\/desarrollo.mcvicious.com\/aero2020\/2012\/09\/15\/feria-termatalia-peru-congregara-a-representantes-de-30-paises\/"},"modified":"2012-09-15T18:12:33","modified_gmt":"2012-09-15T18:12:33","slug":"feria-termatalia-peru-congregara-a-representantes-de-30-paises","status":"publish","type":"post","link":"https:\/\/aeronoticias.com.pe\/noticiero\/turismo\/13\/feria-termatalia-peru-congregara-a-representantes-de-30-paises\/","title":{"rendered":"Feria Termatalia Per\u00fa congregar\u00e1 a representantes de 30 pa\u00edses"},"content":{"rendered":"<p style=\"text-align: justify;\"><strong>(Aeronoticias).-<\/strong> La d\u00e9cimo segunda Feria Internacional de Turismo Termal (Termatalia) Per\u00fa &#8211; Agua y Naturaleza, que se desarrollar\u00e1 del 28 al 30 de setiembre, y congregar\u00e1 a participantes de m\u00e1s de 30 pa\u00edses, inform\u00f3 hoy la Comisi\u00f3n de Promoci\u00f3n del Per\u00fa para la Exportaci\u00f3n y Turismo (Promperu).<\/p>\n<p style=\"text-align: justify;\">Termatalia se efectuar\u00e1 bajo el lema \u201cPer\u00fa, Agua y Naturaleza\u201d y han confirmado su participaci\u00f3n representantes de Argentina, Alemania, Brasil, Chile, Colombia, Ecuador, Eslovaquia, Estados Unidos, Francia, Italia, M\u00e9xico, Portugal, Turqu\u00eda, Uruguay, Espa\u00f1a, entre otros.<\/p>\n<p style=\"text-align: justify;\">La feria ser\u00e1 vitrina para la oferta tur\u00edstica peruana de lujo con \u00e9nfasis en salud, aguas termales, spa y naturaleza, se\u00f1al\u00f3 Promper\u00fa.<\/p>\n<p style=\"text-align: justify;\">Esta feria internacional especializada, que durante 11 a\u00f1os se efectu\u00f3 en Espa\u00f1a, constituye el primer puente entre Europa y Am\u00e9rica Latina para satisfacer la creciente demanda del turismo de salud, sector donde las aguas termales tienen un rol cada vez m\u00e1s importante, as\u00ed como fomentar el intercambio de experiencias en este \u00e1mbito.<\/p>\n<p style=\"text-align: justify;\">Las expectativas del Turismo de Salud son positivas. El perfil del consumidor de este producto est\u00e1 cambiando, se ha vuelto m\u00e1s exigente: demanda mayor profesionalizaci\u00f3n y un valor a\u00f1adido en los servicios que prestan estos establecimientos, se\u00f1al\u00f3.<\/p>\n<p>  <!--more-->  <\/p>\n<p style=\"text-align: justify;\">Termatalia Per\u00fa, Agua y Naturaleza, fomentar\u00e1 el intercambio de experiencias en el \u00e1mbito empresarial, institucional y social con el fin de impulsar el mercado estrat\u00e9gico del turismo termal en el Per\u00fa al tiempo que se establecer\u00e1n v\u00ednculos cient\u00edficos y comerciales entre los empresarios y expositores del evento.<\/p>\n<p style=\"text-align: justify;\">Dentro de las actividades que la Feria ofrece se encontrar\u00e1n diferentes experiencias vinculadas a promover una \u201ccultura del agua\u201d y familiarizarnos con los beneficios del Termalismo, vinculado con las oportunidades que ofrece el turismo de salud.<\/p>\n<p style=\"text-align: justify;\">Termatalia es organizado por Asociaci\u00f3n Expourense con apoyo del Ministerio de Comercio Exterior y Turismo (Mincetur), Proper\u00fa, el Gobierno Regional del Callao y Municipalidad Provincial, la Xunta de Galicia y el Ayuntamiento de Ourense, Espa\u00f1a.<\/p>\n<p style=\"text-align: justify;\">(FIN) AQR\/AQR<\/p>\n<p style=\"text-align: justify;\">Agencia Andina.<\/p>\n<p style=\"text-align: justify;\"><img decoding=\"async\" src=\"images\/stories\/12\/09\/150912\/feria_turismo_termal_peru.jpg\" border=\"0\" alt=\"Feria Termatalia Per\u00fa congregar\u00e1 a representantes de 30 pa\u00edses \" title=\"Feria Termatalia Per\u00fa congregar\u00e1 a representantes de 30 pa\u00edses \" \/><\/p>\n","protected":false},"excerpt":{"rendered":"<p>(Aeronoticias).- La d\u00e9cimo segunda Feria Internacional de Turismo Termal (Termatalia) Per\u00fa &#8211; Agua y Naturaleza, que se desarrollar\u00e1 del 28 al 30 de setiembre, y congregar\u00e1 a participantes de m\u00e1s de 30 pa\u00edses, inform\u00f3 hoy la Comisi\u00f3n de Promoci\u00f3n del Per\u00fa para la Exportaci\u00f3n y Turismo (Promperu). Termatalia se efectuar\u00e1 bajo el lema \u201cPer\u00fa, Agua [&hellip;]<\/p>\n","protected":false},"author":1,"featured_media":0,"comment_status":"open","ping_status":"open","sticky":false,"template":"","format":"standard","meta":{"tdm_status":"","tdm_grid_status":"","footnotes":""},"categories":[31],"tags":[],"class_list":{"0":"post-30450","1":"post","2":"type-post","3":"status-publish","4":"format-standard","6":"category-31"},"yoast_head":"<!-- This site is optimized with the Yoast SEO plugin v25.1 - https:\/\/yoast.com\/wordpress\/plugins\/seo\/ -->\n<title>Feria Termatalia Per\u00fa congregar\u00e1 a representantes de 30 pa\u00edses<\/title>\n<meta name=\"description\" content=\"Portal de noticias del Per\u00fa sobre el transporte a\u00e9reo, aviaci\u00f3n, turismo, hoteleria, actualidad.\" \/>\n<meta name=\"robots\" content=\"index, follow, max-snippet:-1, max-image-preview:large, max-video-preview:-1\" \/>\n<link rel=\"canonical\" href=\"https:\/\/aeronoticias.com.pe\/noticiero\/turismo\/13\/feria-termatalia-peru-congregara-a-representantes-de-30-paises\/\" \/>\n<meta property=\"og:locale\" content=\"es_ES\" \/>\n<meta property=\"og:type\" content=\"article\" \/>\n<meta property=\"og:title\" content=\"Feria Termatalia Per\u00fa congregar\u00e1 a representantes de 30 pa\u00edses\" \/>\n<meta property=\"og:description\" content=\"Portal de noticias del Per\u00fa sobre el transporte a\u00e9reo, aviaci\u00f3n, turismo, hoteleria, actualidad.\" \/>\n<meta property=\"og:url\" content=\"https:\/\/aeronoticias.com.pe\/noticiero\/turismo\/13\/feria-termatalia-peru-congregara-a-representantes-de-30-paises\/\" \/>\n<meta property=\"og:site_name\" content=\"Aeronoticias.com.pe\" \/>\n<meta property=\"article:publisher\" content=\"https:\/\/www.facebook.com\/Aeronoticias.com.pe\/\" \/>\n<meta property=\"article:published_time\" content=\"2012-09-15T18:12:33+00:00\" \/>\n<meta name=\"author\" content=\"Redacci\u00f3n Aeronoticias\" \/>\n<meta name=\"twitter:card\" content=\"summary_large_image\" \/>\n<meta name=\"twitter:creator\" content=\"@aeronoticias\" \/>\n<meta name=\"twitter:site\" content=\"@aeronoticias\" \/>\n<meta name=\"twitter:label1\" content=\"Escrito por\" \/>\n\t<meta name=\"twitter:data1\" content=\"Redacci\u00f3n Aeronoticias\" \/>\n\t<meta name=\"twitter:label2\" content=\"Tiempo de lectura\" \/>\n\t<meta name=\"twitter:data2\" content=\"2 minutos\" \/>\n<script type=\"application\/ld+json\" class=\"yoast-schema-graph\">{\"@context\":\"https:\/\/schema.org\",\"@graph\":[{\"@type\":\"WebPage\",\"@id\":\"https:\/\/aeronoticias.com.pe\/noticiero\/turismo\/13\/feria-termatalia-peru-congregara-a-representantes-de-30-paises\/\",\"url\":\"https:\/\/aeronoticias.com.pe\/noticiero\/turismo\/13\/feria-termatalia-peru-congregara-a-representantes-de-30-paises\/\",\"name\":\"Feria Termatalia Per\u00fa congregar\u00e1 a representantes de 30 pa\u00edses\",\"isPartOf\":{\"@id\":\"https:\/\/aeronoticias.com.pe\/noticiero\/#website\"},\"datePublished\":\"2012-09-15T18:12:33+00:00\",\"author\":{\"@id\":\"https:\/\/aeronoticias.com.pe\/noticiero\/#\/schema\/person\/fc1e5d578f4b62ba1cf7ac2bba1170a0\"},\"description\":\"Portal de noticias del Per\u00fa sobre el transporte a\u00e9reo, aviaci\u00f3n, turismo, hoteleria, actualidad.\",\"breadcrumb\":{\"@id\":\"https:\/\/aeronoticias.com.pe\/noticiero\/turismo\/13\/feria-termatalia-peru-congregara-a-representantes-de-30-paises\/#breadcrumb\"},\"inLanguage\":\"es\",\"potentialAction\":[{\"@type\":\"ReadAction\",\"target\":[\"https:\/\/aeronoticias.com.pe\/noticiero\/turismo\/13\/feria-termatalia-peru-congregara-a-representantes-de-30-paises\/\"]}]},{\"@type\":\"BreadcrumbList\",\"@id\":\"https:\/\/aeronoticias.com.pe\/noticiero\/turismo\/13\/feria-termatalia-peru-congregara-a-representantes-de-30-paises\/#breadcrumb\",\"itemListElement\":[{\"@type\":\"ListItem\",\"position\":1,\"name\":\"Portada\",\"item\":\"https:\/\/aeronoticias.com.pe\/noticiero\/\"},{\"@type\":\"ListItem\",\"position\":2,\"name\":\"Feria Termatalia Per\u00fa congregar\u00e1 a representantes de 30 pa\u00edses\"}]},{\"@type\":\"WebSite\",\"@id\":\"https:\/\/aeronoticias.com.pe\/noticiero\/#website\",\"url\":\"https:\/\/aeronoticias.com.pe\/noticiero\/\",\"name\":\"Aeronoticias.com.pe\",\"description\":\"Noticias de tranporte aereo, turismo, hoteles, gastronomia, actualidad, internacional\",\"potentialAction\":[{\"@type\":\"SearchAction\",\"target\":{\"@type\":\"EntryPoint\",\"urlTemplate\":\"https:\/\/aeronoticias.com.pe\/noticiero\/?s={search_term_string}\"},\"query-input\":{\"@type\":\"PropertyValueSpecification\",\"valueRequired\":true,\"valueName\":\"search_term_string\"}}],\"inLanguage\":\"es\"},{\"@type\":\"Person\",\"@id\":\"https:\/\/aeronoticias.com.pe\/noticiero\/#\/schema\/person\/fc1e5d578f4b62ba1cf7ac2bba1170a0\",\"name\":\"Redacci\u00f3n Aeronoticias\",\"url\":\"https:\/\/aeronoticias.com.pe\/noticiero\/author\/piloto\/\"}]}<\/script>\n<!-- \/ Yoast SEO plugin. -->","yoast_head_json":{"title":"Feria Termatalia Per\u00fa congregar\u00e1 a representantes de 30 pa\u00edses","description":"Portal de noticias del Per\u00fa sobre el transporte a\u00e9reo, aviaci\u00f3n, turismo, hoteleria, actualidad.","robots":{"index":"index","follow":"follow","max-snippet":"max-snippet:-1","max-image-preview":"max-image-preview:large","max-video-preview":"max-video-preview:-1"},"canonical":"https:\/\/aeronoticias.com.pe\/noticiero\/turismo\/13\/feria-termatalia-peru-congregara-a-representantes-de-30-paises\/","og_locale":"es_ES","og_type":"article","og_title":"Feria Termatalia Per\u00fa congregar\u00e1 a representantes de 30 pa\u00edses","og_description":"Portal de noticias del Per\u00fa sobre el transporte a\u00e9reo, aviaci\u00f3n, turismo, hoteleria, actualidad.","og_url":"https:\/\/aeronoticias.com.pe\/noticiero\/turismo\/13\/feria-termatalia-peru-congregara-a-representantes-de-30-paises\/","og_site_name":"Aeronoticias.com.pe","article_publisher":"https:\/\/www.facebook.com\/Aeronoticias.com.pe\/","article_published_time":"2012-09-15T18:12:33+00:00","author":"Redacci\u00f3n Aeronoticias","twitter_card":"summary_large_image","twitter_creator":"@aeronoticias","twitter_site":"@aeronoticias","twitter_misc":{"Escrito por":"Redacci\u00f3n Aeronoticias","Tiempo de lectura":"2 minutos"},"schema":{"@context":"https:\/\/schema.org","@graph":[{"@type":"WebPage","@id":"https:\/\/aeronoticias.com.pe\/noticiero\/turismo\/13\/feria-termatalia-peru-congregara-a-representantes-de-30-paises\/","url":"https:\/\/aeronoticias.com.pe\/noticiero\/turismo\/13\/feria-termatalia-peru-congregara-a-representantes-de-30-paises\/","name":"Feria Termatalia Per\u00fa congregar\u00e1 a representantes de 30 pa\u00edses","isPartOf":{"@id":"https:\/\/aeronoticias.com.pe\/noticiero\/#website"},"datePublished":"2012-09-15T18:12:33+00:00","author":{"@id":"https:\/\/aeronoticias.com.pe\/noticiero\/#\/schema\/person\/fc1e5d578f4b62ba1cf7ac2bba1170a0"},"description":"Portal de noticias del Per\u00fa sobre el transporte a\u00e9reo, aviaci\u00f3n, turismo, hoteleria, actualidad.","breadcrumb":{"@id":"https:\/\/aeronoticias.com.pe\/noticiero\/turismo\/13\/feria-termatalia-peru-congregara-a-representantes-de-30-paises\/#breadcrumb"},"inLanguage":"es","potentialAction":[{"@type":"ReadAction","target":["https:\/\/aeronoticias.com.pe\/noticiero\/turismo\/13\/feria-termatalia-peru-congregara-a-representantes-de-30-paises\/"]}]},{"@type":"BreadcrumbList","@id":"https:\/\/aeronoticias.com.pe\/noticiero\/turismo\/13\/feria-termatalia-peru-congregara-a-representantes-de-30-paises\/#breadcrumb","itemListElement":[{"@type":"ListItem","position":1,"name":"Portada","item":"https:\/\/aeronoticias.com.pe\/noticiero\/"},{"@type":"ListItem","position":2,"name":"Feria Termatalia Per\u00fa congregar\u00e1 a representantes de 30 pa\u00edses"}]},{"@type":"WebSite","@id":"https:\/\/aeronoticias.com.pe\/noticiero\/#website","url":"https:\/\/aeronoticias.com.pe\/noticiero\/","name":"Aeronoticias.com.pe","description":"Noticias de tranporte aereo, turismo, hoteles, gastronomia, actualidad, internacional","potentialAction":[{"@type":"SearchAction","target":{"@type":"EntryPoint","urlTemplate":"https:\/\/aeronoticias.com.pe\/noticiero\/?s={search_term_string}"},"query-input":{"@type":"PropertyValueSpecification","valueRequired":true,"valueName":"search_term_string"}}],"inLanguage":"es"},{"@type":"Person","@id":"https:\/\/aeronoticias.com.pe\/noticiero\/#\/schema\/person\/fc1e5d578f4b62ba1cf7ac2bba1170a0","name":"Redacci\u00f3n Aeronoticias","url":"https:\/\/aeronoticias.com.pe\/noticiero\/author\/piloto\/"}]}},"_links":{"self":[{"href":"https:\/\/aeronoticias.com.pe\/noticiero\/wp-json\/wp\/v2\/posts\/30450","targetHints":{"allow":["GET"]}}],"collection":[{"href":"https:\/\/aeronoticias.com.pe\/noticiero\/wp-json\/wp\/v2\/posts"}],"about":[{"href":"https:\/\/aeronoticias.com.pe\/noticiero\/wp-json\/wp\/v2\/types\/post"}],"author":[{"embeddable":true,"href":"https:\/\/aeronoticias.com.pe\/noticiero\/wp-json\/wp\/v2\/users\/1"}],"replies":[{"embeddable":true,"href":"https:\/\/aeronoticias.com.pe\/noticiero\/wp-json\/wp\/v2\/comments?post=30450"}],"version-history":[{"count":0,"href":"https:\/\/aeronoticias.com.pe\/noticiero\/wp-json\/wp\/v2\/posts\/30450\/revisions"}],"wp:attachment":[{"href":"https:\/\/aeronoticias.com.pe\/noticiero\/wp-json\/wp\/v2\/media?parent=30450"}],"wp:term":[{"taxonomy":"category","embeddable":true,"href":"https:\/\/aeronoticias.com.pe\/noticiero\/wp-json\/wp\/v2\/categories?post=30450"},{"taxonomy":"post_tag","embeddable":true,"href":"https:\/\/aeronoticias.com.pe\/noticiero\/wp-json\/wp\/v2\/tags?post=30450"}],"curies":[{"name":"wp","href":"https:\/\/api.w.org\/{rel}","templated":true}]}}