{"id":30452,"date":"2012-09-15T18:52:44","date_gmt":"2012-09-15T18:52:44","guid":{"rendered":"http:\/\/desarrollo.mcvicious.com\/aero2020\/2012\/09\/15\/declaran-feriado-el-1-y-2-de-octubre-en-lima-y-callao-por-iii-cumbre-aspa\/"},"modified":"2012-09-15T18:52:44","modified_gmt":"2012-09-15T18:52:44","slug":"declaran-feriado-el-1-y-2-de-octubre-en-lima-y-callao-por-iii-cumbre-aspa","status":"publish","type":"post","link":"https:\/\/aeronoticias.com.pe\/noticiero\/nacionales\/declaran-feriado-el-1-y-2-de-octubre-en-lima-y-callao-por-iii-cumbre-aspa\/","title":{"rendered":"Declaran feriado 1 y 2 de octubre en Lima y Callao por III Cumbre ASPA"},"content":{"rendered":"<p style=\"text-align: justify;\"><strong>(Aeronoticias).-<\/strong> El jefe del Gabinete, Juan Jim\u00e9nez Mayor, anunci\u00f3 que los d\u00edas 1 y 2 de octubre de este a\u00f1o ser\u00e1n declarados feriados,\u00a0para los trabajadores de los sectores p\u00fablico y privado,\u00a0en Lima y Callao, mientras se realice la III Cumbre de Jefes de Estado y de Gobierno de Am\u00e9rica del Sur y Pa\u00edses \u00c1rabes (ASPA) en la capital de la Rep\u00fablica.<\/p>\n<p style=\"text-align: justify;\">En ese sentido, inform\u00f3 que se ha dispuesto que al Ministerio de Comercio Exterior y Turismo (Mincetur) prepare \u201cpaquetes tur\u00edsticos\u201d para que la poblaci\u00f3n de la capital viaje el fin de semana largo.<\/p>\n<p style=\"text-align: justify;\">\u201cDe tal manera que se fomente el turismo mientras en la capital se realiza la importante cumbre\u201d subray\u00f3 en conferencia de prensa al culminar la sesi\u00f3n del Consejo de Ministros.<\/p>\n<p style=\"text-align: justify;\">Por otro lado, indic\u00f3 que se espera tener \u201cbuenas noticias\u201d en el caso de la huelga de los m\u00e9dicos del Ministerio de Salud, y en el de la huelga magisterial.<\/p>\n<p>  <!--more-->  <\/p>\n<p style=\"text-align: justify;\">Respecto a la medida de fuerza de los maestros, reiter\u00f3 la posici\u00f3n del Gobierno de ratificar la importancia de la Ley de Reforma Magisterial como soluci\u00f3n integral al problema de los maestros.<\/p>\n<p style=\"text-align: justify;\">\u201cY adem\u00e1s recordamos el hecho de que la reforma magisterial implica una mejora sustantiva de las remuneraciones de los maestros, con una inversi\u00f3n de 720 millones de soles para el primer a\u00f1o\u201d, puntualiz\u00f3.<\/p>\n<p style=\"text-align: justify;\">Defensa e Interior.<\/p>\n<p style=\"text-align: justify;\">Por otro lado, reiter\u00f3 que el Ejecutivo emitir\u00e1 un paquete muy importante de reformas de orden normativo en los sectores Defensa e Interior para fortalecer las capacidades de la Polic\u00eda y de las Fuerzas Armadas en las tareas de pacificaci\u00f3n nacional y seguridad interna.<\/p>\n<p style=\"text-align: justify;\">Al culminar la sesi\u00f3n del Consejo de Ministros realizado en Palacio de Gobierno, Jim\u00e9nez Mayor dijo que en los pr\u00f3ximos d\u00edas se emitir\u00e1n cerca de veinte decretos legislativos en los referidos sectores en el marco de las facultades delegadas por el Congreso por un plazo de 90 d\u00edas.<\/p>\n<p style=\"text-align: justify;\">Inform\u00f3 que algunas de estas normas fueron estudiadas en la sesi\u00f3n del Consejo de Ministros.<\/p>\n<p style=\"text-align: justify;\">RPP Noticias<\/p>\n<p style=\"text-align: justify;\"><img decoding=\"async\" src=\"images\/stories\/12\/07\/160712\/lima_turistas_gastos_mastercard.jpg\" border=\"0\" alt=\"Declaran feriado el 1 y 2 de octubre en Lima y Callao por III Cumbre Aspa\" title=\"Declaran feriado el 1 y 2 de octubre en Lima y Callao por III Cumbre Aspa\" \/><\/p>\n","protected":false},"excerpt":{"rendered":"<p>(Aeronoticias).- El jefe del Gabinete, Juan Jim\u00e9nez Mayor, anunci\u00f3 que los d\u00edas 1 y 2 de octubre de este a\u00f1o ser\u00e1n declarados feriados,\u00a0para los trabajadores de los sectores p\u00fablico y privado,\u00a0en Lima y Callao, mientras se realice la III Cumbre de Jefes de Estado y de Gobierno de Am\u00e9rica del Sur y Pa\u00edses \u00c1rabes (ASPA) [&hellip;]<\/p>\n","protected":false},"author":1,"featured_media":0,"comment_status":"open","ping_status":"open","sticky":false,"template":"","format":"standard","meta":{"tdm_status":"","tdm_grid_status":"","footnotes":""},"categories":[38],"tags":[],"class_list":{"0":"post-30452","1":"post","2":"type-post","3":"status-publish","4":"format-standard","6":"category-nacionales"},"yoast_head":"<!-- This site is optimized with the Yoast SEO plugin v25.1 - https:\/\/yoast.com\/wordpress\/plugins\/seo\/ -->\n<title>Declaran feriado 1 y 2 de octubre en Lima y Callao por III Cumbre ASPA<\/title>\n<meta name=\"description\" content=\"Portal de noticias del Per\u00fa sobre el transporte a\u00e9reo, aviaci\u00f3n, turismo, hoteleria, actualidad.\" \/>\n<meta name=\"robots\" content=\"index, follow, max-snippet:-1, max-image-preview:large, max-video-preview:-1\" \/>\n<link rel=\"canonical\" href=\"https:\/\/aeronoticias.com.pe\/noticiero\/nacionales\/declaran-feriado-el-1-y-2-de-octubre-en-lima-y-callao-por-iii-cumbre-aspa\/\" \/>\n<meta property=\"og:locale\" content=\"es_ES\" \/>\n<meta property=\"og:type\" content=\"article\" \/>\n<meta property=\"og:title\" content=\"Declaran feriado 1 y 2 de octubre en Lima y Callao por III Cumbre ASPA\" \/>\n<meta property=\"og:description\" content=\"Portal de noticias del Per\u00fa sobre el transporte a\u00e9reo, aviaci\u00f3n, turismo, hoteleria, actualidad.\" \/>\n<meta property=\"og:url\" content=\"https:\/\/aeronoticias.com.pe\/noticiero\/nacionales\/declaran-feriado-el-1-y-2-de-octubre-en-lima-y-callao-por-iii-cumbre-aspa\/\" \/>\n<meta property=\"og:site_name\" content=\"Aeronoticias.com.pe\" \/>\n<meta property=\"article:publisher\" content=\"https:\/\/www.facebook.com\/Aeronoticias.com.pe\/\" \/>\n<meta property=\"article:published_time\" content=\"2012-09-15T18:52:44+00:00\" \/>\n<meta name=\"author\" content=\"Redacci\u00f3n Aeronoticias\" \/>\n<meta name=\"twitter:card\" content=\"summary_large_image\" \/>\n<meta name=\"twitter:creator\" content=\"@aeronoticias\" \/>\n<meta name=\"twitter:site\" content=\"@aeronoticias\" \/>\n<meta name=\"twitter:label1\" content=\"Escrito por\" \/>\n\t<meta name=\"twitter:data1\" content=\"Redacci\u00f3n Aeronoticias\" \/>\n\t<meta name=\"twitter:label2\" content=\"Tiempo de lectura\" \/>\n\t<meta name=\"twitter:data2\" content=\"2 minutos\" \/>\n<script type=\"application\/ld+json\" class=\"yoast-schema-graph\">{\"@context\":\"https:\/\/schema.org\",\"@graph\":[{\"@type\":\"WebPage\",\"@id\":\"https:\/\/aeronoticias.com.pe\/noticiero\/nacionales\/declaran-feriado-el-1-y-2-de-octubre-en-lima-y-callao-por-iii-cumbre-aspa\/\",\"url\":\"https:\/\/aeronoticias.com.pe\/noticiero\/nacionales\/declaran-feriado-el-1-y-2-de-octubre-en-lima-y-callao-por-iii-cumbre-aspa\/\",\"name\":\"Declaran feriado 1 y 2 de octubre en Lima y Callao por III Cumbre ASPA\",\"isPartOf\":{\"@id\":\"https:\/\/aeronoticias.com.pe\/noticiero\/#website\"},\"datePublished\":\"2012-09-15T18:52:44+00:00\",\"author\":{\"@id\":\"https:\/\/aeronoticias.com.pe\/noticiero\/#\/schema\/person\/fc1e5d578f4b62ba1cf7ac2bba1170a0\"},\"description\":\"Portal de noticias del Per\u00fa sobre el transporte a\u00e9reo, aviaci\u00f3n, turismo, hoteleria, actualidad.\",\"breadcrumb\":{\"@id\":\"https:\/\/aeronoticias.com.pe\/noticiero\/nacionales\/declaran-feriado-el-1-y-2-de-octubre-en-lima-y-callao-por-iii-cumbre-aspa\/#breadcrumb\"},\"inLanguage\":\"es\",\"potentialAction\":[{\"@type\":\"ReadAction\",\"target\":[\"https:\/\/aeronoticias.com.pe\/noticiero\/nacionales\/declaran-feriado-el-1-y-2-de-octubre-en-lima-y-callao-por-iii-cumbre-aspa\/\"]}]},{\"@type\":\"BreadcrumbList\",\"@id\":\"https:\/\/aeronoticias.com.pe\/noticiero\/nacionales\/declaran-feriado-el-1-y-2-de-octubre-en-lima-y-callao-por-iii-cumbre-aspa\/#breadcrumb\",\"itemListElement\":[{\"@type\":\"ListItem\",\"position\":1,\"name\":\"Portada\",\"item\":\"https:\/\/aeronoticias.com.pe\/noticiero\/\"},{\"@type\":\"ListItem\",\"position\":2,\"name\":\"Declaran feriado 1 y 2 de octubre en Lima y Callao por III Cumbre ASPA\"}]},{\"@type\":\"WebSite\",\"@id\":\"https:\/\/aeronoticias.com.pe\/noticiero\/#website\",\"url\":\"https:\/\/aeronoticias.com.pe\/noticiero\/\",\"name\":\"Aeronoticias.com.pe\",\"description\":\"Noticias de tranporte aereo, turismo, hoteles, gastronomia, actualidad, internacional\",\"potentialAction\":[{\"@type\":\"SearchAction\",\"target\":{\"@type\":\"EntryPoint\",\"urlTemplate\":\"https:\/\/aeronoticias.com.pe\/noticiero\/?s={search_term_string}\"},\"query-input\":{\"@type\":\"PropertyValueSpecification\",\"valueRequired\":true,\"valueName\":\"search_term_string\"}}],\"inLanguage\":\"es\"},{\"@type\":\"Person\",\"@id\":\"https:\/\/aeronoticias.com.pe\/noticiero\/#\/schema\/person\/fc1e5d578f4b62ba1cf7ac2bba1170a0\",\"name\":\"Redacci\u00f3n Aeronoticias\",\"url\":\"https:\/\/aeronoticias.com.pe\/noticiero\/author\/piloto\/\"}]}<\/script>\n<!-- \/ Yoast SEO plugin. -->","yoast_head_json":{"title":"Declaran feriado 1 y 2 de octubre en Lima y Callao por III Cumbre ASPA","description":"Portal de noticias del Per\u00fa sobre el transporte a\u00e9reo, aviaci\u00f3n, turismo, hoteleria, actualidad.","robots":{"index":"index","follow":"follow","max-snippet":"max-snippet:-1","max-image-preview":"max-image-preview:large","max-video-preview":"max-video-preview:-1"},"canonical":"https:\/\/aeronoticias.com.pe\/noticiero\/nacionales\/declaran-feriado-el-1-y-2-de-octubre-en-lima-y-callao-por-iii-cumbre-aspa\/","og_locale":"es_ES","og_type":"article","og_title":"Declaran feriado 1 y 2 de octubre en Lima y Callao por III Cumbre ASPA","og_description":"Portal de noticias del Per\u00fa sobre el transporte a\u00e9reo, aviaci\u00f3n, turismo, hoteleria, actualidad.","og_url":"https:\/\/aeronoticias.com.pe\/noticiero\/nacionales\/declaran-feriado-el-1-y-2-de-octubre-en-lima-y-callao-por-iii-cumbre-aspa\/","og_site_name":"Aeronoticias.com.pe","article_publisher":"https:\/\/www.facebook.com\/Aeronoticias.com.pe\/","article_published_time":"2012-09-15T18:52:44+00:00","author":"Redacci\u00f3n Aeronoticias","twitter_card":"summary_large_image","twitter_creator":"@aeronoticias","twitter_site":"@aeronoticias","twitter_misc":{"Escrito por":"Redacci\u00f3n Aeronoticias","Tiempo de lectura":"2 minutos"},"schema":{"@context":"https:\/\/schema.org","@graph":[{"@type":"WebPage","@id":"https:\/\/aeronoticias.com.pe\/noticiero\/nacionales\/declaran-feriado-el-1-y-2-de-octubre-en-lima-y-callao-por-iii-cumbre-aspa\/","url":"https:\/\/aeronoticias.com.pe\/noticiero\/nacionales\/declaran-feriado-el-1-y-2-de-octubre-en-lima-y-callao-por-iii-cumbre-aspa\/","name":"Declaran feriado 1 y 2 de octubre en Lima y Callao por III Cumbre ASPA","isPartOf":{"@id":"https:\/\/aeronoticias.com.pe\/noticiero\/#website"},"datePublished":"2012-09-15T18:52:44+00:00","author":{"@id":"https:\/\/aeronoticias.com.pe\/noticiero\/#\/schema\/person\/fc1e5d578f4b62ba1cf7ac2bba1170a0"},"description":"Portal de noticias del Per\u00fa sobre el transporte a\u00e9reo, aviaci\u00f3n, turismo, hoteleria, actualidad.","breadcrumb":{"@id":"https:\/\/aeronoticias.com.pe\/noticiero\/nacionales\/declaran-feriado-el-1-y-2-de-octubre-en-lima-y-callao-por-iii-cumbre-aspa\/#breadcrumb"},"inLanguage":"es","potentialAction":[{"@type":"ReadAction","target":["https:\/\/aeronoticias.com.pe\/noticiero\/nacionales\/declaran-feriado-el-1-y-2-de-octubre-en-lima-y-callao-por-iii-cumbre-aspa\/"]}]},{"@type":"BreadcrumbList","@id":"https:\/\/aeronoticias.com.pe\/noticiero\/nacionales\/declaran-feriado-el-1-y-2-de-octubre-en-lima-y-callao-por-iii-cumbre-aspa\/#breadcrumb","itemListElement":[{"@type":"ListItem","position":1,"name":"Portada","item":"https:\/\/aeronoticias.com.pe\/noticiero\/"},{"@type":"ListItem","position":2,"name":"Declaran feriado 1 y 2 de octubre en Lima y Callao por III Cumbre ASPA"}]},{"@type":"WebSite","@id":"https:\/\/aeronoticias.com.pe\/noticiero\/#website","url":"https:\/\/aeronoticias.com.pe\/noticiero\/","name":"Aeronoticias.com.pe","description":"Noticias de tranporte aereo, turismo, hoteles, gastronomia, actualidad, internacional","potentialAction":[{"@type":"SearchAction","target":{"@type":"EntryPoint","urlTemplate":"https:\/\/aeronoticias.com.pe\/noticiero\/?s={search_term_string}"},"query-input":{"@type":"PropertyValueSpecification","valueRequired":true,"valueName":"search_term_string"}}],"inLanguage":"es"},{"@type":"Person","@id":"https:\/\/aeronoticias.com.pe\/noticiero\/#\/schema\/person\/fc1e5d578f4b62ba1cf7ac2bba1170a0","name":"Redacci\u00f3n Aeronoticias","url":"https:\/\/aeronoticias.com.pe\/noticiero\/author\/piloto\/"}]}},"_links":{"self":[{"href":"https:\/\/aeronoticias.com.pe\/noticiero\/wp-json\/wp\/v2\/posts\/30452","targetHints":{"allow":["GET"]}}],"collection":[{"href":"https:\/\/aeronoticias.com.pe\/noticiero\/wp-json\/wp\/v2\/posts"}],"about":[{"href":"https:\/\/aeronoticias.com.pe\/noticiero\/wp-json\/wp\/v2\/types\/post"}],"author":[{"embeddable":true,"href":"https:\/\/aeronoticias.com.pe\/noticiero\/wp-json\/wp\/v2\/users\/1"}],"replies":[{"embeddable":true,"href":"https:\/\/aeronoticias.com.pe\/noticiero\/wp-json\/wp\/v2\/comments?post=30452"}],"version-history":[{"count":0,"href":"https:\/\/aeronoticias.com.pe\/noticiero\/wp-json\/wp\/v2\/posts\/30452\/revisions"}],"wp:attachment":[{"href":"https:\/\/aeronoticias.com.pe\/noticiero\/wp-json\/wp\/v2\/media?parent=30452"}],"wp:term":[{"taxonomy":"category","embeddable":true,"href":"https:\/\/aeronoticias.com.pe\/noticiero\/wp-json\/wp\/v2\/categories?post=30452"},{"taxonomy":"post_tag","embeddable":true,"href":"https:\/\/aeronoticias.com.pe\/noticiero\/wp-json\/wp\/v2\/tags?post=30452"}],"curies":[{"name":"wp","href":"https:\/\/api.w.org\/{rel}","templated":true}]}}