{"id":30453,"date":"2012-09-15T19:06:23","date_gmt":"2012-09-15T19:06:23","guid":{"rendered":"http:\/\/desarrollo.mcvicious.com\/aero2020\/2012\/09\/15\/markarian-convoco-a-jugadores-del-medio-para-el-microciclo-en-el-cusco\/"},"modified":"2012-09-15T19:06:23","modified_gmt":"2012-09-15T19:06:23","slug":"markarian-convoco-a-jugadores-del-medio-para-el-microciclo-en-el-cusco","status":"publish","type":"post","link":"https:\/\/aeronoticias.com.pe\/noticiero\/deportes\/markarian-convoco-a-jugadores-del-medio-para-el-microciclo-en-el-cusco\/","title":{"rendered":"Markari\u00e1n convoc\u00f3 a jugadores del medio para el microciclo en el Cusco"},"content":{"rendered":"<p style=\"text-align: justify;\"><strong>(Aeronoticias).-<\/strong> Los seleccionados peruanos trabajaran durante el d\u00e9cimo octavo microciclo de la era Markari\u00e1n del 17 al 19 de este mes en la Ciudad Imperial. La mirada del DT est\u00e1 centrada en \u201cafinar la punter\u00eda\u201d en los 15 jugadores del torneo local que han sido convocados en esta ocasi\u00f3n. Nueve de ellos se desempe\u00f1an en equipos de ciudades de altura.<\/p>\n<p style=\"text-align: justify;\">Adem\u00e1s del llamado de Andy Pando, las otras novedades de esta citaci\u00f3n, son: Juan Cominges, Joel Pinto, Paulo Albarrac\u00edn, Joel S\u00e1nchez, Minzun Quina y Jhoel Herrera. \u00bfY el Checho Ibarra? No est\u00e1.<\/p>\n<p style=\"text-align: justify;\">El plan est\u00e1 enfocado, definitivamente, en el partido con Bolivia del 12 de octubre por las Eliminatorias Brasil 2014. Seg\u00fan el t\u00e9cnico, para este choque la blanquirroja estar\u00e1 conformada por futbolistas del medio local \u201cm\u00e1s algunos del exterior que ya han jugado y rendido bien en La Paz\u201d. Como se sabe, Claudio Pizarro, Luis Ram\u00edrez y Carlos Lobat\u00f3n se perder\u00e1n por el duelo ante los del altiplano por acumulaci\u00f3n de dos tarjetas amarillas.<\/p>\n<p>  <!--more-->  <\/p>\n<p style=\"text-align: justify;\">LISTA DE CONVOCADOS AL MICROCICLO:<\/p>\n<p style=\"text-align: justify;\">1. Santiago Acasiete (Cienciano)<\/p>\n<p style=\"text-align: justify;\">2. Edwin Retamoso (Cienciano)<\/p>\n<p style=\"text-align: justify;\">3. Juan Cominges (Cienciano)<\/p>\n<p style=\"text-align: justify;\">4. Jos\u00e9 Carvallo (FBC Melgar)<\/p>\n<p style=\"text-align: justify;\">5. Minzum Quina (Le\u00f3n de Hu\u00e1nuco)<\/p>\n<p style=\"text-align: justify;\">6. Jhoel Herrera (Real Garcilaso)<\/p>\n<p style=\"text-align: justify;\">7. Andy Pando (Real Garcilaso)<\/p>\n<p style=\"text-align: justify;\">8. Rafael Farf\u00e1n (Sport Huancayo)<\/p>\n<p style=\"text-align: justify;\">9. Joel Pinto (Sport Huancayo)<\/p>\n<p style=\"text-align: justify;\">10. Paulo Albarrac\u00edn (Alianza Lima)<\/p>\n<p style=\"text-align: justify;\">11. William Chiroque (Juan Aurich)<\/p>\n<p style=\"text-align: justify;\">12. Michael Guevara (Juan Aurich)<\/p>\n<p style=\"text-align: justify;\">13. Christian Cueva (U. C\u00e9sar Vallejo)<\/p>\n<p style=\"text-align: justify;\">14. Joel S\u00e1nchez (U. San Mart\u00edn)<\/p>\n<p style=\"text-align: justify;\">15. Christian Ramos (U. San Mart\u00edn)<\/p>\n<p style=\"text-align: justify;\"><img decoding=\"async\" src=\"images\/stories\/12\/06\/040612\/magomarkarin.jpg\" border=\"0\" alt=\"Markari\u00e1n convoc\u00f3 a jugadores del medio para el microciclo en el Cusco \" title=\"Markari\u00e1n convoc\u00f3 a jugadores del medio para el microciclo en el Cusco \" \/><\/p>\n<p style=\"text-align: justify;\">\u00a0<\/p>\n","protected":false},"excerpt":{"rendered":"<p>(Aeronoticias).- Los seleccionados peruanos trabajaran durante el d\u00e9cimo octavo microciclo de la era Markari\u00e1n del 17 al 19 de este mes en la Ciudad Imperial. La mirada del DT est\u00e1 centrada en \u201cafinar la punter\u00eda\u201d en los 15 jugadores del torneo local que han sido convocados en esta ocasi\u00f3n. Nueve de ellos se desempe\u00f1an en [&hellip;]<\/p>\n","protected":false},"author":1,"featured_media":0,"comment_status":"open","ping_status":"open","sticky":false,"template":"","format":"standard","meta":{"tdm_status":"","tdm_grid_status":"","footnotes":""},"categories":[40],"tags":[],"class_list":{"0":"post-30453","1":"post","2":"type-post","3":"status-publish","4":"format-standard","6":"category-deportes"},"yoast_head":"<!-- This site is optimized with the Yoast SEO plugin v25.1 - https:\/\/yoast.com\/wordpress\/plugins\/seo\/ -->\n<title>Markari\u00e1n convoc\u00f3 a jugadores del medio para el microciclo en el Cusco<\/title>\n<meta name=\"description\" content=\"Portal de noticias del Per\u00fa sobre el transporte a\u00e9reo, aviaci\u00f3n, turismo, hoteleria, actualidad.\" \/>\n<meta name=\"robots\" content=\"index, follow, max-snippet:-1, max-image-preview:large, max-video-preview:-1\" \/>\n<link rel=\"canonical\" href=\"https:\/\/aeronoticias.com.pe\/noticiero\/deportes\/markarian-convoco-a-jugadores-del-medio-para-el-microciclo-en-el-cusco\/\" \/>\n<meta property=\"og:locale\" content=\"es_ES\" \/>\n<meta property=\"og:type\" content=\"article\" \/>\n<meta property=\"og:title\" content=\"Markari\u00e1n convoc\u00f3 a jugadores del medio para el microciclo en el Cusco\" \/>\n<meta property=\"og:description\" content=\"Portal de noticias del Per\u00fa sobre el transporte a\u00e9reo, aviaci\u00f3n, turismo, hoteleria, actualidad.\" \/>\n<meta property=\"og:url\" content=\"https:\/\/aeronoticias.com.pe\/noticiero\/deportes\/markarian-convoco-a-jugadores-del-medio-para-el-microciclo-en-el-cusco\/\" \/>\n<meta property=\"og:site_name\" content=\"Aeronoticias.com.pe\" \/>\n<meta property=\"article:publisher\" content=\"https:\/\/www.facebook.com\/Aeronoticias.com.pe\/\" \/>\n<meta property=\"article:published_time\" content=\"2012-09-15T19:06:23+00:00\" \/>\n<meta name=\"author\" content=\"Redacci\u00f3n Aeronoticias\" \/>\n<meta name=\"twitter:card\" content=\"summary_large_image\" \/>\n<meta name=\"twitter:creator\" content=\"@aeronoticias\" \/>\n<meta name=\"twitter:site\" content=\"@aeronoticias\" \/>\n<meta name=\"twitter:label1\" content=\"Escrito por\" \/>\n\t<meta name=\"twitter:data1\" content=\"Redacci\u00f3n Aeronoticias\" \/>\n\t<meta name=\"twitter:label2\" content=\"Tiempo de lectura\" \/>\n\t<meta name=\"twitter:data2\" content=\"1 minuto\" \/>\n<script type=\"application\/ld+json\" class=\"yoast-schema-graph\">{\"@context\":\"https:\/\/schema.org\",\"@graph\":[{\"@type\":\"WebPage\",\"@id\":\"https:\/\/aeronoticias.com.pe\/noticiero\/deportes\/markarian-convoco-a-jugadores-del-medio-para-el-microciclo-en-el-cusco\/\",\"url\":\"https:\/\/aeronoticias.com.pe\/noticiero\/deportes\/markarian-convoco-a-jugadores-del-medio-para-el-microciclo-en-el-cusco\/\",\"name\":\"Markari\u00e1n convoc\u00f3 a jugadores del medio para el microciclo en el Cusco\",\"isPartOf\":{\"@id\":\"https:\/\/aeronoticias.com.pe\/noticiero\/#website\"},\"datePublished\":\"2012-09-15T19:06:23+00:00\",\"author\":{\"@id\":\"https:\/\/aeronoticias.com.pe\/noticiero\/#\/schema\/person\/fc1e5d578f4b62ba1cf7ac2bba1170a0\"},\"description\":\"Portal de noticias del Per\u00fa sobre el transporte a\u00e9reo, aviaci\u00f3n, turismo, hoteleria, actualidad.\",\"breadcrumb\":{\"@id\":\"https:\/\/aeronoticias.com.pe\/noticiero\/deportes\/markarian-convoco-a-jugadores-del-medio-para-el-microciclo-en-el-cusco\/#breadcrumb\"},\"inLanguage\":\"es\",\"potentialAction\":[{\"@type\":\"ReadAction\",\"target\":[\"https:\/\/aeronoticias.com.pe\/noticiero\/deportes\/markarian-convoco-a-jugadores-del-medio-para-el-microciclo-en-el-cusco\/\"]}]},{\"@type\":\"BreadcrumbList\",\"@id\":\"https:\/\/aeronoticias.com.pe\/noticiero\/deportes\/markarian-convoco-a-jugadores-del-medio-para-el-microciclo-en-el-cusco\/#breadcrumb\",\"itemListElement\":[{\"@type\":\"ListItem\",\"position\":1,\"name\":\"Portada\",\"item\":\"https:\/\/aeronoticias.com.pe\/noticiero\/\"},{\"@type\":\"ListItem\",\"position\":2,\"name\":\"Markari\u00e1n convoc\u00f3 a jugadores del medio para el microciclo en el Cusco\"}]},{\"@type\":\"WebSite\",\"@id\":\"https:\/\/aeronoticias.com.pe\/noticiero\/#website\",\"url\":\"https:\/\/aeronoticias.com.pe\/noticiero\/\",\"name\":\"Aeronoticias.com.pe\",\"description\":\"Noticias de tranporte aereo, turismo, hoteles, gastronomia, actualidad, internacional\",\"potentialAction\":[{\"@type\":\"SearchAction\",\"target\":{\"@type\":\"EntryPoint\",\"urlTemplate\":\"https:\/\/aeronoticias.com.pe\/noticiero\/?s={search_term_string}\"},\"query-input\":{\"@type\":\"PropertyValueSpecification\",\"valueRequired\":true,\"valueName\":\"search_term_string\"}}],\"inLanguage\":\"es\"},{\"@type\":\"Person\",\"@id\":\"https:\/\/aeronoticias.com.pe\/noticiero\/#\/schema\/person\/fc1e5d578f4b62ba1cf7ac2bba1170a0\",\"name\":\"Redacci\u00f3n Aeronoticias\",\"url\":\"https:\/\/aeronoticias.com.pe\/noticiero\/author\/piloto\/\"}]}<\/script>\n<!-- \/ Yoast SEO plugin. -->","yoast_head_json":{"title":"Markari\u00e1n convoc\u00f3 a jugadores del medio para el microciclo en el Cusco","description":"Portal de noticias del Per\u00fa sobre el transporte a\u00e9reo, aviaci\u00f3n, turismo, hoteleria, actualidad.","robots":{"index":"index","follow":"follow","max-snippet":"max-snippet:-1","max-image-preview":"max-image-preview:large","max-video-preview":"max-video-preview:-1"},"canonical":"https:\/\/aeronoticias.com.pe\/noticiero\/deportes\/markarian-convoco-a-jugadores-del-medio-para-el-microciclo-en-el-cusco\/","og_locale":"es_ES","og_type":"article","og_title":"Markari\u00e1n convoc\u00f3 a jugadores del medio para el microciclo en el Cusco","og_description":"Portal de noticias del Per\u00fa sobre el transporte a\u00e9reo, aviaci\u00f3n, turismo, hoteleria, actualidad.","og_url":"https:\/\/aeronoticias.com.pe\/noticiero\/deportes\/markarian-convoco-a-jugadores-del-medio-para-el-microciclo-en-el-cusco\/","og_site_name":"Aeronoticias.com.pe","article_publisher":"https:\/\/www.facebook.com\/Aeronoticias.com.pe\/","article_published_time":"2012-09-15T19:06:23+00:00","author":"Redacci\u00f3n Aeronoticias","twitter_card":"summary_large_image","twitter_creator":"@aeronoticias","twitter_site":"@aeronoticias","twitter_misc":{"Escrito por":"Redacci\u00f3n Aeronoticias","Tiempo de lectura":"1 minuto"},"schema":{"@context":"https:\/\/schema.org","@graph":[{"@type":"WebPage","@id":"https:\/\/aeronoticias.com.pe\/noticiero\/deportes\/markarian-convoco-a-jugadores-del-medio-para-el-microciclo-en-el-cusco\/","url":"https:\/\/aeronoticias.com.pe\/noticiero\/deportes\/markarian-convoco-a-jugadores-del-medio-para-el-microciclo-en-el-cusco\/","name":"Markari\u00e1n convoc\u00f3 a jugadores del medio para el microciclo en el Cusco","isPartOf":{"@id":"https:\/\/aeronoticias.com.pe\/noticiero\/#website"},"datePublished":"2012-09-15T19:06:23+00:00","author":{"@id":"https:\/\/aeronoticias.com.pe\/noticiero\/#\/schema\/person\/fc1e5d578f4b62ba1cf7ac2bba1170a0"},"description":"Portal de noticias del Per\u00fa sobre el transporte a\u00e9reo, aviaci\u00f3n, turismo, hoteleria, actualidad.","breadcrumb":{"@id":"https:\/\/aeronoticias.com.pe\/noticiero\/deportes\/markarian-convoco-a-jugadores-del-medio-para-el-microciclo-en-el-cusco\/#breadcrumb"},"inLanguage":"es","potentialAction":[{"@type":"ReadAction","target":["https:\/\/aeronoticias.com.pe\/noticiero\/deportes\/markarian-convoco-a-jugadores-del-medio-para-el-microciclo-en-el-cusco\/"]}]},{"@type":"BreadcrumbList","@id":"https:\/\/aeronoticias.com.pe\/noticiero\/deportes\/markarian-convoco-a-jugadores-del-medio-para-el-microciclo-en-el-cusco\/#breadcrumb","itemListElement":[{"@type":"ListItem","position":1,"name":"Portada","item":"https:\/\/aeronoticias.com.pe\/noticiero\/"},{"@type":"ListItem","position":2,"name":"Markari\u00e1n convoc\u00f3 a jugadores del medio para el microciclo en el Cusco"}]},{"@type":"WebSite","@id":"https:\/\/aeronoticias.com.pe\/noticiero\/#website","url":"https:\/\/aeronoticias.com.pe\/noticiero\/","name":"Aeronoticias.com.pe","description":"Noticias de tranporte aereo, turismo, hoteles, gastronomia, actualidad, internacional","potentialAction":[{"@type":"SearchAction","target":{"@type":"EntryPoint","urlTemplate":"https:\/\/aeronoticias.com.pe\/noticiero\/?s={search_term_string}"},"query-input":{"@type":"PropertyValueSpecification","valueRequired":true,"valueName":"search_term_string"}}],"inLanguage":"es"},{"@type":"Person","@id":"https:\/\/aeronoticias.com.pe\/noticiero\/#\/schema\/person\/fc1e5d578f4b62ba1cf7ac2bba1170a0","name":"Redacci\u00f3n Aeronoticias","url":"https:\/\/aeronoticias.com.pe\/noticiero\/author\/piloto\/"}]}},"_links":{"self":[{"href":"https:\/\/aeronoticias.com.pe\/noticiero\/wp-json\/wp\/v2\/posts\/30453","targetHints":{"allow":["GET"]}}],"collection":[{"href":"https:\/\/aeronoticias.com.pe\/noticiero\/wp-json\/wp\/v2\/posts"}],"about":[{"href":"https:\/\/aeronoticias.com.pe\/noticiero\/wp-json\/wp\/v2\/types\/post"}],"author":[{"embeddable":true,"href":"https:\/\/aeronoticias.com.pe\/noticiero\/wp-json\/wp\/v2\/users\/1"}],"replies":[{"embeddable":true,"href":"https:\/\/aeronoticias.com.pe\/noticiero\/wp-json\/wp\/v2\/comments?post=30453"}],"version-history":[{"count":0,"href":"https:\/\/aeronoticias.com.pe\/noticiero\/wp-json\/wp\/v2\/posts\/30453\/revisions"}],"wp:attachment":[{"href":"https:\/\/aeronoticias.com.pe\/noticiero\/wp-json\/wp\/v2\/media?parent=30453"}],"wp:term":[{"taxonomy":"category","embeddable":true,"href":"https:\/\/aeronoticias.com.pe\/noticiero\/wp-json\/wp\/v2\/categories?post=30453"},{"taxonomy":"post_tag","embeddable":true,"href":"https:\/\/aeronoticias.com.pe\/noticiero\/wp-json\/wp\/v2\/tags?post=30453"}],"curies":[{"name":"wp","href":"https:\/\/api.w.org\/{rel}","templated":true}]}}