{"id":30454,"date":"2012-09-15T23:02:28","date_gmt":"2012-09-15T23:02:28","guid":{"rendered":"http:\/\/desarrollo.mcvicious.com\/aero2020\/2012\/09\/15\/presidente-de-congreso-afirma-que-consulta-previa-demuestra-respeto-a-pueblos-originarios\/"},"modified":"2012-09-15T23:02:28","modified_gmt":"2012-09-15T23:02:28","slug":"presidente-de-congreso-afirma-que-consulta-previa-demuestra-respeto-a-pueblos-originarios","status":"publish","type":"post","link":"https:\/\/aeronoticias.com.pe\/noticiero\/politica\/presidente-de-congreso-afirma-que-consulta-previa-demuestra-respeto-a-pueblos-originarios\/","title":{"rendered":"Presidente de Congreso afirma que Consulta previa demuestra respeto a pueblos originarios"},"content":{"rendered":"<p style=\"text-align: justify;\"><strong>(Aeronoticias).-<\/strong>Seg\u00fan afirm\u00f3 el presidente del Congreso, V\u00edctor Isla, la realizaci\u00f3n de una consulta previa a las comunidades nativas de la regi\u00f3n Loreto demuestra el respeto a los pueblos originarios y al medio ambiente.<\/p>\n<p style=\"text-align: justify;\">Isla destac\u00f3 que el actual Parlamento aprob\u00f3 la Ley de Consulta Previa para atender a  las inquietudes de la poblaci\u00f3n nativa y resguardar la cultura de la  Amazon\u00eda.<\/p>\n<p style=\"text-align: justify;\">En declaraciones a una radio local resalt\u00f3\u00a0 la celebraci\u00f3n de la primera consulta  previa en el pa\u00eds, sobre la exploraci\u00f3n de un lote petrolero en Loreto,  en la zona de Andoas.\u00a0 \u201cEsto ya es un avance fundamental\u201d<strong>. <\/strong><\/p>\n<p style=\"text-align: justify;\">Cabe precisar que la  Ley de Consulta Previa otorga el derecho a los pueblos nativos de opinar  sobre las medidas legislativas o administrativas que afecten a sus  derechos, y tambi\u00e9n prev\u00e9 que se les consulte sobre los planes,  programas y proyectos de desarrollo nacional que los involucren.<\/p>\n<p style=\"text-align: justify;\">El titular del Poder Legislativo sostuvo que ha llegado el momento de saldar la deuda  hist\u00f3rica con la Amazon\u00eda y resalt\u00f3 que el Congreso desplegar\u00e1 los  esfuerzos que le corresponden para cumplir con esa zona del pa\u00eds.<\/p>\n<p style=\"text-align: justify;\">Refiri\u00f3  que entre los proyectos dise\u00f1ados hasta el momento figura la  construcci\u00f3n de un Gran Museo Amaz\u00f3nico, y la ejecuci\u00f3n de obras de  infraestructura.<\/p>\n<p style=\"text-align: justify;\"><img decoding=\"async\" src=\"images\/stories\/12\/09\/150912\/presicongresovi.jpg\" border=\"0\" alt=\"isla\" title=\"isla\" \/><\/p>\n<p style=\"text-align: justify;\"><strong> <\/strong><\/p>\n","protected":false},"excerpt":{"rendered":"<p>(Aeronoticias).-Seg\u00fan afirm\u00f3 el presidente del Congreso, V\u00edctor Isla, la realizaci\u00f3n de una consulta previa a las comunidades nativas de la regi\u00f3n Loreto demuestra el respeto a los pueblos originarios y al medio ambiente. Isla destac\u00f3 que el actual Parlamento aprob\u00f3 la Ley de Consulta Previa para atender a las inquietudes de la poblaci\u00f3n nativa y [&hellip;]<\/p>\n","protected":false},"author":1,"featured_media":0,"comment_status":"open","ping_status":"open","sticky":false,"template":"","format":"standard","meta":{"tdm_status":"","tdm_grid_status":"","footnotes":""},"categories":[36],"tags":[],"class_list":{"0":"post-30454","1":"post","2":"type-post","3":"status-publish","4":"format-standard","6":"category-politica"},"yoast_head":"<!-- This site is optimized with the Yoast SEO plugin v25.1 - https:\/\/yoast.com\/wordpress\/plugins\/seo\/ -->\n<title>Presidente de Congreso afirma que Consulta previa demuestra respeto a pueblos originarios<\/title>\n<meta name=\"description\" content=\"Portal de noticias del Per\u00fa sobre el transporte a\u00e9reo, aviaci\u00f3n, turismo, hoteleria, actualidad.\" \/>\n<meta name=\"robots\" content=\"index, follow, max-snippet:-1, max-image-preview:large, max-video-preview:-1\" \/>\n<link rel=\"canonical\" href=\"https:\/\/aeronoticias.com.pe\/noticiero\/politica\/presidente-de-congreso-afirma-que-consulta-previa-demuestra-respeto-a-pueblos-originarios\/\" \/>\n<meta property=\"og:locale\" content=\"es_ES\" \/>\n<meta property=\"og:type\" content=\"article\" \/>\n<meta property=\"og:title\" content=\"Presidente de Congreso afirma que Consulta previa demuestra respeto a pueblos originarios\" \/>\n<meta property=\"og:description\" content=\"Portal de noticias del Per\u00fa sobre el transporte a\u00e9reo, aviaci\u00f3n, turismo, hoteleria, actualidad.\" \/>\n<meta property=\"og:url\" content=\"https:\/\/aeronoticias.com.pe\/noticiero\/politica\/presidente-de-congreso-afirma-que-consulta-previa-demuestra-respeto-a-pueblos-originarios\/\" \/>\n<meta property=\"og:site_name\" content=\"Aeronoticias.com.pe\" \/>\n<meta property=\"article:publisher\" content=\"https:\/\/www.facebook.com\/Aeronoticias.com.pe\/\" \/>\n<meta property=\"article:published_time\" content=\"2012-09-15T23:02:28+00:00\" \/>\n<meta name=\"author\" content=\"Redacci\u00f3n Aeronoticias\" \/>\n<meta name=\"twitter:card\" content=\"summary_large_image\" \/>\n<meta name=\"twitter:creator\" content=\"@aeronoticias\" \/>\n<meta name=\"twitter:site\" content=\"@aeronoticias\" \/>\n<meta name=\"twitter:label1\" content=\"Escrito por\" \/>\n\t<meta name=\"twitter:data1\" content=\"Redacci\u00f3n Aeronoticias\" \/>\n\t<meta name=\"twitter:label2\" content=\"Tiempo de lectura\" \/>\n\t<meta name=\"twitter:data2\" content=\"1 minuto\" \/>\n<script type=\"application\/ld+json\" class=\"yoast-schema-graph\">{\"@context\":\"https:\/\/schema.org\",\"@graph\":[{\"@type\":\"WebPage\",\"@id\":\"https:\/\/aeronoticias.com.pe\/noticiero\/politica\/presidente-de-congreso-afirma-que-consulta-previa-demuestra-respeto-a-pueblos-originarios\/\",\"url\":\"https:\/\/aeronoticias.com.pe\/noticiero\/politica\/presidente-de-congreso-afirma-que-consulta-previa-demuestra-respeto-a-pueblos-originarios\/\",\"name\":\"Presidente de Congreso afirma que Consulta previa demuestra respeto a pueblos originarios\",\"isPartOf\":{\"@id\":\"https:\/\/aeronoticias.com.pe\/noticiero\/#website\"},\"datePublished\":\"2012-09-15T23:02:28+00:00\",\"author\":{\"@id\":\"https:\/\/aeronoticias.com.pe\/noticiero\/#\/schema\/person\/fc1e5d578f4b62ba1cf7ac2bba1170a0\"},\"description\":\"Portal de noticias del Per\u00fa sobre el transporte a\u00e9reo, aviaci\u00f3n, turismo, hoteleria, actualidad.\",\"breadcrumb\":{\"@id\":\"https:\/\/aeronoticias.com.pe\/noticiero\/politica\/presidente-de-congreso-afirma-que-consulta-previa-demuestra-respeto-a-pueblos-originarios\/#breadcrumb\"},\"inLanguage\":\"es\",\"potentialAction\":[{\"@type\":\"ReadAction\",\"target\":[\"https:\/\/aeronoticias.com.pe\/noticiero\/politica\/presidente-de-congreso-afirma-que-consulta-previa-demuestra-respeto-a-pueblos-originarios\/\"]}]},{\"@type\":\"BreadcrumbList\",\"@id\":\"https:\/\/aeronoticias.com.pe\/noticiero\/politica\/presidente-de-congreso-afirma-que-consulta-previa-demuestra-respeto-a-pueblos-originarios\/#breadcrumb\",\"itemListElement\":[{\"@type\":\"ListItem\",\"position\":1,\"name\":\"Portada\",\"item\":\"https:\/\/aeronoticias.com.pe\/noticiero\/\"},{\"@type\":\"ListItem\",\"position\":2,\"name\":\"Presidente de Congreso afirma que Consulta previa demuestra respeto a pueblos originarios\"}]},{\"@type\":\"WebSite\",\"@id\":\"https:\/\/aeronoticias.com.pe\/noticiero\/#website\",\"url\":\"https:\/\/aeronoticias.com.pe\/noticiero\/\",\"name\":\"Aeronoticias.com.pe\",\"description\":\"Noticias de tranporte aereo, turismo, hoteles, gastronomia, actualidad, internacional\",\"potentialAction\":[{\"@type\":\"SearchAction\",\"target\":{\"@type\":\"EntryPoint\",\"urlTemplate\":\"https:\/\/aeronoticias.com.pe\/noticiero\/?s={search_term_string}\"},\"query-input\":{\"@type\":\"PropertyValueSpecification\",\"valueRequired\":true,\"valueName\":\"search_term_string\"}}],\"inLanguage\":\"es\"},{\"@type\":\"Person\",\"@id\":\"https:\/\/aeronoticias.com.pe\/noticiero\/#\/schema\/person\/fc1e5d578f4b62ba1cf7ac2bba1170a0\",\"name\":\"Redacci\u00f3n Aeronoticias\",\"url\":\"https:\/\/aeronoticias.com.pe\/noticiero\/author\/piloto\/\"}]}<\/script>\n<!-- \/ Yoast SEO plugin. -->","yoast_head_json":{"title":"Presidente de Congreso afirma que Consulta previa demuestra respeto a pueblos originarios","description":"Portal de noticias del Per\u00fa sobre el transporte a\u00e9reo, aviaci\u00f3n, turismo, hoteleria, actualidad.","robots":{"index":"index","follow":"follow","max-snippet":"max-snippet:-1","max-image-preview":"max-image-preview:large","max-video-preview":"max-video-preview:-1"},"canonical":"https:\/\/aeronoticias.com.pe\/noticiero\/politica\/presidente-de-congreso-afirma-que-consulta-previa-demuestra-respeto-a-pueblos-originarios\/","og_locale":"es_ES","og_type":"article","og_title":"Presidente de Congreso afirma que Consulta previa demuestra respeto a pueblos originarios","og_description":"Portal de noticias del Per\u00fa sobre el transporte a\u00e9reo, aviaci\u00f3n, turismo, hoteleria, actualidad.","og_url":"https:\/\/aeronoticias.com.pe\/noticiero\/politica\/presidente-de-congreso-afirma-que-consulta-previa-demuestra-respeto-a-pueblos-originarios\/","og_site_name":"Aeronoticias.com.pe","article_publisher":"https:\/\/www.facebook.com\/Aeronoticias.com.pe\/","article_published_time":"2012-09-15T23:02:28+00:00","author":"Redacci\u00f3n Aeronoticias","twitter_card":"summary_large_image","twitter_creator":"@aeronoticias","twitter_site":"@aeronoticias","twitter_misc":{"Escrito por":"Redacci\u00f3n Aeronoticias","Tiempo de lectura":"1 minuto"},"schema":{"@context":"https:\/\/schema.org","@graph":[{"@type":"WebPage","@id":"https:\/\/aeronoticias.com.pe\/noticiero\/politica\/presidente-de-congreso-afirma-que-consulta-previa-demuestra-respeto-a-pueblos-originarios\/","url":"https:\/\/aeronoticias.com.pe\/noticiero\/politica\/presidente-de-congreso-afirma-que-consulta-previa-demuestra-respeto-a-pueblos-originarios\/","name":"Presidente de Congreso afirma que Consulta previa demuestra respeto a pueblos originarios","isPartOf":{"@id":"https:\/\/aeronoticias.com.pe\/noticiero\/#website"},"datePublished":"2012-09-15T23:02:28+00:00","author":{"@id":"https:\/\/aeronoticias.com.pe\/noticiero\/#\/schema\/person\/fc1e5d578f4b62ba1cf7ac2bba1170a0"},"description":"Portal de noticias del Per\u00fa sobre el transporte a\u00e9reo, aviaci\u00f3n, turismo, hoteleria, actualidad.","breadcrumb":{"@id":"https:\/\/aeronoticias.com.pe\/noticiero\/politica\/presidente-de-congreso-afirma-que-consulta-previa-demuestra-respeto-a-pueblos-originarios\/#breadcrumb"},"inLanguage":"es","potentialAction":[{"@type":"ReadAction","target":["https:\/\/aeronoticias.com.pe\/noticiero\/politica\/presidente-de-congreso-afirma-que-consulta-previa-demuestra-respeto-a-pueblos-originarios\/"]}]},{"@type":"BreadcrumbList","@id":"https:\/\/aeronoticias.com.pe\/noticiero\/politica\/presidente-de-congreso-afirma-que-consulta-previa-demuestra-respeto-a-pueblos-originarios\/#breadcrumb","itemListElement":[{"@type":"ListItem","position":1,"name":"Portada","item":"https:\/\/aeronoticias.com.pe\/noticiero\/"},{"@type":"ListItem","position":2,"name":"Presidente de Congreso afirma que Consulta previa demuestra respeto a pueblos originarios"}]},{"@type":"WebSite","@id":"https:\/\/aeronoticias.com.pe\/noticiero\/#website","url":"https:\/\/aeronoticias.com.pe\/noticiero\/","name":"Aeronoticias.com.pe","description":"Noticias de tranporte aereo, turismo, hoteles, gastronomia, actualidad, internacional","potentialAction":[{"@type":"SearchAction","target":{"@type":"EntryPoint","urlTemplate":"https:\/\/aeronoticias.com.pe\/noticiero\/?s={search_term_string}"},"query-input":{"@type":"PropertyValueSpecification","valueRequired":true,"valueName":"search_term_string"}}],"inLanguage":"es"},{"@type":"Person","@id":"https:\/\/aeronoticias.com.pe\/noticiero\/#\/schema\/person\/fc1e5d578f4b62ba1cf7ac2bba1170a0","name":"Redacci\u00f3n Aeronoticias","url":"https:\/\/aeronoticias.com.pe\/noticiero\/author\/piloto\/"}]}},"_links":{"self":[{"href":"https:\/\/aeronoticias.com.pe\/noticiero\/wp-json\/wp\/v2\/posts\/30454","targetHints":{"allow":["GET"]}}],"collection":[{"href":"https:\/\/aeronoticias.com.pe\/noticiero\/wp-json\/wp\/v2\/posts"}],"about":[{"href":"https:\/\/aeronoticias.com.pe\/noticiero\/wp-json\/wp\/v2\/types\/post"}],"author":[{"embeddable":true,"href":"https:\/\/aeronoticias.com.pe\/noticiero\/wp-json\/wp\/v2\/users\/1"}],"replies":[{"embeddable":true,"href":"https:\/\/aeronoticias.com.pe\/noticiero\/wp-json\/wp\/v2\/comments?post=30454"}],"version-history":[{"count":0,"href":"https:\/\/aeronoticias.com.pe\/noticiero\/wp-json\/wp\/v2\/posts\/30454\/revisions"}],"wp:attachment":[{"href":"https:\/\/aeronoticias.com.pe\/noticiero\/wp-json\/wp\/v2\/media?parent=30454"}],"wp:term":[{"taxonomy":"category","embeddable":true,"href":"https:\/\/aeronoticias.com.pe\/noticiero\/wp-json\/wp\/v2\/categories?post=30454"},{"taxonomy":"post_tag","embeddable":true,"href":"https:\/\/aeronoticias.com.pe\/noticiero\/wp-json\/wp\/v2\/tags?post=30454"}],"curies":[{"name":"wp","href":"https:\/\/api.w.org\/{rel}","templated":true}]}}