{"id":30455,"date":"2012-09-15T23:19:32","date_gmt":"2012-09-15T23:19:32","guid":{"rendered":"http:\/\/desarrollo.mcvicious.com\/aero2020\/2012\/09\/15\/bancada-fujimorista-podria-pedir-vacancia-de-ministros-de-interior-y-defensa\/"},"modified":"2012-09-15T23:19:32","modified_gmt":"2012-09-15T23:19:32","slug":"bancada-fujimorista-podria-pedir-vacancia-de-ministros-de-interior-y-defensa","status":"publish","type":"post","link":"https:\/\/aeronoticias.com.pe\/noticiero\/politica\/bancada-fujimorista-podria-pedir-vacancia-de-ministros-de-interior-y-defensa\/","title":{"rendered":"Bancada fujimorista podr\u00eda pedir vacancia de ministros de Interior y Defensa"},"content":{"rendered":"<p style=\"text-align: justify;\"><strong>(Aeronoticias).-<\/strong>Tras el esc\u00e1ndalo suscitado por la muerte de la menor durante el operativo de las Fuerzas Armadas realizado en el Valle de los R\u00edos, Apur\u00edmac, Ene y Mantaro (VRAEM), la excandidata presidencial Keiko Fujimori, revel\u00f3 que la bancada fujimorista est\u00e1 evaluando la posibilidad de censurar a los ministros de Defensa y del Interior,\u00a0 Pedro Cateriano y Wilfredo Pedraza<\/p>\n<p style=\"text-align: justify;\">Fujimori Higuchi, afirm\u00f3 que\u00a0 la presentaci\u00f3n de los hoy cuestionados ministros ante el  Congreso de la Rep\u00fablica respecto a ese caso, no convenci\u00f3 a los  parlamentarios de su bancada por lo que pedir\u00edan la censura de ambas  autoridades.<\/p>\n<p> Advirti\u00f3, adem\u00e1s que no ve una estrategia clara  por parte del Gobierno para la lucha  contra el narcoterrorismo. \u201cEs m\u00e1s vemos malas informaciones o medias  verdades que se transmiten como lo ocurrido con la ni\u00f1a fallecida en  el VRAEM\u201d, resalt\u00f3.<\/p>\n<p> Lament\u00f3 el fallecimiento de la  menor, y exigi\u00f3 a los ministros de Defensa y del Interior una  explicaci\u00f3n clara de lo que ocurri\u00f3 en el enfrentamiento contra  remanentes de Sendero Luminoso en esa zona.<\/p>\n<p> Exhort\u00f3 que los  otros dos menores rescatados durante el operativo sean devueltos a sus  padres de manera inmediata.<\/p>\n<p>La lideresa de Fuerza 2011, consider\u00f3 que la paz  en el Per\u00fa se est\u00e1 poniendo en riesgo desde que se ablandaron las  normas y leyes antiterroristas durante el gobierno de Alejandro Toledo.<\/p>\n<p>Explic\u00f3 que esto permiti\u00f3 que m\u00e1s de 4.500 sentenciados por terrorismo est\u00e9n hoy en  las calles. \u201cY vemos con preocupaci\u00f3n que se han reagrupado a trav\u00e9s  del Movadef, del Conare que est\u00e1n en las cortes internacionales\u201d,  a\u00f1adi\u00f3.<\/p>\n<p>En vista de ello,\u00a0 dijo que es necesario generar conciencia sobre todo en los  j\u00f3venes que no vivieron la \u00e9poca de terror dici\u00e9ndoles que el  terrorismo es el peor enemigo del Per\u00fa.<\/p>\n<p>Estas declaraciones las  brind\u00f3 durante su participaci\u00f3n en la Marcha por la Paz, organizada por  el Consejo por la Paz, que se realiz\u00f3 en la calle Tarata en el distrito  de Miraflores.<\/p>\n<p style=\"text-align: justify;\"><img decoding=\"async\" src=\"images\/stories\/12\/09\/150912\/keikofujimori.jpg\" border=\"0\" alt=\"keiko\" title=\"keiko\" \/><\/p>\n","protected":false},"excerpt":{"rendered":"<p>(Aeronoticias).-Tras el esc\u00e1ndalo suscitado por la muerte de la menor durante el operativo de las Fuerzas Armadas realizado en el Valle de los R\u00edos, Apur\u00edmac, Ene y Mantaro (VRAEM), la excandidata presidencial Keiko Fujimori, revel\u00f3 que la bancada fujimorista est\u00e1 evaluando la posibilidad de censurar a los ministros de Defensa y del Interior,\u00a0 Pedro Cateriano [&hellip;]<\/p>\n","protected":false},"author":1,"featured_media":0,"comment_status":"open","ping_status":"open","sticky":false,"template":"","format":"standard","meta":{"tdm_status":"","tdm_grid_status":"","footnotes":""},"categories":[36],"tags":[],"class_list":{"0":"post-30455","1":"post","2":"type-post","3":"status-publish","4":"format-standard","6":"category-politica"},"yoast_head":"<!-- This site is optimized with the Yoast SEO plugin v25.1 - https:\/\/yoast.com\/wordpress\/plugins\/seo\/ -->\n<title>Bancada fujimorista podr\u00eda pedir vacancia de ministros de Interior y Defensa<\/title>\n<meta name=\"description\" content=\"Portal de noticias del Per\u00fa sobre el transporte a\u00e9reo, aviaci\u00f3n, turismo, hoteleria, actualidad.\" \/>\n<meta name=\"robots\" content=\"index, follow, max-snippet:-1, max-image-preview:large, max-video-preview:-1\" \/>\n<link rel=\"canonical\" href=\"https:\/\/aeronoticias.com.pe\/noticiero\/politica\/bancada-fujimorista-podria-pedir-vacancia-de-ministros-de-interior-y-defensa\/\" \/>\n<meta property=\"og:locale\" content=\"es_ES\" \/>\n<meta property=\"og:type\" content=\"article\" \/>\n<meta property=\"og:title\" content=\"Bancada fujimorista podr\u00eda pedir vacancia de ministros de Interior y Defensa\" \/>\n<meta property=\"og:description\" content=\"Portal de noticias del Per\u00fa sobre el transporte a\u00e9reo, aviaci\u00f3n, turismo, hoteleria, actualidad.\" \/>\n<meta property=\"og:url\" content=\"https:\/\/aeronoticias.com.pe\/noticiero\/politica\/bancada-fujimorista-podria-pedir-vacancia-de-ministros-de-interior-y-defensa\/\" \/>\n<meta property=\"og:site_name\" content=\"Aeronoticias.com.pe\" \/>\n<meta property=\"article:publisher\" content=\"https:\/\/www.facebook.com\/Aeronoticias.com.pe\/\" \/>\n<meta property=\"article:published_time\" content=\"2012-09-15T23:19:32+00:00\" \/>\n<meta name=\"author\" content=\"Redacci\u00f3n Aeronoticias\" \/>\n<meta name=\"twitter:card\" content=\"summary_large_image\" \/>\n<meta name=\"twitter:creator\" content=\"@aeronoticias\" \/>\n<meta name=\"twitter:site\" content=\"@aeronoticias\" \/>\n<meta name=\"twitter:label1\" content=\"Escrito por\" \/>\n\t<meta name=\"twitter:data1\" content=\"Redacci\u00f3n Aeronoticias\" \/>\n\t<meta name=\"twitter:label2\" content=\"Tiempo de lectura\" \/>\n\t<meta name=\"twitter:data2\" content=\"2 minutos\" \/>\n<script type=\"application\/ld+json\" class=\"yoast-schema-graph\">{\"@context\":\"https:\/\/schema.org\",\"@graph\":[{\"@type\":\"WebPage\",\"@id\":\"https:\/\/aeronoticias.com.pe\/noticiero\/politica\/bancada-fujimorista-podria-pedir-vacancia-de-ministros-de-interior-y-defensa\/\",\"url\":\"https:\/\/aeronoticias.com.pe\/noticiero\/politica\/bancada-fujimorista-podria-pedir-vacancia-de-ministros-de-interior-y-defensa\/\",\"name\":\"Bancada fujimorista podr\u00eda pedir vacancia de ministros de Interior y Defensa\",\"isPartOf\":{\"@id\":\"https:\/\/aeronoticias.com.pe\/noticiero\/#website\"},\"datePublished\":\"2012-09-15T23:19:32+00:00\",\"author\":{\"@id\":\"https:\/\/aeronoticias.com.pe\/noticiero\/#\/schema\/person\/fc1e5d578f4b62ba1cf7ac2bba1170a0\"},\"description\":\"Portal de noticias del Per\u00fa sobre el transporte a\u00e9reo, aviaci\u00f3n, turismo, hoteleria, actualidad.\",\"breadcrumb\":{\"@id\":\"https:\/\/aeronoticias.com.pe\/noticiero\/politica\/bancada-fujimorista-podria-pedir-vacancia-de-ministros-de-interior-y-defensa\/#breadcrumb\"},\"inLanguage\":\"es\",\"potentialAction\":[{\"@type\":\"ReadAction\",\"target\":[\"https:\/\/aeronoticias.com.pe\/noticiero\/politica\/bancada-fujimorista-podria-pedir-vacancia-de-ministros-de-interior-y-defensa\/\"]}]},{\"@type\":\"BreadcrumbList\",\"@id\":\"https:\/\/aeronoticias.com.pe\/noticiero\/politica\/bancada-fujimorista-podria-pedir-vacancia-de-ministros-de-interior-y-defensa\/#breadcrumb\",\"itemListElement\":[{\"@type\":\"ListItem\",\"position\":1,\"name\":\"Portada\",\"item\":\"https:\/\/aeronoticias.com.pe\/noticiero\/\"},{\"@type\":\"ListItem\",\"position\":2,\"name\":\"Bancada fujimorista podr\u00eda pedir vacancia de ministros de Interior y Defensa\"}]},{\"@type\":\"WebSite\",\"@id\":\"https:\/\/aeronoticias.com.pe\/noticiero\/#website\",\"url\":\"https:\/\/aeronoticias.com.pe\/noticiero\/\",\"name\":\"Aeronoticias.com.pe\",\"description\":\"Noticias de tranporte aereo, turismo, hoteles, gastronomia, actualidad, internacional\",\"potentialAction\":[{\"@type\":\"SearchAction\",\"target\":{\"@type\":\"EntryPoint\",\"urlTemplate\":\"https:\/\/aeronoticias.com.pe\/noticiero\/?s={search_term_string}\"},\"query-input\":{\"@type\":\"PropertyValueSpecification\",\"valueRequired\":true,\"valueName\":\"search_term_string\"}}],\"inLanguage\":\"es\"},{\"@type\":\"Person\",\"@id\":\"https:\/\/aeronoticias.com.pe\/noticiero\/#\/schema\/person\/fc1e5d578f4b62ba1cf7ac2bba1170a0\",\"name\":\"Redacci\u00f3n Aeronoticias\",\"url\":\"https:\/\/aeronoticias.com.pe\/noticiero\/author\/piloto\/\"}]}<\/script>\n<!-- \/ Yoast SEO plugin. -->","yoast_head_json":{"title":"Bancada fujimorista podr\u00eda pedir vacancia de ministros de Interior y Defensa","description":"Portal de noticias del Per\u00fa sobre el transporte a\u00e9reo, aviaci\u00f3n, turismo, hoteleria, actualidad.","robots":{"index":"index","follow":"follow","max-snippet":"max-snippet:-1","max-image-preview":"max-image-preview:large","max-video-preview":"max-video-preview:-1"},"canonical":"https:\/\/aeronoticias.com.pe\/noticiero\/politica\/bancada-fujimorista-podria-pedir-vacancia-de-ministros-de-interior-y-defensa\/","og_locale":"es_ES","og_type":"article","og_title":"Bancada fujimorista podr\u00eda pedir vacancia de ministros de Interior y Defensa","og_description":"Portal de noticias del Per\u00fa sobre el transporte a\u00e9reo, aviaci\u00f3n, turismo, hoteleria, actualidad.","og_url":"https:\/\/aeronoticias.com.pe\/noticiero\/politica\/bancada-fujimorista-podria-pedir-vacancia-de-ministros-de-interior-y-defensa\/","og_site_name":"Aeronoticias.com.pe","article_publisher":"https:\/\/www.facebook.com\/Aeronoticias.com.pe\/","article_published_time":"2012-09-15T23:19:32+00:00","author":"Redacci\u00f3n Aeronoticias","twitter_card":"summary_large_image","twitter_creator":"@aeronoticias","twitter_site":"@aeronoticias","twitter_misc":{"Escrito por":"Redacci\u00f3n Aeronoticias","Tiempo de lectura":"2 minutos"},"schema":{"@context":"https:\/\/schema.org","@graph":[{"@type":"WebPage","@id":"https:\/\/aeronoticias.com.pe\/noticiero\/politica\/bancada-fujimorista-podria-pedir-vacancia-de-ministros-de-interior-y-defensa\/","url":"https:\/\/aeronoticias.com.pe\/noticiero\/politica\/bancada-fujimorista-podria-pedir-vacancia-de-ministros-de-interior-y-defensa\/","name":"Bancada fujimorista podr\u00eda pedir vacancia de ministros de Interior y Defensa","isPartOf":{"@id":"https:\/\/aeronoticias.com.pe\/noticiero\/#website"},"datePublished":"2012-09-15T23:19:32+00:00","author":{"@id":"https:\/\/aeronoticias.com.pe\/noticiero\/#\/schema\/person\/fc1e5d578f4b62ba1cf7ac2bba1170a0"},"description":"Portal de noticias del Per\u00fa sobre el transporte a\u00e9reo, aviaci\u00f3n, turismo, hoteleria, actualidad.","breadcrumb":{"@id":"https:\/\/aeronoticias.com.pe\/noticiero\/politica\/bancada-fujimorista-podria-pedir-vacancia-de-ministros-de-interior-y-defensa\/#breadcrumb"},"inLanguage":"es","potentialAction":[{"@type":"ReadAction","target":["https:\/\/aeronoticias.com.pe\/noticiero\/politica\/bancada-fujimorista-podria-pedir-vacancia-de-ministros-de-interior-y-defensa\/"]}]},{"@type":"BreadcrumbList","@id":"https:\/\/aeronoticias.com.pe\/noticiero\/politica\/bancada-fujimorista-podria-pedir-vacancia-de-ministros-de-interior-y-defensa\/#breadcrumb","itemListElement":[{"@type":"ListItem","position":1,"name":"Portada","item":"https:\/\/aeronoticias.com.pe\/noticiero\/"},{"@type":"ListItem","position":2,"name":"Bancada fujimorista podr\u00eda pedir vacancia de ministros de Interior y Defensa"}]},{"@type":"WebSite","@id":"https:\/\/aeronoticias.com.pe\/noticiero\/#website","url":"https:\/\/aeronoticias.com.pe\/noticiero\/","name":"Aeronoticias.com.pe","description":"Noticias de tranporte aereo, turismo, hoteles, gastronomia, actualidad, internacional","potentialAction":[{"@type":"SearchAction","target":{"@type":"EntryPoint","urlTemplate":"https:\/\/aeronoticias.com.pe\/noticiero\/?s={search_term_string}"},"query-input":{"@type":"PropertyValueSpecification","valueRequired":true,"valueName":"search_term_string"}}],"inLanguage":"es"},{"@type":"Person","@id":"https:\/\/aeronoticias.com.pe\/noticiero\/#\/schema\/person\/fc1e5d578f4b62ba1cf7ac2bba1170a0","name":"Redacci\u00f3n Aeronoticias","url":"https:\/\/aeronoticias.com.pe\/noticiero\/author\/piloto\/"}]}},"_links":{"self":[{"href":"https:\/\/aeronoticias.com.pe\/noticiero\/wp-json\/wp\/v2\/posts\/30455","targetHints":{"allow":["GET"]}}],"collection":[{"href":"https:\/\/aeronoticias.com.pe\/noticiero\/wp-json\/wp\/v2\/posts"}],"about":[{"href":"https:\/\/aeronoticias.com.pe\/noticiero\/wp-json\/wp\/v2\/types\/post"}],"author":[{"embeddable":true,"href":"https:\/\/aeronoticias.com.pe\/noticiero\/wp-json\/wp\/v2\/users\/1"}],"replies":[{"embeddable":true,"href":"https:\/\/aeronoticias.com.pe\/noticiero\/wp-json\/wp\/v2\/comments?post=30455"}],"version-history":[{"count":0,"href":"https:\/\/aeronoticias.com.pe\/noticiero\/wp-json\/wp\/v2\/posts\/30455\/revisions"}],"wp:attachment":[{"href":"https:\/\/aeronoticias.com.pe\/noticiero\/wp-json\/wp\/v2\/media?parent=30455"}],"wp:term":[{"taxonomy":"category","embeddable":true,"href":"https:\/\/aeronoticias.com.pe\/noticiero\/wp-json\/wp\/v2\/categories?post=30455"},{"taxonomy":"post_tag","embeddable":true,"href":"https:\/\/aeronoticias.com.pe\/noticiero\/wp-json\/wp\/v2\/tags?post=30455"}],"curies":[{"name":"wp","href":"https:\/\/api.w.org\/{rel}","templated":true}]}}