{"id":30456,"date":"2012-09-15T23:26:09","date_gmt":"2012-09-15T23:26:09","guid":{"rendered":"http:\/\/desarrollo.mcvicious.com\/aero2020\/2012\/09\/15\/en-julio-economia-peruana-crecio-721\/"},"modified":"2012-09-15T23:26:09","modified_gmt":"2012-09-15T23:26:09","slug":"en-julio-economia-peruana-crecio-721","status":"publish","type":"post","link":"https:\/\/aeronoticias.com.pe\/noticiero\/economia\/en-julio-economia-peruana-crecio-721\/","title":{"rendered":"En junio econom\u00eda peruana creci\u00f3 7,21%"},"content":{"rendered":"<p style=\"text-align: justify;\"><strong>(Aeronoticias).-<\/strong>El Instituto Nacional de Estad\u00edstica e Inform\u00e1tica (INEI), inform\u00f3 que la producci\u00f3n nacional ha logrado expandirse en 7,21% en junio del presente a\u00f1o, en relaci\u00f3n al mismo mes del a\u00f1o anterior, contabilizando 35 meses de crecimiento continuo, debido al comportamiento favorable de casi todos los sectores econ\u00f3micos, principalmente el de Construcci\u00f3n.<\/p>\n<p style=\"text-align: justify;\">En los primeros siete meses del a\u00f1o el Producto Bruto Interno (PBI) peruano acumul\u00f3 un incremento de 6,27% y\u00a0 en el perodo anual una variaci\u00f3n positiva de 6,19%.<\/p>\n<p style=\"text-align: justify;\">El  resultado de la actividad econ\u00f3mica del pa\u00eds se sustent\u00f3\u00a0 en la  mayor demanda interna y en la externa, principalmente de productos no  tradicionales, indic\u00f3 el INEI.<\/p>\n<p>La evoluci\u00f3n positiva de la  demanda interna se evidenci\u00f3 en las mayores ventas al por menor a los  hogares (6,96%), el consumo del gobierno (0,54%), la mayor importaci\u00f3n  de bienes de consumo (32,70%), as\u00ed como la venta de autos ligeros en  46,06%.<\/p>\n<p>Tambi\u00e9n influy\u00f3 la mayor importaci\u00f3n de bienes de capital  y materiales para la construcci\u00f3n (21,85%) y la inversi\u00f3n en  construcci\u00f3n (21,47%).<\/p>\n<p> El INEI inform\u00f3 que aumentaron  las exportaciones de productos no tradicionales (1,39%) resaltando  productos mineros no met\u00e1licos, textiles, agropecuarios y  metalmec\u00e1nicos. Entre las exportaciones tradicionales aumentaron los  env\u00edos de cobre y esta\u00f1o.<\/p>\n<p><strong><img decoding=\"async\" src=\"images\/stories\/12\/09\/150912\/empresasconstruccin.jpg\" border=\"0\" alt=\"crecimiento\" title=\"crecimiento\" \/><br \/><\/strong><\/p>\n","protected":false},"excerpt":{"rendered":"<p>(Aeronoticias).-El Instituto Nacional de Estad\u00edstica e Inform\u00e1tica (INEI), inform\u00f3 que la producci\u00f3n nacional ha logrado expandirse en 7,21% en junio del presente a\u00f1o, en relaci\u00f3n al mismo mes del a\u00f1o anterior, contabilizando 35 meses de crecimiento continuo, debido al comportamiento favorable de casi todos los sectores econ\u00f3micos, principalmente el de Construcci\u00f3n. En los primeros siete [&hellip;]<\/p>\n","protected":false},"author":1,"featured_media":0,"comment_status":"open","ping_status":"open","sticky":false,"template":"","format":"standard","meta":{"tdm_status":"","tdm_grid_status":"","footnotes":""},"categories":[33],"tags":[],"class_list":{"0":"post-30456","1":"post","2":"type-post","3":"status-publish","4":"format-standard","6":"category-economia"},"yoast_head":"<!-- This site is optimized with the Yoast SEO plugin v25.1 - https:\/\/yoast.com\/wordpress\/plugins\/seo\/ -->\n<title>En junio econom\u00eda peruana creci\u00f3 7,21%<\/title>\n<meta name=\"description\" content=\"Portal de noticias del Per\u00fa sobre el transporte a\u00e9reo, aviaci\u00f3n, turismo, hoteleria, actualidad.\" \/>\n<meta name=\"robots\" content=\"index, follow, max-snippet:-1, max-image-preview:large, max-video-preview:-1\" \/>\n<link rel=\"canonical\" href=\"https:\/\/aeronoticias.com.pe\/noticiero\/economia\/en-julio-economia-peruana-crecio-721\/\" \/>\n<meta property=\"og:locale\" content=\"es_ES\" \/>\n<meta property=\"og:type\" content=\"article\" \/>\n<meta property=\"og:title\" content=\"En junio econom\u00eda peruana creci\u00f3 7,21%\" \/>\n<meta property=\"og:description\" content=\"Portal de noticias del Per\u00fa sobre el transporte a\u00e9reo, aviaci\u00f3n, turismo, hoteleria, actualidad.\" \/>\n<meta property=\"og:url\" content=\"https:\/\/aeronoticias.com.pe\/noticiero\/economia\/en-julio-economia-peruana-crecio-721\/\" \/>\n<meta property=\"og:site_name\" content=\"Aeronoticias.com.pe\" \/>\n<meta property=\"article:publisher\" content=\"https:\/\/www.facebook.com\/Aeronoticias.com.pe\/\" \/>\n<meta property=\"article:published_time\" content=\"2012-09-15T23:26:09+00:00\" \/>\n<meta name=\"author\" content=\"Redacci\u00f3n Aeronoticias\" \/>\n<meta name=\"twitter:card\" content=\"summary_large_image\" \/>\n<meta name=\"twitter:creator\" content=\"@aeronoticias\" \/>\n<meta name=\"twitter:site\" content=\"@aeronoticias\" \/>\n<meta name=\"twitter:label1\" content=\"Escrito por\" \/>\n\t<meta name=\"twitter:data1\" content=\"Redacci\u00f3n Aeronoticias\" \/>\n\t<meta name=\"twitter:label2\" content=\"Tiempo de lectura\" \/>\n\t<meta name=\"twitter:data2\" content=\"1 minuto\" \/>\n<script type=\"application\/ld+json\" class=\"yoast-schema-graph\">{\"@context\":\"https:\/\/schema.org\",\"@graph\":[{\"@type\":\"WebPage\",\"@id\":\"https:\/\/aeronoticias.com.pe\/noticiero\/economia\/en-julio-economia-peruana-crecio-721\/\",\"url\":\"https:\/\/aeronoticias.com.pe\/noticiero\/economia\/en-julio-economia-peruana-crecio-721\/\",\"name\":\"En junio econom\u00eda peruana creci\u00f3 7,21%\",\"isPartOf\":{\"@id\":\"https:\/\/aeronoticias.com.pe\/noticiero\/#website\"},\"datePublished\":\"2012-09-15T23:26:09+00:00\",\"author\":{\"@id\":\"https:\/\/aeronoticias.com.pe\/noticiero\/#\/schema\/person\/fc1e5d578f4b62ba1cf7ac2bba1170a0\"},\"description\":\"Portal de noticias del Per\u00fa sobre el transporte a\u00e9reo, aviaci\u00f3n, turismo, hoteleria, actualidad.\",\"breadcrumb\":{\"@id\":\"https:\/\/aeronoticias.com.pe\/noticiero\/economia\/en-julio-economia-peruana-crecio-721\/#breadcrumb\"},\"inLanguage\":\"es\",\"potentialAction\":[{\"@type\":\"ReadAction\",\"target\":[\"https:\/\/aeronoticias.com.pe\/noticiero\/economia\/en-julio-economia-peruana-crecio-721\/\"]}]},{\"@type\":\"BreadcrumbList\",\"@id\":\"https:\/\/aeronoticias.com.pe\/noticiero\/economia\/en-julio-economia-peruana-crecio-721\/#breadcrumb\",\"itemListElement\":[{\"@type\":\"ListItem\",\"position\":1,\"name\":\"Portada\",\"item\":\"https:\/\/aeronoticias.com.pe\/noticiero\/\"},{\"@type\":\"ListItem\",\"position\":2,\"name\":\"En junio econom\u00eda peruana creci\u00f3 7,21%\"}]},{\"@type\":\"WebSite\",\"@id\":\"https:\/\/aeronoticias.com.pe\/noticiero\/#website\",\"url\":\"https:\/\/aeronoticias.com.pe\/noticiero\/\",\"name\":\"Aeronoticias.com.pe\",\"description\":\"Noticias de tranporte aereo, turismo, hoteles, gastronomia, actualidad, internacional\",\"potentialAction\":[{\"@type\":\"SearchAction\",\"target\":{\"@type\":\"EntryPoint\",\"urlTemplate\":\"https:\/\/aeronoticias.com.pe\/noticiero\/?s={search_term_string}\"},\"query-input\":{\"@type\":\"PropertyValueSpecification\",\"valueRequired\":true,\"valueName\":\"search_term_string\"}}],\"inLanguage\":\"es\"},{\"@type\":\"Person\",\"@id\":\"https:\/\/aeronoticias.com.pe\/noticiero\/#\/schema\/person\/fc1e5d578f4b62ba1cf7ac2bba1170a0\",\"name\":\"Redacci\u00f3n Aeronoticias\",\"url\":\"https:\/\/aeronoticias.com.pe\/noticiero\/author\/piloto\/\"}]}<\/script>\n<!-- \/ Yoast SEO plugin. -->","yoast_head_json":{"title":"En junio econom\u00eda peruana creci\u00f3 7,21%","description":"Portal de noticias del Per\u00fa sobre el transporte a\u00e9reo, aviaci\u00f3n, turismo, hoteleria, actualidad.","robots":{"index":"index","follow":"follow","max-snippet":"max-snippet:-1","max-image-preview":"max-image-preview:large","max-video-preview":"max-video-preview:-1"},"canonical":"https:\/\/aeronoticias.com.pe\/noticiero\/economia\/en-julio-economia-peruana-crecio-721\/","og_locale":"es_ES","og_type":"article","og_title":"En junio econom\u00eda peruana creci\u00f3 7,21%","og_description":"Portal de noticias del Per\u00fa sobre el transporte a\u00e9reo, aviaci\u00f3n, turismo, hoteleria, actualidad.","og_url":"https:\/\/aeronoticias.com.pe\/noticiero\/economia\/en-julio-economia-peruana-crecio-721\/","og_site_name":"Aeronoticias.com.pe","article_publisher":"https:\/\/www.facebook.com\/Aeronoticias.com.pe\/","article_published_time":"2012-09-15T23:26:09+00:00","author":"Redacci\u00f3n Aeronoticias","twitter_card":"summary_large_image","twitter_creator":"@aeronoticias","twitter_site":"@aeronoticias","twitter_misc":{"Escrito por":"Redacci\u00f3n Aeronoticias","Tiempo de lectura":"1 minuto"},"schema":{"@context":"https:\/\/schema.org","@graph":[{"@type":"WebPage","@id":"https:\/\/aeronoticias.com.pe\/noticiero\/economia\/en-julio-economia-peruana-crecio-721\/","url":"https:\/\/aeronoticias.com.pe\/noticiero\/economia\/en-julio-economia-peruana-crecio-721\/","name":"En junio econom\u00eda peruana creci\u00f3 7,21%","isPartOf":{"@id":"https:\/\/aeronoticias.com.pe\/noticiero\/#website"},"datePublished":"2012-09-15T23:26:09+00:00","author":{"@id":"https:\/\/aeronoticias.com.pe\/noticiero\/#\/schema\/person\/fc1e5d578f4b62ba1cf7ac2bba1170a0"},"description":"Portal de noticias del Per\u00fa sobre el transporte a\u00e9reo, aviaci\u00f3n, turismo, hoteleria, actualidad.","breadcrumb":{"@id":"https:\/\/aeronoticias.com.pe\/noticiero\/economia\/en-julio-economia-peruana-crecio-721\/#breadcrumb"},"inLanguage":"es","potentialAction":[{"@type":"ReadAction","target":["https:\/\/aeronoticias.com.pe\/noticiero\/economia\/en-julio-economia-peruana-crecio-721\/"]}]},{"@type":"BreadcrumbList","@id":"https:\/\/aeronoticias.com.pe\/noticiero\/economia\/en-julio-economia-peruana-crecio-721\/#breadcrumb","itemListElement":[{"@type":"ListItem","position":1,"name":"Portada","item":"https:\/\/aeronoticias.com.pe\/noticiero\/"},{"@type":"ListItem","position":2,"name":"En junio econom\u00eda peruana creci\u00f3 7,21%"}]},{"@type":"WebSite","@id":"https:\/\/aeronoticias.com.pe\/noticiero\/#website","url":"https:\/\/aeronoticias.com.pe\/noticiero\/","name":"Aeronoticias.com.pe","description":"Noticias de tranporte aereo, turismo, hoteles, gastronomia, actualidad, internacional","potentialAction":[{"@type":"SearchAction","target":{"@type":"EntryPoint","urlTemplate":"https:\/\/aeronoticias.com.pe\/noticiero\/?s={search_term_string}"},"query-input":{"@type":"PropertyValueSpecification","valueRequired":true,"valueName":"search_term_string"}}],"inLanguage":"es"},{"@type":"Person","@id":"https:\/\/aeronoticias.com.pe\/noticiero\/#\/schema\/person\/fc1e5d578f4b62ba1cf7ac2bba1170a0","name":"Redacci\u00f3n Aeronoticias","url":"https:\/\/aeronoticias.com.pe\/noticiero\/author\/piloto\/"}]}},"_links":{"self":[{"href":"https:\/\/aeronoticias.com.pe\/noticiero\/wp-json\/wp\/v2\/posts\/30456","targetHints":{"allow":["GET"]}}],"collection":[{"href":"https:\/\/aeronoticias.com.pe\/noticiero\/wp-json\/wp\/v2\/posts"}],"about":[{"href":"https:\/\/aeronoticias.com.pe\/noticiero\/wp-json\/wp\/v2\/types\/post"}],"author":[{"embeddable":true,"href":"https:\/\/aeronoticias.com.pe\/noticiero\/wp-json\/wp\/v2\/users\/1"}],"replies":[{"embeddable":true,"href":"https:\/\/aeronoticias.com.pe\/noticiero\/wp-json\/wp\/v2\/comments?post=30456"}],"version-history":[{"count":0,"href":"https:\/\/aeronoticias.com.pe\/noticiero\/wp-json\/wp\/v2\/posts\/30456\/revisions"}],"wp:attachment":[{"href":"https:\/\/aeronoticias.com.pe\/noticiero\/wp-json\/wp\/v2\/media?parent=30456"}],"wp:term":[{"taxonomy":"category","embeddable":true,"href":"https:\/\/aeronoticias.com.pe\/noticiero\/wp-json\/wp\/v2\/categories?post=30456"},{"taxonomy":"post_tag","embeddable":true,"href":"https:\/\/aeronoticias.com.pe\/noticiero\/wp-json\/wp\/v2\/tags?post=30456"}],"curies":[{"name":"wp","href":"https:\/\/api.w.org\/{rel}","templated":true}]}}