{"id":30457,"date":"2012-09-15T23:30:13","date_gmt":"2012-09-15T23:30:13","guid":{"rendered":"http:\/\/desarrollo.mcvicious.com\/aero2020\/2012\/09\/15\/magaly-medina-podria-ir-a-el-gran-show-y-reencontrarse-con-gisela\/"},"modified":"2012-09-15T23:30:13","modified_gmt":"2012-09-15T23:30:13","slug":"magaly-medina-podria-ir-a-el-gran-show-y-reencontrarse-con-gisela","status":"publish","type":"post","link":"https:\/\/aeronoticias.com.pe\/noticiero\/espectaculos\/magaly-medina-podria-ir-a-el-gran-show-y-reencontrarse-con-gisela\/","title":{"rendered":"Magaly Medina podr\u00eda ir a &#8216;El Gran Show&#8217; y reencontrarse con Gisela"},"content":{"rendered":"<p style=\"text-align: justify;\"><strong>(Aeronoticias).-<\/strong>La siempre pol\u00e9mica periodista, Magaly Medina, podr\u00eda presentarse en el programa de Gisela Valc\u00e1rcel, al haber recibido con buen \u00e1nimo la invitaci\u00f3n que le hiciera la recordada se\u00f1ito para acudir al Gran Show, y participar en la secuencia \u00abEl Desaf\u00edo\u00bb.<\/p>\n<p style=\"text-align: justify;\">La popular urraca confirm\u00f3 que ya no quiere tomarse un pisquito con su comadre, como llama a Gisela, sino un caf\u00e9, pero en un lugar lejos de las c\u00e1maras.<\/p>\n<p style=\"text-align: justify;\">Cabe precisar que para que se concrete este encuentro entre Gisela y Magaly, s\u00f3lo faltar\u00eda que los productores de ambas figuras de la televisi\u00f3n, Ney Guerrero y Ricky Rodr\u00edguez programen la fecha del esperado encuentro.<\/p>\n<p>En declaraciones a un medio local Medina dijo:\u00bbComadre, vamos a tomarnos un caf\u00e9 y conversar largo y tendido\u00bb.<\/p>\n<p>De  concretarse este encuentro, se convertir\u00eda en todo un suceso en la televisi\u00f3n  peruana, pues se juntar\u00edan por primera vez, las famosas estrellas de la  pantalla chica que, hasta solo hace unos a\u00f1os, eran enemigas a muerte.<br \/><img decoding=\"async\" src=\"images\/stories\/12\/09\/150912\/divastv.jpg\" border=\"0\" alt=\"artistas\" title=\"artistas\" \/><\/p>\n","protected":false},"excerpt":{"rendered":"<p>(Aeronoticias).-La siempre pol\u00e9mica periodista, Magaly Medina, podr\u00eda presentarse en el programa de Gisela Valc\u00e1rcel, al haber recibido con buen \u00e1nimo la invitaci\u00f3n que le hiciera la recordada se\u00f1ito para acudir al Gran Show, y participar en la secuencia \u00abEl Desaf\u00edo\u00bb. La popular urraca confirm\u00f3 que ya no quiere tomarse un pisquito con su comadre, como [&hellip;]<\/p>\n","protected":false},"author":1,"featured_media":0,"comment_status":"open","ping_status":"open","sticky":false,"template":"","format":"standard","meta":{"tdm_status":"","tdm_grid_status":"","footnotes":""},"categories":[41],"tags":[],"class_list":{"0":"post-30457","1":"post","2":"type-post","3":"status-publish","4":"format-standard","6":"category-espectaculos"},"yoast_head":"<!-- This site is optimized with the Yoast SEO plugin v25.1 - https:\/\/yoast.com\/wordpress\/plugins\/seo\/ -->\n<title>Magaly Medina podr\u00eda ir a &#039;El Gran Show&#039; y reencontrarse con Gisela<\/title>\n<meta name=\"description\" content=\"Portal de noticias del Per\u00fa sobre el transporte a\u00e9reo, aviaci\u00f3n, turismo, hoteleria, actualidad.\" \/>\n<meta name=\"robots\" content=\"index, follow, max-snippet:-1, max-image-preview:large, max-video-preview:-1\" \/>\n<link rel=\"canonical\" href=\"https:\/\/aeronoticias.com.pe\/noticiero\/espectaculos\/magaly-medina-podria-ir-a-el-gran-show-y-reencontrarse-con-gisela\/\" \/>\n<meta property=\"og:locale\" content=\"es_ES\" \/>\n<meta property=\"og:type\" content=\"article\" \/>\n<meta property=\"og:title\" content=\"Magaly Medina podr\u00eda ir a &#039;El Gran Show&#039; y reencontrarse con Gisela\" \/>\n<meta property=\"og:description\" content=\"Portal de noticias del Per\u00fa sobre el transporte a\u00e9reo, aviaci\u00f3n, turismo, hoteleria, actualidad.\" \/>\n<meta property=\"og:url\" content=\"https:\/\/aeronoticias.com.pe\/noticiero\/espectaculos\/magaly-medina-podria-ir-a-el-gran-show-y-reencontrarse-con-gisela\/\" \/>\n<meta property=\"og:site_name\" content=\"Aeronoticias.com.pe\" \/>\n<meta property=\"article:publisher\" content=\"https:\/\/www.facebook.com\/Aeronoticias.com.pe\/\" \/>\n<meta property=\"article:published_time\" content=\"2012-09-15T23:30:13+00:00\" \/>\n<meta name=\"author\" content=\"Redacci\u00f3n Aeronoticias\" \/>\n<meta name=\"twitter:card\" content=\"summary_large_image\" \/>\n<meta name=\"twitter:creator\" content=\"@aeronoticias\" \/>\n<meta name=\"twitter:site\" content=\"@aeronoticias\" \/>\n<meta name=\"twitter:label1\" content=\"Escrito por\" \/>\n\t<meta name=\"twitter:data1\" content=\"Redacci\u00f3n Aeronoticias\" \/>\n\t<meta name=\"twitter:label2\" content=\"Tiempo de lectura\" \/>\n\t<meta name=\"twitter:data2\" content=\"1 minuto\" \/>\n<script type=\"application\/ld+json\" class=\"yoast-schema-graph\">{\"@context\":\"https:\/\/schema.org\",\"@graph\":[{\"@type\":\"WebPage\",\"@id\":\"https:\/\/aeronoticias.com.pe\/noticiero\/espectaculos\/magaly-medina-podria-ir-a-el-gran-show-y-reencontrarse-con-gisela\/\",\"url\":\"https:\/\/aeronoticias.com.pe\/noticiero\/espectaculos\/magaly-medina-podria-ir-a-el-gran-show-y-reencontrarse-con-gisela\/\",\"name\":\"Magaly Medina podr\u00eda ir a 'El Gran Show' y reencontrarse con Gisela\",\"isPartOf\":{\"@id\":\"https:\/\/aeronoticias.com.pe\/noticiero\/#website\"},\"datePublished\":\"2012-09-15T23:30:13+00:00\",\"author\":{\"@id\":\"https:\/\/aeronoticias.com.pe\/noticiero\/#\/schema\/person\/fc1e5d578f4b62ba1cf7ac2bba1170a0\"},\"description\":\"Portal de noticias del Per\u00fa sobre el transporte a\u00e9reo, aviaci\u00f3n, turismo, hoteleria, actualidad.\",\"breadcrumb\":{\"@id\":\"https:\/\/aeronoticias.com.pe\/noticiero\/espectaculos\/magaly-medina-podria-ir-a-el-gran-show-y-reencontrarse-con-gisela\/#breadcrumb\"},\"inLanguage\":\"es\",\"potentialAction\":[{\"@type\":\"ReadAction\",\"target\":[\"https:\/\/aeronoticias.com.pe\/noticiero\/espectaculos\/magaly-medina-podria-ir-a-el-gran-show-y-reencontrarse-con-gisela\/\"]}]},{\"@type\":\"BreadcrumbList\",\"@id\":\"https:\/\/aeronoticias.com.pe\/noticiero\/espectaculos\/magaly-medina-podria-ir-a-el-gran-show-y-reencontrarse-con-gisela\/#breadcrumb\",\"itemListElement\":[{\"@type\":\"ListItem\",\"position\":1,\"name\":\"Portada\",\"item\":\"https:\/\/aeronoticias.com.pe\/noticiero\/\"},{\"@type\":\"ListItem\",\"position\":2,\"name\":\"Magaly Medina podr\u00eda ir a &#8216;El Gran Show&#8217; y reencontrarse con Gisela\"}]},{\"@type\":\"WebSite\",\"@id\":\"https:\/\/aeronoticias.com.pe\/noticiero\/#website\",\"url\":\"https:\/\/aeronoticias.com.pe\/noticiero\/\",\"name\":\"Aeronoticias.com.pe\",\"description\":\"Noticias de tranporte aereo, turismo, hoteles, gastronomia, actualidad, internacional\",\"potentialAction\":[{\"@type\":\"SearchAction\",\"target\":{\"@type\":\"EntryPoint\",\"urlTemplate\":\"https:\/\/aeronoticias.com.pe\/noticiero\/?s={search_term_string}\"},\"query-input\":{\"@type\":\"PropertyValueSpecification\",\"valueRequired\":true,\"valueName\":\"search_term_string\"}}],\"inLanguage\":\"es\"},{\"@type\":\"Person\",\"@id\":\"https:\/\/aeronoticias.com.pe\/noticiero\/#\/schema\/person\/fc1e5d578f4b62ba1cf7ac2bba1170a0\",\"name\":\"Redacci\u00f3n Aeronoticias\",\"url\":\"https:\/\/aeronoticias.com.pe\/noticiero\/author\/piloto\/\"}]}<\/script>\n<!-- \/ Yoast SEO plugin. -->","yoast_head_json":{"title":"Magaly Medina podr\u00eda ir a 'El Gran Show' y reencontrarse con Gisela","description":"Portal de noticias del Per\u00fa sobre el transporte a\u00e9reo, aviaci\u00f3n, turismo, hoteleria, actualidad.","robots":{"index":"index","follow":"follow","max-snippet":"max-snippet:-1","max-image-preview":"max-image-preview:large","max-video-preview":"max-video-preview:-1"},"canonical":"https:\/\/aeronoticias.com.pe\/noticiero\/espectaculos\/magaly-medina-podria-ir-a-el-gran-show-y-reencontrarse-con-gisela\/","og_locale":"es_ES","og_type":"article","og_title":"Magaly Medina podr\u00eda ir a 'El Gran Show' y reencontrarse con Gisela","og_description":"Portal de noticias del Per\u00fa sobre el transporte a\u00e9reo, aviaci\u00f3n, turismo, hoteleria, actualidad.","og_url":"https:\/\/aeronoticias.com.pe\/noticiero\/espectaculos\/magaly-medina-podria-ir-a-el-gran-show-y-reencontrarse-con-gisela\/","og_site_name":"Aeronoticias.com.pe","article_publisher":"https:\/\/www.facebook.com\/Aeronoticias.com.pe\/","article_published_time":"2012-09-15T23:30:13+00:00","author":"Redacci\u00f3n Aeronoticias","twitter_card":"summary_large_image","twitter_creator":"@aeronoticias","twitter_site":"@aeronoticias","twitter_misc":{"Escrito por":"Redacci\u00f3n Aeronoticias","Tiempo de lectura":"1 minuto"},"schema":{"@context":"https:\/\/schema.org","@graph":[{"@type":"WebPage","@id":"https:\/\/aeronoticias.com.pe\/noticiero\/espectaculos\/magaly-medina-podria-ir-a-el-gran-show-y-reencontrarse-con-gisela\/","url":"https:\/\/aeronoticias.com.pe\/noticiero\/espectaculos\/magaly-medina-podria-ir-a-el-gran-show-y-reencontrarse-con-gisela\/","name":"Magaly Medina podr\u00eda ir a 'El Gran Show' y reencontrarse con Gisela","isPartOf":{"@id":"https:\/\/aeronoticias.com.pe\/noticiero\/#website"},"datePublished":"2012-09-15T23:30:13+00:00","author":{"@id":"https:\/\/aeronoticias.com.pe\/noticiero\/#\/schema\/person\/fc1e5d578f4b62ba1cf7ac2bba1170a0"},"description":"Portal de noticias del Per\u00fa sobre el transporte a\u00e9reo, aviaci\u00f3n, turismo, hoteleria, actualidad.","breadcrumb":{"@id":"https:\/\/aeronoticias.com.pe\/noticiero\/espectaculos\/magaly-medina-podria-ir-a-el-gran-show-y-reencontrarse-con-gisela\/#breadcrumb"},"inLanguage":"es","potentialAction":[{"@type":"ReadAction","target":["https:\/\/aeronoticias.com.pe\/noticiero\/espectaculos\/magaly-medina-podria-ir-a-el-gran-show-y-reencontrarse-con-gisela\/"]}]},{"@type":"BreadcrumbList","@id":"https:\/\/aeronoticias.com.pe\/noticiero\/espectaculos\/magaly-medina-podria-ir-a-el-gran-show-y-reencontrarse-con-gisela\/#breadcrumb","itemListElement":[{"@type":"ListItem","position":1,"name":"Portada","item":"https:\/\/aeronoticias.com.pe\/noticiero\/"},{"@type":"ListItem","position":2,"name":"Magaly Medina podr\u00eda ir a &#8216;El Gran Show&#8217; y reencontrarse con Gisela"}]},{"@type":"WebSite","@id":"https:\/\/aeronoticias.com.pe\/noticiero\/#website","url":"https:\/\/aeronoticias.com.pe\/noticiero\/","name":"Aeronoticias.com.pe","description":"Noticias de tranporte aereo, turismo, hoteles, gastronomia, actualidad, internacional","potentialAction":[{"@type":"SearchAction","target":{"@type":"EntryPoint","urlTemplate":"https:\/\/aeronoticias.com.pe\/noticiero\/?s={search_term_string}"},"query-input":{"@type":"PropertyValueSpecification","valueRequired":true,"valueName":"search_term_string"}}],"inLanguage":"es"},{"@type":"Person","@id":"https:\/\/aeronoticias.com.pe\/noticiero\/#\/schema\/person\/fc1e5d578f4b62ba1cf7ac2bba1170a0","name":"Redacci\u00f3n Aeronoticias","url":"https:\/\/aeronoticias.com.pe\/noticiero\/author\/piloto\/"}]}},"_links":{"self":[{"href":"https:\/\/aeronoticias.com.pe\/noticiero\/wp-json\/wp\/v2\/posts\/30457","targetHints":{"allow":["GET"]}}],"collection":[{"href":"https:\/\/aeronoticias.com.pe\/noticiero\/wp-json\/wp\/v2\/posts"}],"about":[{"href":"https:\/\/aeronoticias.com.pe\/noticiero\/wp-json\/wp\/v2\/types\/post"}],"author":[{"embeddable":true,"href":"https:\/\/aeronoticias.com.pe\/noticiero\/wp-json\/wp\/v2\/users\/1"}],"replies":[{"embeddable":true,"href":"https:\/\/aeronoticias.com.pe\/noticiero\/wp-json\/wp\/v2\/comments?post=30457"}],"version-history":[{"count":0,"href":"https:\/\/aeronoticias.com.pe\/noticiero\/wp-json\/wp\/v2\/posts\/30457\/revisions"}],"wp:attachment":[{"href":"https:\/\/aeronoticias.com.pe\/noticiero\/wp-json\/wp\/v2\/media?parent=30457"}],"wp:term":[{"taxonomy":"category","embeddable":true,"href":"https:\/\/aeronoticias.com.pe\/noticiero\/wp-json\/wp\/v2\/categories?post=30457"},{"taxonomy":"post_tag","embeddable":true,"href":"https:\/\/aeronoticias.com.pe\/noticiero\/wp-json\/wp\/v2\/tags?post=30457"}],"curies":[{"name":"wp","href":"https:\/\/api.w.org\/{rel}","templated":true}]}}