{"id":30716,"date":"2012-09-27T02:55:46","date_gmt":"2012-09-27T02:55:46","guid":{"rendered":"http:\/\/desarrollo.mcvicious.com\/aero2020\/2012\/09\/27\/justin-bieber-expresa-su-tristeza-por-fallecimiento-de-pequena-fans-victima-de-cancer\/"},"modified":"2012-09-27T02:55:46","modified_gmt":"2012-09-27T02:55:46","slug":"justin-bieber-expresa-su-tristeza-por-fallecimiento-de-pequena-fans-victima-de-cancer","status":"publish","type":"post","link":"https:\/\/aeronoticias.com.pe\/noticiero\/espectaculos\/justin-bieber-expresa-su-tristeza-por-fallecimiento-de-pequena-fans-victima-de-cancer\/","title":{"rendered":"Justin Bieber expresa su tristeza por fallecimiento de peque\u00f1a fans v\u00edctima de c\u00e1ncer"},"content":{"rendered":"<p><strong>(Aeronoticias).-<\/strong>Hace unos meses atr\u00e1s, conmovi\u00f3 ver las im\u00e1genes de una peque\u00f1a ni\u00f1a de 6 a\u00f1os, cuyo nombre era Avalanna Routh, quien sufr\u00eda de c\u00e1ncer, y su \u00faltimo deseo era conocer a su \u00eddolo, Justin Bieber.<\/p>\n<p><strong><a href=\"http:\/\/www.rpp.com.pe\/2012-02-16-justin-bieber-cumplio-sueno-de-pequena-con-cancer-que-queria-conocerlo-noticia_451751.html\" target=\"_blank\" rel=\"noopener noreferrer\"><\/a><\/strong><\/p>\n<p style=\"text-align: justify;\">Cabe precisar que \u00e9l popular int\u00e9rprete  le pag\u00f3 un pasaje de avi\u00f3n junto a su familia para que vayan en su  encuentro hasta Boston y no dud\u00f3 en compartir fotograf\u00edas del encuentro y  catalogarlo como \u201cuna de las mejores cosas que he hecho. Ella es  maravillosa\u201d, dijo el \u00eddolo juvenil del momento.<\/p>\n<p style=\"text-align: justify;\">Pero hoy esa inmensa alegr\u00eda por haber cumplido un sue\u00f1o a su peque\u00f1a y fiel seguidora, se convirti\u00f3 en una profunda tristeza, al enterarse que Avalanna falleci\u00f3 v\u00edctima de la penosa enfermedad que la aquejaba.<\/p>\n<p style=\"text-align: justify;\">A trav\u00e9s de su cuenta de Twitter,\u00a0 expres\u00f3 su pesar por la muerte de su peque\u00f1a fans. \u00abAcabo de recibir la peor noticia. Uno de los grandes esp\u00edritus que he conocido se ha ido. Por favor oren por su familia y por ella. RIP Avalanna. Te quiero\u00bb.<\/p>\n<p>\u00a0<\/p>\n<p>\u00a0<\/p>\n<p>Agreg\u00f3 que \u201cla echo de menos\u201d y pidi\u00f3 \u201crespeto para ella y su familia\u201d.<\/p>\n<p><img decoding=\"async\" src=\"images\/stories\/12\/09\/260912\/pequeafansjustin.jpg\" border=\"0\" alt=\"fans\" title=\"fans\" \/><\/p>\n","protected":false},"excerpt":{"rendered":"<p>(Aeronoticias).-Hace unos meses atr\u00e1s, conmovi\u00f3 ver las im\u00e1genes de una peque\u00f1a ni\u00f1a de 6 a\u00f1os, cuyo nombre era Avalanna Routh, quien sufr\u00eda de c\u00e1ncer, y su \u00faltimo deseo era conocer a su \u00eddolo, Justin Bieber. Cabe precisar que \u00e9l popular int\u00e9rprete le pag\u00f3 un pasaje de avi\u00f3n junto a su familia para que vayan en [&hellip;]<\/p>\n","protected":false},"author":1,"featured_media":0,"comment_status":"open","ping_status":"open","sticky":false,"template":"","format":"standard","meta":{"tdm_status":"","tdm_grid_status":"","footnotes":""},"categories":[41],"tags":[],"class_list":{"0":"post-30716","1":"post","2":"type-post","3":"status-publish","4":"format-standard","6":"category-espectaculos"},"yoast_head":"<!-- This site is optimized with the Yoast SEO plugin v25.1 - https:\/\/yoast.com\/wordpress\/plugins\/seo\/ -->\n<title>Justin Bieber expresa su tristeza por fallecimiento de peque\u00f1a fans v\u00edctima de c\u00e1ncer<\/title>\n<meta name=\"description\" content=\"Portal de noticias del Per\u00fa sobre el transporte a\u00e9reo, aviaci\u00f3n, turismo, hoteleria, actualidad.\" \/>\n<meta name=\"robots\" content=\"index, follow, max-snippet:-1, max-image-preview:large, max-video-preview:-1\" \/>\n<link rel=\"canonical\" href=\"https:\/\/aeronoticias.com.pe\/noticiero\/espectaculos\/justin-bieber-expresa-su-tristeza-por-fallecimiento-de-pequena-fans-victima-de-cancer\/\" \/>\n<meta property=\"og:locale\" content=\"es_ES\" \/>\n<meta property=\"og:type\" content=\"article\" \/>\n<meta property=\"og:title\" content=\"Justin Bieber expresa su tristeza por fallecimiento de peque\u00f1a fans v\u00edctima de c\u00e1ncer\" \/>\n<meta property=\"og:description\" content=\"Portal de noticias del Per\u00fa sobre el transporte a\u00e9reo, aviaci\u00f3n, turismo, hoteleria, actualidad.\" \/>\n<meta property=\"og:url\" content=\"https:\/\/aeronoticias.com.pe\/noticiero\/espectaculos\/justin-bieber-expresa-su-tristeza-por-fallecimiento-de-pequena-fans-victima-de-cancer\/\" \/>\n<meta property=\"og:site_name\" content=\"Aeronoticias.com.pe\" \/>\n<meta property=\"article:publisher\" content=\"https:\/\/www.facebook.com\/Aeronoticias.com.pe\/\" \/>\n<meta property=\"article:published_time\" content=\"2012-09-27T02:55:46+00:00\" \/>\n<meta name=\"author\" content=\"Redacci\u00f3n Aeronoticias\" \/>\n<meta name=\"twitter:card\" content=\"summary_large_image\" \/>\n<meta name=\"twitter:creator\" content=\"@aeronoticias\" \/>\n<meta name=\"twitter:site\" content=\"@aeronoticias\" \/>\n<meta name=\"twitter:label1\" content=\"Escrito por\" \/>\n\t<meta name=\"twitter:data1\" content=\"Redacci\u00f3n Aeronoticias\" \/>\n\t<meta name=\"twitter:label2\" content=\"Tiempo de lectura\" \/>\n\t<meta name=\"twitter:data2\" content=\"1 minuto\" \/>\n<script type=\"application\/ld+json\" class=\"yoast-schema-graph\">{\"@context\":\"https:\/\/schema.org\",\"@graph\":[{\"@type\":\"WebPage\",\"@id\":\"https:\/\/aeronoticias.com.pe\/noticiero\/espectaculos\/justin-bieber-expresa-su-tristeza-por-fallecimiento-de-pequena-fans-victima-de-cancer\/\",\"url\":\"https:\/\/aeronoticias.com.pe\/noticiero\/espectaculos\/justin-bieber-expresa-su-tristeza-por-fallecimiento-de-pequena-fans-victima-de-cancer\/\",\"name\":\"Justin Bieber expresa su tristeza por fallecimiento de peque\u00f1a fans v\u00edctima de c\u00e1ncer\",\"isPartOf\":{\"@id\":\"https:\/\/aeronoticias.com.pe\/noticiero\/#website\"},\"datePublished\":\"2012-09-27T02:55:46+00:00\",\"author\":{\"@id\":\"https:\/\/aeronoticias.com.pe\/noticiero\/#\/schema\/person\/fc1e5d578f4b62ba1cf7ac2bba1170a0\"},\"description\":\"Portal de noticias del Per\u00fa sobre el transporte a\u00e9reo, aviaci\u00f3n, turismo, hoteleria, actualidad.\",\"breadcrumb\":{\"@id\":\"https:\/\/aeronoticias.com.pe\/noticiero\/espectaculos\/justin-bieber-expresa-su-tristeza-por-fallecimiento-de-pequena-fans-victima-de-cancer\/#breadcrumb\"},\"inLanguage\":\"es\",\"potentialAction\":[{\"@type\":\"ReadAction\",\"target\":[\"https:\/\/aeronoticias.com.pe\/noticiero\/espectaculos\/justin-bieber-expresa-su-tristeza-por-fallecimiento-de-pequena-fans-victima-de-cancer\/\"]}]},{\"@type\":\"BreadcrumbList\",\"@id\":\"https:\/\/aeronoticias.com.pe\/noticiero\/espectaculos\/justin-bieber-expresa-su-tristeza-por-fallecimiento-de-pequena-fans-victima-de-cancer\/#breadcrumb\",\"itemListElement\":[{\"@type\":\"ListItem\",\"position\":1,\"name\":\"Portada\",\"item\":\"https:\/\/aeronoticias.com.pe\/noticiero\/\"},{\"@type\":\"ListItem\",\"position\":2,\"name\":\"Justin Bieber expresa su tristeza por fallecimiento de peque\u00f1a fans v\u00edctima de c\u00e1ncer\"}]},{\"@type\":\"WebSite\",\"@id\":\"https:\/\/aeronoticias.com.pe\/noticiero\/#website\",\"url\":\"https:\/\/aeronoticias.com.pe\/noticiero\/\",\"name\":\"Aeronoticias.com.pe\",\"description\":\"Noticias de tranporte aereo, turismo, hoteles, gastronomia, actualidad, internacional\",\"potentialAction\":[{\"@type\":\"SearchAction\",\"target\":{\"@type\":\"EntryPoint\",\"urlTemplate\":\"https:\/\/aeronoticias.com.pe\/noticiero\/?s={search_term_string}\"},\"query-input\":{\"@type\":\"PropertyValueSpecification\",\"valueRequired\":true,\"valueName\":\"search_term_string\"}}],\"inLanguage\":\"es\"},{\"@type\":\"Person\",\"@id\":\"https:\/\/aeronoticias.com.pe\/noticiero\/#\/schema\/person\/fc1e5d578f4b62ba1cf7ac2bba1170a0\",\"name\":\"Redacci\u00f3n Aeronoticias\",\"url\":\"https:\/\/aeronoticias.com.pe\/noticiero\/author\/piloto\/\"}]}<\/script>\n<!-- \/ Yoast SEO plugin. -->","yoast_head_json":{"title":"Justin Bieber expresa su tristeza por fallecimiento de peque\u00f1a fans v\u00edctima de c\u00e1ncer","description":"Portal de noticias del Per\u00fa sobre el transporte a\u00e9reo, aviaci\u00f3n, turismo, hoteleria, actualidad.","robots":{"index":"index","follow":"follow","max-snippet":"max-snippet:-1","max-image-preview":"max-image-preview:large","max-video-preview":"max-video-preview:-1"},"canonical":"https:\/\/aeronoticias.com.pe\/noticiero\/espectaculos\/justin-bieber-expresa-su-tristeza-por-fallecimiento-de-pequena-fans-victima-de-cancer\/","og_locale":"es_ES","og_type":"article","og_title":"Justin Bieber expresa su tristeza por fallecimiento de peque\u00f1a fans v\u00edctima de c\u00e1ncer","og_description":"Portal de noticias del Per\u00fa sobre el transporte a\u00e9reo, aviaci\u00f3n, turismo, hoteleria, actualidad.","og_url":"https:\/\/aeronoticias.com.pe\/noticiero\/espectaculos\/justin-bieber-expresa-su-tristeza-por-fallecimiento-de-pequena-fans-victima-de-cancer\/","og_site_name":"Aeronoticias.com.pe","article_publisher":"https:\/\/www.facebook.com\/Aeronoticias.com.pe\/","article_published_time":"2012-09-27T02:55:46+00:00","author":"Redacci\u00f3n Aeronoticias","twitter_card":"summary_large_image","twitter_creator":"@aeronoticias","twitter_site":"@aeronoticias","twitter_misc":{"Escrito por":"Redacci\u00f3n Aeronoticias","Tiempo de lectura":"1 minuto"},"schema":{"@context":"https:\/\/schema.org","@graph":[{"@type":"WebPage","@id":"https:\/\/aeronoticias.com.pe\/noticiero\/espectaculos\/justin-bieber-expresa-su-tristeza-por-fallecimiento-de-pequena-fans-victima-de-cancer\/","url":"https:\/\/aeronoticias.com.pe\/noticiero\/espectaculos\/justin-bieber-expresa-su-tristeza-por-fallecimiento-de-pequena-fans-victima-de-cancer\/","name":"Justin Bieber expresa su tristeza por fallecimiento de peque\u00f1a fans v\u00edctima de c\u00e1ncer","isPartOf":{"@id":"https:\/\/aeronoticias.com.pe\/noticiero\/#website"},"datePublished":"2012-09-27T02:55:46+00:00","author":{"@id":"https:\/\/aeronoticias.com.pe\/noticiero\/#\/schema\/person\/fc1e5d578f4b62ba1cf7ac2bba1170a0"},"description":"Portal de noticias del Per\u00fa sobre el transporte a\u00e9reo, aviaci\u00f3n, turismo, hoteleria, actualidad.","breadcrumb":{"@id":"https:\/\/aeronoticias.com.pe\/noticiero\/espectaculos\/justin-bieber-expresa-su-tristeza-por-fallecimiento-de-pequena-fans-victima-de-cancer\/#breadcrumb"},"inLanguage":"es","potentialAction":[{"@type":"ReadAction","target":["https:\/\/aeronoticias.com.pe\/noticiero\/espectaculos\/justin-bieber-expresa-su-tristeza-por-fallecimiento-de-pequena-fans-victima-de-cancer\/"]}]},{"@type":"BreadcrumbList","@id":"https:\/\/aeronoticias.com.pe\/noticiero\/espectaculos\/justin-bieber-expresa-su-tristeza-por-fallecimiento-de-pequena-fans-victima-de-cancer\/#breadcrumb","itemListElement":[{"@type":"ListItem","position":1,"name":"Portada","item":"https:\/\/aeronoticias.com.pe\/noticiero\/"},{"@type":"ListItem","position":2,"name":"Justin Bieber expresa su tristeza por fallecimiento de peque\u00f1a fans v\u00edctima de c\u00e1ncer"}]},{"@type":"WebSite","@id":"https:\/\/aeronoticias.com.pe\/noticiero\/#website","url":"https:\/\/aeronoticias.com.pe\/noticiero\/","name":"Aeronoticias.com.pe","description":"Noticias de tranporte aereo, turismo, hoteles, gastronomia, actualidad, internacional","potentialAction":[{"@type":"SearchAction","target":{"@type":"EntryPoint","urlTemplate":"https:\/\/aeronoticias.com.pe\/noticiero\/?s={search_term_string}"},"query-input":{"@type":"PropertyValueSpecification","valueRequired":true,"valueName":"search_term_string"}}],"inLanguage":"es"},{"@type":"Person","@id":"https:\/\/aeronoticias.com.pe\/noticiero\/#\/schema\/person\/fc1e5d578f4b62ba1cf7ac2bba1170a0","name":"Redacci\u00f3n Aeronoticias","url":"https:\/\/aeronoticias.com.pe\/noticiero\/author\/piloto\/"}]}},"_links":{"self":[{"href":"https:\/\/aeronoticias.com.pe\/noticiero\/wp-json\/wp\/v2\/posts\/30716","targetHints":{"allow":["GET"]}}],"collection":[{"href":"https:\/\/aeronoticias.com.pe\/noticiero\/wp-json\/wp\/v2\/posts"}],"about":[{"href":"https:\/\/aeronoticias.com.pe\/noticiero\/wp-json\/wp\/v2\/types\/post"}],"author":[{"embeddable":true,"href":"https:\/\/aeronoticias.com.pe\/noticiero\/wp-json\/wp\/v2\/users\/1"}],"replies":[{"embeddable":true,"href":"https:\/\/aeronoticias.com.pe\/noticiero\/wp-json\/wp\/v2\/comments?post=30716"}],"version-history":[{"count":0,"href":"https:\/\/aeronoticias.com.pe\/noticiero\/wp-json\/wp\/v2\/posts\/30716\/revisions"}],"wp:attachment":[{"href":"https:\/\/aeronoticias.com.pe\/noticiero\/wp-json\/wp\/v2\/media?parent=30716"}],"wp:term":[{"taxonomy":"category","embeddable":true,"href":"https:\/\/aeronoticias.com.pe\/noticiero\/wp-json\/wp\/v2\/categories?post=30716"},{"taxonomy":"post_tag","embeddable":true,"href":"https:\/\/aeronoticias.com.pe\/noticiero\/wp-json\/wp\/v2\/tags?post=30716"}],"curies":[{"name":"wp","href":"https:\/\/api.w.org\/{rel}","templated":true}]}}