{"id":310,"date":"2008-08-24T19:45:09","date_gmt":"2008-08-24T19:45:09","guid":{"rendered":"http:\/\/desarrollo.mcvicious.com\/aero2020\/2008\/08\/24\/a-us-30-millones-asciende-envde-alcachofas-al-exterior\/"},"modified":"2008-08-24T19:45:09","modified_gmt":"2008-08-24T19:45:09","slug":"a-us-30-millones-asciende-envde-alcachofas-al-exterior","status":"publish","type":"post","link":"https:\/\/aeronoticias.com.pe\/noticiero\/economia\/a-us-30-millones-asciende-envde-alcachofas-al-exterior\/","title":{"rendered":"A US$ 30 millones asciende env"},"content":{"rendered":"<blockquote>\n<p style=\"font-size: 12px; color: #003a75; font-family: Arial, Helvetica, sans-serif\" align=\"justify\">La exportaci&oacute;n de las alcachofas peruanas sum&oacute; en el primer semestre del a&ntilde;o los US$ 29 millones 564 mil, 36% m&aacute;s que en similar periodo del a&ntilde;o&nbsp;&nbsp; pasado cuando el monto ascendi&oacute; a US$ 21 millones 204 mil, inform&oacute; la Asociaci&oacute;n de Exportadores (ADEX).<\/p>\n<p style=\"font-size: 12px; color: #003a75; font-family: Arial, Helvetica, sans-serif\" align=\"justify\">La presentaci&oacute;n m&aacute;s exportada es la preparadas o conservadas sin congelar que represent&oacute; el 99.96% en tanto que las &quot;Alcachofas frescas o refrigeradas&quot; se exportaron por tan solo US$ 12 mil 698, representando el 0.04% restante.<\/p>\n<div style=\"text-align: center\"><img loading=\"lazy\" decoding=\"async\" src=\"http:\/\/aeronoticias.com.pe\/fotonoticias\/agosto\/alcachofas.JPG\" alt=\" \" title=\"A US$ 30 millones asciende env&iacute;o de alcachofas al exterior. (Foto: Internet)\" hspace=\"5\" vspace=\"5\" width=\"220\" height=\"180\" \/><\/div>\n<\/blockquote>\n<p> <!--more--> <\/p>\n<blockquote>\n<p style=\"font-size: 12px; color: #003a75; font-family: Arial, Helvetica, sans-serif\" align=\"center\"><strong>Inversi&oacute;n en investigaci&oacute;n y desarrollo<\/strong><\/p>\n<p style=\"font-size: 12px; color: #003a75; font-family: Arial, Helvetica, sans-serif\" align=\"justify\">ADEX precis&oacute; que entre los factores que alientan el crecimiento de esta hortaliza est&aacute; la inversi&oacute;n en investigaci&oacute;n y desarrollo por parte de las empresas privadas, se debe indicar adem&aacute;s que a diferencia de otros pa&iacute;ses la producci&oacute;n peruana se da todo el a&ntilde;o, concentr&aacute;ndose en los meses en los que no existe oferta de los principales productores mundiales, gracias a nuestras ventajas comparativas clim&aacute;ticas.<\/p>\n<p style=\"font-size: 12px; color: #003a75; font-family: Arial, Helvetica, sans-serif\" align=\"justify\">Fueron esas condiciones, adem&aacute;s de su extraordinaria calidad y sabor, las que conllevaron a su r&aacute;pida aceptaci&oacute;n en los mercados m&aacute;s exigentes y que su demanda avanzara a&ntilde;o tras a&ntilde;o a tasas de crecimiento notables alcanzando en el 2005 los US$ 45 millones, monto que pr&aacute;cticamente duplic&oacute; lo reportado un a&ntilde;o antes (2004), cuando cerr&oacute; en US$ 23 millones; y, enorme si se le compara con los US$ 820 mil exportados en el a&ntilde;o 2000.&nbsp;<\/p>\n<p style=\"font-size: 12px; color: #003a75; font-family: Arial, Helvetica, sans-serif\" align=\"center\"><strong>Principales pa&iacute;ses compradores de alcachofas<\/strong><\/p>\n<p style=\"font-size: 12px; color: #003a75; font-family: Arial, Helvetica, sans-serif\" align=\"justify\">Sobre los pa&iacute;ses destino, ADEXr revel&oacute; que se incrementaron de 15 en el primer semestre del a&ntilde;o pasado a 18 en los primeros seis meses de este a&ntilde;o. <\/p>\n<p style=\"font-size: 12px; color: #003a75; font-family: Arial, Helvetica, sans-serif\" align=\"justify\">El ranking fue liderado por EE.UU. que con compras por US$ 16 millones 951 mil, con lo que concentr&oacute; el 57% del total.&nbsp; De este modo,&nbsp;ese pa&iacute;s increment&oacute; su representatividad respecto a los primeros seis meses del a&ntilde;o pasado cuando concentr&oacute; el 41% del total de los env&iacute;os.<\/p>\n<p style=\"font-size: 12px; color: #003a75; font-family: Arial, Helvetica, sans-serif\" align=\"justify\">Otros pa&iacute;ses destinos de nuestras alcachofas son Espa&ntilde;a que en los primeros seis meses del a&ntilde;o concentr&oacute; el 18% del total con env&iacute;os por US$ 5 millones 295 mil, seguido de Francia (15%) con env&iacute;os por US$ 4 millones 475 mil, Alemania y Pa&iacute;ses Bajos. Otros pa&iacute;ses fueron Canad&aacute;, Brasil, Australia y B&eacute;lgica entre otros.<\/p>\n<p style=\"font-size: 12px; color: #003a75; font-family: Arial, Helvetica, sans-serif\" align=\"center\"><strong>Principales empresas exportadoras<\/strong><\/p>\n<p style=\"font-size: 12px; color: #003a75; font-family: Arial, Helvetica, sans-serif\" align=\"justify\">Las tres principales empresas exportadoras de alcachofa que representan casi el 61% del total son Sociedad Agr&iacute;cola Vir&uacute; S.A., seguido de Camposol S.A., y Danper Trujillo S.A.C., las que exportaron por US$&nbsp; 8 millones 113 mil, US$ 5 millones 759 mil y US$ 4 millones 259 mil, respectivamente. Le siguen Danper Arequipa S.A.C., Agroindustrias AIB S.A., y Eco Halcon Sur S.A.C, entre otros. <\/p>\n<\/blockquote>\n","protected":false},"excerpt":{"rendered":"<p>La exportaci&oacute;n de las alcachofas peruanas sum&oacute; en el primer semestre del a&ntilde;o los US$ 29 millones 564 mil, 36% m&aacute;s que en similar periodo del a&ntilde;o&nbsp;&nbsp; pasado cuando el monto ascendi&oacute; a US$ 21 millones 204 mil, inform&oacute; la Asociaci&oacute;n de Exportadores (ADEX). La presentaci&oacute;n m&aacute;s exportada es la preparadas o conservadas sin congelar [&hellip;]<\/p>\n","protected":false},"author":1,"featured_media":0,"comment_status":"open","ping_status":"open","sticky":false,"template":"","format":"standard","meta":{"tdm_status":"","tdm_grid_status":"","footnotes":""},"categories":[33],"tags":[],"class_list":{"0":"post-310","1":"post","2":"type-post","3":"status-publish","4":"format-standard","6":"category-economia"},"yoast_head":"<!-- This site is optimized with the Yoast SEO plugin v25.1 - https:\/\/yoast.com\/wordpress\/plugins\/seo\/ -->\n<title>A US$ 30 millones asciende env<\/title>\n<meta name=\"description\" content=\"Portal de noticias del Per\u00fa sobre el transporte a\u00e9reo, aviaci\u00f3n, turismo, hoteleria, actualidad.\" \/>\n<meta name=\"robots\" content=\"index, follow, max-snippet:-1, max-image-preview:large, max-video-preview:-1\" \/>\n<link rel=\"canonical\" href=\"https:\/\/aeronoticias.com.pe\/noticiero\/economia\/a-us-30-millones-asciende-envde-alcachofas-al-exterior\/\" \/>\n<meta property=\"og:locale\" content=\"es_ES\" \/>\n<meta property=\"og:type\" content=\"article\" \/>\n<meta property=\"og:title\" content=\"A US$ 30 millones asciende env\" \/>\n<meta property=\"og:description\" content=\"Portal de noticias del Per\u00fa sobre el transporte a\u00e9reo, aviaci\u00f3n, turismo, hoteleria, actualidad.\" \/>\n<meta property=\"og:url\" content=\"https:\/\/aeronoticias.com.pe\/noticiero\/economia\/a-us-30-millones-asciende-envde-alcachofas-al-exterior\/\" \/>\n<meta property=\"og:site_name\" content=\"Aeronoticias.com.pe\" \/>\n<meta property=\"article:publisher\" content=\"https:\/\/www.facebook.com\/Aeronoticias.com.pe\/\" \/>\n<meta property=\"article:published_time\" content=\"2008-08-24T19:45:09+00:00\" \/>\n<meta property=\"og:image\" content=\"http:\/\/aeronoticias.com.pe\/fotonoticias\/agosto\/alcachofas.JPG\" \/>\n<meta name=\"author\" content=\"Redacci\u00f3n Aeronoticias\" \/>\n<meta name=\"twitter:card\" content=\"summary_large_image\" \/>\n<meta name=\"twitter:creator\" content=\"@aeronoticias\" \/>\n<meta name=\"twitter:site\" content=\"@aeronoticias\" \/>\n<meta name=\"twitter:label1\" content=\"Escrito por\" \/>\n\t<meta name=\"twitter:data1\" content=\"Redacci\u00f3n Aeronoticias\" \/>\n\t<meta name=\"twitter:label2\" content=\"Tiempo de lectura\" \/>\n\t<meta name=\"twitter:data2\" content=\"3 minutos\" \/>\n<script type=\"application\/ld+json\" class=\"yoast-schema-graph\">{\"@context\":\"https:\/\/schema.org\",\"@graph\":[{\"@type\":\"WebPage\",\"@id\":\"https:\/\/aeronoticias.com.pe\/noticiero\/economia\/a-us-30-millones-asciende-envde-alcachofas-al-exterior\/\",\"url\":\"https:\/\/aeronoticias.com.pe\/noticiero\/economia\/a-us-30-millones-asciende-envde-alcachofas-al-exterior\/\",\"name\":\"A US$ 30 millones asciende env\",\"isPartOf\":{\"@id\":\"https:\/\/aeronoticias.com.pe\/noticiero\/#website\"},\"primaryImageOfPage\":{\"@id\":\"https:\/\/aeronoticias.com.pe\/noticiero\/economia\/a-us-30-millones-asciende-envde-alcachofas-al-exterior\/#primaryimage\"},\"image\":{\"@id\":\"https:\/\/aeronoticias.com.pe\/noticiero\/economia\/a-us-30-millones-asciende-envde-alcachofas-al-exterior\/#primaryimage\"},\"thumbnailUrl\":\"http:\/\/aeronoticias.com.pe\/fotonoticias\/agosto\/alcachofas.JPG\",\"datePublished\":\"2008-08-24T19:45:09+00:00\",\"author\":{\"@id\":\"https:\/\/aeronoticias.com.pe\/noticiero\/#\/schema\/person\/fc1e5d578f4b62ba1cf7ac2bba1170a0\"},\"description\":\"Portal de noticias del Per\u00fa sobre el transporte a\u00e9reo, aviaci\u00f3n, turismo, hoteleria, actualidad.\",\"breadcrumb\":{\"@id\":\"https:\/\/aeronoticias.com.pe\/noticiero\/economia\/a-us-30-millones-asciende-envde-alcachofas-al-exterior\/#breadcrumb\"},\"inLanguage\":\"es\",\"potentialAction\":[{\"@type\":\"ReadAction\",\"target\":[\"https:\/\/aeronoticias.com.pe\/noticiero\/economia\/a-us-30-millones-asciende-envde-alcachofas-al-exterior\/\"]}]},{\"@type\":\"ImageObject\",\"inLanguage\":\"es\",\"@id\":\"https:\/\/aeronoticias.com.pe\/noticiero\/economia\/a-us-30-millones-asciende-envde-alcachofas-al-exterior\/#primaryimage\",\"url\":\"http:\/\/aeronoticias.com.pe\/fotonoticias\/agosto\/alcachofas.JPG\",\"contentUrl\":\"http:\/\/aeronoticias.com.pe\/fotonoticias\/agosto\/alcachofas.JPG\"},{\"@type\":\"BreadcrumbList\",\"@id\":\"https:\/\/aeronoticias.com.pe\/noticiero\/economia\/a-us-30-millones-asciende-envde-alcachofas-al-exterior\/#breadcrumb\",\"itemListElement\":[{\"@type\":\"ListItem\",\"position\":1,\"name\":\"Portada\",\"item\":\"https:\/\/aeronoticias.com.pe\/noticiero\/\"},{\"@type\":\"ListItem\",\"position\":2,\"name\":\"A US$ 30 millones asciende env\"}]},{\"@type\":\"WebSite\",\"@id\":\"https:\/\/aeronoticias.com.pe\/noticiero\/#website\",\"url\":\"https:\/\/aeronoticias.com.pe\/noticiero\/\",\"name\":\"Aeronoticias.com.pe\",\"description\":\"Noticias de tranporte aereo, turismo, hoteles, gastronomia, actualidad, internacional\",\"potentialAction\":[{\"@type\":\"SearchAction\",\"target\":{\"@type\":\"EntryPoint\",\"urlTemplate\":\"https:\/\/aeronoticias.com.pe\/noticiero\/?s={search_term_string}\"},\"query-input\":{\"@type\":\"PropertyValueSpecification\",\"valueRequired\":true,\"valueName\":\"search_term_string\"}}],\"inLanguage\":\"es\"},{\"@type\":\"Person\",\"@id\":\"https:\/\/aeronoticias.com.pe\/noticiero\/#\/schema\/person\/fc1e5d578f4b62ba1cf7ac2bba1170a0\",\"name\":\"Redacci\u00f3n Aeronoticias\",\"url\":\"https:\/\/aeronoticias.com.pe\/noticiero\/author\/piloto\/\"}]}<\/script>\n<!-- \/ Yoast SEO plugin. -->","yoast_head_json":{"title":"A US$ 30 millones asciende env","description":"Portal de noticias del Per\u00fa sobre el transporte a\u00e9reo, aviaci\u00f3n, turismo, hoteleria, actualidad.","robots":{"index":"index","follow":"follow","max-snippet":"max-snippet:-1","max-image-preview":"max-image-preview:large","max-video-preview":"max-video-preview:-1"},"canonical":"https:\/\/aeronoticias.com.pe\/noticiero\/economia\/a-us-30-millones-asciende-envde-alcachofas-al-exterior\/","og_locale":"es_ES","og_type":"article","og_title":"A US$ 30 millones asciende env","og_description":"Portal de noticias del Per\u00fa sobre el transporte a\u00e9reo, aviaci\u00f3n, turismo, hoteleria, actualidad.","og_url":"https:\/\/aeronoticias.com.pe\/noticiero\/economia\/a-us-30-millones-asciende-envde-alcachofas-al-exterior\/","og_site_name":"Aeronoticias.com.pe","article_publisher":"https:\/\/www.facebook.com\/Aeronoticias.com.pe\/","article_published_time":"2008-08-24T19:45:09+00:00","og_image":[{"url":"http:\/\/aeronoticias.com.pe\/fotonoticias\/agosto\/alcachofas.JPG","type":"","width":"","height":""}],"author":"Redacci\u00f3n Aeronoticias","twitter_card":"summary_large_image","twitter_creator":"@aeronoticias","twitter_site":"@aeronoticias","twitter_misc":{"Escrito por":"Redacci\u00f3n Aeronoticias","Tiempo de lectura":"3 minutos"},"schema":{"@context":"https:\/\/schema.org","@graph":[{"@type":"WebPage","@id":"https:\/\/aeronoticias.com.pe\/noticiero\/economia\/a-us-30-millones-asciende-envde-alcachofas-al-exterior\/","url":"https:\/\/aeronoticias.com.pe\/noticiero\/economia\/a-us-30-millones-asciende-envde-alcachofas-al-exterior\/","name":"A US$ 30 millones asciende env","isPartOf":{"@id":"https:\/\/aeronoticias.com.pe\/noticiero\/#website"},"primaryImageOfPage":{"@id":"https:\/\/aeronoticias.com.pe\/noticiero\/economia\/a-us-30-millones-asciende-envde-alcachofas-al-exterior\/#primaryimage"},"image":{"@id":"https:\/\/aeronoticias.com.pe\/noticiero\/economia\/a-us-30-millones-asciende-envde-alcachofas-al-exterior\/#primaryimage"},"thumbnailUrl":"http:\/\/aeronoticias.com.pe\/fotonoticias\/agosto\/alcachofas.JPG","datePublished":"2008-08-24T19:45:09+00:00","author":{"@id":"https:\/\/aeronoticias.com.pe\/noticiero\/#\/schema\/person\/fc1e5d578f4b62ba1cf7ac2bba1170a0"},"description":"Portal de noticias del Per\u00fa sobre el transporte a\u00e9reo, aviaci\u00f3n, turismo, hoteleria, actualidad.","breadcrumb":{"@id":"https:\/\/aeronoticias.com.pe\/noticiero\/economia\/a-us-30-millones-asciende-envde-alcachofas-al-exterior\/#breadcrumb"},"inLanguage":"es","potentialAction":[{"@type":"ReadAction","target":["https:\/\/aeronoticias.com.pe\/noticiero\/economia\/a-us-30-millones-asciende-envde-alcachofas-al-exterior\/"]}]},{"@type":"ImageObject","inLanguage":"es","@id":"https:\/\/aeronoticias.com.pe\/noticiero\/economia\/a-us-30-millones-asciende-envde-alcachofas-al-exterior\/#primaryimage","url":"http:\/\/aeronoticias.com.pe\/fotonoticias\/agosto\/alcachofas.JPG","contentUrl":"http:\/\/aeronoticias.com.pe\/fotonoticias\/agosto\/alcachofas.JPG"},{"@type":"BreadcrumbList","@id":"https:\/\/aeronoticias.com.pe\/noticiero\/economia\/a-us-30-millones-asciende-envde-alcachofas-al-exterior\/#breadcrumb","itemListElement":[{"@type":"ListItem","position":1,"name":"Portada","item":"https:\/\/aeronoticias.com.pe\/noticiero\/"},{"@type":"ListItem","position":2,"name":"A US$ 30 millones asciende env"}]},{"@type":"WebSite","@id":"https:\/\/aeronoticias.com.pe\/noticiero\/#website","url":"https:\/\/aeronoticias.com.pe\/noticiero\/","name":"Aeronoticias.com.pe","description":"Noticias de tranporte aereo, turismo, hoteles, gastronomia, actualidad, internacional","potentialAction":[{"@type":"SearchAction","target":{"@type":"EntryPoint","urlTemplate":"https:\/\/aeronoticias.com.pe\/noticiero\/?s={search_term_string}"},"query-input":{"@type":"PropertyValueSpecification","valueRequired":true,"valueName":"search_term_string"}}],"inLanguage":"es"},{"@type":"Person","@id":"https:\/\/aeronoticias.com.pe\/noticiero\/#\/schema\/person\/fc1e5d578f4b62ba1cf7ac2bba1170a0","name":"Redacci\u00f3n Aeronoticias","url":"https:\/\/aeronoticias.com.pe\/noticiero\/author\/piloto\/"}]}},"_links":{"self":[{"href":"https:\/\/aeronoticias.com.pe\/noticiero\/wp-json\/wp\/v2\/posts\/310","targetHints":{"allow":["GET"]}}],"collection":[{"href":"https:\/\/aeronoticias.com.pe\/noticiero\/wp-json\/wp\/v2\/posts"}],"about":[{"href":"https:\/\/aeronoticias.com.pe\/noticiero\/wp-json\/wp\/v2\/types\/post"}],"author":[{"embeddable":true,"href":"https:\/\/aeronoticias.com.pe\/noticiero\/wp-json\/wp\/v2\/users\/1"}],"replies":[{"embeddable":true,"href":"https:\/\/aeronoticias.com.pe\/noticiero\/wp-json\/wp\/v2\/comments?post=310"}],"version-history":[{"count":0,"href":"https:\/\/aeronoticias.com.pe\/noticiero\/wp-json\/wp\/v2\/posts\/310\/revisions"}],"wp:attachment":[{"href":"https:\/\/aeronoticias.com.pe\/noticiero\/wp-json\/wp\/v2\/media?parent=310"}],"wp:term":[{"taxonomy":"category","embeddable":true,"href":"https:\/\/aeronoticias.com.pe\/noticiero\/wp-json\/wp\/v2\/categories?post=310"},{"taxonomy":"post_tag","embeddable":true,"href":"https:\/\/aeronoticias.com.pe\/noticiero\/wp-json\/wp\/v2\/tags?post=310"}],"curies":[{"name":"wp","href":"https:\/\/api.w.org\/{rel}","templated":true}]}}