{"id":31044,"date":"2012-10-06T21:39:33","date_gmt":"2012-10-06T21:39:33","guid":{"rendered":"http:\/\/desarrollo.mcvicious.com\/aero2020\/2012\/10\/06\/ducto-de-gas-podria-ser-victima-de-posible-atentado-narcosenderista\/"},"modified":"2012-10-06T21:39:33","modified_gmt":"2012-10-06T21:39:33","slug":"ducto-de-gas-podria-ser-victima-de-posible-atentado-narcosenderista","status":"publish","type":"post","link":"https:\/\/aeronoticias.com.pe\/noticiero\/economia\/ducto-de-gas-podria-ser-victima-de-posible-atentado-narcosenderista\/","title":{"rendered":"Ducto de gas podr\u00eda ser v\u00edctima de posible atentado narcosenderista"},"content":{"rendered":"<p style=\"text-align: justify;\"><strong>(Aeronoticias).- <\/strong>El reciente atentado al aer\u00f3dromo del distrito  cusque\u00f1o de Kiteni ser\u00eda el anticipo de un posible atentado al ducto de  gas en la zona, as\u00ed lo advirti\u00f3 el presidente del directorio de Servicios A\u00e9reos de los Andes, Carlos Augusto Dammert.<\/p>\n<p style=\"text-align: justify;\">\u00abTemo que pudiera haber sido este atentado  contra los helic\u00f3pteros el inicio de un programa que conlleve a atentar  contra el ducto, para dejar al pa\u00eds con una carencia de energ\u00eda  significativa\u00bb, declar\u00f3 a una emisora local.<\/p>\n<p>Dammert explic\u00f3 que  despu\u00e9s del secuestro de trabajadores del proyecto Camisea en Kiteni,  meses atr\u00e1s, el aer\u00f3dromo qued\u00f3 bajo cuidado de seguridad privada  contratada por la empresa Transportadora de Gas del Per\u00fa (TGP),  concesionario del ducto.<\/p>\n<p>\u00abEn la medida en que TGP no tiene la  capacidad de mantener ni supervisar ni reparar el ducto, podr\u00eda ser de  inter\u00e9s de los narcoterroristas afectar el ducto, sabiendo que no va  haber aeronaves para poder repararlo\u00bb, precis\u00f3.<\/p>\n<p>Por ello hizo un llamado a las autoridades del Gobierno para que envien\u00a0 los recursos necesarios, tanto en aeronaves y personal, para  supervisar y vigilar el ducto de la mejor manera\u00bb. <\/p>\n<p> Anot\u00f3\u00a0 tambi\u00e9n\u00a0 que dos de los tres helic\u00f3pteros incendiados durante el atentado de  esta madrugada, pertenecen a Servicios A\u00e9reos de los Andes y uno a  Helisur.<\/p>\n<p style=\"text-align: justify;\"><img decoding=\"async\" src=\"images\/stories\/12\/10\/061012\/ductogas.jpg\" border=\"0\" alt=\"ducto\" title=\"ducto\" \/><\/p>\n","protected":false},"excerpt":{"rendered":"<p>(Aeronoticias).- El reciente atentado al aer\u00f3dromo del distrito cusque\u00f1o de Kiteni ser\u00eda el anticipo de un posible atentado al ducto de gas en la zona, as\u00ed lo advirti\u00f3 el presidente del directorio de Servicios A\u00e9reos de los Andes, Carlos Augusto Dammert. \u00abTemo que pudiera haber sido este atentado contra los helic\u00f3pteros el inicio de un [&hellip;]<\/p>\n","protected":false},"author":1,"featured_media":0,"comment_status":"open","ping_status":"open","sticky":false,"template":"","format":"standard","meta":{"tdm_status":"","tdm_grid_status":"","footnotes":""},"categories":[33],"tags":[],"class_list":{"0":"post-31044","1":"post","2":"type-post","3":"status-publish","4":"format-standard","6":"category-economia"},"yoast_head":"<!-- This site is optimized with the Yoast SEO plugin v25.1 - https:\/\/yoast.com\/wordpress\/plugins\/seo\/ -->\n<title>Ducto de gas podr\u00eda ser v\u00edctima de posible atentado narcosenderista<\/title>\n<meta name=\"description\" content=\"Portal de noticias del Per\u00fa sobre el transporte a\u00e9reo, aviaci\u00f3n, turismo, hoteleria, actualidad.\" \/>\n<meta name=\"robots\" content=\"index, follow, max-snippet:-1, max-image-preview:large, max-video-preview:-1\" \/>\n<link rel=\"canonical\" href=\"https:\/\/aeronoticias.com.pe\/noticiero\/economia\/ducto-de-gas-podria-ser-victima-de-posible-atentado-narcosenderista\/\" \/>\n<meta property=\"og:locale\" content=\"es_ES\" \/>\n<meta property=\"og:type\" content=\"article\" \/>\n<meta property=\"og:title\" content=\"Ducto de gas podr\u00eda ser v\u00edctima de posible atentado narcosenderista\" \/>\n<meta property=\"og:description\" content=\"Portal de noticias del Per\u00fa sobre el transporte a\u00e9reo, aviaci\u00f3n, turismo, hoteleria, actualidad.\" \/>\n<meta property=\"og:url\" content=\"https:\/\/aeronoticias.com.pe\/noticiero\/economia\/ducto-de-gas-podria-ser-victima-de-posible-atentado-narcosenderista\/\" \/>\n<meta property=\"og:site_name\" content=\"Aeronoticias.com.pe\" \/>\n<meta property=\"article:publisher\" content=\"https:\/\/www.facebook.com\/Aeronoticias.com.pe\/\" \/>\n<meta property=\"article:published_time\" content=\"2012-10-06T21:39:33+00:00\" \/>\n<meta name=\"author\" content=\"Redacci\u00f3n Aeronoticias\" \/>\n<meta name=\"twitter:card\" content=\"summary_large_image\" \/>\n<meta name=\"twitter:creator\" content=\"@aeronoticias\" \/>\n<meta name=\"twitter:site\" content=\"@aeronoticias\" \/>\n<meta name=\"twitter:label1\" content=\"Escrito por\" \/>\n\t<meta name=\"twitter:data1\" content=\"Redacci\u00f3n Aeronoticias\" \/>\n\t<meta name=\"twitter:label2\" content=\"Tiempo de lectura\" \/>\n\t<meta name=\"twitter:data2\" content=\"1 minuto\" \/>\n<script type=\"application\/ld+json\" class=\"yoast-schema-graph\">{\"@context\":\"https:\/\/schema.org\",\"@graph\":[{\"@type\":\"WebPage\",\"@id\":\"https:\/\/aeronoticias.com.pe\/noticiero\/economia\/ducto-de-gas-podria-ser-victima-de-posible-atentado-narcosenderista\/\",\"url\":\"https:\/\/aeronoticias.com.pe\/noticiero\/economia\/ducto-de-gas-podria-ser-victima-de-posible-atentado-narcosenderista\/\",\"name\":\"Ducto de gas podr\u00eda ser v\u00edctima de posible atentado narcosenderista\",\"isPartOf\":{\"@id\":\"https:\/\/aeronoticias.com.pe\/noticiero\/#website\"},\"datePublished\":\"2012-10-06T21:39:33+00:00\",\"author\":{\"@id\":\"https:\/\/aeronoticias.com.pe\/noticiero\/#\/schema\/person\/fc1e5d578f4b62ba1cf7ac2bba1170a0\"},\"description\":\"Portal de noticias del Per\u00fa sobre el transporte a\u00e9reo, aviaci\u00f3n, turismo, hoteleria, actualidad.\",\"breadcrumb\":{\"@id\":\"https:\/\/aeronoticias.com.pe\/noticiero\/economia\/ducto-de-gas-podria-ser-victima-de-posible-atentado-narcosenderista\/#breadcrumb\"},\"inLanguage\":\"es\",\"potentialAction\":[{\"@type\":\"ReadAction\",\"target\":[\"https:\/\/aeronoticias.com.pe\/noticiero\/economia\/ducto-de-gas-podria-ser-victima-de-posible-atentado-narcosenderista\/\"]}]},{\"@type\":\"BreadcrumbList\",\"@id\":\"https:\/\/aeronoticias.com.pe\/noticiero\/economia\/ducto-de-gas-podria-ser-victima-de-posible-atentado-narcosenderista\/#breadcrumb\",\"itemListElement\":[{\"@type\":\"ListItem\",\"position\":1,\"name\":\"Portada\",\"item\":\"https:\/\/aeronoticias.com.pe\/noticiero\/\"},{\"@type\":\"ListItem\",\"position\":2,\"name\":\"Ducto de gas podr\u00eda ser v\u00edctima de posible atentado narcosenderista\"}]},{\"@type\":\"WebSite\",\"@id\":\"https:\/\/aeronoticias.com.pe\/noticiero\/#website\",\"url\":\"https:\/\/aeronoticias.com.pe\/noticiero\/\",\"name\":\"Aeronoticias.com.pe\",\"description\":\"Noticias de tranporte aereo, turismo, hoteles, gastronomia, actualidad, internacional\",\"potentialAction\":[{\"@type\":\"SearchAction\",\"target\":{\"@type\":\"EntryPoint\",\"urlTemplate\":\"https:\/\/aeronoticias.com.pe\/noticiero\/?s={search_term_string}\"},\"query-input\":{\"@type\":\"PropertyValueSpecification\",\"valueRequired\":true,\"valueName\":\"search_term_string\"}}],\"inLanguage\":\"es\"},{\"@type\":\"Person\",\"@id\":\"https:\/\/aeronoticias.com.pe\/noticiero\/#\/schema\/person\/fc1e5d578f4b62ba1cf7ac2bba1170a0\",\"name\":\"Redacci\u00f3n Aeronoticias\",\"url\":\"https:\/\/aeronoticias.com.pe\/noticiero\/author\/piloto\/\"}]}<\/script>\n<!-- \/ Yoast SEO plugin. -->","yoast_head_json":{"title":"Ducto de gas podr\u00eda ser v\u00edctima de posible atentado narcosenderista","description":"Portal de noticias del Per\u00fa sobre el transporte a\u00e9reo, aviaci\u00f3n, turismo, hoteleria, actualidad.","robots":{"index":"index","follow":"follow","max-snippet":"max-snippet:-1","max-image-preview":"max-image-preview:large","max-video-preview":"max-video-preview:-1"},"canonical":"https:\/\/aeronoticias.com.pe\/noticiero\/economia\/ducto-de-gas-podria-ser-victima-de-posible-atentado-narcosenderista\/","og_locale":"es_ES","og_type":"article","og_title":"Ducto de gas podr\u00eda ser v\u00edctima de posible atentado narcosenderista","og_description":"Portal de noticias del Per\u00fa sobre el transporte a\u00e9reo, aviaci\u00f3n, turismo, hoteleria, actualidad.","og_url":"https:\/\/aeronoticias.com.pe\/noticiero\/economia\/ducto-de-gas-podria-ser-victima-de-posible-atentado-narcosenderista\/","og_site_name":"Aeronoticias.com.pe","article_publisher":"https:\/\/www.facebook.com\/Aeronoticias.com.pe\/","article_published_time":"2012-10-06T21:39:33+00:00","author":"Redacci\u00f3n Aeronoticias","twitter_card":"summary_large_image","twitter_creator":"@aeronoticias","twitter_site":"@aeronoticias","twitter_misc":{"Escrito por":"Redacci\u00f3n Aeronoticias","Tiempo de lectura":"1 minuto"},"schema":{"@context":"https:\/\/schema.org","@graph":[{"@type":"WebPage","@id":"https:\/\/aeronoticias.com.pe\/noticiero\/economia\/ducto-de-gas-podria-ser-victima-de-posible-atentado-narcosenderista\/","url":"https:\/\/aeronoticias.com.pe\/noticiero\/economia\/ducto-de-gas-podria-ser-victima-de-posible-atentado-narcosenderista\/","name":"Ducto de gas podr\u00eda ser v\u00edctima de posible atentado narcosenderista","isPartOf":{"@id":"https:\/\/aeronoticias.com.pe\/noticiero\/#website"},"datePublished":"2012-10-06T21:39:33+00:00","author":{"@id":"https:\/\/aeronoticias.com.pe\/noticiero\/#\/schema\/person\/fc1e5d578f4b62ba1cf7ac2bba1170a0"},"description":"Portal de noticias del Per\u00fa sobre el transporte a\u00e9reo, aviaci\u00f3n, turismo, hoteleria, actualidad.","breadcrumb":{"@id":"https:\/\/aeronoticias.com.pe\/noticiero\/economia\/ducto-de-gas-podria-ser-victima-de-posible-atentado-narcosenderista\/#breadcrumb"},"inLanguage":"es","potentialAction":[{"@type":"ReadAction","target":["https:\/\/aeronoticias.com.pe\/noticiero\/economia\/ducto-de-gas-podria-ser-victima-de-posible-atentado-narcosenderista\/"]}]},{"@type":"BreadcrumbList","@id":"https:\/\/aeronoticias.com.pe\/noticiero\/economia\/ducto-de-gas-podria-ser-victima-de-posible-atentado-narcosenderista\/#breadcrumb","itemListElement":[{"@type":"ListItem","position":1,"name":"Portada","item":"https:\/\/aeronoticias.com.pe\/noticiero\/"},{"@type":"ListItem","position":2,"name":"Ducto de gas podr\u00eda ser v\u00edctima de posible atentado narcosenderista"}]},{"@type":"WebSite","@id":"https:\/\/aeronoticias.com.pe\/noticiero\/#website","url":"https:\/\/aeronoticias.com.pe\/noticiero\/","name":"Aeronoticias.com.pe","description":"Noticias de tranporte aereo, turismo, hoteles, gastronomia, actualidad, internacional","potentialAction":[{"@type":"SearchAction","target":{"@type":"EntryPoint","urlTemplate":"https:\/\/aeronoticias.com.pe\/noticiero\/?s={search_term_string}"},"query-input":{"@type":"PropertyValueSpecification","valueRequired":true,"valueName":"search_term_string"}}],"inLanguage":"es"},{"@type":"Person","@id":"https:\/\/aeronoticias.com.pe\/noticiero\/#\/schema\/person\/fc1e5d578f4b62ba1cf7ac2bba1170a0","name":"Redacci\u00f3n Aeronoticias","url":"https:\/\/aeronoticias.com.pe\/noticiero\/author\/piloto\/"}]}},"_links":{"self":[{"href":"https:\/\/aeronoticias.com.pe\/noticiero\/wp-json\/wp\/v2\/posts\/31044","targetHints":{"allow":["GET"]}}],"collection":[{"href":"https:\/\/aeronoticias.com.pe\/noticiero\/wp-json\/wp\/v2\/posts"}],"about":[{"href":"https:\/\/aeronoticias.com.pe\/noticiero\/wp-json\/wp\/v2\/types\/post"}],"author":[{"embeddable":true,"href":"https:\/\/aeronoticias.com.pe\/noticiero\/wp-json\/wp\/v2\/users\/1"}],"replies":[{"embeddable":true,"href":"https:\/\/aeronoticias.com.pe\/noticiero\/wp-json\/wp\/v2\/comments?post=31044"}],"version-history":[{"count":0,"href":"https:\/\/aeronoticias.com.pe\/noticiero\/wp-json\/wp\/v2\/posts\/31044\/revisions"}],"wp:attachment":[{"href":"https:\/\/aeronoticias.com.pe\/noticiero\/wp-json\/wp\/v2\/media?parent=31044"}],"wp:term":[{"taxonomy":"category","embeddable":true,"href":"https:\/\/aeronoticias.com.pe\/noticiero\/wp-json\/wp\/v2\/categories?post=31044"},{"taxonomy":"post_tag","embeddable":true,"href":"https:\/\/aeronoticias.com.pe\/noticiero\/wp-json\/wp\/v2\/tags?post=31044"}],"curies":[{"name":"wp","href":"https:\/\/api.w.org\/{rel}","templated":true}]}}