{"id":31047,"date":"2012-10-06T22:19:00","date_gmt":"2012-10-06T22:19:00","guid":{"rendered":"http:\/\/desarrollo.mcvicious.com\/aero2020\/2012\/10\/06\/en-colombia-3-muertos-y-12-desaparecidos-por-avalancha\/"},"modified":"2012-10-06T22:19:00","modified_gmt":"2012-10-06T22:19:00","slug":"en-colombia-3-muertos-y-12-desaparecidos-por-avalancha","status":"publish","type":"post","link":"https:\/\/aeronoticias.com.pe\/noticiero\/internacionales\/en-colombia-3-muertos-y-12-desaparecidos-por-avalancha\/","title":{"rendered":"En Colombia 3 muertos y 12 desaparecidos por avalancha"},"content":{"rendered":"<p style=\"text-align: justify;\"><strong>(Aeronoticias).-<\/strong>Autoridades de socorro en Bogot\u00e1, informaron que al menos tres personas murieron hoy, doce desaparecieron y cinco   resultaron heridas en la avalancha que arras\u00f3 un peque\u00f1o caser\u00edo rural   de la localidad de Isnos, en el suroeste del pa\u00eds cafetalero.<\/p>\n<p style=\"text-align: justify;\">Cabe se\u00f1alar que en\u00a0 un nuevo reporte sobre la  emergencia, la Unidad Nacional para la Gesti\u00f3n del Riesgo de Desastres  (UNGRD, gubernamental) dio cuenta de un n\u00famero mayor de v\u00edctimas de la  avenida, de la que anteriormente hab\u00eda informado de trece desaparecidos y  cinco heridos.<\/p>\n<p>La vocera de la UNGRD, Sandra Calvo, declar\u00f3 a  Efe en la capital colombiana que tres vecinos de la aldea de Villas del  Prado, en la localidad de Isnos, fallecieron debido a\u00a0 la avalancha, que  fue originada por crecientes de la quebrada La Chorrera.<\/p>\n<p>El  riachuelo se sali\u00f3 de cauce por efecto de intensas lluvias que caen  sobre la regi\u00f3n y gener\u00f3 una avalancha hacia las 06.00 locales (11.00  GMT) que se abati\u00f3 sobre Villa del Prado y otras zonas rurales de Isnos,  en el departamento del Huila.<\/p>\n<p>Adem\u00e1s de los muertos, los  desaparecidos y los heridos, que est\u00e1n \u00abfuera de peligro\u00bb, las  crecientes destruyeron trece casas, averiaron otras veinte y afectaron o  dejaron damnificadas a 198 familias, seg\u00fan indic\u00f3 el mismo reporte.<\/p>\n<p>Calvo explic\u00f3\u00a0 que en las tareas de b\u00fasqueda y rescate participan los cuerpos  de bomberos de Isnos y la localidad vecina de Pitalito, distantes m\u00e1s de  150 kil\u00f3metros al sur de Neiva, la capital huilense.<\/p>\n<p> Se incorporaron tambi\u00e9n m\u00e1s tarde unidades de la Polic\u00eda Nacional, la  Defensa Civil Colombiana (DCC) y la Cruz Roja Colombiana (CRC), mientras  que la UNGRD movilizaba por tierra las primeras ayudas humanitarias,  como de alimentos y juegos de cocina y de aseo.<\/p>\n<p>La quebrada causante de la avalancha es tributaria del r\u00edo Magdalena, la primera arteria fluvial del pa\u00eds.<\/p>\n<p>La  emergencia de Villas del Prado es la primera del segundo per\u00edodo anual  de lluvias en Colombia, que ir\u00e1 de octubre a diciembre pr\u00f3ximo.<\/p>\n<p style=\"text-align: justify;\"><img decoding=\"async\" src=\"images\/stories\/12\/10\/061012\/avalanchacolombia.jpg\" border=\"0\" alt=\"avalancha\" title=\"avalancha\" \/><\/p>\n","protected":false},"excerpt":{"rendered":"<p>(Aeronoticias).-Autoridades de socorro en Bogot\u00e1, informaron que al menos tres personas murieron hoy, doce desaparecieron y cinco resultaron heridas en la avalancha que arras\u00f3 un peque\u00f1o caser\u00edo rural de la localidad de Isnos, en el suroeste del pa\u00eds cafetalero. Cabe se\u00f1alar que en\u00a0 un nuevo reporte sobre la emergencia, la Unidad Nacional para la Gesti\u00f3n [&hellip;]<\/p>\n","protected":false},"author":1,"featured_media":0,"comment_status":"open","ping_status":"open","sticky":false,"template":"","format":"standard","meta":{"tdm_status":"","tdm_grid_status":"","footnotes":""},"categories":[34],"tags":[],"class_list":{"0":"post-31047","1":"post","2":"type-post","3":"status-publish","4":"format-standard","6":"category-internacionales"},"yoast_head":"<!-- This site is optimized with the Yoast SEO plugin v25.1 - https:\/\/yoast.com\/wordpress\/plugins\/seo\/ -->\n<title>En Colombia 3 muertos y 12 desaparecidos por avalancha<\/title>\n<meta name=\"description\" content=\"Portal de noticias del Per\u00fa sobre el transporte a\u00e9reo, aviaci\u00f3n, turismo, hoteleria, actualidad.\" \/>\n<meta name=\"robots\" content=\"index, follow, max-snippet:-1, max-image-preview:large, max-video-preview:-1\" \/>\n<link rel=\"canonical\" href=\"https:\/\/aeronoticias.com.pe\/noticiero\/internacionales\/en-colombia-3-muertos-y-12-desaparecidos-por-avalancha\/\" \/>\n<meta property=\"og:locale\" content=\"es_ES\" \/>\n<meta property=\"og:type\" content=\"article\" \/>\n<meta property=\"og:title\" content=\"En Colombia 3 muertos y 12 desaparecidos por avalancha\" \/>\n<meta property=\"og:description\" content=\"Portal de noticias del Per\u00fa sobre el transporte a\u00e9reo, aviaci\u00f3n, turismo, hoteleria, actualidad.\" \/>\n<meta property=\"og:url\" content=\"https:\/\/aeronoticias.com.pe\/noticiero\/internacionales\/en-colombia-3-muertos-y-12-desaparecidos-por-avalancha\/\" \/>\n<meta property=\"og:site_name\" content=\"Aeronoticias.com.pe\" \/>\n<meta property=\"article:publisher\" content=\"https:\/\/www.facebook.com\/Aeronoticias.com.pe\/\" \/>\n<meta property=\"article:published_time\" content=\"2012-10-06T22:19:00+00:00\" \/>\n<meta name=\"author\" content=\"Redacci\u00f3n Aeronoticias\" \/>\n<meta name=\"twitter:card\" content=\"summary_large_image\" \/>\n<meta name=\"twitter:creator\" content=\"@aeronoticias\" \/>\n<meta name=\"twitter:site\" content=\"@aeronoticias\" \/>\n<meta name=\"twitter:label1\" content=\"Escrito por\" \/>\n\t<meta name=\"twitter:data1\" content=\"Redacci\u00f3n Aeronoticias\" \/>\n\t<meta name=\"twitter:label2\" content=\"Tiempo de lectura\" \/>\n\t<meta name=\"twitter:data2\" content=\"2 minutos\" \/>\n<script type=\"application\/ld+json\" class=\"yoast-schema-graph\">{\"@context\":\"https:\/\/schema.org\",\"@graph\":[{\"@type\":\"WebPage\",\"@id\":\"https:\/\/aeronoticias.com.pe\/noticiero\/internacionales\/en-colombia-3-muertos-y-12-desaparecidos-por-avalancha\/\",\"url\":\"https:\/\/aeronoticias.com.pe\/noticiero\/internacionales\/en-colombia-3-muertos-y-12-desaparecidos-por-avalancha\/\",\"name\":\"En Colombia 3 muertos y 12 desaparecidos por avalancha\",\"isPartOf\":{\"@id\":\"https:\/\/aeronoticias.com.pe\/noticiero\/#website\"},\"datePublished\":\"2012-10-06T22:19:00+00:00\",\"author\":{\"@id\":\"https:\/\/aeronoticias.com.pe\/noticiero\/#\/schema\/person\/fc1e5d578f4b62ba1cf7ac2bba1170a0\"},\"description\":\"Portal de noticias del Per\u00fa sobre el transporte a\u00e9reo, aviaci\u00f3n, turismo, hoteleria, actualidad.\",\"breadcrumb\":{\"@id\":\"https:\/\/aeronoticias.com.pe\/noticiero\/internacionales\/en-colombia-3-muertos-y-12-desaparecidos-por-avalancha\/#breadcrumb\"},\"inLanguage\":\"es\",\"potentialAction\":[{\"@type\":\"ReadAction\",\"target\":[\"https:\/\/aeronoticias.com.pe\/noticiero\/internacionales\/en-colombia-3-muertos-y-12-desaparecidos-por-avalancha\/\"]}]},{\"@type\":\"BreadcrumbList\",\"@id\":\"https:\/\/aeronoticias.com.pe\/noticiero\/internacionales\/en-colombia-3-muertos-y-12-desaparecidos-por-avalancha\/#breadcrumb\",\"itemListElement\":[{\"@type\":\"ListItem\",\"position\":1,\"name\":\"Portada\",\"item\":\"https:\/\/aeronoticias.com.pe\/noticiero\/\"},{\"@type\":\"ListItem\",\"position\":2,\"name\":\"En Colombia 3 muertos y 12 desaparecidos por avalancha\"}]},{\"@type\":\"WebSite\",\"@id\":\"https:\/\/aeronoticias.com.pe\/noticiero\/#website\",\"url\":\"https:\/\/aeronoticias.com.pe\/noticiero\/\",\"name\":\"Aeronoticias.com.pe\",\"description\":\"Noticias de tranporte aereo, turismo, hoteles, gastronomia, actualidad, internacional\",\"potentialAction\":[{\"@type\":\"SearchAction\",\"target\":{\"@type\":\"EntryPoint\",\"urlTemplate\":\"https:\/\/aeronoticias.com.pe\/noticiero\/?s={search_term_string}\"},\"query-input\":{\"@type\":\"PropertyValueSpecification\",\"valueRequired\":true,\"valueName\":\"search_term_string\"}}],\"inLanguage\":\"es\"},{\"@type\":\"Person\",\"@id\":\"https:\/\/aeronoticias.com.pe\/noticiero\/#\/schema\/person\/fc1e5d578f4b62ba1cf7ac2bba1170a0\",\"name\":\"Redacci\u00f3n Aeronoticias\",\"url\":\"https:\/\/aeronoticias.com.pe\/noticiero\/author\/piloto\/\"}]}<\/script>\n<!-- \/ Yoast SEO plugin. -->","yoast_head_json":{"title":"En Colombia 3 muertos y 12 desaparecidos por avalancha","description":"Portal de noticias del Per\u00fa sobre el transporte a\u00e9reo, aviaci\u00f3n, turismo, hoteleria, actualidad.","robots":{"index":"index","follow":"follow","max-snippet":"max-snippet:-1","max-image-preview":"max-image-preview:large","max-video-preview":"max-video-preview:-1"},"canonical":"https:\/\/aeronoticias.com.pe\/noticiero\/internacionales\/en-colombia-3-muertos-y-12-desaparecidos-por-avalancha\/","og_locale":"es_ES","og_type":"article","og_title":"En Colombia 3 muertos y 12 desaparecidos por avalancha","og_description":"Portal de noticias del Per\u00fa sobre el transporte a\u00e9reo, aviaci\u00f3n, turismo, hoteleria, actualidad.","og_url":"https:\/\/aeronoticias.com.pe\/noticiero\/internacionales\/en-colombia-3-muertos-y-12-desaparecidos-por-avalancha\/","og_site_name":"Aeronoticias.com.pe","article_publisher":"https:\/\/www.facebook.com\/Aeronoticias.com.pe\/","article_published_time":"2012-10-06T22:19:00+00:00","author":"Redacci\u00f3n Aeronoticias","twitter_card":"summary_large_image","twitter_creator":"@aeronoticias","twitter_site":"@aeronoticias","twitter_misc":{"Escrito por":"Redacci\u00f3n Aeronoticias","Tiempo de lectura":"2 minutos"},"schema":{"@context":"https:\/\/schema.org","@graph":[{"@type":"WebPage","@id":"https:\/\/aeronoticias.com.pe\/noticiero\/internacionales\/en-colombia-3-muertos-y-12-desaparecidos-por-avalancha\/","url":"https:\/\/aeronoticias.com.pe\/noticiero\/internacionales\/en-colombia-3-muertos-y-12-desaparecidos-por-avalancha\/","name":"En Colombia 3 muertos y 12 desaparecidos por avalancha","isPartOf":{"@id":"https:\/\/aeronoticias.com.pe\/noticiero\/#website"},"datePublished":"2012-10-06T22:19:00+00:00","author":{"@id":"https:\/\/aeronoticias.com.pe\/noticiero\/#\/schema\/person\/fc1e5d578f4b62ba1cf7ac2bba1170a0"},"description":"Portal de noticias del Per\u00fa sobre el transporte a\u00e9reo, aviaci\u00f3n, turismo, hoteleria, actualidad.","breadcrumb":{"@id":"https:\/\/aeronoticias.com.pe\/noticiero\/internacionales\/en-colombia-3-muertos-y-12-desaparecidos-por-avalancha\/#breadcrumb"},"inLanguage":"es","potentialAction":[{"@type":"ReadAction","target":["https:\/\/aeronoticias.com.pe\/noticiero\/internacionales\/en-colombia-3-muertos-y-12-desaparecidos-por-avalancha\/"]}]},{"@type":"BreadcrumbList","@id":"https:\/\/aeronoticias.com.pe\/noticiero\/internacionales\/en-colombia-3-muertos-y-12-desaparecidos-por-avalancha\/#breadcrumb","itemListElement":[{"@type":"ListItem","position":1,"name":"Portada","item":"https:\/\/aeronoticias.com.pe\/noticiero\/"},{"@type":"ListItem","position":2,"name":"En Colombia 3 muertos y 12 desaparecidos por avalancha"}]},{"@type":"WebSite","@id":"https:\/\/aeronoticias.com.pe\/noticiero\/#website","url":"https:\/\/aeronoticias.com.pe\/noticiero\/","name":"Aeronoticias.com.pe","description":"Noticias de tranporte aereo, turismo, hoteles, gastronomia, actualidad, internacional","potentialAction":[{"@type":"SearchAction","target":{"@type":"EntryPoint","urlTemplate":"https:\/\/aeronoticias.com.pe\/noticiero\/?s={search_term_string}"},"query-input":{"@type":"PropertyValueSpecification","valueRequired":true,"valueName":"search_term_string"}}],"inLanguage":"es"},{"@type":"Person","@id":"https:\/\/aeronoticias.com.pe\/noticiero\/#\/schema\/person\/fc1e5d578f4b62ba1cf7ac2bba1170a0","name":"Redacci\u00f3n Aeronoticias","url":"https:\/\/aeronoticias.com.pe\/noticiero\/author\/piloto\/"}]}},"_links":{"self":[{"href":"https:\/\/aeronoticias.com.pe\/noticiero\/wp-json\/wp\/v2\/posts\/31047","targetHints":{"allow":["GET"]}}],"collection":[{"href":"https:\/\/aeronoticias.com.pe\/noticiero\/wp-json\/wp\/v2\/posts"}],"about":[{"href":"https:\/\/aeronoticias.com.pe\/noticiero\/wp-json\/wp\/v2\/types\/post"}],"author":[{"embeddable":true,"href":"https:\/\/aeronoticias.com.pe\/noticiero\/wp-json\/wp\/v2\/users\/1"}],"replies":[{"embeddable":true,"href":"https:\/\/aeronoticias.com.pe\/noticiero\/wp-json\/wp\/v2\/comments?post=31047"}],"version-history":[{"count":0,"href":"https:\/\/aeronoticias.com.pe\/noticiero\/wp-json\/wp\/v2\/posts\/31047\/revisions"}],"wp:attachment":[{"href":"https:\/\/aeronoticias.com.pe\/noticiero\/wp-json\/wp\/v2\/media?parent=31047"}],"wp:term":[{"taxonomy":"category","embeddable":true,"href":"https:\/\/aeronoticias.com.pe\/noticiero\/wp-json\/wp\/v2\/categories?post=31047"},{"taxonomy":"post_tag","embeddable":true,"href":"https:\/\/aeronoticias.com.pe\/noticiero\/wp-json\/wp\/v2\/tags?post=31047"}],"curies":[{"name":"wp","href":"https:\/\/api.w.org\/{rel}","templated":true}]}}