{"id":31075,"date":"2012-10-08T13:02:52","date_gmt":"2012-10-08T13:02:52","guid":{"rendered":"http:\/\/desarrollo.mcvicious.com\/aero2020\/2012\/10\/08\/manana-martes-9-repiten-historica-entrevista-a-creador-de-la-aerolinea-de-bandera-del-peru\/"},"modified":"2012-10-08T13:02:52","modified_gmt":"2012-10-08T13:02:52","slug":"manana-martes-9-repiten-historica-entrevista-a-creador-de-la-aerolinea-de-bandera-del-peru","status":"publish","type":"post","link":"https:\/\/aeronoticias.com.pe\/noticiero\/ultimas\/1\/manana-martes-9-repiten-historica-entrevista-a-creador-de-la-aerolinea-de-bandera-del-peru\/","title":{"rendered":"Ma\u00f1ana martes 9 repiten hist\u00f3rica entrevista a creador de la aerol\u00ednea de bandera del Per\u00fa"},"content":{"rendered":"<p style=\"text-align: justify;\"><strong>(Aeronoticias).-<\/strong> Ma\u00f1ana, el Canal 11 de la televisi\u00f3n lime\u00f1a volver\u00e1 a difundir la hist\u00f3rica entrevista que hizo Fernando Arrarte al doctor Juli\u00e1n Palac\u00edn Fern\u00e1ndez, creador de la aerol\u00ednea de bandera del Per\u00fa, empresa privada que precisamente se llama desde ahora \u201cContigo Per\u00fa\u201d y cuya pronta aparici\u00f3n significar\u00e1 la recuperaci\u00f3n de la soberan\u00eda en el espacio a\u00e9reo de nuestro pa\u00eds.<\/p>\n<p style=\"text-align: justify;\">Recomendamos a nuestros lectores sintonizar este Canal, a las 11 y 30 de la ma\u00f1ana, momento en que se retrasmitir\u00e1 el programa \u201cEl Pollo y sus Amigos\u201d que dirige el laureado empresario tur\u00edstico y ex piloto de la Fuerza A\u00e9rea Peruana (FAP), Fernando Arrarte Granda.<\/p>\n<p>  <!--more-->  <\/p>\n<p style=\"text-align: justify;\">En la mencionada entrevista Palac\u00edn hace un vibrante recuento de la historia que dio lugar a la creaci\u00f3n de nuestra aerol\u00ednea de bandera como una reivindicaci\u00f3n a nuestros derechos en \u00a0el espacio a\u00e9reo nacional usufructuado actualmente por empresas a\u00e9reas que exhiben las ense\u00f1as de otros pa\u00edses, ajenos al Per\u00fa.<\/p>\n<p style=\"text-align: justify;\">\u201cCuando esto suceda, m\u00e1s temprano que tarde, ser\u00e1 como lograr una segunda independencia nacional\u201d, remarc\u00f3 Palac\u00edn ,significando que la primera independencia fue de Espa\u00f1a y la segunda ser\u00e1 cuando el Per\u00f9 independice sus cielos, \u00a0ocupados ahora por intereses extranjeros \u00a0que extraen provechos econ\u00f3micos en desmedro de nuestro pa\u00eds.<\/p>\n<p style=\"text-align: justify;\"><img decoding=\"async\" src=\"images\/stories\/12\/08\/030812\/avion.jpg\" border=\"0\" alt=\"Ma\u00f1ana martes 9 repiten hist\u00f3rica entrevista a creador de la aerol\u00ednea de bandera del Per\u00fa\" title=\"Ma\u00f1ana martes 9 repiten hist\u00f3rica entrevista a creador de la aerol\u00ednea de bandera del Per\u00fa\" \/><\/p>\n","protected":false},"excerpt":{"rendered":"<p>(Aeronoticias).- Ma\u00f1ana, el Canal 11 de la televisi\u00f3n lime\u00f1a volver\u00e1 a difundir la hist\u00f3rica entrevista que hizo Fernando Arrarte al doctor Juli\u00e1n Palac\u00edn Fern\u00e1ndez, creador de la aerol\u00ednea de bandera del Per\u00fa, empresa privada que precisamente se llama desde ahora \u201cContigo Per\u00fa\u201d y cuya pronta aparici\u00f3n significar\u00e1 la recuperaci\u00f3n de la soberan\u00eda en el espacio [&hellip;]<\/p>\n","protected":false},"author":1,"featured_media":0,"comment_status":"open","ping_status":"open","sticky":false,"template":"","format":"standard","meta":{"tdm_status":"","tdm_grid_status":"","footnotes":""},"categories":[30],"tags":[],"class_list":{"0":"post-31075","1":"post","2":"type-post","3":"status-publish","4":"format-standard","6":"category-30"},"yoast_head":"<!-- This site is optimized with the Yoast SEO plugin v25.1 - https:\/\/yoast.com\/wordpress\/plugins\/seo\/ -->\n<title>Ma\u00f1ana martes 9 repiten hist\u00f3rica entrevista a creador de la aerol\u00ednea de bandera del Per\u00fa<\/title>\n<meta name=\"description\" content=\"Portal de noticias del Per\u00fa sobre el transporte a\u00e9reo, aviaci\u00f3n, turismo, hoteleria, actualidad.\" \/>\n<meta name=\"robots\" content=\"index, follow, max-snippet:-1, max-image-preview:large, max-video-preview:-1\" \/>\n<link rel=\"canonical\" href=\"https:\/\/aeronoticias.com.pe\/noticiero\/ultimas\/1\/manana-martes-9-repiten-historica-entrevista-a-creador-de-la-aerolinea-de-bandera-del-peru\/\" \/>\n<meta property=\"og:locale\" content=\"es_ES\" \/>\n<meta property=\"og:type\" content=\"article\" \/>\n<meta property=\"og:title\" content=\"Ma\u00f1ana martes 9 repiten hist\u00f3rica entrevista a creador de la aerol\u00ednea de bandera del Per\u00fa\" \/>\n<meta property=\"og:description\" content=\"Portal de noticias del Per\u00fa sobre el transporte a\u00e9reo, aviaci\u00f3n, turismo, hoteleria, actualidad.\" \/>\n<meta property=\"og:url\" content=\"https:\/\/aeronoticias.com.pe\/noticiero\/ultimas\/1\/manana-martes-9-repiten-historica-entrevista-a-creador-de-la-aerolinea-de-bandera-del-peru\/\" \/>\n<meta property=\"og:site_name\" content=\"Aeronoticias.com.pe\" \/>\n<meta property=\"article:publisher\" content=\"https:\/\/www.facebook.com\/Aeronoticias.com.pe\/\" \/>\n<meta property=\"article:published_time\" content=\"2012-10-08T13:02:52+00:00\" \/>\n<meta name=\"author\" content=\"Redacci\u00f3n Aeronoticias\" \/>\n<meta name=\"twitter:card\" content=\"summary_large_image\" \/>\n<meta name=\"twitter:creator\" content=\"@aeronoticias\" \/>\n<meta name=\"twitter:site\" content=\"@aeronoticias\" \/>\n<meta name=\"twitter:label1\" content=\"Escrito por\" \/>\n\t<meta name=\"twitter:data1\" content=\"Redacci\u00f3n Aeronoticias\" \/>\n\t<meta name=\"twitter:label2\" content=\"Tiempo de lectura\" \/>\n\t<meta name=\"twitter:data2\" content=\"1 minuto\" \/>\n<script type=\"application\/ld+json\" class=\"yoast-schema-graph\">{\"@context\":\"https:\/\/schema.org\",\"@graph\":[{\"@type\":\"WebPage\",\"@id\":\"https:\/\/aeronoticias.com.pe\/noticiero\/ultimas\/1\/manana-martes-9-repiten-historica-entrevista-a-creador-de-la-aerolinea-de-bandera-del-peru\/\",\"url\":\"https:\/\/aeronoticias.com.pe\/noticiero\/ultimas\/1\/manana-martes-9-repiten-historica-entrevista-a-creador-de-la-aerolinea-de-bandera-del-peru\/\",\"name\":\"Ma\u00f1ana martes 9 repiten hist\u00f3rica entrevista a creador de la aerol\u00ednea de bandera del Per\u00fa\",\"isPartOf\":{\"@id\":\"https:\/\/aeronoticias.com.pe\/noticiero\/#website\"},\"datePublished\":\"2012-10-08T13:02:52+00:00\",\"author\":{\"@id\":\"https:\/\/aeronoticias.com.pe\/noticiero\/#\/schema\/person\/fc1e5d578f4b62ba1cf7ac2bba1170a0\"},\"description\":\"Portal de noticias del Per\u00fa sobre el transporte a\u00e9reo, aviaci\u00f3n, turismo, hoteleria, actualidad.\",\"breadcrumb\":{\"@id\":\"https:\/\/aeronoticias.com.pe\/noticiero\/ultimas\/1\/manana-martes-9-repiten-historica-entrevista-a-creador-de-la-aerolinea-de-bandera-del-peru\/#breadcrumb\"},\"inLanguage\":\"es\",\"potentialAction\":[{\"@type\":\"ReadAction\",\"target\":[\"https:\/\/aeronoticias.com.pe\/noticiero\/ultimas\/1\/manana-martes-9-repiten-historica-entrevista-a-creador-de-la-aerolinea-de-bandera-del-peru\/\"]}]},{\"@type\":\"BreadcrumbList\",\"@id\":\"https:\/\/aeronoticias.com.pe\/noticiero\/ultimas\/1\/manana-martes-9-repiten-historica-entrevista-a-creador-de-la-aerolinea-de-bandera-del-peru\/#breadcrumb\",\"itemListElement\":[{\"@type\":\"ListItem\",\"position\":1,\"name\":\"Portada\",\"item\":\"https:\/\/aeronoticias.com.pe\/noticiero\/\"},{\"@type\":\"ListItem\",\"position\":2,\"name\":\"Ma\u00f1ana martes 9 repiten hist\u00f3rica entrevista a creador de la aerol\u00ednea de bandera del Per\u00fa\"}]},{\"@type\":\"WebSite\",\"@id\":\"https:\/\/aeronoticias.com.pe\/noticiero\/#website\",\"url\":\"https:\/\/aeronoticias.com.pe\/noticiero\/\",\"name\":\"Aeronoticias.com.pe\",\"description\":\"Noticias de tranporte aereo, turismo, hoteles, gastronomia, actualidad, internacional\",\"potentialAction\":[{\"@type\":\"SearchAction\",\"target\":{\"@type\":\"EntryPoint\",\"urlTemplate\":\"https:\/\/aeronoticias.com.pe\/noticiero\/?s={search_term_string}\"},\"query-input\":{\"@type\":\"PropertyValueSpecification\",\"valueRequired\":true,\"valueName\":\"search_term_string\"}}],\"inLanguage\":\"es\"},{\"@type\":\"Person\",\"@id\":\"https:\/\/aeronoticias.com.pe\/noticiero\/#\/schema\/person\/fc1e5d578f4b62ba1cf7ac2bba1170a0\",\"name\":\"Redacci\u00f3n Aeronoticias\",\"url\":\"https:\/\/aeronoticias.com.pe\/noticiero\/author\/piloto\/\"}]}<\/script>\n<!-- \/ Yoast SEO plugin. -->","yoast_head_json":{"title":"Ma\u00f1ana martes 9 repiten hist\u00f3rica entrevista a creador de la aerol\u00ednea de bandera del Per\u00fa","description":"Portal de noticias del Per\u00fa sobre el transporte a\u00e9reo, aviaci\u00f3n, turismo, hoteleria, actualidad.","robots":{"index":"index","follow":"follow","max-snippet":"max-snippet:-1","max-image-preview":"max-image-preview:large","max-video-preview":"max-video-preview:-1"},"canonical":"https:\/\/aeronoticias.com.pe\/noticiero\/ultimas\/1\/manana-martes-9-repiten-historica-entrevista-a-creador-de-la-aerolinea-de-bandera-del-peru\/","og_locale":"es_ES","og_type":"article","og_title":"Ma\u00f1ana martes 9 repiten hist\u00f3rica entrevista a creador de la aerol\u00ednea de bandera del Per\u00fa","og_description":"Portal de noticias del Per\u00fa sobre el transporte a\u00e9reo, aviaci\u00f3n, turismo, hoteleria, actualidad.","og_url":"https:\/\/aeronoticias.com.pe\/noticiero\/ultimas\/1\/manana-martes-9-repiten-historica-entrevista-a-creador-de-la-aerolinea-de-bandera-del-peru\/","og_site_name":"Aeronoticias.com.pe","article_publisher":"https:\/\/www.facebook.com\/Aeronoticias.com.pe\/","article_published_time":"2012-10-08T13:02:52+00:00","author":"Redacci\u00f3n Aeronoticias","twitter_card":"summary_large_image","twitter_creator":"@aeronoticias","twitter_site":"@aeronoticias","twitter_misc":{"Escrito por":"Redacci\u00f3n Aeronoticias","Tiempo de lectura":"1 minuto"},"schema":{"@context":"https:\/\/schema.org","@graph":[{"@type":"WebPage","@id":"https:\/\/aeronoticias.com.pe\/noticiero\/ultimas\/1\/manana-martes-9-repiten-historica-entrevista-a-creador-de-la-aerolinea-de-bandera-del-peru\/","url":"https:\/\/aeronoticias.com.pe\/noticiero\/ultimas\/1\/manana-martes-9-repiten-historica-entrevista-a-creador-de-la-aerolinea-de-bandera-del-peru\/","name":"Ma\u00f1ana martes 9 repiten hist\u00f3rica entrevista a creador de la aerol\u00ednea de bandera del Per\u00fa","isPartOf":{"@id":"https:\/\/aeronoticias.com.pe\/noticiero\/#website"},"datePublished":"2012-10-08T13:02:52+00:00","author":{"@id":"https:\/\/aeronoticias.com.pe\/noticiero\/#\/schema\/person\/fc1e5d578f4b62ba1cf7ac2bba1170a0"},"description":"Portal de noticias del Per\u00fa sobre el transporte a\u00e9reo, aviaci\u00f3n, turismo, hoteleria, actualidad.","breadcrumb":{"@id":"https:\/\/aeronoticias.com.pe\/noticiero\/ultimas\/1\/manana-martes-9-repiten-historica-entrevista-a-creador-de-la-aerolinea-de-bandera-del-peru\/#breadcrumb"},"inLanguage":"es","potentialAction":[{"@type":"ReadAction","target":["https:\/\/aeronoticias.com.pe\/noticiero\/ultimas\/1\/manana-martes-9-repiten-historica-entrevista-a-creador-de-la-aerolinea-de-bandera-del-peru\/"]}]},{"@type":"BreadcrumbList","@id":"https:\/\/aeronoticias.com.pe\/noticiero\/ultimas\/1\/manana-martes-9-repiten-historica-entrevista-a-creador-de-la-aerolinea-de-bandera-del-peru\/#breadcrumb","itemListElement":[{"@type":"ListItem","position":1,"name":"Portada","item":"https:\/\/aeronoticias.com.pe\/noticiero\/"},{"@type":"ListItem","position":2,"name":"Ma\u00f1ana martes 9 repiten hist\u00f3rica entrevista a creador de la aerol\u00ednea de bandera del Per\u00fa"}]},{"@type":"WebSite","@id":"https:\/\/aeronoticias.com.pe\/noticiero\/#website","url":"https:\/\/aeronoticias.com.pe\/noticiero\/","name":"Aeronoticias.com.pe","description":"Noticias de tranporte aereo, turismo, hoteles, gastronomia, actualidad, internacional","potentialAction":[{"@type":"SearchAction","target":{"@type":"EntryPoint","urlTemplate":"https:\/\/aeronoticias.com.pe\/noticiero\/?s={search_term_string}"},"query-input":{"@type":"PropertyValueSpecification","valueRequired":true,"valueName":"search_term_string"}}],"inLanguage":"es"},{"@type":"Person","@id":"https:\/\/aeronoticias.com.pe\/noticiero\/#\/schema\/person\/fc1e5d578f4b62ba1cf7ac2bba1170a0","name":"Redacci\u00f3n Aeronoticias","url":"https:\/\/aeronoticias.com.pe\/noticiero\/author\/piloto\/"}]}},"_links":{"self":[{"href":"https:\/\/aeronoticias.com.pe\/noticiero\/wp-json\/wp\/v2\/posts\/31075","targetHints":{"allow":["GET"]}}],"collection":[{"href":"https:\/\/aeronoticias.com.pe\/noticiero\/wp-json\/wp\/v2\/posts"}],"about":[{"href":"https:\/\/aeronoticias.com.pe\/noticiero\/wp-json\/wp\/v2\/types\/post"}],"author":[{"embeddable":true,"href":"https:\/\/aeronoticias.com.pe\/noticiero\/wp-json\/wp\/v2\/users\/1"}],"replies":[{"embeddable":true,"href":"https:\/\/aeronoticias.com.pe\/noticiero\/wp-json\/wp\/v2\/comments?post=31075"}],"version-history":[{"count":0,"href":"https:\/\/aeronoticias.com.pe\/noticiero\/wp-json\/wp\/v2\/posts\/31075\/revisions"}],"wp:attachment":[{"href":"https:\/\/aeronoticias.com.pe\/noticiero\/wp-json\/wp\/v2\/media?parent=31075"}],"wp:term":[{"taxonomy":"category","embeddable":true,"href":"https:\/\/aeronoticias.com.pe\/noticiero\/wp-json\/wp\/v2\/categories?post=31075"},{"taxonomy":"post_tag","embeddable":true,"href":"https:\/\/aeronoticias.com.pe\/noticiero\/wp-json\/wp\/v2\/tags?post=31075"}],"curies":[{"name":"wp","href":"https:\/\/api.w.org\/{rel}","templated":true}]}}