{"id":31077,"date":"2012-10-08T13:03:41","date_gmt":"2012-10-08T13:03:41","guid":{"rendered":"http:\/\/desarrollo.mcvicious.com\/aero2020\/2012\/10\/08\/en-la-plaza-grau-del-callao-se-recordara-epopeya-del-combate-de-angamos-2\/"},"modified":"2012-10-08T13:03:41","modified_gmt":"2012-10-08T13:03:41","slug":"en-la-plaza-grau-del-callao-se-recordara-epopeya-del-combate-de-angamos-2","status":"publish","type":"post","link":"https:\/\/aeronoticias.com.pe\/noticiero\/nacionales\/en-la-plaza-grau-del-callao-se-recordara-epopeya-del-combate-de-angamos-2\/","title":{"rendered":"En la plaza Grau del Callao, se recordar\u00e1 epopeya del Combate de Angamos"},"content":{"rendered":"<p style=\"text-align: justify;\" \/><strong>(Aeronoticias).- <\/strong>La gesta que en 1879 protagonizaron el Almirante Miguel Grau Seminario y el legendario monitor \u201cHu\u00e1scar\u201d en el Combate de Angamos ser\u00e1 evocada el lunes 8 de octubre durante una ceremonia c\u00edvico-patri\u00f3tica que se realizar\u00e1 en la plaza Grau del Callao. <\/p>\n<p>El acto que conmemora el 191\u00b0 aniversario de creaci\u00f3n de la Marina de Guerra de Per\u00fa y los 133\u00b0 a\u00f1os del Combate Naval de Angamos, ser\u00e1 presidido por Jefe de Estado, Ollanta Humala Tasso y contar\u00e1 asimismo con la presencia de Ministros de Estado, Presidentes de los Poderes P\u00fablicos y autoridades civiles y militares. <br \/>  <!--more-->  <br \/>Durante la cita, representaciones diplom\u00e1ticas extranjeras, instituciones representantes del primer puerto, as\u00ed como entidades patri\u00f3ticas y culturales, colocar\u00e1n ofrendas florales ante el monumento del \u201cCaballero de los Mares\u201d. <\/p>\n<p>Seguidamente, a las 9:50 de la ma\u00f1ana, se rendir\u00e1 un minuto de silencio en homenaje al Gran Almirante Grau, al coincidir con el instante en que se elev\u00f3 a la inmortalidad. <\/p>\n<p>El acto culminar\u00e1 con el desfile del Agrupamiento Naval y de las Delegaciones del Ej\u00e9rcito, Fuerza A\u00e9rea y Polic\u00eda Nacional del Per\u00fa. <\/p>\n<p>Al t\u00e9rmino del homenaje, el Presidente Constitucional de la Rep\u00fablica, el Ministro de Defensa y el Comandante General de la Marina, abordar\u00e1n el Buque Insignia de la Marina de Guerra BAP Almirante Grau, desde cuya cubierta lanzar\u00e1n al mar una simb\u00f3lica ofrenda floral en homenaje al h\u00e9roe de Angamos. A los hombres de prensa que deseen cubrir este simb\u00f3lico acto, se les proporcionar\u00e1 una lancha.<\/p>\n<p><img decoding=\"async\" class=\"caption\" src=\"images\/stories\/12\/10\/071012\/plaza-callao.jpg\" border=\"0\" alt=\"En la plaza Grau del Callao, se recordar\u00e1 epopeya del Combate de Angamos \" title=\"En la plaza Grau del Callao, se recordar\u00e1 epopeya del Combate de Angamos \" \/><\/p>\n","protected":false},"excerpt":{"rendered":"<p>(Aeronoticias).- La gesta que en 1879 protagonizaron el Almirante Miguel Grau Seminario y el legendario monitor \u201cHu\u00e1scar\u201d en el Combate de Angamos ser\u00e1 evocada el lunes 8 de octubre durante una ceremonia c\u00edvico-patri\u00f3tica que se realizar\u00e1 en la plaza Grau del Callao. El acto que conmemora el 191\u00b0 aniversario de creaci\u00f3n de la Marina de [&hellip;]<\/p>\n","protected":false},"author":1,"featured_media":0,"comment_status":"open","ping_status":"open","sticky":false,"template":"","format":"standard","meta":{"tdm_status":"","tdm_grid_status":"","footnotes":""},"categories":[38],"tags":[],"class_list":{"0":"post-31077","1":"post","2":"type-post","3":"status-publish","4":"format-standard","6":"category-nacionales"},"yoast_head":"<!-- This site is optimized with the Yoast SEO plugin v25.1 - https:\/\/yoast.com\/wordpress\/plugins\/seo\/ -->\n<title>En la plaza Grau del Callao, se recordar\u00e1 epopeya del Combate de Angamos<\/title>\n<meta name=\"description\" content=\"Portal de noticias del Per\u00fa sobre el transporte a\u00e9reo, aviaci\u00f3n, turismo, hoteleria, actualidad.\" \/>\n<meta name=\"robots\" content=\"index, follow, max-snippet:-1, max-image-preview:large, max-video-preview:-1\" \/>\n<link rel=\"canonical\" href=\"https:\/\/aeronoticias.com.pe\/noticiero\/nacionales\/en-la-plaza-grau-del-callao-se-recordara-epopeya-del-combate-de-angamos-2\/\" \/>\n<meta property=\"og:locale\" content=\"es_ES\" \/>\n<meta property=\"og:type\" content=\"article\" \/>\n<meta property=\"og:title\" content=\"En la plaza Grau del Callao, se recordar\u00e1 epopeya del Combate de Angamos\" \/>\n<meta property=\"og:description\" content=\"Portal de noticias del Per\u00fa sobre el transporte a\u00e9reo, aviaci\u00f3n, turismo, hoteleria, actualidad.\" \/>\n<meta property=\"og:url\" content=\"https:\/\/aeronoticias.com.pe\/noticiero\/nacionales\/en-la-plaza-grau-del-callao-se-recordara-epopeya-del-combate-de-angamos-2\/\" \/>\n<meta property=\"og:site_name\" content=\"Aeronoticias.com.pe\" \/>\n<meta property=\"article:publisher\" content=\"https:\/\/www.facebook.com\/Aeronoticias.com.pe\/\" \/>\n<meta property=\"article:published_time\" content=\"2012-10-08T13:03:41+00:00\" \/>\n<meta name=\"author\" content=\"Redacci\u00f3n Aeronoticias\" \/>\n<meta name=\"twitter:card\" content=\"summary_large_image\" \/>\n<meta name=\"twitter:creator\" content=\"@aeronoticias\" \/>\n<meta name=\"twitter:site\" content=\"@aeronoticias\" \/>\n<meta name=\"twitter:label1\" content=\"Escrito por\" \/>\n\t<meta name=\"twitter:data1\" content=\"Redacci\u00f3n Aeronoticias\" \/>\n\t<meta name=\"twitter:label2\" content=\"Tiempo de lectura\" \/>\n\t<meta name=\"twitter:data2\" content=\"1 minuto\" \/>\n<script type=\"application\/ld+json\" class=\"yoast-schema-graph\">{\"@context\":\"https:\/\/schema.org\",\"@graph\":[{\"@type\":\"WebPage\",\"@id\":\"https:\/\/aeronoticias.com.pe\/noticiero\/nacionales\/en-la-plaza-grau-del-callao-se-recordara-epopeya-del-combate-de-angamos-2\/\",\"url\":\"https:\/\/aeronoticias.com.pe\/noticiero\/nacionales\/en-la-plaza-grau-del-callao-se-recordara-epopeya-del-combate-de-angamos-2\/\",\"name\":\"En la plaza Grau del Callao, se recordar\u00e1 epopeya del Combate de Angamos\",\"isPartOf\":{\"@id\":\"https:\/\/aeronoticias.com.pe\/noticiero\/#website\"},\"datePublished\":\"2012-10-08T13:03:41+00:00\",\"author\":{\"@id\":\"https:\/\/aeronoticias.com.pe\/noticiero\/#\/schema\/person\/fc1e5d578f4b62ba1cf7ac2bba1170a0\"},\"description\":\"Portal de noticias del Per\u00fa sobre el transporte a\u00e9reo, aviaci\u00f3n, turismo, hoteleria, actualidad.\",\"breadcrumb\":{\"@id\":\"https:\/\/aeronoticias.com.pe\/noticiero\/nacionales\/en-la-plaza-grau-del-callao-se-recordara-epopeya-del-combate-de-angamos-2\/#breadcrumb\"},\"inLanguage\":\"es\",\"potentialAction\":[{\"@type\":\"ReadAction\",\"target\":[\"https:\/\/aeronoticias.com.pe\/noticiero\/nacionales\/en-la-plaza-grau-del-callao-se-recordara-epopeya-del-combate-de-angamos-2\/\"]}]},{\"@type\":\"BreadcrumbList\",\"@id\":\"https:\/\/aeronoticias.com.pe\/noticiero\/nacionales\/en-la-plaza-grau-del-callao-se-recordara-epopeya-del-combate-de-angamos-2\/#breadcrumb\",\"itemListElement\":[{\"@type\":\"ListItem\",\"position\":1,\"name\":\"Portada\",\"item\":\"https:\/\/aeronoticias.com.pe\/noticiero\/\"},{\"@type\":\"ListItem\",\"position\":2,\"name\":\"En la plaza Grau del Callao, se recordar\u00e1 epopeya del Combate de Angamos\"}]},{\"@type\":\"WebSite\",\"@id\":\"https:\/\/aeronoticias.com.pe\/noticiero\/#website\",\"url\":\"https:\/\/aeronoticias.com.pe\/noticiero\/\",\"name\":\"Aeronoticias.com.pe\",\"description\":\"Noticias de tranporte aereo, turismo, hoteles, gastronomia, actualidad, internacional\",\"potentialAction\":[{\"@type\":\"SearchAction\",\"target\":{\"@type\":\"EntryPoint\",\"urlTemplate\":\"https:\/\/aeronoticias.com.pe\/noticiero\/?s={search_term_string}\"},\"query-input\":{\"@type\":\"PropertyValueSpecification\",\"valueRequired\":true,\"valueName\":\"search_term_string\"}}],\"inLanguage\":\"es\"},{\"@type\":\"Person\",\"@id\":\"https:\/\/aeronoticias.com.pe\/noticiero\/#\/schema\/person\/fc1e5d578f4b62ba1cf7ac2bba1170a0\",\"name\":\"Redacci\u00f3n Aeronoticias\",\"url\":\"https:\/\/aeronoticias.com.pe\/noticiero\/author\/piloto\/\"}]}<\/script>\n<!-- \/ Yoast SEO plugin. -->","yoast_head_json":{"title":"En la plaza Grau del Callao, se recordar\u00e1 epopeya del Combate de Angamos","description":"Portal de noticias del Per\u00fa sobre el transporte a\u00e9reo, aviaci\u00f3n, turismo, hoteleria, actualidad.","robots":{"index":"index","follow":"follow","max-snippet":"max-snippet:-1","max-image-preview":"max-image-preview:large","max-video-preview":"max-video-preview:-1"},"canonical":"https:\/\/aeronoticias.com.pe\/noticiero\/nacionales\/en-la-plaza-grau-del-callao-se-recordara-epopeya-del-combate-de-angamos-2\/","og_locale":"es_ES","og_type":"article","og_title":"En la plaza Grau del Callao, se recordar\u00e1 epopeya del Combate de Angamos","og_description":"Portal de noticias del Per\u00fa sobre el transporte a\u00e9reo, aviaci\u00f3n, turismo, hoteleria, actualidad.","og_url":"https:\/\/aeronoticias.com.pe\/noticiero\/nacionales\/en-la-plaza-grau-del-callao-se-recordara-epopeya-del-combate-de-angamos-2\/","og_site_name":"Aeronoticias.com.pe","article_publisher":"https:\/\/www.facebook.com\/Aeronoticias.com.pe\/","article_published_time":"2012-10-08T13:03:41+00:00","author":"Redacci\u00f3n Aeronoticias","twitter_card":"summary_large_image","twitter_creator":"@aeronoticias","twitter_site":"@aeronoticias","twitter_misc":{"Escrito por":"Redacci\u00f3n Aeronoticias","Tiempo de lectura":"1 minuto"},"schema":{"@context":"https:\/\/schema.org","@graph":[{"@type":"WebPage","@id":"https:\/\/aeronoticias.com.pe\/noticiero\/nacionales\/en-la-plaza-grau-del-callao-se-recordara-epopeya-del-combate-de-angamos-2\/","url":"https:\/\/aeronoticias.com.pe\/noticiero\/nacionales\/en-la-plaza-grau-del-callao-se-recordara-epopeya-del-combate-de-angamos-2\/","name":"En la plaza Grau del Callao, se recordar\u00e1 epopeya del Combate de Angamos","isPartOf":{"@id":"https:\/\/aeronoticias.com.pe\/noticiero\/#website"},"datePublished":"2012-10-08T13:03:41+00:00","author":{"@id":"https:\/\/aeronoticias.com.pe\/noticiero\/#\/schema\/person\/fc1e5d578f4b62ba1cf7ac2bba1170a0"},"description":"Portal de noticias del Per\u00fa sobre el transporte a\u00e9reo, aviaci\u00f3n, turismo, hoteleria, actualidad.","breadcrumb":{"@id":"https:\/\/aeronoticias.com.pe\/noticiero\/nacionales\/en-la-plaza-grau-del-callao-se-recordara-epopeya-del-combate-de-angamos-2\/#breadcrumb"},"inLanguage":"es","potentialAction":[{"@type":"ReadAction","target":["https:\/\/aeronoticias.com.pe\/noticiero\/nacionales\/en-la-plaza-grau-del-callao-se-recordara-epopeya-del-combate-de-angamos-2\/"]}]},{"@type":"BreadcrumbList","@id":"https:\/\/aeronoticias.com.pe\/noticiero\/nacionales\/en-la-plaza-grau-del-callao-se-recordara-epopeya-del-combate-de-angamos-2\/#breadcrumb","itemListElement":[{"@type":"ListItem","position":1,"name":"Portada","item":"https:\/\/aeronoticias.com.pe\/noticiero\/"},{"@type":"ListItem","position":2,"name":"En la plaza Grau del Callao, se recordar\u00e1 epopeya del Combate de Angamos"}]},{"@type":"WebSite","@id":"https:\/\/aeronoticias.com.pe\/noticiero\/#website","url":"https:\/\/aeronoticias.com.pe\/noticiero\/","name":"Aeronoticias.com.pe","description":"Noticias de tranporte aereo, turismo, hoteles, gastronomia, actualidad, internacional","potentialAction":[{"@type":"SearchAction","target":{"@type":"EntryPoint","urlTemplate":"https:\/\/aeronoticias.com.pe\/noticiero\/?s={search_term_string}"},"query-input":{"@type":"PropertyValueSpecification","valueRequired":true,"valueName":"search_term_string"}}],"inLanguage":"es"},{"@type":"Person","@id":"https:\/\/aeronoticias.com.pe\/noticiero\/#\/schema\/person\/fc1e5d578f4b62ba1cf7ac2bba1170a0","name":"Redacci\u00f3n Aeronoticias","url":"https:\/\/aeronoticias.com.pe\/noticiero\/author\/piloto\/"}]}},"_links":{"self":[{"href":"https:\/\/aeronoticias.com.pe\/noticiero\/wp-json\/wp\/v2\/posts\/31077","targetHints":{"allow":["GET"]}}],"collection":[{"href":"https:\/\/aeronoticias.com.pe\/noticiero\/wp-json\/wp\/v2\/posts"}],"about":[{"href":"https:\/\/aeronoticias.com.pe\/noticiero\/wp-json\/wp\/v2\/types\/post"}],"author":[{"embeddable":true,"href":"https:\/\/aeronoticias.com.pe\/noticiero\/wp-json\/wp\/v2\/users\/1"}],"replies":[{"embeddable":true,"href":"https:\/\/aeronoticias.com.pe\/noticiero\/wp-json\/wp\/v2\/comments?post=31077"}],"version-history":[{"count":0,"href":"https:\/\/aeronoticias.com.pe\/noticiero\/wp-json\/wp\/v2\/posts\/31077\/revisions"}],"wp:attachment":[{"href":"https:\/\/aeronoticias.com.pe\/noticiero\/wp-json\/wp\/v2\/media?parent=31077"}],"wp:term":[{"taxonomy":"category","embeddable":true,"href":"https:\/\/aeronoticias.com.pe\/noticiero\/wp-json\/wp\/v2\/categories?post=31077"},{"taxonomy":"post_tag","embeddable":true,"href":"https:\/\/aeronoticias.com.pe\/noticiero\/wp-json\/wp\/v2\/tags?post=31077"}],"curies":[{"name":"wp","href":"https:\/\/api.w.org\/{rel}","templated":true}]}}