{"id":31083,"date":"2012-10-08T14:11:33","date_gmt":"2012-10-08T14:11:33","guid":{"rendered":"http:\/\/desarrollo.mcvicious.com\/aero2020\/2012\/10\/08\/el-airbus-a350-xwb-va-tomando-forma\/"},"modified":"2012-10-08T14:11:33","modified_gmt":"2012-10-08T14:11:33","slug":"el-airbus-a350-xwb-va-tomando-forma","status":"publish","type":"post","link":"https:\/\/aeronoticias.com.pe\/noticiero\/27\/el-airbus-a350-xwb-va-tomando-forma\/","title":{"rendered":"El Airbus A350 XWB va tomando forma"},"content":{"rendered":"<p style=\"text-align: justify;\"><strong>(Aeronoticias).-<\/strong> El montaje final del primer A350 XWB est\u00e1 en marcha en la nueva l\u00ednea de montaje final en Toulouse. Este \u00faltimo paso en el progreso del A350 XWB de Airbus se inicia uniendo el fuselaje central de 19,7 metros de largo con el fuselaje delantero de 21 metros de largo.<\/p>\n<p style=\"text-align: justify;\">Esta primera estructura del A350 XWB ser\u00e1 utilizada para las pruebas estructurales est\u00e1ticas a las que todos los nuevos aviones se someten como parte de su proceso de certificaci\u00f3n. El montaje del primer avi\u00f3n A350 XWB, MSN1, comenzar\u00e1 durante el verano.<\/p>\n<p style=\"text-align: justify;\">El fuselaje central fue entregado a Toulouse el mi\u00e9rcoles 04 de abril de 2012 por Beluga de Airbus en Saint Nazaire, Francia. El fuselaje delantero fue entregado de St Nazaire a la l\u00ednea de montaje final del A350 XWB, el 23 diciembre de 2011. La entrega e instalaci\u00f3n del fuselaje trasero proveniente de Hamburgo, Alemania se llevar\u00e1 a cabo en las pr\u00f3ximas semanas, seguido por las alas que ser\u00e1n enviadas desde el sitio ensamblaje de alas de Airbus en Broughton, Reino Unido.<\/p>\n<p>  <!--more-->  <\/p>\n<p style=\"text-align: justify;\">El fuselaje del A350 XWB se compone de tres secciones principales &#8211; delantero, central y trasero. Estos se unen a la primera estaci\u00f3n de ensamble, la estaci\u00f3n 50. El tren de aterrizaje delantero es instalado en esta estaci\u00f3n. Una vez que esta fase se ha completado, el fuselaje se transfiere a la estaci\u00f3n 40 donde las alas y secciones de cola se unen. Paralelamente mientras se completa la instalaci\u00f3n de la cabina se lleva a cabo la uni\u00f3n entre las alas y el fuselaje, as\u00ed como la instalaci\u00f3n del \u00abpower on\u00bb de los sistemas de la aeronave. De esta manera, las pruebas funcionales pueden comenzar antes que en programas anteriores.<\/p>\n<p style=\"text-align: justify;\">El A350 XWB es la nueva familia de aviones de Airbus de tama\u00f1o mediano de fuselaje ancho. Estos aviones altamente eficientes re\u00fanen lo \u00faltimo en aerodin\u00e1mica, dise\u00f1o y tecnolog\u00edas de avanzada para proporcionar una mejora de hasta un 25 por ciento en la \u00a0eficiencia en el consumo de combustible y costos de operaci\u00f3n en comparaci\u00f3n con aviones actuales de la categor\u00eda del mismo tama\u00f1o. M\u00e1s del 70 por ciento del peso del fuselaje del A350 XWB est\u00e1 hecho de avanzados materiales compuestos que combinan (53 por ciento), titanio y aleaciones avanzadas de aluminio. El innovador fuselaje de la aeronave compuesto por fibra de carbono reforzado con pl\u00e1stico (CFRP) mejora la eficiencia en el consumo de combustible, as\u00ed como la mejora en la facilidad para su mantenimiento. El A350 XWB se beneficia de la experiencia de Airbus en la incorporaci\u00f3n de materiales compuestos en sus aviones.<\/p>\n<p style=\"text-align: justify;\">La Familia A350 XWB se compone de tres versiones de pasajeros con verdadera capacidad de largo alcance de vuelo de hasta 8.500nm\/15,580kil\u00f3metros. En una t\u00edpica configuraci\u00f3n de tres clases, el A350-800 ofrecer\u00e1 270 asientos, mientras que el A350-900 y el A350-1000 ofrecer\u00e1n 314 y 350 plazas, respectivamente.<\/p>\n<p style=\"text-align: justify;\">Hostnews.com.ar<\/p>\n<p style=\"text-align: justify;\"><img decoding=\"async\" src=\"images\/stories\/12\/10\/081012\/airbus_a350_xwb.jpg\" border=\"0\" alt=\"El Airbus A350 XWB va tomando forma\" title=\"El Airbus A350 XWB va tomando forma\" \/><\/p>\n","protected":false},"excerpt":{"rendered":"<p>(Aeronoticias).- El montaje final del primer A350 XWB est\u00e1 en marcha en la nueva l\u00ednea de montaje final en Toulouse. Este \u00faltimo paso en el progreso del A350 XWB de Airbus se inicia uniendo el fuselaje central de 19,7 metros de largo con el fuselaje delantero de 21 metros de largo. Esta primera estructura del [&hellip;]<\/p>\n","protected":false},"author":1,"featured_media":0,"comment_status":"open","ping_status":"open","sticky":false,"template":"","format":"standard","meta":{"tdm_status":"","tdm_grid_status":"","footnotes":""},"categories":[35],"tags":[],"class_list":{"0":"post-31083","1":"post","2":"type-post","3":"status-publish","4":"format-standard","6":"category-35"},"yoast_head":"<!-- This site is optimized with the Yoast SEO plugin v25.1 - https:\/\/yoast.com\/wordpress\/plugins\/seo\/ -->\n<title>El Airbus A350 XWB va tomando forma<\/title>\n<meta name=\"description\" content=\"Portal de noticias del Per\u00fa sobre el transporte a\u00e9reo, aviaci\u00f3n, turismo, hoteleria, actualidad.\" \/>\n<meta name=\"robots\" content=\"index, follow, max-snippet:-1, max-image-preview:large, max-video-preview:-1\" \/>\n<link rel=\"canonical\" href=\"https:\/\/aeronoticias.com.pe\/noticiero\/27\/el-airbus-a350-xwb-va-tomando-forma\/\" \/>\n<meta property=\"og:locale\" content=\"es_ES\" \/>\n<meta property=\"og:type\" content=\"article\" \/>\n<meta property=\"og:title\" content=\"El Airbus A350 XWB va tomando forma\" \/>\n<meta property=\"og:description\" content=\"Portal de noticias del Per\u00fa sobre el transporte a\u00e9reo, aviaci\u00f3n, turismo, hoteleria, actualidad.\" \/>\n<meta property=\"og:url\" content=\"https:\/\/aeronoticias.com.pe\/noticiero\/27\/el-airbus-a350-xwb-va-tomando-forma\/\" \/>\n<meta property=\"og:site_name\" content=\"Aeronoticias.com.pe\" \/>\n<meta property=\"article:publisher\" content=\"https:\/\/www.facebook.com\/Aeronoticias.com.pe\/\" \/>\n<meta property=\"article:published_time\" content=\"2012-10-08T14:11:33+00:00\" \/>\n<meta name=\"author\" content=\"Redacci\u00f3n Aeronoticias\" \/>\n<meta name=\"twitter:card\" content=\"summary_large_image\" \/>\n<meta name=\"twitter:creator\" content=\"@aeronoticias\" \/>\n<meta name=\"twitter:site\" content=\"@aeronoticias\" \/>\n<meta name=\"twitter:label1\" content=\"Escrito por\" \/>\n\t<meta name=\"twitter:data1\" content=\"Redacci\u00f3n Aeronoticias\" \/>\n\t<meta name=\"twitter:label2\" content=\"Tiempo de lectura\" \/>\n\t<meta name=\"twitter:data2\" content=\"3 minutos\" \/>\n<script type=\"application\/ld+json\" class=\"yoast-schema-graph\">{\"@context\":\"https:\/\/schema.org\",\"@graph\":[{\"@type\":\"WebPage\",\"@id\":\"https:\/\/aeronoticias.com.pe\/noticiero\/27\/el-airbus-a350-xwb-va-tomando-forma\/\",\"url\":\"https:\/\/aeronoticias.com.pe\/noticiero\/27\/el-airbus-a350-xwb-va-tomando-forma\/\",\"name\":\"El Airbus A350 XWB va tomando forma\",\"isPartOf\":{\"@id\":\"https:\/\/aeronoticias.com.pe\/noticiero\/#website\"},\"datePublished\":\"2012-10-08T14:11:33+00:00\",\"author\":{\"@id\":\"https:\/\/aeronoticias.com.pe\/noticiero\/#\/schema\/person\/fc1e5d578f4b62ba1cf7ac2bba1170a0\"},\"description\":\"Portal de noticias del Per\u00fa sobre el transporte a\u00e9reo, aviaci\u00f3n, turismo, hoteleria, actualidad.\",\"breadcrumb\":{\"@id\":\"https:\/\/aeronoticias.com.pe\/noticiero\/27\/el-airbus-a350-xwb-va-tomando-forma\/#breadcrumb\"},\"inLanguage\":\"es\",\"potentialAction\":[{\"@type\":\"ReadAction\",\"target\":[\"https:\/\/aeronoticias.com.pe\/noticiero\/27\/el-airbus-a350-xwb-va-tomando-forma\/\"]}]},{\"@type\":\"BreadcrumbList\",\"@id\":\"https:\/\/aeronoticias.com.pe\/noticiero\/27\/el-airbus-a350-xwb-va-tomando-forma\/#breadcrumb\",\"itemListElement\":[{\"@type\":\"ListItem\",\"position\":1,\"name\":\"Portada\",\"item\":\"https:\/\/aeronoticias.com.pe\/noticiero\/\"},{\"@type\":\"ListItem\",\"position\":2,\"name\":\"El Airbus A350 XWB va tomando forma\"}]},{\"@type\":\"WebSite\",\"@id\":\"https:\/\/aeronoticias.com.pe\/noticiero\/#website\",\"url\":\"https:\/\/aeronoticias.com.pe\/noticiero\/\",\"name\":\"Aeronoticias.com.pe\",\"description\":\"Noticias de tranporte aereo, turismo, hoteles, gastronomia, actualidad, internacional\",\"potentialAction\":[{\"@type\":\"SearchAction\",\"target\":{\"@type\":\"EntryPoint\",\"urlTemplate\":\"https:\/\/aeronoticias.com.pe\/noticiero\/?s={search_term_string}\"},\"query-input\":{\"@type\":\"PropertyValueSpecification\",\"valueRequired\":true,\"valueName\":\"search_term_string\"}}],\"inLanguage\":\"es\"},{\"@type\":\"Person\",\"@id\":\"https:\/\/aeronoticias.com.pe\/noticiero\/#\/schema\/person\/fc1e5d578f4b62ba1cf7ac2bba1170a0\",\"name\":\"Redacci\u00f3n Aeronoticias\",\"url\":\"https:\/\/aeronoticias.com.pe\/noticiero\/author\/piloto\/\"}]}<\/script>\n<!-- \/ Yoast SEO plugin. -->","yoast_head_json":{"title":"El Airbus A350 XWB va tomando forma","description":"Portal de noticias del Per\u00fa sobre el transporte a\u00e9reo, aviaci\u00f3n, turismo, hoteleria, actualidad.","robots":{"index":"index","follow":"follow","max-snippet":"max-snippet:-1","max-image-preview":"max-image-preview:large","max-video-preview":"max-video-preview:-1"},"canonical":"https:\/\/aeronoticias.com.pe\/noticiero\/27\/el-airbus-a350-xwb-va-tomando-forma\/","og_locale":"es_ES","og_type":"article","og_title":"El Airbus A350 XWB va tomando forma","og_description":"Portal de noticias del Per\u00fa sobre el transporte a\u00e9reo, aviaci\u00f3n, turismo, hoteleria, actualidad.","og_url":"https:\/\/aeronoticias.com.pe\/noticiero\/27\/el-airbus-a350-xwb-va-tomando-forma\/","og_site_name":"Aeronoticias.com.pe","article_publisher":"https:\/\/www.facebook.com\/Aeronoticias.com.pe\/","article_published_time":"2012-10-08T14:11:33+00:00","author":"Redacci\u00f3n Aeronoticias","twitter_card":"summary_large_image","twitter_creator":"@aeronoticias","twitter_site":"@aeronoticias","twitter_misc":{"Escrito por":"Redacci\u00f3n Aeronoticias","Tiempo de lectura":"3 minutos"},"schema":{"@context":"https:\/\/schema.org","@graph":[{"@type":"WebPage","@id":"https:\/\/aeronoticias.com.pe\/noticiero\/27\/el-airbus-a350-xwb-va-tomando-forma\/","url":"https:\/\/aeronoticias.com.pe\/noticiero\/27\/el-airbus-a350-xwb-va-tomando-forma\/","name":"El Airbus A350 XWB va tomando forma","isPartOf":{"@id":"https:\/\/aeronoticias.com.pe\/noticiero\/#website"},"datePublished":"2012-10-08T14:11:33+00:00","author":{"@id":"https:\/\/aeronoticias.com.pe\/noticiero\/#\/schema\/person\/fc1e5d578f4b62ba1cf7ac2bba1170a0"},"description":"Portal de noticias del Per\u00fa sobre el transporte a\u00e9reo, aviaci\u00f3n, turismo, hoteleria, actualidad.","breadcrumb":{"@id":"https:\/\/aeronoticias.com.pe\/noticiero\/27\/el-airbus-a350-xwb-va-tomando-forma\/#breadcrumb"},"inLanguage":"es","potentialAction":[{"@type":"ReadAction","target":["https:\/\/aeronoticias.com.pe\/noticiero\/27\/el-airbus-a350-xwb-va-tomando-forma\/"]}]},{"@type":"BreadcrumbList","@id":"https:\/\/aeronoticias.com.pe\/noticiero\/27\/el-airbus-a350-xwb-va-tomando-forma\/#breadcrumb","itemListElement":[{"@type":"ListItem","position":1,"name":"Portada","item":"https:\/\/aeronoticias.com.pe\/noticiero\/"},{"@type":"ListItem","position":2,"name":"El Airbus A350 XWB va tomando forma"}]},{"@type":"WebSite","@id":"https:\/\/aeronoticias.com.pe\/noticiero\/#website","url":"https:\/\/aeronoticias.com.pe\/noticiero\/","name":"Aeronoticias.com.pe","description":"Noticias de tranporte aereo, turismo, hoteles, gastronomia, actualidad, internacional","potentialAction":[{"@type":"SearchAction","target":{"@type":"EntryPoint","urlTemplate":"https:\/\/aeronoticias.com.pe\/noticiero\/?s={search_term_string}"},"query-input":{"@type":"PropertyValueSpecification","valueRequired":true,"valueName":"search_term_string"}}],"inLanguage":"es"},{"@type":"Person","@id":"https:\/\/aeronoticias.com.pe\/noticiero\/#\/schema\/person\/fc1e5d578f4b62ba1cf7ac2bba1170a0","name":"Redacci\u00f3n Aeronoticias","url":"https:\/\/aeronoticias.com.pe\/noticiero\/author\/piloto\/"}]}},"_links":{"self":[{"href":"https:\/\/aeronoticias.com.pe\/noticiero\/wp-json\/wp\/v2\/posts\/31083","targetHints":{"allow":["GET"]}}],"collection":[{"href":"https:\/\/aeronoticias.com.pe\/noticiero\/wp-json\/wp\/v2\/posts"}],"about":[{"href":"https:\/\/aeronoticias.com.pe\/noticiero\/wp-json\/wp\/v2\/types\/post"}],"author":[{"embeddable":true,"href":"https:\/\/aeronoticias.com.pe\/noticiero\/wp-json\/wp\/v2\/users\/1"}],"replies":[{"embeddable":true,"href":"https:\/\/aeronoticias.com.pe\/noticiero\/wp-json\/wp\/v2\/comments?post=31083"}],"version-history":[{"count":0,"href":"https:\/\/aeronoticias.com.pe\/noticiero\/wp-json\/wp\/v2\/posts\/31083\/revisions"}],"wp:attachment":[{"href":"https:\/\/aeronoticias.com.pe\/noticiero\/wp-json\/wp\/v2\/media?parent=31083"}],"wp:term":[{"taxonomy":"category","embeddable":true,"href":"https:\/\/aeronoticias.com.pe\/noticiero\/wp-json\/wp\/v2\/categories?post=31083"},{"taxonomy":"post_tag","embeddable":true,"href":"https:\/\/aeronoticias.com.pe\/noticiero\/wp-json\/wp\/v2\/tags?post=31083"}],"curies":[{"name":"wp","href":"https:\/\/api.w.org\/{rel}","templated":true}]}}