{"id":31130,"date":"2012-10-09T14:29:13","date_gmt":"2012-10-09T14:29:13","guid":{"rendered":"http:\/\/desarrollo.mcvicious.com\/aero2020\/2012\/10\/09\/feria-termatalia-realizada-en-peru-generaria-negocios-por-mas-de-us-43-millones\/"},"modified":"2012-10-09T14:29:13","modified_gmt":"2012-10-09T14:29:13","slug":"feria-termatalia-realizada-en-peru-generaria-negocios-por-mas-de-us-43-millones","status":"publish","type":"post","link":"https:\/\/aeronoticias.com.pe\/noticiero\/turismo\/13\/feria-termatalia-realizada-en-peru-generaria-negocios-por-mas-de-us-43-millones\/","title":{"rendered":"Feria Termatalia realizada en Per\u00fa generar\u00eda negocios por m\u00e1s de US$ 43 millones"},"content":{"rendered":"<p style=\"text-align: justify;\"><strong>(Aeronoticias).-<\/strong> La Feria Internacional de Turismo Termal (Termatalia), realizada del 28 al 30 de setiembre en Per\u00fa, y por primera vez en Am\u00e9rica Latina, generar\u00eda negocios superiores a los 43 millones de d\u00f3lares entre contrataci\u00f3n tur\u00edstica e inversi\u00f3n en estructuras, inform\u00f3 hoy la Asociaci\u00f3n Expourense de Espa\u00f1a, organizador del evento.<\/p>\n<p style=\"text-align: justify;\">Cont\u00f3 con la presencia de 140 expositores de 21 pa\u00edses: Alemania, Argentina, Angola, B\u00e9lgica, Brasil, Chile, Colombia, Costa Rica, Ecuador, Eslovaquia, Espa\u00f1a, Estados Unidos, Francia, Guatemala, Italia, Jordania, M\u00e9xico, Panam\u00e1, Per\u00fa, Portugal y Rumania.<\/p>\n<p style=\"text-align: justify;\">Durante los tres d\u00edas de feria en el Real Felipe del Callao se registraron m\u00e1s de 10,000 visitas, de los cuales alrededor de 2,800 son profesionales del sector del turismo de salud y bienestar.<\/p>\n<p>  <!--more-->  <\/p>\n<p style=\"text-align: justify;\">La Bolsa de Contrataci\u00f3n Tur\u00edstica gestion\u00f3 aproximadamente 300 citas con unos 20 compradores de diez pa\u00edses.<\/p>\n<p style=\"text-align: justify;\">En la Jornada sobre Termalismo y Proyectos de Inversi\u00f3n, se puso en contacto los proyectos de inversi\u00f3n relacionados con el sector termal y de turismo de salud, propuestos por seis municipalidades, con potenciales inversores o facilitadores para viabilizar la ejecuci\u00f3n de los mismos, los que suponen una inversi\u00f3n en Per\u00fa superior a 14.5 millones de d\u00f3lares.<\/p>\n<p style=\"text-align: justify;\">Las municipalidades participantes que presentaron proyectos de construcci\u00f3n de hoteles y balnearios pr\u00f3ximos a sus \u00e1reas termales son Marcapata (Cusco), La Mezeta (Chur\u00edn), provincia de Caylloma &#8211; Chivay (Arequipa), Santa Teresa (Cusco) y los otros dos proyectos en Ba\u00f1os del Inca (Cajamarca).<\/p>\n<p style=\"text-align: justify;\">Tambi\u00e9n se celebr\u00f3 el Encuentro Internacional sobre Pol\u00edticas P\u00fablicas de Termalismo que estuvo liderado por el Ministerio de Comercio Exterior y Turismo (Mincetur) y por el Observatorio Nacional de Termalismo y Desarrollo Rural y en el que participaron representantes de Per\u00fa, Espa\u00f1a, Argentina, Ecuador y M\u00e9xico.<\/p>\n<p style=\"text-align: justify;\">La feria se complement\u00f3 con otras acciones profesionales como el Fam Press organizado por la Comisi\u00f3n de Promoci\u00f3n del Per\u00fa para la Exportaci\u00f3n y el Turismo (Promper\u00fa), en el que participaron medios de comunicaci\u00f3n especializados en turismo de salud de Argentina, Brasil, Chile, Colombia, M\u00e9xico, Espa\u00f1a y Turqu\u00eda, entre otros.<\/p>\n<p style=\"text-align: justify;\">De manera paralela a Termatalia Per\u00fa, se celebr\u00f3 la s\u00e9tima edici\u00f3n del Encuentro Internacional sobre Agua y Termalismo que reuni\u00f3 durante tres d\u00edas a m\u00e1s de 55 ponentes de 13 pa\u00edses y que se convirti\u00f3 en el foro especializado en turismo de salud m\u00e1s importante entre Europa y Am\u00e9rica Latina.<\/p>\n<p style=\"text-align: justify;\">Fue seguido por m\u00e1s de 1,300 asistentes y se dividi\u00f3 en tres jornadas tem\u00e1ticas: Jornada T\u00e9cnica sobre Hidrolog\u00eda M\u00e9dica y Agua de bebida, Jornada sobre Turismo, Innovaci\u00f3n y Sostenibilidad y el Encuentro de Ciudades Termales.<\/p>\n<p style=\"text-align: justify;\">Con la celebraci\u00f3n de la feria en Per\u00fa, Termatalia reforz\u00f3 su papel de puente de conexi\u00f3n entre el termalismo europeo y el latinoamericano, afirm\u00f3 la Asociaci\u00f3n Expourense de Espa\u00f1a.<\/p>\n<p style=\"text-align: justify;\">Finalmente, inform\u00f3 que para el 2013 Termatalia volver\u00e1 a celebrarse en la ciudad termal de Ourense en Galicia (Espa\u00f1a).<\/p>\n<p style=\"text-align: justify;\">Agencia Andina.<\/p>\n<p style=\"text-align: justify;\"><img decoding=\"async\" src=\"images\/stories\/12\/07\/290712\/turismo_termal_peru.jpg\" border=\"0\" alt=\"Feria Termatalia realizada en Per\u00fa generar\u00eda negocios por m\u00e1s de US$ 43 millones\" title=\"Feria Termatalia realizada en Per\u00fa generar\u00eda negocios por m\u00e1s de US$ 43 millones\" \/><\/p>\n","protected":false},"excerpt":{"rendered":"<p>(Aeronoticias).- La Feria Internacional de Turismo Termal (Termatalia), realizada del 28 al 30 de setiembre en Per\u00fa, y por primera vez en Am\u00e9rica Latina, generar\u00eda negocios superiores a los 43 millones de d\u00f3lares entre contrataci\u00f3n tur\u00edstica e inversi\u00f3n en estructuras, inform\u00f3 hoy la Asociaci\u00f3n Expourense de Espa\u00f1a, organizador del evento. Cont\u00f3 con la presencia de [&hellip;]<\/p>\n","protected":false},"author":1,"featured_media":0,"comment_status":"open","ping_status":"open","sticky":false,"template":"","format":"standard","meta":{"tdm_status":"","tdm_grid_status":"","footnotes":""},"categories":[31],"tags":[],"class_list":{"0":"post-31130","1":"post","2":"type-post","3":"status-publish","4":"format-standard","6":"category-31"},"yoast_head":"<!-- This site is optimized with the Yoast SEO plugin v25.1 - https:\/\/yoast.com\/wordpress\/plugins\/seo\/ -->\n<title>Feria Termatalia realizada en Per\u00fa generar\u00eda negocios por m\u00e1s de US$ 43 millones<\/title>\n<meta name=\"description\" content=\"Portal de noticias del Per\u00fa sobre el transporte a\u00e9reo, aviaci\u00f3n, turismo, hoteleria, actualidad.\" \/>\n<meta name=\"robots\" content=\"index, follow, max-snippet:-1, max-image-preview:large, max-video-preview:-1\" \/>\n<link rel=\"canonical\" href=\"https:\/\/aeronoticias.com.pe\/noticiero\/turismo\/13\/feria-termatalia-realizada-en-peru-generaria-negocios-por-mas-de-us-43-millones\/\" \/>\n<meta property=\"og:locale\" content=\"es_ES\" \/>\n<meta property=\"og:type\" content=\"article\" \/>\n<meta property=\"og:title\" content=\"Feria Termatalia realizada en Per\u00fa generar\u00eda negocios por m\u00e1s de US$ 43 millones\" \/>\n<meta property=\"og:description\" content=\"Portal de noticias del Per\u00fa sobre el transporte a\u00e9reo, aviaci\u00f3n, turismo, hoteleria, actualidad.\" \/>\n<meta property=\"og:url\" content=\"https:\/\/aeronoticias.com.pe\/noticiero\/turismo\/13\/feria-termatalia-realizada-en-peru-generaria-negocios-por-mas-de-us-43-millones\/\" \/>\n<meta property=\"og:site_name\" content=\"Aeronoticias.com.pe\" \/>\n<meta property=\"article:publisher\" content=\"https:\/\/www.facebook.com\/Aeronoticias.com.pe\/\" \/>\n<meta property=\"article:published_time\" content=\"2012-10-09T14:29:13+00:00\" \/>\n<meta name=\"author\" content=\"Redacci\u00f3n Aeronoticias\" \/>\n<meta name=\"twitter:card\" content=\"summary_large_image\" \/>\n<meta name=\"twitter:creator\" content=\"@aeronoticias\" \/>\n<meta name=\"twitter:site\" content=\"@aeronoticias\" \/>\n<meta name=\"twitter:label1\" content=\"Escrito por\" \/>\n\t<meta name=\"twitter:data1\" content=\"Redacci\u00f3n Aeronoticias\" \/>\n\t<meta name=\"twitter:label2\" content=\"Tiempo de lectura\" \/>\n\t<meta name=\"twitter:data2\" content=\"3 minutos\" \/>\n<script type=\"application\/ld+json\" class=\"yoast-schema-graph\">{\"@context\":\"https:\/\/schema.org\",\"@graph\":[{\"@type\":\"WebPage\",\"@id\":\"https:\/\/aeronoticias.com.pe\/noticiero\/turismo\/13\/feria-termatalia-realizada-en-peru-generaria-negocios-por-mas-de-us-43-millones\/\",\"url\":\"https:\/\/aeronoticias.com.pe\/noticiero\/turismo\/13\/feria-termatalia-realizada-en-peru-generaria-negocios-por-mas-de-us-43-millones\/\",\"name\":\"Feria Termatalia realizada en Per\u00fa generar\u00eda negocios por m\u00e1s de US$ 43 millones\",\"isPartOf\":{\"@id\":\"https:\/\/aeronoticias.com.pe\/noticiero\/#website\"},\"datePublished\":\"2012-10-09T14:29:13+00:00\",\"author\":{\"@id\":\"https:\/\/aeronoticias.com.pe\/noticiero\/#\/schema\/person\/fc1e5d578f4b62ba1cf7ac2bba1170a0\"},\"description\":\"Portal de noticias del Per\u00fa sobre el transporte a\u00e9reo, aviaci\u00f3n, turismo, hoteleria, actualidad.\",\"breadcrumb\":{\"@id\":\"https:\/\/aeronoticias.com.pe\/noticiero\/turismo\/13\/feria-termatalia-realizada-en-peru-generaria-negocios-por-mas-de-us-43-millones\/#breadcrumb\"},\"inLanguage\":\"es\",\"potentialAction\":[{\"@type\":\"ReadAction\",\"target\":[\"https:\/\/aeronoticias.com.pe\/noticiero\/turismo\/13\/feria-termatalia-realizada-en-peru-generaria-negocios-por-mas-de-us-43-millones\/\"]}]},{\"@type\":\"BreadcrumbList\",\"@id\":\"https:\/\/aeronoticias.com.pe\/noticiero\/turismo\/13\/feria-termatalia-realizada-en-peru-generaria-negocios-por-mas-de-us-43-millones\/#breadcrumb\",\"itemListElement\":[{\"@type\":\"ListItem\",\"position\":1,\"name\":\"Portada\",\"item\":\"https:\/\/aeronoticias.com.pe\/noticiero\/\"},{\"@type\":\"ListItem\",\"position\":2,\"name\":\"Feria Termatalia realizada en Per\u00fa generar\u00eda negocios por m\u00e1s de US$ 43 millones\"}]},{\"@type\":\"WebSite\",\"@id\":\"https:\/\/aeronoticias.com.pe\/noticiero\/#website\",\"url\":\"https:\/\/aeronoticias.com.pe\/noticiero\/\",\"name\":\"Aeronoticias.com.pe\",\"description\":\"Noticias de tranporte aereo, turismo, hoteles, gastronomia, actualidad, internacional\",\"potentialAction\":[{\"@type\":\"SearchAction\",\"target\":{\"@type\":\"EntryPoint\",\"urlTemplate\":\"https:\/\/aeronoticias.com.pe\/noticiero\/?s={search_term_string}\"},\"query-input\":{\"@type\":\"PropertyValueSpecification\",\"valueRequired\":true,\"valueName\":\"search_term_string\"}}],\"inLanguage\":\"es\"},{\"@type\":\"Person\",\"@id\":\"https:\/\/aeronoticias.com.pe\/noticiero\/#\/schema\/person\/fc1e5d578f4b62ba1cf7ac2bba1170a0\",\"name\":\"Redacci\u00f3n Aeronoticias\",\"url\":\"https:\/\/aeronoticias.com.pe\/noticiero\/author\/piloto\/\"}]}<\/script>\n<!-- \/ Yoast SEO plugin. -->","yoast_head_json":{"title":"Feria Termatalia realizada en Per\u00fa generar\u00eda negocios por m\u00e1s de US$ 43 millones","description":"Portal de noticias del Per\u00fa sobre el transporte a\u00e9reo, aviaci\u00f3n, turismo, hoteleria, actualidad.","robots":{"index":"index","follow":"follow","max-snippet":"max-snippet:-1","max-image-preview":"max-image-preview:large","max-video-preview":"max-video-preview:-1"},"canonical":"https:\/\/aeronoticias.com.pe\/noticiero\/turismo\/13\/feria-termatalia-realizada-en-peru-generaria-negocios-por-mas-de-us-43-millones\/","og_locale":"es_ES","og_type":"article","og_title":"Feria Termatalia realizada en Per\u00fa generar\u00eda negocios por m\u00e1s de US$ 43 millones","og_description":"Portal de noticias del Per\u00fa sobre el transporte a\u00e9reo, aviaci\u00f3n, turismo, hoteleria, actualidad.","og_url":"https:\/\/aeronoticias.com.pe\/noticiero\/turismo\/13\/feria-termatalia-realizada-en-peru-generaria-negocios-por-mas-de-us-43-millones\/","og_site_name":"Aeronoticias.com.pe","article_publisher":"https:\/\/www.facebook.com\/Aeronoticias.com.pe\/","article_published_time":"2012-10-09T14:29:13+00:00","author":"Redacci\u00f3n Aeronoticias","twitter_card":"summary_large_image","twitter_creator":"@aeronoticias","twitter_site":"@aeronoticias","twitter_misc":{"Escrito por":"Redacci\u00f3n Aeronoticias","Tiempo de lectura":"3 minutos"},"schema":{"@context":"https:\/\/schema.org","@graph":[{"@type":"WebPage","@id":"https:\/\/aeronoticias.com.pe\/noticiero\/turismo\/13\/feria-termatalia-realizada-en-peru-generaria-negocios-por-mas-de-us-43-millones\/","url":"https:\/\/aeronoticias.com.pe\/noticiero\/turismo\/13\/feria-termatalia-realizada-en-peru-generaria-negocios-por-mas-de-us-43-millones\/","name":"Feria Termatalia realizada en Per\u00fa generar\u00eda negocios por m\u00e1s de US$ 43 millones","isPartOf":{"@id":"https:\/\/aeronoticias.com.pe\/noticiero\/#website"},"datePublished":"2012-10-09T14:29:13+00:00","author":{"@id":"https:\/\/aeronoticias.com.pe\/noticiero\/#\/schema\/person\/fc1e5d578f4b62ba1cf7ac2bba1170a0"},"description":"Portal de noticias del Per\u00fa sobre el transporte a\u00e9reo, aviaci\u00f3n, turismo, hoteleria, actualidad.","breadcrumb":{"@id":"https:\/\/aeronoticias.com.pe\/noticiero\/turismo\/13\/feria-termatalia-realizada-en-peru-generaria-negocios-por-mas-de-us-43-millones\/#breadcrumb"},"inLanguage":"es","potentialAction":[{"@type":"ReadAction","target":["https:\/\/aeronoticias.com.pe\/noticiero\/turismo\/13\/feria-termatalia-realizada-en-peru-generaria-negocios-por-mas-de-us-43-millones\/"]}]},{"@type":"BreadcrumbList","@id":"https:\/\/aeronoticias.com.pe\/noticiero\/turismo\/13\/feria-termatalia-realizada-en-peru-generaria-negocios-por-mas-de-us-43-millones\/#breadcrumb","itemListElement":[{"@type":"ListItem","position":1,"name":"Portada","item":"https:\/\/aeronoticias.com.pe\/noticiero\/"},{"@type":"ListItem","position":2,"name":"Feria Termatalia realizada en Per\u00fa generar\u00eda negocios por m\u00e1s de US$ 43 millones"}]},{"@type":"WebSite","@id":"https:\/\/aeronoticias.com.pe\/noticiero\/#website","url":"https:\/\/aeronoticias.com.pe\/noticiero\/","name":"Aeronoticias.com.pe","description":"Noticias de tranporte aereo, turismo, hoteles, gastronomia, actualidad, internacional","potentialAction":[{"@type":"SearchAction","target":{"@type":"EntryPoint","urlTemplate":"https:\/\/aeronoticias.com.pe\/noticiero\/?s={search_term_string}"},"query-input":{"@type":"PropertyValueSpecification","valueRequired":true,"valueName":"search_term_string"}}],"inLanguage":"es"},{"@type":"Person","@id":"https:\/\/aeronoticias.com.pe\/noticiero\/#\/schema\/person\/fc1e5d578f4b62ba1cf7ac2bba1170a0","name":"Redacci\u00f3n Aeronoticias","url":"https:\/\/aeronoticias.com.pe\/noticiero\/author\/piloto\/"}]}},"_links":{"self":[{"href":"https:\/\/aeronoticias.com.pe\/noticiero\/wp-json\/wp\/v2\/posts\/31130","targetHints":{"allow":["GET"]}}],"collection":[{"href":"https:\/\/aeronoticias.com.pe\/noticiero\/wp-json\/wp\/v2\/posts"}],"about":[{"href":"https:\/\/aeronoticias.com.pe\/noticiero\/wp-json\/wp\/v2\/types\/post"}],"author":[{"embeddable":true,"href":"https:\/\/aeronoticias.com.pe\/noticiero\/wp-json\/wp\/v2\/users\/1"}],"replies":[{"embeddable":true,"href":"https:\/\/aeronoticias.com.pe\/noticiero\/wp-json\/wp\/v2\/comments?post=31130"}],"version-history":[{"count":0,"href":"https:\/\/aeronoticias.com.pe\/noticiero\/wp-json\/wp\/v2\/posts\/31130\/revisions"}],"wp:attachment":[{"href":"https:\/\/aeronoticias.com.pe\/noticiero\/wp-json\/wp\/v2\/media?parent=31130"}],"wp:term":[{"taxonomy":"category","embeddable":true,"href":"https:\/\/aeronoticias.com.pe\/noticiero\/wp-json\/wp\/v2\/categories?post=31130"},{"taxonomy":"post_tag","embeddable":true,"href":"https:\/\/aeronoticias.com.pe\/noticiero\/wp-json\/wp\/v2\/tags?post=31130"}],"curies":[{"name":"wp","href":"https:\/\/api.w.org\/{rel}","templated":true}]}}