{"id":31132,"date":"2012-10-09T15:54:07","date_gmt":"2012-10-09T15:54:07","guid":{"rendered":"http:\/\/desarrollo.mcvicious.com\/aero2020\/2012\/10\/09\/aerolineas-argentinas-recibe-subsidios-extras-del-gobierno-argentino\/"},"modified":"2012-10-09T15:54:07","modified_gmt":"2012-10-09T15:54:07","slug":"aerolineas-argentinas-recibe-subsidios-extras-del-gobierno-argentino","status":"publish","type":"post","link":"https:\/\/aeronoticias.com.pe\/noticiero\/transporte-aereo\/internacional\/aerolineas-argentinas-recibe-subsidios-extras-del-gobierno-argentino\/","title":{"rendered":"Aerol\u00edneas Argentinas recibe subsidios extras del gobierno argentino"},"content":{"rendered":"<p style=\"text-align: justify;\"><strong>(Aeronoticias).-<\/strong> El Gobierno argentino ha modificado su presupuesto para asignar 240,5 millones de pesos (39,6 millones de euros) a Aerol\u00edneas Argentinas solo para sus gastos operativos de julio y agosto, lo que supone una asignaci\u00f3n diaria de casi 4 millones de pesos (600.000 euros), seg\u00fan informa el diario &#8216;Clar\u00edn&#8217;.<\/p>\n<p style=\"text-align: justify;\">En concreto, el Ejecutivo argentino ha incrementado en 1.157 millones de pesos (190,5 millones de euros) la partida de subsidios para el transporte, de los que casi 1.000 millones de pesos ir\u00e1n a parar a ayudas para el sistema ferroviario y otros colectivos del transporte.<\/p>\n<p>  <!--more-->  <\/p>\n<p style=\"text-align: justify;\">Hasta julio, la aerol\u00ednea bandera de Argentina, que fue expropiada al grupo tur\u00edstico espa\u00f1ol Marsans, hab\u00eda recibido 2.376 millones de pesos (391,2 millones de euros), de forma que si requiere m\u00e1s ayudas en los pr\u00f3ximos meses los subsidios oficiales a la compa\u00f1\u00eda a\u00e9rea podr\u00edan alcanzar los 3.000 millones de pesos (493,2 millones de euros).<\/p>\n<p style=\"text-align: justify;\">Seg\u00fan datos del citado diario, Aerol\u00edneas Argentinas solo destin\u00f3 el 10% del dinero desembolsado en los \u00faltimos tres a\u00f1os por parte del Estado argentino (un total de 1.859 millones de euros) a la compra de nuevos aviones.<\/p>\n<p style=\"text-align: justify;\">El resto fue destinado a financiar el d\u00e9ficit operativo de la aerol\u00ednea y de Austral, que a principios de 2012, ya registraban una p\u00e9rdida diaria de 1,67 millones de euros.<\/p>\n<p style=\"text-align: justify;\">Durante el primer a\u00f1o posterior a la nacionalizaci\u00f3n de Aerol\u00edneas Argentinas, el exsecretario de Transportes, Ricardo Jaime, gestion\u00f3 con el Gobierno de Brasil la compra de 20 aviones Embraer a un precio de 533 millones de euros, a pagar un 15% por adelantado y el 85% restante a trav\u00e9s de un cr\u00e9dito del brasile\u00f1o Banco Nacional de Desenvovimento (BNDeS).<\/p>\n<p style=\"text-align: justify;\">Desde julio de 2009, cuando se hizo cargo de la presidencia de la aerol\u00ednea Mariano Recalde no ha habido nuevas inversiones en Aerol\u00edneas y Austral, excepto el pago de las cuotas devengadas por los Embraer.<\/p>\n<p style=\"text-align: justify;\">Fuente: Europapress.es<\/p>\n<p><img decoding=\"async\" src=\"images\/stories\/12\/10\/091012\/aa.jpg\" border=\"0\" \/><\/p>\n<p style=\"text-align: justify;\">\u00a0<\/p>\n","protected":false},"excerpt":{"rendered":"<p>(Aeronoticias).- El Gobierno argentino ha modificado su presupuesto para asignar 240,5 millones de pesos (39,6 millones de euros) a Aerol\u00edneas Argentinas solo para sus gastos operativos de julio y agosto, lo que supone una asignaci\u00f3n diaria de casi 4 millones de pesos (600.000 euros), seg\u00fan informa el diario &#8216;Clar\u00edn&#8217;. En concreto, el Ejecutivo argentino ha [&hellip;]<\/p>\n","protected":false},"author":1,"featured_media":0,"comment_status":"open","ping_status":"open","sticky":false,"template":"","format":"standard","meta":{"tdm_status":"","tdm_grid_status":"","footnotes":""},"categories":[32],"tags":[],"class_list":{"0":"post-31132","1":"post","2":"type-post","3":"status-publish","4":"format-standard","6":"category-internacional"},"yoast_head":"<!-- This site is optimized with the Yoast SEO plugin v25.1 - https:\/\/yoast.com\/wordpress\/plugins\/seo\/ -->\n<title>Aerol\u00edneas Argentinas recibe subsidios extras del gobierno argentino<\/title>\n<meta name=\"description\" content=\"Portal de noticias del Per\u00fa sobre el transporte a\u00e9reo, aviaci\u00f3n, turismo, hoteleria, actualidad.\" \/>\n<meta name=\"robots\" content=\"index, follow, max-snippet:-1, max-image-preview:large, max-video-preview:-1\" \/>\n<link rel=\"canonical\" href=\"https:\/\/aeronoticias.com.pe\/noticiero\/transporte-aereo\/internacional\/aerolineas-argentinas-recibe-subsidios-extras-del-gobierno-argentino\/\" \/>\n<meta property=\"og:locale\" content=\"es_ES\" \/>\n<meta property=\"og:type\" content=\"article\" \/>\n<meta property=\"og:title\" content=\"Aerol\u00edneas Argentinas recibe subsidios extras del gobierno argentino\" \/>\n<meta property=\"og:description\" content=\"Portal de noticias del Per\u00fa sobre el transporte a\u00e9reo, aviaci\u00f3n, turismo, hoteleria, actualidad.\" \/>\n<meta property=\"og:url\" content=\"https:\/\/aeronoticias.com.pe\/noticiero\/transporte-aereo\/internacional\/aerolineas-argentinas-recibe-subsidios-extras-del-gobierno-argentino\/\" \/>\n<meta property=\"og:site_name\" content=\"Aeronoticias.com.pe\" \/>\n<meta property=\"article:publisher\" content=\"https:\/\/www.facebook.com\/Aeronoticias.com.pe\/\" \/>\n<meta property=\"article:published_time\" content=\"2012-10-09T15:54:07+00:00\" \/>\n<meta name=\"author\" content=\"Redacci\u00f3n Aeronoticias\" \/>\n<meta name=\"twitter:card\" content=\"summary_large_image\" \/>\n<meta name=\"twitter:creator\" content=\"@aeronoticias\" \/>\n<meta name=\"twitter:site\" content=\"@aeronoticias\" \/>\n<meta name=\"twitter:label1\" content=\"Escrito por\" \/>\n\t<meta name=\"twitter:data1\" content=\"Redacci\u00f3n Aeronoticias\" \/>\n\t<meta name=\"twitter:label2\" content=\"Tiempo de lectura\" \/>\n\t<meta name=\"twitter:data2\" content=\"2 minutos\" \/>\n<script type=\"application\/ld+json\" class=\"yoast-schema-graph\">{\"@context\":\"https:\/\/schema.org\",\"@graph\":[{\"@type\":\"WebPage\",\"@id\":\"https:\/\/aeronoticias.com.pe\/noticiero\/transporte-aereo\/internacional\/aerolineas-argentinas-recibe-subsidios-extras-del-gobierno-argentino\/\",\"url\":\"https:\/\/aeronoticias.com.pe\/noticiero\/transporte-aereo\/internacional\/aerolineas-argentinas-recibe-subsidios-extras-del-gobierno-argentino\/\",\"name\":\"Aerol\u00edneas Argentinas recibe subsidios extras del gobierno argentino\",\"isPartOf\":{\"@id\":\"https:\/\/aeronoticias.com.pe\/noticiero\/#website\"},\"datePublished\":\"2012-10-09T15:54:07+00:00\",\"author\":{\"@id\":\"https:\/\/aeronoticias.com.pe\/noticiero\/#\/schema\/person\/fc1e5d578f4b62ba1cf7ac2bba1170a0\"},\"description\":\"Portal de noticias del Per\u00fa sobre el transporte a\u00e9reo, aviaci\u00f3n, turismo, hoteleria, actualidad.\",\"breadcrumb\":{\"@id\":\"https:\/\/aeronoticias.com.pe\/noticiero\/transporte-aereo\/internacional\/aerolineas-argentinas-recibe-subsidios-extras-del-gobierno-argentino\/#breadcrumb\"},\"inLanguage\":\"es\",\"potentialAction\":[{\"@type\":\"ReadAction\",\"target\":[\"https:\/\/aeronoticias.com.pe\/noticiero\/transporte-aereo\/internacional\/aerolineas-argentinas-recibe-subsidios-extras-del-gobierno-argentino\/\"]}]},{\"@type\":\"BreadcrumbList\",\"@id\":\"https:\/\/aeronoticias.com.pe\/noticiero\/transporte-aereo\/internacional\/aerolineas-argentinas-recibe-subsidios-extras-del-gobierno-argentino\/#breadcrumb\",\"itemListElement\":[{\"@type\":\"ListItem\",\"position\":1,\"name\":\"Portada\",\"item\":\"https:\/\/aeronoticias.com.pe\/noticiero\/\"},{\"@type\":\"ListItem\",\"position\":2,\"name\":\"Aerol\u00edneas Argentinas recibe subsidios extras del gobierno argentino\"}]},{\"@type\":\"WebSite\",\"@id\":\"https:\/\/aeronoticias.com.pe\/noticiero\/#website\",\"url\":\"https:\/\/aeronoticias.com.pe\/noticiero\/\",\"name\":\"Aeronoticias.com.pe\",\"description\":\"Noticias de tranporte aereo, turismo, hoteles, gastronomia, actualidad, internacional\",\"potentialAction\":[{\"@type\":\"SearchAction\",\"target\":{\"@type\":\"EntryPoint\",\"urlTemplate\":\"https:\/\/aeronoticias.com.pe\/noticiero\/?s={search_term_string}\"},\"query-input\":{\"@type\":\"PropertyValueSpecification\",\"valueRequired\":true,\"valueName\":\"search_term_string\"}}],\"inLanguage\":\"es\"},{\"@type\":\"Person\",\"@id\":\"https:\/\/aeronoticias.com.pe\/noticiero\/#\/schema\/person\/fc1e5d578f4b62ba1cf7ac2bba1170a0\",\"name\":\"Redacci\u00f3n Aeronoticias\",\"url\":\"https:\/\/aeronoticias.com.pe\/noticiero\/author\/piloto\/\"}]}<\/script>\n<!-- \/ Yoast SEO plugin. -->","yoast_head_json":{"title":"Aerol\u00edneas Argentinas recibe subsidios extras del gobierno argentino","description":"Portal de noticias del Per\u00fa sobre el transporte a\u00e9reo, aviaci\u00f3n, turismo, hoteleria, actualidad.","robots":{"index":"index","follow":"follow","max-snippet":"max-snippet:-1","max-image-preview":"max-image-preview:large","max-video-preview":"max-video-preview:-1"},"canonical":"https:\/\/aeronoticias.com.pe\/noticiero\/transporte-aereo\/internacional\/aerolineas-argentinas-recibe-subsidios-extras-del-gobierno-argentino\/","og_locale":"es_ES","og_type":"article","og_title":"Aerol\u00edneas Argentinas recibe subsidios extras del gobierno argentino","og_description":"Portal de noticias del Per\u00fa sobre el transporte a\u00e9reo, aviaci\u00f3n, turismo, hoteleria, actualidad.","og_url":"https:\/\/aeronoticias.com.pe\/noticiero\/transporte-aereo\/internacional\/aerolineas-argentinas-recibe-subsidios-extras-del-gobierno-argentino\/","og_site_name":"Aeronoticias.com.pe","article_publisher":"https:\/\/www.facebook.com\/Aeronoticias.com.pe\/","article_published_time":"2012-10-09T15:54:07+00:00","author":"Redacci\u00f3n Aeronoticias","twitter_card":"summary_large_image","twitter_creator":"@aeronoticias","twitter_site":"@aeronoticias","twitter_misc":{"Escrito por":"Redacci\u00f3n Aeronoticias","Tiempo de lectura":"2 minutos"},"schema":{"@context":"https:\/\/schema.org","@graph":[{"@type":"WebPage","@id":"https:\/\/aeronoticias.com.pe\/noticiero\/transporte-aereo\/internacional\/aerolineas-argentinas-recibe-subsidios-extras-del-gobierno-argentino\/","url":"https:\/\/aeronoticias.com.pe\/noticiero\/transporte-aereo\/internacional\/aerolineas-argentinas-recibe-subsidios-extras-del-gobierno-argentino\/","name":"Aerol\u00edneas Argentinas recibe subsidios extras del gobierno argentino","isPartOf":{"@id":"https:\/\/aeronoticias.com.pe\/noticiero\/#website"},"datePublished":"2012-10-09T15:54:07+00:00","author":{"@id":"https:\/\/aeronoticias.com.pe\/noticiero\/#\/schema\/person\/fc1e5d578f4b62ba1cf7ac2bba1170a0"},"description":"Portal de noticias del Per\u00fa sobre el transporte a\u00e9reo, aviaci\u00f3n, turismo, hoteleria, actualidad.","breadcrumb":{"@id":"https:\/\/aeronoticias.com.pe\/noticiero\/transporte-aereo\/internacional\/aerolineas-argentinas-recibe-subsidios-extras-del-gobierno-argentino\/#breadcrumb"},"inLanguage":"es","potentialAction":[{"@type":"ReadAction","target":["https:\/\/aeronoticias.com.pe\/noticiero\/transporte-aereo\/internacional\/aerolineas-argentinas-recibe-subsidios-extras-del-gobierno-argentino\/"]}]},{"@type":"BreadcrumbList","@id":"https:\/\/aeronoticias.com.pe\/noticiero\/transporte-aereo\/internacional\/aerolineas-argentinas-recibe-subsidios-extras-del-gobierno-argentino\/#breadcrumb","itemListElement":[{"@type":"ListItem","position":1,"name":"Portada","item":"https:\/\/aeronoticias.com.pe\/noticiero\/"},{"@type":"ListItem","position":2,"name":"Aerol\u00edneas Argentinas recibe subsidios extras del gobierno argentino"}]},{"@type":"WebSite","@id":"https:\/\/aeronoticias.com.pe\/noticiero\/#website","url":"https:\/\/aeronoticias.com.pe\/noticiero\/","name":"Aeronoticias.com.pe","description":"Noticias de tranporte aereo, turismo, hoteles, gastronomia, actualidad, internacional","potentialAction":[{"@type":"SearchAction","target":{"@type":"EntryPoint","urlTemplate":"https:\/\/aeronoticias.com.pe\/noticiero\/?s={search_term_string}"},"query-input":{"@type":"PropertyValueSpecification","valueRequired":true,"valueName":"search_term_string"}}],"inLanguage":"es"},{"@type":"Person","@id":"https:\/\/aeronoticias.com.pe\/noticiero\/#\/schema\/person\/fc1e5d578f4b62ba1cf7ac2bba1170a0","name":"Redacci\u00f3n Aeronoticias","url":"https:\/\/aeronoticias.com.pe\/noticiero\/author\/piloto\/"}]}},"_links":{"self":[{"href":"https:\/\/aeronoticias.com.pe\/noticiero\/wp-json\/wp\/v2\/posts\/31132","targetHints":{"allow":["GET"]}}],"collection":[{"href":"https:\/\/aeronoticias.com.pe\/noticiero\/wp-json\/wp\/v2\/posts"}],"about":[{"href":"https:\/\/aeronoticias.com.pe\/noticiero\/wp-json\/wp\/v2\/types\/post"}],"author":[{"embeddable":true,"href":"https:\/\/aeronoticias.com.pe\/noticiero\/wp-json\/wp\/v2\/users\/1"}],"replies":[{"embeddable":true,"href":"https:\/\/aeronoticias.com.pe\/noticiero\/wp-json\/wp\/v2\/comments?post=31132"}],"version-history":[{"count":0,"href":"https:\/\/aeronoticias.com.pe\/noticiero\/wp-json\/wp\/v2\/posts\/31132\/revisions"}],"wp:attachment":[{"href":"https:\/\/aeronoticias.com.pe\/noticiero\/wp-json\/wp\/v2\/media?parent=31132"}],"wp:term":[{"taxonomy":"category","embeddable":true,"href":"https:\/\/aeronoticias.com.pe\/noticiero\/wp-json\/wp\/v2\/categories?post=31132"},{"taxonomy":"post_tag","embeddable":true,"href":"https:\/\/aeronoticias.com.pe\/noticiero\/wp-json\/wp\/v2\/tags?post=31132"}],"curies":[{"name":"wp","href":"https:\/\/api.w.org\/{rel}","templated":true}]}}