{"id":312,"date":"2008-08-25T10:33:46","date_gmt":"2008-08-25T10:33:46","guid":{"rendered":"http:\/\/desarrollo.mcvicious.com\/aero2020\/2008\/08\/25\/mario-pengulo-congresista-por-loreto-fallecita-madrugada\/"},"modified":"2008-08-25T10:33:46","modified_gmt":"2008-08-25T10:33:46","slug":"mario-pengulo-congresista-por-loreto-fallecita-madrugada","status":"publish","type":"post","link":"https:\/\/aeronoticias.com.pe\/noticiero\/ultimas\/1\/mario-pengulo-congresista-por-loreto-fallecita-madrugada\/","title":{"rendered":"Mario Pe"},"content":{"rendered":"<blockquote style=\"font-size: 12px; color: #003a75; font-family: Arial, Helvetica, sans-serif\">\n<p align=\"justify\">El legislador Mario Pe&ntilde;a Angulo de la bancada Alianza Parlamentaria falleci&oacute; esta madrugada, v&iacute;ctima de una penosa enfermedad y luego de varias semanas de intentar su recuperaci&oacute;n,&nbsp; inform&oacute; el congresista Yonhy Lescano. <\/p>\n<p align=\"justify\">Pe&ntilde;a dej&oacute; de asistir al Palacio Legislativo hace tres meses por una dolencia, al punto que no estuvo presente en las &uacute;ltimas sesiones plenarias como producto del mal que lo aquejaba.<\/p>\n<p align=\"justify\">En su calidad de representante parlamentario de Loreto, el desaparecido congresista promovi&oacute; diversas iniciativas legislativas en materia tributaria para favorecer el desarrollo, el comercio y la inversi&oacute;n en esa regi&oacute;n amaz&oacute;nica.<\/p>\n<p align=\"justify\">&nbsp;<\/p>\n<div style=\"text-align: center\"><img loading=\"lazy\" decoding=\"async\" src=\"http:\/\/aeronoticias.com.pe\/fotonoticias\/agosto\/mariopena25.JPG\" alt=\" \" title=\"Falleci&oacute; congresista por Loreto Mario Pe&ntilde;a Angulo. (Foto:Pro&amp;Contra)\" hspace=\"5\" vspace=\"5\" width=\"170\" height=\"199\" \/><\/div>\n<\/blockquote>\n<p>&nbsp;<\/p>\n<p> <!--more--> <\/p>\n<blockquote>\n<p style=\"font-size: 12px; color: #003a75; font-family: Arial, Helvetica, sans-serif\" align=\"center\"><strong>Aquejado de un c&aacute;ncer a los ganglios<\/strong><\/p>\n<p style=\"font-size: 12px; color: #003a75; font-family: Arial, Helvetica, sans-serif\" align=\"justify\">El legislador de Alianza Parlamentaria integr&oacute; las comisiones de Descentralizaci&oacute;n, Fiscalizaci&oacute;n, Pueblos Andinos y Amaz&oacute;nicos, as&iacute; como el grupo que investigaba los presuntos actos de corrupci&oacute;n cometidos durante el Gobierno de Alejandro Toledo.<\/p>\n<p style=\"font-size: 12px; color: #003a75; font-family: Arial, Helvetica, sans-serif\" align=\"justify\">Su deceso ocurri&oacute; en horas de la madrugada, en el Instituto Nacional de Enfermedades Neopl&aacute;sicas, donde estuvo internado por c&aacute;ncer a los ganglios.Tras su deceso, corresponder&aacute; al Jurado Nacional de Elecciones (JNE) definir cu&aacute;l es el legislador del partido Acci&oacute;n Popular que lo reemplazar&aacute; en el cargo.<\/p>\n<p style=\"font-size: 12px; color: #003a75; font-family: Arial, Helvetica, sans-serif\" align=\"center\"><strong>Condolencias<\/strong><\/p>\n<p style=\"font-size: 12px; color: #003a75; font-family: Arial, Helvetica, sans-serif\" align=\"justify\">El presidente del Congreso, Javier Vel&aacute;squez Quesqu&eacute;n, expres&oacute; hoy sus sentidas condolencias a los familiares del congresista Mario Pe&ntilde;a Angulo, de la bancada de Alianza Parlamentaria, quien falleci&oacute; esta madrugada, v&iacute;ctima de una penosa enfermedad. <\/p>\n<p style=\"font-size: 12px; color: #003a75; font-family: Arial, Helvetica, sans-serif\" align=\"justify\">&ldquo;Nuestras condolencias a su familia y al pueblo de Iquitos del cual era representante&rdquo;, se&ntilde;al&oacute; al destacar las cualidades del parlamentario.Pe&ntilde;a, quien ser&aacute; sucedido en el cargo por el accesitario Jorge Foinquinos Mera, falleci&oacute; en la madrugada, debido a una enfermedad que lo llev&oacute; a ausentarse del Parlamento en las &uacute;ltimas semanas.<\/p>\n<\/blockquote>\n","protected":false},"excerpt":{"rendered":"<p>El legislador Mario Pe&ntilde;a Angulo de la bancada Alianza Parlamentaria falleci&oacute; esta madrugada, v&iacute;ctima de una penosa enfermedad y luego de varias semanas de intentar su recuperaci&oacute;n,&nbsp; inform&oacute; el congresista Yonhy Lescano. Pe&ntilde;a dej&oacute; de asistir al Palacio Legislativo hace tres meses por una dolencia, al punto que no estuvo presente en las &uacute;ltimas sesiones [&hellip;]<\/p>\n","protected":false},"author":1,"featured_media":0,"comment_status":"open","ping_status":"open","sticky":false,"template":"","format":"standard","meta":{"tdm_status":"","tdm_grid_status":"","footnotes":""},"categories":[30],"tags":[],"class_list":{"0":"post-312","1":"post","2":"type-post","3":"status-publish","4":"format-standard","6":"category-30"},"yoast_head":"<!-- This site is optimized with the Yoast SEO plugin v25.1 - https:\/\/yoast.com\/wordpress\/plugins\/seo\/ -->\n<title>Mario Pe<\/title>\n<meta name=\"description\" content=\"Portal de noticias del Per\u00fa sobre el transporte a\u00e9reo, aviaci\u00f3n, turismo, hoteleria, actualidad.\" \/>\n<meta name=\"robots\" content=\"index, follow, max-snippet:-1, max-image-preview:large, max-video-preview:-1\" \/>\n<link rel=\"canonical\" href=\"https:\/\/aeronoticias.com.pe\/noticiero\/ultimas\/1\/mario-pengulo-congresista-por-loreto-fallecita-madrugada\/\" \/>\n<meta property=\"og:locale\" content=\"es_ES\" \/>\n<meta property=\"og:type\" content=\"article\" \/>\n<meta property=\"og:title\" content=\"Mario Pe\" \/>\n<meta property=\"og:description\" content=\"Portal de noticias del Per\u00fa sobre el transporte a\u00e9reo, aviaci\u00f3n, turismo, hoteleria, actualidad.\" \/>\n<meta property=\"og:url\" content=\"https:\/\/aeronoticias.com.pe\/noticiero\/ultimas\/1\/mario-pengulo-congresista-por-loreto-fallecita-madrugada\/\" \/>\n<meta property=\"og:site_name\" content=\"Aeronoticias.com.pe\" \/>\n<meta property=\"article:publisher\" content=\"https:\/\/www.facebook.com\/Aeronoticias.com.pe\/\" \/>\n<meta property=\"article:published_time\" content=\"2008-08-25T10:33:46+00:00\" \/>\n<meta property=\"og:image\" content=\"http:\/\/aeronoticias.com.pe\/fotonoticias\/agosto\/mariopena25.JPG\" \/>\n<meta name=\"author\" content=\"Redacci\u00f3n Aeronoticias\" \/>\n<meta name=\"twitter:card\" content=\"summary_large_image\" \/>\n<meta name=\"twitter:creator\" content=\"@aeronoticias\" \/>\n<meta name=\"twitter:site\" content=\"@aeronoticias\" \/>\n<meta name=\"twitter:label1\" content=\"Escrito por\" \/>\n\t<meta name=\"twitter:data1\" content=\"Redacci\u00f3n Aeronoticias\" \/>\n\t<meta name=\"twitter:label2\" content=\"Tiempo de lectura\" \/>\n\t<meta name=\"twitter:data2\" content=\"2 minutos\" \/>\n<script type=\"application\/ld+json\" class=\"yoast-schema-graph\">{\"@context\":\"https:\/\/schema.org\",\"@graph\":[{\"@type\":\"WebPage\",\"@id\":\"https:\/\/aeronoticias.com.pe\/noticiero\/ultimas\/1\/mario-pengulo-congresista-por-loreto-fallecita-madrugada\/\",\"url\":\"https:\/\/aeronoticias.com.pe\/noticiero\/ultimas\/1\/mario-pengulo-congresista-por-loreto-fallecita-madrugada\/\",\"name\":\"Mario Pe\",\"isPartOf\":{\"@id\":\"https:\/\/aeronoticias.com.pe\/noticiero\/#website\"},\"primaryImageOfPage\":{\"@id\":\"https:\/\/aeronoticias.com.pe\/noticiero\/ultimas\/1\/mario-pengulo-congresista-por-loreto-fallecita-madrugada\/#primaryimage\"},\"image\":{\"@id\":\"https:\/\/aeronoticias.com.pe\/noticiero\/ultimas\/1\/mario-pengulo-congresista-por-loreto-fallecita-madrugada\/#primaryimage\"},\"thumbnailUrl\":\"http:\/\/aeronoticias.com.pe\/fotonoticias\/agosto\/mariopena25.JPG\",\"datePublished\":\"2008-08-25T10:33:46+00:00\",\"author\":{\"@id\":\"https:\/\/aeronoticias.com.pe\/noticiero\/#\/schema\/person\/fc1e5d578f4b62ba1cf7ac2bba1170a0\"},\"description\":\"Portal de noticias del Per\u00fa sobre el transporte a\u00e9reo, aviaci\u00f3n, turismo, hoteleria, actualidad.\",\"breadcrumb\":{\"@id\":\"https:\/\/aeronoticias.com.pe\/noticiero\/ultimas\/1\/mario-pengulo-congresista-por-loreto-fallecita-madrugada\/#breadcrumb\"},\"inLanguage\":\"es\",\"potentialAction\":[{\"@type\":\"ReadAction\",\"target\":[\"https:\/\/aeronoticias.com.pe\/noticiero\/ultimas\/1\/mario-pengulo-congresista-por-loreto-fallecita-madrugada\/\"]}]},{\"@type\":\"ImageObject\",\"inLanguage\":\"es\",\"@id\":\"https:\/\/aeronoticias.com.pe\/noticiero\/ultimas\/1\/mario-pengulo-congresista-por-loreto-fallecita-madrugada\/#primaryimage\",\"url\":\"http:\/\/aeronoticias.com.pe\/fotonoticias\/agosto\/mariopena25.JPG\",\"contentUrl\":\"http:\/\/aeronoticias.com.pe\/fotonoticias\/agosto\/mariopena25.JPG\"},{\"@type\":\"BreadcrumbList\",\"@id\":\"https:\/\/aeronoticias.com.pe\/noticiero\/ultimas\/1\/mario-pengulo-congresista-por-loreto-fallecita-madrugada\/#breadcrumb\",\"itemListElement\":[{\"@type\":\"ListItem\",\"position\":1,\"name\":\"Portada\",\"item\":\"https:\/\/aeronoticias.com.pe\/noticiero\/\"},{\"@type\":\"ListItem\",\"position\":2,\"name\":\"Mario Pe\"}]},{\"@type\":\"WebSite\",\"@id\":\"https:\/\/aeronoticias.com.pe\/noticiero\/#website\",\"url\":\"https:\/\/aeronoticias.com.pe\/noticiero\/\",\"name\":\"Aeronoticias.com.pe\",\"description\":\"Noticias de tranporte aereo, turismo, hoteles, gastronomia, actualidad, internacional\",\"potentialAction\":[{\"@type\":\"SearchAction\",\"target\":{\"@type\":\"EntryPoint\",\"urlTemplate\":\"https:\/\/aeronoticias.com.pe\/noticiero\/?s={search_term_string}\"},\"query-input\":{\"@type\":\"PropertyValueSpecification\",\"valueRequired\":true,\"valueName\":\"search_term_string\"}}],\"inLanguage\":\"es\"},{\"@type\":\"Person\",\"@id\":\"https:\/\/aeronoticias.com.pe\/noticiero\/#\/schema\/person\/fc1e5d578f4b62ba1cf7ac2bba1170a0\",\"name\":\"Redacci\u00f3n Aeronoticias\",\"url\":\"https:\/\/aeronoticias.com.pe\/noticiero\/author\/piloto\/\"}]}<\/script>\n<!-- \/ Yoast SEO plugin. -->","yoast_head_json":{"title":"Mario Pe","description":"Portal de noticias del Per\u00fa sobre el transporte a\u00e9reo, aviaci\u00f3n, turismo, hoteleria, actualidad.","robots":{"index":"index","follow":"follow","max-snippet":"max-snippet:-1","max-image-preview":"max-image-preview:large","max-video-preview":"max-video-preview:-1"},"canonical":"https:\/\/aeronoticias.com.pe\/noticiero\/ultimas\/1\/mario-pengulo-congresista-por-loreto-fallecita-madrugada\/","og_locale":"es_ES","og_type":"article","og_title":"Mario Pe","og_description":"Portal de noticias del Per\u00fa sobre el transporte a\u00e9reo, aviaci\u00f3n, turismo, hoteleria, actualidad.","og_url":"https:\/\/aeronoticias.com.pe\/noticiero\/ultimas\/1\/mario-pengulo-congresista-por-loreto-fallecita-madrugada\/","og_site_name":"Aeronoticias.com.pe","article_publisher":"https:\/\/www.facebook.com\/Aeronoticias.com.pe\/","article_published_time":"2008-08-25T10:33:46+00:00","og_image":[{"url":"http:\/\/aeronoticias.com.pe\/fotonoticias\/agosto\/mariopena25.JPG","type":"","width":"","height":""}],"author":"Redacci\u00f3n Aeronoticias","twitter_card":"summary_large_image","twitter_creator":"@aeronoticias","twitter_site":"@aeronoticias","twitter_misc":{"Escrito por":"Redacci\u00f3n Aeronoticias","Tiempo de lectura":"2 minutos"},"schema":{"@context":"https:\/\/schema.org","@graph":[{"@type":"WebPage","@id":"https:\/\/aeronoticias.com.pe\/noticiero\/ultimas\/1\/mario-pengulo-congresista-por-loreto-fallecita-madrugada\/","url":"https:\/\/aeronoticias.com.pe\/noticiero\/ultimas\/1\/mario-pengulo-congresista-por-loreto-fallecita-madrugada\/","name":"Mario Pe","isPartOf":{"@id":"https:\/\/aeronoticias.com.pe\/noticiero\/#website"},"primaryImageOfPage":{"@id":"https:\/\/aeronoticias.com.pe\/noticiero\/ultimas\/1\/mario-pengulo-congresista-por-loreto-fallecita-madrugada\/#primaryimage"},"image":{"@id":"https:\/\/aeronoticias.com.pe\/noticiero\/ultimas\/1\/mario-pengulo-congresista-por-loreto-fallecita-madrugada\/#primaryimage"},"thumbnailUrl":"http:\/\/aeronoticias.com.pe\/fotonoticias\/agosto\/mariopena25.JPG","datePublished":"2008-08-25T10:33:46+00:00","author":{"@id":"https:\/\/aeronoticias.com.pe\/noticiero\/#\/schema\/person\/fc1e5d578f4b62ba1cf7ac2bba1170a0"},"description":"Portal de noticias del Per\u00fa sobre el transporte a\u00e9reo, aviaci\u00f3n, turismo, hoteleria, actualidad.","breadcrumb":{"@id":"https:\/\/aeronoticias.com.pe\/noticiero\/ultimas\/1\/mario-pengulo-congresista-por-loreto-fallecita-madrugada\/#breadcrumb"},"inLanguage":"es","potentialAction":[{"@type":"ReadAction","target":["https:\/\/aeronoticias.com.pe\/noticiero\/ultimas\/1\/mario-pengulo-congresista-por-loreto-fallecita-madrugada\/"]}]},{"@type":"ImageObject","inLanguage":"es","@id":"https:\/\/aeronoticias.com.pe\/noticiero\/ultimas\/1\/mario-pengulo-congresista-por-loreto-fallecita-madrugada\/#primaryimage","url":"http:\/\/aeronoticias.com.pe\/fotonoticias\/agosto\/mariopena25.JPG","contentUrl":"http:\/\/aeronoticias.com.pe\/fotonoticias\/agosto\/mariopena25.JPG"},{"@type":"BreadcrumbList","@id":"https:\/\/aeronoticias.com.pe\/noticiero\/ultimas\/1\/mario-pengulo-congresista-por-loreto-fallecita-madrugada\/#breadcrumb","itemListElement":[{"@type":"ListItem","position":1,"name":"Portada","item":"https:\/\/aeronoticias.com.pe\/noticiero\/"},{"@type":"ListItem","position":2,"name":"Mario Pe"}]},{"@type":"WebSite","@id":"https:\/\/aeronoticias.com.pe\/noticiero\/#website","url":"https:\/\/aeronoticias.com.pe\/noticiero\/","name":"Aeronoticias.com.pe","description":"Noticias de tranporte aereo, turismo, hoteles, gastronomia, actualidad, internacional","potentialAction":[{"@type":"SearchAction","target":{"@type":"EntryPoint","urlTemplate":"https:\/\/aeronoticias.com.pe\/noticiero\/?s={search_term_string}"},"query-input":{"@type":"PropertyValueSpecification","valueRequired":true,"valueName":"search_term_string"}}],"inLanguage":"es"},{"@type":"Person","@id":"https:\/\/aeronoticias.com.pe\/noticiero\/#\/schema\/person\/fc1e5d578f4b62ba1cf7ac2bba1170a0","name":"Redacci\u00f3n Aeronoticias","url":"https:\/\/aeronoticias.com.pe\/noticiero\/author\/piloto\/"}]}},"_links":{"self":[{"href":"https:\/\/aeronoticias.com.pe\/noticiero\/wp-json\/wp\/v2\/posts\/312","targetHints":{"allow":["GET"]}}],"collection":[{"href":"https:\/\/aeronoticias.com.pe\/noticiero\/wp-json\/wp\/v2\/posts"}],"about":[{"href":"https:\/\/aeronoticias.com.pe\/noticiero\/wp-json\/wp\/v2\/types\/post"}],"author":[{"embeddable":true,"href":"https:\/\/aeronoticias.com.pe\/noticiero\/wp-json\/wp\/v2\/users\/1"}],"replies":[{"embeddable":true,"href":"https:\/\/aeronoticias.com.pe\/noticiero\/wp-json\/wp\/v2\/comments?post=312"}],"version-history":[{"count":0,"href":"https:\/\/aeronoticias.com.pe\/noticiero\/wp-json\/wp\/v2\/posts\/312\/revisions"}],"wp:attachment":[{"href":"https:\/\/aeronoticias.com.pe\/noticiero\/wp-json\/wp\/v2\/media?parent=312"}],"wp:term":[{"taxonomy":"category","embeddable":true,"href":"https:\/\/aeronoticias.com.pe\/noticiero\/wp-json\/wp\/v2\/categories?post=312"},{"taxonomy":"post_tag","embeddable":true,"href":"https:\/\/aeronoticias.com.pe\/noticiero\/wp-json\/wp\/v2\/tags?post=312"}],"curies":[{"name":"wp","href":"https:\/\/api.w.org\/{rel}","templated":true}]}}