{"id":31476,"date":"2012-10-21T03:33:05","date_gmt":"2012-10-21T03:33:05","guid":{"rendered":"http:\/\/desarrollo.mcvicious.com\/aero2020\/2012\/10\/21\/sala-penal-pide-a-fiscalia-subsane-imprecisiones-sobre-caso-petroaudios\/"},"modified":"2012-10-21T03:33:05","modified_gmt":"2012-10-21T03:33:05","slug":"sala-penal-pide-a-fiscalia-subsane-imprecisiones-sobre-caso-petroaudios","status":"publish","type":"post","link":"https:\/\/aeronoticias.com.pe\/noticiero\/politica\/sala-penal-pide-a-fiscalia-subsane-imprecisiones-sobre-caso-petroaudios\/","title":{"rendered":"Sala Penal pide a Fiscal\u00eda subsane imprecisiones sobre caso Petroaudios"},"content":{"rendered":"<p style=\"text-align: justify;\"><strong>(Aeronoticias).-<\/strong>Ambiguedad y desorden en la acusaci\u00f3n fiscal<strong> <\/strong>contra los<strong> <\/strong>procesados<strong> <\/strong>del<strong><em> <\/em><\/strong>escandaloso caso de los Petroaudios, encontr\u00f3 el colegiado de la Cuarta Sala Penal Liquidadora<strong> d<\/strong>e la Corte de Lima, y en vista de ello se ha dispuesto<strong> <\/strong>que el expediente en menci\u00f3n sea devuelto para las subsanaciones y aclaraciones respectivas<strong>.<br \/><\/strong><\/p>\n<p style=\"text-align: justify;\">A trav\u00e9s de un comunicado la Sala se\u00f1al\u00f3 que tal expediente contiene dos extremos, uno acusatorio y otro no acusatorio.<\/p>\n<p style=\"text-align: justify;\">Agrega adem\u00e1s que la acusaci\u00f3n no  sostiene con exactitud la imputaci\u00f3n concreta para cada uno de los  acusados y su valoraci\u00f3n de manera individual.<\/p>\n<p>Expresa tambi\u00e9n  que no define en forma debida ni menciona adecuadamente el  conjunto de  las circunstancias de la responsabilidad penal necesarias  para la  individualizaci\u00f3n f\u00e1ctica y jur\u00eddica del hecho imputado a cada  uno de  los procesados.<\/p>\n<p>Cabe precisar que el colegiado superior detect\u00f3   adem\u00e1s fechas diversas de presunta comisi\u00f3n de los delitos que se les   atribuye a cada uno de los encausados, por lo que la Fiscal\u00eda Superior  debe precisarlas para poder determinar su temporalidad.<\/p>\n<p>Otro  de  los errores observados durante esta etapa de control jurisdiccional  de  la acusaci\u00f3n fiscal es la variaci\u00f3n del t\u00edtulo de la imputaci\u00f3n y   delito distinto al atribuido en el auto apertorio de instrucci\u00f3n de   algunos procesados.<\/p>\n<p>La Sala Penal Liquidadora tambi\u00e9n encontr\u00f3  que no se ha  efectuado una valoraci\u00f3n de la imputaci\u00f3n que pesa sobre  determinados  procesados en forma individual a fin de garantizar su  derecho de  defensa.<\/p>\n<p>Cabe recordar, que en este proceso judicial  est\u00e1n encausados R\u00f3mulo Le\u00f3n Alegr\u00eda, Alberto Qu\u00edmper, Daniel Saba,  C\u00e9sar Guti\u00e9rrez, Fortunato Cana\u00e1n, Jostein Kar Kjerstad y otros por la  comisi\u00f3n de los presuntos delitos de cohecho propio,  encubrimiento  real, tr\u00e1fico de influencias y otros en agravio del  Estado.\u00a0\u00a0 <\/p>\n<p>Como  se recuerda el 2 de diciembre de 2011 los autos del presente caso  se  enviaron a la Fiscal\u00eda. El\u00a0 5 de mayo el Ministerio P\u00fablico devolvi\u00f3  el  expediente a la Cuarta Sala Penal Liquidadora de la Corte de Lima.  El  15 de mayo, el tribunal superior puso los autos en conocimiento de  las  partes procesales.<\/p>\n<p>La Unidad de Cooperaci\u00f3n Judicial   Internacional\u00a0 y Extradiciones de la Fiscal\u00eda inform\u00f3 a la Sala Superior   que el 6 de septiembre \u00faltimo present\u00f3 al ministerio de Relaciones   Exteriores de Noruega la solicitud de asistencia judicial para que se   notifique con la acusaci\u00f3n fiscal al tercero civil responsable Discover   Petroleum As.<\/p>\n<p style=\"text-align: justify;\"><img decoding=\"async\" src=\"images\/stories\/12\/10\/201012\/rataquimper.jpg\" border=\"0\" alt=\"petroaudio\" title=\"petroaudio\" \/><\/p>\n","protected":false},"excerpt":{"rendered":"<p>(Aeronoticias).-Ambiguedad y desorden en la acusaci\u00f3n fiscal contra los procesados del escandaloso caso de los Petroaudios, encontr\u00f3 el colegiado de la Cuarta Sala Penal Liquidadora de la Corte de Lima, y en vista de ello se ha dispuesto que el expediente en menci\u00f3n sea devuelto para las subsanaciones y aclaraciones respectivas. A trav\u00e9s de un [&hellip;]<\/p>\n","protected":false},"author":1,"featured_media":0,"comment_status":"open","ping_status":"open","sticky":false,"template":"","format":"standard","meta":{"tdm_status":"","tdm_grid_status":"","footnotes":""},"categories":[36],"tags":[],"class_list":{"0":"post-31476","1":"post","2":"type-post","3":"status-publish","4":"format-standard","6":"category-politica"},"yoast_head":"<!-- This site is optimized with the Yoast SEO plugin v25.1 - https:\/\/yoast.com\/wordpress\/plugins\/seo\/ -->\n<title>Sala Penal pide a Fiscal\u00eda subsane imprecisiones sobre caso Petroaudios<\/title>\n<meta name=\"description\" content=\"Portal de noticias del Per\u00fa sobre el transporte a\u00e9reo, aviaci\u00f3n, turismo, hoteleria, actualidad.\" \/>\n<meta name=\"robots\" content=\"index, follow, max-snippet:-1, max-image-preview:large, max-video-preview:-1\" \/>\n<link rel=\"canonical\" href=\"https:\/\/aeronoticias.com.pe\/noticiero\/politica\/sala-penal-pide-a-fiscalia-subsane-imprecisiones-sobre-caso-petroaudios\/\" \/>\n<meta property=\"og:locale\" content=\"es_ES\" \/>\n<meta property=\"og:type\" content=\"article\" \/>\n<meta property=\"og:title\" content=\"Sala Penal pide a Fiscal\u00eda subsane imprecisiones sobre caso Petroaudios\" \/>\n<meta property=\"og:description\" content=\"Portal de noticias del Per\u00fa sobre el transporte a\u00e9reo, aviaci\u00f3n, turismo, hoteleria, actualidad.\" \/>\n<meta property=\"og:url\" content=\"https:\/\/aeronoticias.com.pe\/noticiero\/politica\/sala-penal-pide-a-fiscalia-subsane-imprecisiones-sobre-caso-petroaudios\/\" \/>\n<meta property=\"og:site_name\" content=\"Aeronoticias.com.pe\" \/>\n<meta property=\"article:publisher\" content=\"https:\/\/www.facebook.com\/Aeronoticias.com.pe\/\" \/>\n<meta property=\"article:published_time\" content=\"2012-10-21T03:33:05+00:00\" \/>\n<meta name=\"author\" content=\"Redacci\u00f3n Aeronoticias\" \/>\n<meta name=\"twitter:card\" content=\"summary_large_image\" \/>\n<meta name=\"twitter:creator\" content=\"@aeronoticias\" \/>\n<meta name=\"twitter:site\" content=\"@aeronoticias\" \/>\n<meta name=\"twitter:label1\" content=\"Escrito por\" \/>\n\t<meta name=\"twitter:data1\" content=\"Redacci\u00f3n Aeronoticias\" \/>\n\t<meta name=\"twitter:label2\" content=\"Tiempo de lectura\" \/>\n\t<meta name=\"twitter:data2\" content=\"2 minutos\" \/>\n<script type=\"application\/ld+json\" class=\"yoast-schema-graph\">{\"@context\":\"https:\/\/schema.org\",\"@graph\":[{\"@type\":\"WebPage\",\"@id\":\"https:\/\/aeronoticias.com.pe\/noticiero\/politica\/sala-penal-pide-a-fiscalia-subsane-imprecisiones-sobre-caso-petroaudios\/\",\"url\":\"https:\/\/aeronoticias.com.pe\/noticiero\/politica\/sala-penal-pide-a-fiscalia-subsane-imprecisiones-sobre-caso-petroaudios\/\",\"name\":\"Sala Penal pide a Fiscal\u00eda subsane imprecisiones sobre caso Petroaudios\",\"isPartOf\":{\"@id\":\"https:\/\/aeronoticias.com.pe\/noticiero\/#website\"},\"datePublished\":\"2012-10-21T03:33:05+00:00\",\"author\":{\"@id\":\"https:\/\/aeronoticias.com.pe\/noticiero\/#\/schema\/person\/fc1e5d578f4b62ba1cf7ac2bba1170a0\"},\"description\":\"Portal de noticias del Per\u00fa sobre el transporte a\u00e9reo, aviaci\u00f3n, turismo, hoteleria, actualidad.\",\"breadcrumb\":{\"@id\":\"https:\/\/aeronoticias.com.pe\/noticiero\/politica\/sala-penal-pide-a-fiscalia-subsane-imprecisiones-sobre-caso-petroaudios\/#breadcrumb\"},\"inLanguage\":\"es\",\"potentialAction\":[{\"@type\":\"ReadAction\",\"target\":[\"https:\/\/aeronoticias.com.pe\/noticiero\/politica\/sala-penal-pide-a-fiscalia-subsane-imprecisiones-sobre-caso-petroaudios\/\"]}]},{\"@type\":\"BreadcrumbList\",\"@id\":\"https:\/\/aeronoticias.com.pe\/noticiero\/politica\/sala-penal-pide-a-fiscalia-subsane-imprecisiones-sobre-caso-petroaudios\/#breadcrumb\",\"itemListElement\":[{\"@type\":\"ListItem\",\"position\":1,\"name\":\"Portada\",\"item\":\"https:\/\/aeronoticias.com.pe\/noticiero\/\"},{\"@type\":\"ListItem\",\"position\":2,\"name\":\"Sala Penal pide a Fiscal\u00eda subsane imprecisiones sobre caso Petroaudios\"}]},{\"@type\":\"WebSite\",\"@id\":\"https:\/\/aeronoticias.com.pe\/noticiero\/#website\",\"url\":\"https:\/\/aeronoticias.com.pe\/noticiero\/\",\"name\":\"Aeronoticias.com.pe\",\"description\":\"Noticias de tranporte aereo, turismo, hoteles, gastronomia, actualidad, internacional\",\"potentialAction\":[{\"@type\":\"SearchAction\",\"target\":{\"@type\":\"EntryPoint\",\"urlTemplate\":\"https:\/\/aeronoticias.com.pe\/noticiero\/?s={search_term_string}\"},\"query-input\":{\"@type\":\"PropertyValueSpecification\",\"valueRequired\":true,\"valueName\":\"search_term_string\"}}],\"inLanguage\":\"es\"},{\"@type\":\"Person\",\"@id\":\"https:\/\/aeronoticias.com.pe\/noticiero\/#\/schema\/person\/fc1e5d578f4b62ba1cf7ac2bba1170a0\",\"name\":\"Redacci\u00f3n Aeronoticias\",\"url\":\"https:\/\/aeronoticias.com.pe\/noticiero\/author\/piloto\/\"}]}<\/script>\n<!-- \/ Yoast SEO plugin. -->","yoast_head_json":{"title":"Sala Penal pide a Fiscal\u00eda subsane imprecisiones sobre caso Petroaudios","description":"Portal de noticias del Per\u00fa sobre el transporte a\u00e9reo, aviaci\u00f3n, turismo, hoteleria, actualidad.","robots":{"index":"index","follow":"follow","max-snippet":"max-snippet:-1","max-image-preview":"max-image-preview:large","max-video-preview":"max-video-preview:-1"},"canonical":"https:\/\/aeronoticias.com.pe\/noticiero\/politica\/sala-penal-pide-a-fiscalia-subsane-imprecisiones-sobre-caso-petroaudios\/","og_locale":"es_ES","og_type":"article","og_title":"Sala Penal pide a Fiscal\u00eda subsane imprecisiones sobre caso Petroaudios","og_description":"Portal de noticias del Per\u00fa sobre el transporte a\u00e9reo, aviaci\u00f3n, turismo, hoteleria, actualidad.","og_url":"https:\/\/aeronoticias.com.pe\/noticiero\/politica\/sala-penal-pide-a-fiscalia-subsane-imprecisiones-sobre-caso-petroaudios\/","og_site_name":"Aeronoticias.com.pe","article_publisher":"https:\/\/www.facebook.com\/Aeronoticias.com.pe\/","article_published_time":"2012-10-21T03:33:05+00:00","author":"Redacci\u00f3n Aeronoticias","twitter_card":"summary_large_image","twitter_creator":"@aeronoticias","twitter_site":"@aeronoticias","twitter_misc":{"Escrito por":"Redacci\u00f3n Aeronoticias","Tiempo de lectura":"2 minutos"},"schema":{"@context":"https:\/\/schema.org","@graph":[{"@type":"WebPage","@id":"https:\/\/aeronoticias.com.pe\/noticiero\/politica\/sala-penal-pide-a-fiscalia-subsane-imprecisiones-sobre-caso-petroaudios\/","url":"https:\/\/aeronoticias.com.pe\/noticiero\/politica\/sala-penal-pide-a-fiscalia-subsane-imprecisiones-sobre-caso-petroaudios\/","name":"Sala Penal pide a Fiscal\u00eda subsane imprecisiones sobre caso Petroaudios","isPartOf":{"@id":"https:\/\/aeronoticias.com.pe\/noticiero\/#website"},"datePublished":"2012-10-21T03:33:05+00:00","author":{"@id":"https:\/\/aeronoticias.com.pe\/noticiero\/#\/schema\/person\/fc1e5d578f4b62ba1cf7ac2bba1170a0"},"description":"Portal de noticias del Per\u00fa sobre el transporte a\u00e9reo, aviaci\u00f3n, turismo, hoteleria, actualidad.","breadcrumb":{"@id":"https:\/\/aeronoticias.com.pe\/noticiero\/politica\/sala-penal-pide-a-fiscalia-subsane-imprecisiones-sobre-caso-petroaudios\/#breadcrumb"},"inLanguage":"es","potentialAction":[{"@type":"ReadAction","target":["https:\/\/aeronoticias.com.pe\/noticiero\/politica\/sala-penal-pide-a-fiscalia-subsane-imprecisiones-sobre-caso-petroaudios\/"]}]},{"@type":"BreadcrumbList","@id":"https:\/\/aeronoticias.com.pe\/noticiero\/politica\/sala-penal-pide-a-fiscalia-subsane-imprecisiones-sobre-caso-petroaudios\/#breadcrumb","itemListElement":[{"@type":"ListItem","position":1,"name":"Portada","item":"https:\/\/aeronoticias.com.pe\/noticiero\/"},{"@type":"ListItem","position":2,"name":"Sala Penal pide a Fiscal\u00eda subsane imprecisiones sobre caso Petroaudios"}]},{"@type":"WebSite","@id":"https:\/\/aeronoticias.com.pe\/noticiero\/#website","url":"https:\/\/aeronoticias.com.pe\/noticiero\/","name":"Aeronoticias.com.pe","description":"Noticias de tranporte aereo, turismo, hoteles, gastronomia, actualidad, internacional","potentialAction":[{"@type":"SearchAction","target":{"@type":"EntryPoint","urlTemplate":"https:\/\/aeronoticias.com.pe\/noticiero\/?s={search_term_string}"},"query-input":{"@type":"PropertyValueSpecification","valueRequired":true,"valueName":"search_term_string"}}],"inLanguage":"es"},{"@type":"Person","@id":"https:\/\/aeronoticias.com.pe\/noticiero\/#\/schema\/person\/fc1e5d578f4b62ba1cf7ac2bba1170a0","name":"Redacci\u00f3n Aeronoticias","url":"https:\/\/aeronoticias.com.pe\/noticiero\/author\/piloto\/"}]}},"_links":{"self":[{"href":"https:\/\/aeronoticias.com.pe\/noticiero\/wp-json\/wp\/v2\/posts\/31476","targetHints":{"allow":["GET"]}}],"collection":[{"href":"https:\/\/aeronoticias.com.pe\/noticiero\/wp-json\/wp\/v2\/posts"}],"about":[{"href":"https:\/\/aeronoticias.com.pe\/noticiero\/wp-json\/wp\/v2\/types\/post"}],"author":[{"embeddable":true,"href":"https:\/\/aeronoticias.com.pe\/noticiero\/wp-json\/wp\/v2\/users\/1"}],"replies":[{"embeddable":true,"href":"https:\/\/aeronoticias.com.pe\/noticiero\/wp-json\/wp\/v2\/comments?post=31476"}],"version-history":[{"count":0,"href":"https:\/\/aeronoticias.com.pe\/noticiero\/wp-json\/wp\/v2\/posts\/31476\/revisions"}],"wp:attachment":[{"href":"https:\/\/aeronoticias.com.pe\/noticiero\/wp-json\/wp\/v2\/media?parent=31476"}],"wp:term":[{"taxonomy":"category","embeddable":true,"href":"https:\/\/aeronoticias.com.pe\/noticiero\/wp-json\/wp\/v2\/categories?post=31476"},{"taxonomy":"post_tag","embeddable":true,"href":"https:\/\/aeronoticias.com.pe\/noticiero\/wp-json\/wp\/v2\/tags?post=31476"}],"curies":[{"name":"wp","href":"https:\/\/api.w.org\/{rel}","templated":true}]}}