{"id":31477,"date":"2012-10-21T13:11:05","date_gmt":"2012-10-21T13:11:05","guid":{"rendered":"http:\/\/desarrollo.mcvicious.com\/aero2020\/2012\/10\/21\/balneario-de-pimentel-listo-para-recibir-800000-visitantes-este-verano\/"},"modified":"2012-10-21T13:11:05","modified_gmt":"2012-10-21T13:11:05","slug":"balneario-de-pimentel-listo-para-recibir-800000-visitantes-este-verano","status":"publish","type":"post","link":"https:\/\/aeronoticias.com.pe\/noticiero\/turismo\/13\/balneario-de-pimentel-listo-para-recibir-800000-visitantes-este-verano\/","title":{"rendered":"Balneario de Pimentel listo para recibir 800,000 visitantes este verano"},"content":{"rendered":"<p style=\"text-align: justify;\"><strong>(Aeronoticias).-<\/strong>En la temporada de verano, el balneario del distrito de Pimentel, en la regi\u00f3n Lambayeque, espera recibir 800,000 turistas, tanto nacionales como extranjeros, que cuenta con\u00a0\u00a0\u00a0 renovada infraestructura tur\u00edstica, inform\u00f3 Jos\u00e9 Gonz\u00e1lez, alcalde  de la mencionada jurisdicci\u00f3n.<\/p>\n<p style=\"text-align: justify;\">El burgomaestre afirm\u00f3 que el malec\u00f3n sur y el paseo de los  H\u00e9roes Navales y las Fuerzas Armadas, financiados con un mill\u00f3n 300,000  nuevos soles por el Ministerio de Comercio Exterior y Turismo a trav\u00e9s  del plan Copesco, constituyen un nuevo y bello atractivo.<\/p>\n<p>El primero tiene  una extensi\u00f3n de 500 metros, sobre los cuales se acondicion\u00f3 bancas y  basureros acorde con el paisaje natural y ecol\u00f3gico que ofrece este  hermoso balneario norte\u00f1o.<\/p>\n<p style=\"text-align: justify;\">El segundo alberga los bustos de los  heroicos militares peruanos Miguel Grau, Diego Ferr\u00e9 y Juan Fanning y  consignan una breve biograf\u00eda destinada a ser ejemplo de vida de los  ciudadanos, y para que los visitantes tengan una rese\u00f1a sobre nuestros heroes.<\/p>\n<p style=\"text-align: justify;\">Gonz\u00e1lez manifest\u00f3 que con la culminaci\u00f3n de los  trabajos del muelle de Pimentel se espera \u00a0poner en funcionamiento un  corredor tur\u00edstico que integre este desembarcadero hasta la zona de los  caballitos de totora.<\/p>\n<p style=\"text-align: justify;\">A fines de mes se espera culminar  con las obras de remodelaci\u00f3n del muelle. \u201cSe est\u00e1 realizando las  casetas y m\u00f3dulos que servir\u00e1n para la venta de artesan\u00eda y productos.  Se espera su inauguraci\u00f3n en diciembre pr\u00f3ximo\u201d, acot\u00f3.<\/p>\n<p style=\"text-align: justify;\">Destac\u00f3,  el inicio de trabajos de remodelaci\u00f3n e iluminaci\u00f3n de la  plazuela al h\u00e9roe local Jos\u00e9 Qui\u00f1\u00f3nez, que demandar\u00e1 una inversi\u00f3n de  200,000 nuevos soles que ser\u00e1n asumidos por la comuna local.<\/p>\n<p><strong><img decoding=\"async\" src=\"images\/stories\/12\/10\/211012\/pimentel.jpg\" border=\"0\" alt=\"pimentel\" title=\"pimentel\" \/><\/strong><\/p>\n","protected":false},"excerpt":{"rendered":"<p>(Aeronoticias).-En la temporada de verano, el balneario del distrito de Pimentel, en la regi\u00f3n Lambayeque, espera recibir 800,000 turistas, tanto nacionales como extranjeros, que cuenta con\u00a0\u00a0\u00a0 renovada infraestructura tur\u00edstica, inform\u00f3 Jos\u00e9 Gonz\u00e1lez, alcalde de la mencionada jurisdicci\u00f3n. El burgomaestre afirm\u00f3 que el malec\u00f3n sur y el paseo de los H\u00e9roes Navales y las Fuerzas Armadas, [&hellip;]<\/p>\n","protected":false},"author":1,"featured_media":0,"comment_status":"open","ping_status":"open","sticky":false,"template":"","format":"standard","meta":{"tdm_status":"","tdm_grid_status":"","footnotes":""},"categories":[31],"tags":[],"class_list":{"0":"post-31477","1":"post","2":"type-post","3":"status-publish","4":"format-standard","6":"category-31"},"yoast_head":"<!-- This site is optimized with the Yoast SEO plugin v25.1 - https:\/\/yoast.com\/wordpress\/plugins\/seo\/ -->\n<title>Balneario de Pimentel listo para recibir 800,000 visitantes este verano<\/title>\n<meta name=\"description\" content=\"Portal de noticias del Per\u00fa sobre el transporte a\u00e9reo, aviaci\u00f3n, turismo, hoteleria, actualidad.\" \/>\n<meta name=\"robots\" content=\"index, follow, max-snippet:-1, max-image-preview:large, max-video-preview:-1\" \/>\n<link rel=\"canonical\" href=\"https:\/\/aeronoticias.com.pe\/noticiero\/turismo\/13\/balneario-de-pimentel-listo-para-recibir-800000-visitantes-este-verano\/\" \/>\n<meta property=\"og:locale\" content=\"es_ES\" \/>\n<meta property=\"og:type\" content=\"article\" \/>\n<meta property=\"og:title\" content=\"Balneario de Pimentel listo para recibir 800,000 visitantes este verano\" \/>\n<meta property=\"og:description\" content=\"Portal de noticias del Per\u00fa sobre el transporte a\u00e9reo, aviaci\u00f3n, turismo, hoteleria, actualidad.\" \/>\n<meta property=\"og:url\" content=\"https:\/\/aeronoticias.com.pe\/noticiero\/turismo\/13\/balneario-de-pimentel-listo-para-recibir-800000-visitantes-este-verano\/\" \/>\n<meta property=\"og:site_name\" content=\"Aeronoticias.com.pe\" \/>\n<meta property=\"article:publisher\" content=\"https:\/\/www.facebook.com\/Aeronoticias.com.pe\/\" \/>\n<meta property=\"article:published_time\" content=\"2012-10-21T13:11:05+00:00\" \/>\n<meta name=\"author\" content=\"Redacci\u00f3n Aeronoticias\" \/>\n<meta name=\"twitter:card\" content=\"summary_large_image\" \/>\n<meta name=\"twitter:creator\" content=\"@aeronoticias\" \/>\n<meta name=\"twitter:site\" content=\"@aeronoticias\" \/>\n<meta name=\"twitter:label1\" content=\"Escrito por\" \/>\n\t<meta name=\"twitter:data1\" content=\"Redacci\u00f3n Aeronoticias\" \/>\n\t<meta name=\"twitter:label2\" content=\"Tiempo de lectura\" \/>\n\t<meta name=\"twitter:data2\" content=\"1 minuto\" \/>\n<script type=\"application\/ld+json\" class=\"yoast-schema-graph\">{\"@context\":\"https:\/\/schema.org\",\"@graph\":[{\"@type\":\"WebPage\",\"@id\":\"https:\/\/aeronoticias.com.pe\/noticiero\/turismo\/13\/balneario-de-pimentel-listo-para-recibir-800000-visitantes-este-verano\/\",\"url\":\"https:\/\/aeronoticias.com.pe\/noticiero\/turismo\/13\/balneario-de-pimentel-listo-para-recibir-800000-visitantes-este-verano\/\",\"name\":\"Balneario de Pimentel listo para recibir 800,000 visitantes este verano\",\"isPartOf\":{\"@id\":\"https:\/\/aeronoticias.com.pe\/noticiero\/#website\"},\"datePublished\":\"2012-10-21T13:11:05+00:00\",\"author\":{\"@id\":\"https:\/\/aeronoticias.com.pe\/noticiero\/#\/schema\/person\/fc1e5d578f4b62ba1cf7ac2bba1170a0\"},\"description\":\"Portal de noticias del Per\u00fa sobre el transporte a\u00e9reo, aviaci\u00f3n, turismo, hoteleria, actualidad.\",\"breadcrumb\":{\"@id\":\"https:\/\/aeronoticias.com.pe\/noticiero\/turismo\/13\/balneario-de-pimentel-listo-para-recibir-800000-visitantes-este-verano\/#breadcrumb\"},\"inLanguage\":\"es\",\"potentialAction\":[{\"@type\":\"ReadAction\",\"target\":[\"https:\/\/aeronoticias.com.pe\/noticiero\/turismo\/13\/balneario-de-pimentel-listo-para-recibir-800000-visitantes-este-verano\/\"]}]},{\"@type\":\"BreadcrumbList\",\"@id\":\"https:\/\/aeronoticias.com.pe\/noticiero\/turismo\/13\/balneario-de-pimentel-listo-para-recibir-800000-visitantes-este-verano\/#breadcrumb\",\"itemListElement\":[{\"@type\":\"ListItem\",\"position\":1,\"name\":\"Portada\",\"item\":\"https:\/\/aeronoticias.com.pe\/noticiero\/\"},{\"@type\":\"ListItem\",\"position\":2,\"name\":\"Balneario de Pimentel listo para recibir 800,000 visitantes este verano\"}]},{\"@type\":\"WebSite\",\"@id\":\"https:\/\/aeronoticias.com.pe\/noticiero\/#website\",\"url\":\"https:\/\/aeronoticias.com.pe\/noticiero\/\",\"name\":\"Aeronoticias.com.pe\",\"description\":\"Noticias de tranporte aereo, turismo, hoteles, gastronomia, actualidad, internacional\",\"potentialAction\":[{\"@type\":\"SearchAction\",\"target\":{\"@type\":\"EntryPoint\",\"urlTemplate\":\"https:\/\/aeronoticias.com.pe\/noticiero\/?s={search_term_string}\"},\"query-input\":{\"@type\":\"PropertyValueSpecification\",\"valueRequired\":true,\"valueName\":\"search_term_string\"}}],\"inLanguage\":\"es\"},{\"@type\":\"Person\",\"@id\":\"https:\/\/aeronoticias.com.pe\/noticiero\/#\/schema\/person\/fc1e5d578f4b62ba1cf7ac2bba1170a0\",\"name\":\"Redacci\u00f3n Aeronoticias\",\"url\":\"https:\/\/aeronoticias.com.pe\/noticiero\/author\/piloto\/\"}]}<\/script>\n<!-- \/ Yoast SEO plugin. -->","yoast_head_json":{"title":"Balneario de Pimentel listo para recibir 800,000 visitantes este verano","description":"Portal de noticias del Per\u00fa sobre el transporte a\u00e9reo, aviaci\u00f3n, turismo, hoteleria, actualidad.","robots":{"index":"index","follow":"follow","max-snippet":"max-snippet:-1","max-image-preview":"max-image-preview:large","max-video-preview":"max-video-preview:-1"},"canonical":"https:\/\/aeronoticias.com.pe\/noticiero\/turismo\/13\/balneario-de-pimentel-listo-para-recibir-800000-visitantes-este-verano\/","og_locale":"es_ES","og_type":"article","og_title":"Balneario de Pimentel listo para recibir 800,000 visitantes este verano","og_description":"Portal de noticias del Per\u00fa sobre el transporte a\u00e9reo, aviaci\u00f3n, turismo, hoteleria, actualidad.","og_url":"https:\/\/aeronoticias.com.pe\/noticiero\/turismo\/13\/balneario-de-pimentel-listo-para-recibir-800000-visitantes-este-verano\/","og_site_name":"Aeronoticias.com.pe","article_publisher":"https:\/\/www.facebook.com\/Aeronoticias.com.pe\/","article_published_time":"2012-10-21T13:11:05+00:00","author":"Redacci\u00f3n Aeronoticias","twitter_card":"summary_large_image","twitter_creator":"@aeronoticias","twitter_site":"@aeronoticias","twitter_misc":{"Escrito por":"Redacci\u00f3n Aeronoticias","Tiempo de lectura":"1 minuto"},"schema":{"@context":"https:\/\/schema.org","@graph":[{"@type":"WebPage","@id":"https:\/\/aeronoticias.com.pe\/noticiero\/turismo\/13\/balneario-de-pimentel-listo-para-recibir-800000-visitantes-este-verano\/","url":"https:\/\/aeronoticias.com.pe\/noticiero\/turismo\/13\/balneario-de-pimentel-listo-para-recibir-800000-visitantes-este-verano\/","name":"Balneario de Pimentel listo para recibir 800,000 visitantes este verano","isPartOf":{"@id":"https:\/\/aeronoticias.com.pe\/noticiero\/#website"},"datePublished":"2012-10-21T13:11:05+00:00","author":{"@id":"https:\/\/aeronoticias.com.pe\/noticiero\/#\/schema\/person\/fc1e5d578f4b62ba1cf7ac2bba1170a0"},"description":"Portal de noticias del Per\u00fa sobre el transporte a\u00e9reo, aviaci\u00f3n, turismo, hoteleria, actualidad.","breadcrumb":{"@id":"https:\/\/aeronoticias.com.pe\/noticiero\/turismo\/13\/balneario-de-pimentel-listo-para-recibir-800000-visitantes-este-verano\/#breadcrumb"},"inLanguage":"es","potentialAction":[{"@type":"ReadAction","target":["https:\/\/aeronoticias.com.pe\/noticiero\/turismo\/13\/balneario-de-pimentel-listo-para-recibir-800000-visitantes-este-verano\/"]}]},{"@type":"BreadcrumbList","@id":"https:\/\/aeronoticias.com.pe\/noticiero\/turismo\/13\/balneario-de-pimentel-listo-para-recibir-800000-visitantes-este-verano\/#breadcrumb","itemListElement":[{"@type":"ListItem","position":1,"name":"Portada","item":"https:\/\/aeronoticias.com.pe\/noticiero\/"},{"@type":"ListItem","position":2,"name":"Balneario de Pimentel listo para recibir 800,000 visitantes este verano"}]},{"@type":"WebSite","@id":"https:\/\/aeronoticias.com.pe\/noticiero\/#website","url":"https:\/\/aeronoticias.com.pe\/noticiero\/","name":"Aeronoticias.com.pe","description":"Noticias de tranporte aereo, turismo, hoteles, gastronomia, actualidad, internacional","potentialAction":[{"@type":"SearchAction","target":{"@type":"EntryPoint","urlTemplate":"https:\/\/aeronoticias.com.pe\/noticiero\/?s={search_term_string}"},"query-input":{"@type":"PropertyValueSpecification","valueRequired":true,"valueName":"search_term_string"}}],"inLanguage":"es"},{"@type":"Person","@id":"https:\/\/aeronoticias.com.pe\/noticiero\/#\/schema\/person\/fc1e5d578f4b62ba1cf7ac2bba1170a0","name":"Redacci\u00f3n Aeronoticias","url":"https:\/\/aeronoticias.com.pe\/noticiero\/author\/piloto\/"}]}},"_links":{"self":[{"href":"https:\/\/aeronoticias.com.pe\/noticiero\/wp-json\/wp\/v2\/posts\/31477","targetHints":{"allow":["GET"]}}],"collection":[{"href":"https:\/\/aeronoticias.com.pe\/noticiero\/wp-json\/wp\/v2\/posts"}],"about":[{"href":"https:\/\/aeronoticias.com.pe\/noticiero\/wp-json\/wp\/v2\/types\/post"}],"author":[{"embeddable":true,"href":"https:\/\/aeronoticias.com.pe\/noticiero\/wp-json\/wp\/v2\/users\/1"}],"replies":[{"embeddable":true,"href":"https:\/\/aeronoticias.com.pe\/noticiero\/wp-json\/wp\/v2\/comments?post=31477"}],"version-history":[{"count":0,"href":"https:\/\/aeronoticias.com.pe\/noticiero\/wp-json\/wp\/v2\/posts\/31477\/revisions"}],"wp:attachment":[{"href":"https:\/\/aeronoticias.com.pe\/noticiero\/wp-json\/wp\/v2\/media?parent=31477"}],"wp:term":[{"taxonomy":"category","embeddable":true,"href":"https:\/\/aeronoticias.com.pe\/noticiero\/wp-json\/wp\/v2\/categories?post=31477"},{"taxonomy":"post_tag","embeddable":true,"href":"https:\/\/aeronoticias.com.pe\/noticiero\/wp-json\/wp\/v2\/tags?post=31477"}],"curies":[{"name":"wp","href":"https:\/\/api.w.org\/{rel}","templated":true}]}}