{"id":31478,"date":"2012-10-21T13:26:42","date_gmt":"2012-10-21T13:26:42","guid":{"rendered":"http:\/\/desarrollo.mcvicious.com\/aero2020\/2012\/10\/21\/ante-informacion-en-diario-casa-blanca-niega-acuerdo-entre-eeuu-e-iran-sobre-arma-nuclear\/"},"modified":"2012-10-21T13:26:42","modified_gmt":"2012-10-21T13:26:42","slug":"ante-informacion-en-diario-casa-blanca-niega-acuerdo-entre-eeuu-e-iran-sobre-arma-nuclear","status":"publish","type":"post","link":"https:\/\/aeronoticias.com.pe\/noticiero\/internacionales\/ante-informacion-en-diario-casa-blanca-niega-acuerdo-entre-eeuu-e-iran-sobre-arma-nuclear\/","title":{"rendered":"Ante informaci\u00f3n en diario Casa Blanca niega acuerdo entre EE.UU e Ir\u00e1n sobre arma nuclear"},"content":{"rendered":"<p style=\"text-align: justify;\"><strong>(Aeronoticias).-<\/strong>La Casa Blanca neg\u00f3 la versi\u00f3n que surgi\u00f3 de que EE.UU e Ir\u00e1n hayan llegado a un acuerdo para mantener conversaciones sobre el  programa nuclear de Teher\u00e1n, como ha publicado The New York Times  citando a funcionarios del Gobierno de Barack Obama. El vocero del  Consejo de Seguridad Nacional de la Casa Blanca, Tommy Vietor, desminti\u00f3 rotundamente  la informaci\u00f3n del mencionado diario en un comunicado y reafirm\u00f3 que el presidente  Obama \u00abha dejado claro que va a impedir que Ir\u00e1n obtenga un arma  nuclear\u00bb.<\/p>\n<p style=\"text-align: justify;\">Seg\u00fan afirma\u00a0 Vietor, \u00abno es verdad que Estados Unidos e Ir\u00e1n hayan acordado conversaciones uno a uno o una reuni\u00f3n despu\u00e9s de las elecciones\u00bb  del pr\u00f3ximo 6 de noviembre. The New York Times public\u00f3 hoy en exclusiva  en su edici\u00f3n digital la informaci\u00f3n sobre el acuerdo y afirm\u00f3 que  establec\u00eda que, a petici\u00f3n de las autoridades iran\u00edes, las  conversaciones se celebrasen despu\u00e9s de las elecciones presidenciales en  EE.UU., en las que Obama aspira a la reelecci\u00f3n frente al republicano  Mitt Romney.<\/p>\n<p style=\"text-align: justify;\">Ir\u00e1n quiere esperar a que se celebran las  elecciones en EEUU para saber \u00abcon qui\u00e9n estar\u00edan negociando\u00bb, de  acuerdo con el diario. \u00abSeguimos trabajando\u00bb en el llamado  grupo 5+1 (EE.UU., Rusia, China, Francia, Reino Unido y Alemania) hacia  \u00abuna soluci\u00f3n diplom\u00e1tica y desde el principio hemos dicho que  estar\u00edamos dispuestos a reunirnos bilateralmente\u00bb con Ir\u00e1n, indic\u00f3  Vietor en el comunicado.<\/p>\n<p style=\"text-align: justify;\">El vocero de Washington agreg\u00f3 adem\u00e1s que Obama har\u00e1 \u00ablo necesario\u00bb para que Ir\u00e1n no  desarrolle un arma nuclear y el objetivo de las sanciones siempre ha  sido presionar a ese pa\u00eds \u00abpara que cumpla sus obligaciones\u00bb. Romney, el candidato presidencial republicano, ha criticado a  Obama porque, a su criterio, no est\u00e1 siendo lo suficientemente firme para  impedir que Ir\u00e1n obtenga un arma nuclear. Por su parte, Obama se  ha mostrado hasta ahora partidario de la v\u00eda diplom\u00e1tica frente a una  soluci\u00f3n militar, pero tambi\u00e9n ha alertado a Ir\u00e1n de que el tiempo para  negociar \u00abno es ilimitado<strong>\u00ab<\/strong>.<\/p>\n<p style=\"text-align: justify;\">El anuncio del acuerdo para un  di\u00e1logo bilateral y el desmentido posterior de la Casa Blanca llega dos  d\u00edas antes de que Obama y Romney participen en su tercer y \u00faltimo debate  televisado, dedicado exclusivamente a pol\u00edtica exterior, y faltando\u00a0 poco m\u00e1s  de dos semanas de las elecciones.<\/p>\n<p style=\"text-align: justify;\"><img decoding=\"async\" src=\"images\/stories\/12\/10\/211012\/armanuclearirn.jpg\" border=\"0\" alt=\"nuclear\" title=\"nuclear\" \/><\/p>\n","protected":false},"excerpt":{"rendered":"<p>(Aeronoticias).-La Casa Blanca neg\u00f3 la versi\u00f3n que surgi\u00f3 de que EE.UU e Ir\u00e1n hayan llegado a un acuerdo para mantener conversaciones sobre el programa nuclear de Teher\u00e1n, como ha publicado The New York Times citando a funcionarios del Gobierno de Barack Obama. El vocero del Consejo de Seguridad Nacional de la Casa Blanca, Tommy Vietor, [&hellip;]<\/p>\n","protected":false},"author":1,"featured_media":0,"comment_status":"open","ping_status":"open","sticky":false,"template":"","format":"standard","meta":{"tdm_status":"","tdm_grid_status":"","footnotes":""},"categories":[34],"tags":[],"class_list":{"0":"post-31478","1":"post","2":"type-post","3":"status-publish","4":"format-standard","6":"category-internacionales"},"yoast_head":"<!-- This site is optimized with the Yoast SEO plugin v25.1 - https:\/\/yoast.com\/wordpress\/plugins\/seo\/ -->\n<title>Ante informaci\u00f3n en diario Casa Blanca niega acuerdo entre EE.UU e Ir\u00e1n sobre arma nuclear<\/title>\n<meta name=\"description\" content=\"Portal de noticias del Per\u00fa sobre el transporte a\u00e9reo, aviaci\u00f3n, turismo, hoteleria, actualidad.\" \/>\n<meta name=\"robots\" content=\"index, follow, max-snippet:-1, max-image-preview:large, max-video-preview:-1\" \/>\n<link rel=\"canonical\" href=\"https:\/\/aeronoticias.com.pe\/noticiero\/internacionales\/ante-informacion-en-diario-casa-blanca-niega-acuerdo-entre-eeuu-e-iran-sobre-arma-nuclear\/\" \/>\n<meta property=\"og:locale\" content=\"es_ES\" \/>\n<meta property=\"og:type\" content=\"article\" \/>\n<meta property=\"og:title\" content=\"Ante informaci\u00f3n en diario Casa Blanca niega acuerdo entre EE.UU e Ir\u00e1n sobre arma nuclear\" \/>\n<meta property=\"og:description\" content=\"Portal de noticias del Per\u00fa sobre el transporte a\u00e9reo, aviaci\u00f3n, turismo, hoteleria, actualidad.\" \/>\n<meta property=\"og:url\" content=\"https:\/\/aeronoticias.com.pe\/noticiero\/internacionales\/ante-informacion-en-diario-casa-blanca-niega-acuerdo-entre-eeuu-e-iran-sobre-arma-nuclear\/\" \/>\n<meta property=\"og:site_name\" content=\"Aeronoticias.com.pe\" \/>\n<meta property=\"article:publisher\" content=\"https:\/\/www.facebook.com\/Aeronoticias.com.pe\/\" \/>\n<meta property=\"article:published_time\" content=\"2012-10-21T13:26:42+00:00\" \/>\n<meta name=\"author\" content=\"Redacci\u00f3n Aeronoticias\" \/>\n<meta name=\"twitter:card\" content=\"summary_large_image\" \/>\n<meta name=\"twitter:creator\" content=\"@aeronoticias\" \/>\n<meta name=\"twitter:site\" content=\"@aeronoticias\" \/>\n<meta name=\"twitter:label1\" content=\"Escrito por\" \/>\n\t<meta name=\"twitter:data1\" content=\"Redacci\u00f3n Aeronoticias\" \/>\n\t<meta name=\"twitter:label2\" content=\"Tiempo de lectura\" \/>\n\t<meta name=\"twitter:data2\" content=\"2 minutos\" \/>\n<script type=\"application\/ld+json\" class=\"yoast-schema-graph\">{\"@context\":\"https:\/\/schema.org\",\"@graph\":[{\"@type\":\"WebPage\",\"@id\":\"https:\/\/aeronoticias.com.pe\/noticiero\/internacionales\/ante-informacion-en-diario-casa-blanca-niega-acuerdo-entre-eeuu-e-iran-sobre-arma-nuclear\/\",\"url\":\"https:\/\/aeronoticias.com.pe\/noticiero\/internacionales\/ante-informacion-en-diario-casa-blanca-niega-acuerdo-entre-eeuu-e-iran-sobre-arma-nuclear\/\",\"name\":\"Ante informaci\u00f3n en diario Casa Blanca niega acuerdo entre EE.UU e Ir\u00e1n sobre arma nuclear\",\"isPartOf\":{\"@id\":\"https:\/\/aeronoticias.com.pe\/noticiero\/#website\"},\"datePublished\":\"2012-10-21T13:26:42+00:00\",\"author\":{\"@id\":\"https:\/\/aeronoticias.com.pe\/noticiero\/#\/schema\/person\/fc1e5d578f4b62ba1cf7ac2bba1170a0\"},\"description\":\"Portal de noticias del Per\u00fa sobre el transporte a\u00e9reo, aviaci\u00f3n, turismo, hoteleria, actualidad.\",\"breadcrumb\":{\"@id\":\"https:\/\/aeronoticias.com.pe\/noticiero\/internacionales\/ante-informacion-en-diario-casa-blanca-niega-acuerdo-entre-eeuu-e-iran-sobre-arma-nuclear\/#breadcrumb\"},\"inLanguage\":\"es\",\"potentialAction\":[{\"@type\":\"ReadAction\",\"target\":[\"https:\/\/aeronoticias.com.pe\/noticiero\/internacionales\/ante-informacion-en-diario-casa-blanca-niega-acuerdo-entre-eeuu-e-iran-sobre-arma-nuclear\/\"]}]},{\"@type\":\"BreadcrumbList\",\"@id\":\"https:\/\/aeronoticias.com.pe\/noticiero\/internacionales\/ante-informacion-en-diario-casa-blanca-niega-acuerdo-entre-eeuu-e-iran-sobre-arma-nuclear\/#breadcrumb\",\"itemListElement\":[{\"@type\":\"ListItem\",\"position\":1,\"name\":\"Portada\",\"item\":\"https:\/\/aeronoticias.com.pe\/noticiero\/\"},{\"@type\":\"ListItem\",\"position\":2,\"name\":\"Ante informaci\u00f3n en diario Casa Blanca niega acuerdo entre EE.UU e Ir\u00e1n sobre arma nuclear\"}]},{\"@type\":\"WebSite\",\"@id\":\"https:\/\/aeronoticias.com.pe\/noticiero\/#website\",\"url\":\"https:\/\/aeronoticias.com.pe\/noticiero\/\",\"name\":\"Aeronoticias.com.pe\",\"description\":\"Noticias de tranporte aereo, turismo, hoteles, gastronomia, actualidad, internacional\",\"potentialAction\":[{\"@type\":\"SearchAction\",\"target\":{\"@type\":\"EntryPoint\",\"urlTemplate\":\"https:\/\/aeronoticias.com.pe\/noticiero\/?s={search_term_string}\"},\"query-input\":{\"@type\":\"PropertyValueSpecification\",\"valueRequired\":true,\"valueName\":\"search_term_string\"}}],\"inLanguage\":\"es\"},{\"@type\":\"Person\",\"@id\":\"https:\/\/aeronoticias.com.pe\/noticiero\/#\/schema\/person\/fc1e5d578f4b62ba1cf7ac2bba1170a0\",\"name\":\"Redacci\u00f3n Aeronoticias\",\"url\":\"https:\/\/aeronoticias.com.pe\/noticiero\/author\/piloto\/\"}]}<\/script>\n<!-- \/ Yoast SEO plugin. -->","yoast_head_json":{"title":"Ante informaci\u00f3n en diario Casa Blanca niega acuerdo entre EE.UU e Ir\u00e1n sobre arma nuclear","description":"Portal de noticias del Per\u00fa sobre el transporte a\u00e9reo, aviaci\u00f3n, turismo, hoteleria, actualidad.","robots":{"index":"index","follow":"follow","max-snippet":"max-snippet:-1","max-image-preview":"max-image-preview:large","max-video-preview":"max-video-preview:-1"},"canonical":"https:\/\/aeronoticias.com.pe\/noticiero\/internacionales\/ante-informacion-en-diario-casa-blanca-niega-acuerdo-entre-eeuu-e-iran-sobre-arma-nuclear\/","og_locale":"es_ES","og_type":"article","og_title":"Ante informaci\u00f3n en diario Casa Blanca niega acuerdo entre EE.UU e Ir\u00e1n sobre arma nuclear","og_description":"Portal de noticias del Per\u00fa sobre el transporte a\u00e9reo, aviaci\u00f3n, turismo, hoteleria, actualidad.","og_url":"https:\/\/aeronoticias.com.pe\/noticiero\/internacionales\/ante-informacion-en-diario-casa-blanca-niega-acuerdo-entre-eeuu-e-iran-sobre-arma-nuclear\/","og_site_name":"Aeronoticias.com.pe","article_publisher":"https:\/\/www.facebook.com\/Aeronoticias.com.pe\/","article_published_time":"2012-10-21T13:26:42+00:00","author":"Redacci\u00f3n Aeronoticias","twitter_card":"summary_large_image","twitter_creator":"@aeronoticias","twitter_site":"@aeronoticias","twitter_misc":{"Escrito por":"Redacci\u00f3n Aeronoticias","Tiempo de lectura":"2 minutos"},"schema":{"@context":"https:\/\/schema.org","@graph":[{"@type":"WebPage","@id":"https:\/\/aeronoticias.com.pe\/noticiero\/internacionales\/ante-informacion-en-diario-casa-blanca-niega-acuerdo-entre-eeuu-e-iran-sobre-arma-nuclear\/","url":"https:\/\/aeronoticias.com.pe\/noticiero\/internacionales\/ante-informacion-en-diario-casa-blanca-niega-acuerdo-entre-eeuu-e-iran-sobre-arma-nuclear\/","name":"Ante informaci\u00f3n en diario Casa Blanca niega acuerdo entre EE.UU e Ir\u00e1n sobre arma nuclear","isPartOf":{"@id":"https:\/\/aeronoticias.com.pe\/noticiero\/#website"},"datePublished":"2012-10-21T13:26:42+00:00","author":{"@id":"https:\/\/aeronoticias.com.pe\/noticiero\/#\/schema\/person\/fc1e5d578f4b62ba1cf7ac2bba1170a0"},"description":"Portal de noticias del Per\u00fa sobre el transporte a\u00e9reo, aviaci\u00f3n, turismo, hoteleria, actualidad.","breadcrumb":{"@id":"https:\/\/aeronoticias.com.pe\/noticiero\/internacionales\/ante-informacion-en-diario-casa-blanca-niega-acuerdo-entre-eeuu-e-iran-sobre-arma-nuclear\/#breadcrumb"},"inLanguage":"es","potentialAction":[{"@type":"ReadAction","target":["https:\/\/aeronoticias.com.pe\/noticiero\/internacionales\/ante-informacion-en-diario-casa-blanca-niega-acuerdo-entre-eeuu-e-iran-sobre-arma-nuclear\/"]}]},{"@type":"BreadcrumbList","@id":"https:\/\/aeronoticias.com.pe\/noticiero\/internacionales\/ante-informacion-en-diario-casa-blanca-niega-acuerdo-entre-eeuu-e-iran-sobre-arma-nuclear\/#breadcrumb","itemListElement":[{"@type":"ListItem","position":1,"name":"Portada","item":"https:\/\/aeronoticias.com.pe\/noticiero\/"},{"@type":"ListItem","position":2,"name":"Ante informaci\u00f3n en diario Casa Blanca niega acuerdo entre EE.UU e Ir\u00e1n sobre arma nuclear"}]},{"@type":"WebSite","@id":"https:\/\/aeronoticias.com.pe\/noticiero\/#website","url":"https:\/\/aeronoticias.com.pe\/noticiero\/","name":"Aeronoticias.com.pe","description":"Noticias de tranporte aereo, turismo, hoteles, gastronomia, actualidad, internacional","potentialAction":[{"@type":"SearchAction","target":{"@type":"EntryPoint","urlTemplate":"https:\/\/aeronoticias.com.pe\/noticiero\/?s={search_term_string}"},"query-input":{"@type":"PropertyValueSpecification","valueRequired":true,"valueName":"search_term_string"}}],"inLanguage":"es"},{"@type":"Person","@id":"https:\/\/aeronoticias.com.pe\/noticiero\/#\/schema\/person\/fc1e5d578f4b62ba1cf7ac2bba1170a0","name":"Redacci\u00f3n Aeronoticias","url":"https:\/\/aeronoticias.com.pe\/noticiero\/author\/piloto\/"}]}},"_links":{"self":[{"href":"https:\/\/aeronoticias.com.pe\/noticiero\/wp-json\/wp\/v2\/posts\/31478","targetHints":{"allow":["GET"]}}],"collection":[{"href":"https:\/\/aeronoticias.com.pe\/noticiero\/wp-json\/wp\/v2\/posts"}],"about":[{"href":"https:\/\/aeronoticias.com.pe\/noticiero\/wp-json\/wp\/v2\/types\/post"}],"author":[{"embeddable":true,"href":"https:\/\/aeronoticias.com.pe\/noticiero\/wp-json\/wp\/v2\/users\/1"}],"replies":[{"embeddable":true,"href":"https:\/\/aeronoticias.com.pe\/noticiero\/wp-json\/wp\/v2\/comments?post=31478"}],"version-history":[{"count":0,"href":"https:\/\/aeronoticias.com.pe\/noticiero\/wp-json\/wp\/v2\/posts\/31478\/revisions"}],"wp:attachment":[{"href":"https:\/\/aeronoticias.com.pe\/noticiero\/wp-json\/wp\/v2\/media?parent=31478"}],"wp:term":[{"taxonomy":"category","embeddable":true,"href":"https:\/\/aeronoticias.com.pe\/noticiero\/wp-json\/wp\/v2\/categories?post=31478"},{"taxonomy":"post_tag","embeddable":true,"href":"https:\/\/aeronoticias.com.pe\/noticiero\/wp-json\/wp\/v2\/tags?post=31478"}],"curies":[{"name":"wp","href":"https:\/\/api.w.org\/{rel}","templated":true}]}}