{"id":31540,"date":"2012-10-26T11:00:00","date_gmt":"2012-10-26T11:00:00","guid":{"rendered":"http:\/\/desarrollo.mcvicious.com\/aero2020\/2012\/10\/26\/juez-del-55d-juzgado-penal-dr-simeon-campos-ve-querella-contra-oscar-argumanis\/"},"modified":"2020-09-11T15:37:55","modified_gmt":"2020-09-11T15:37:55","slug":"juez-del-55d-juzgado-penal-dr-simeon-campos-ve-querella-contra-oscar-argumanis","status":"publish","type":"post","link":"https:\/\/aeronoticias.com.pe\/noticiero\/politica\/juez-del-55d-juzgado-penal-dr-simeon-campos-ve-querella-contra-oscar-argumanis\/","title":{"rendered":"Juez  del 55\u00b0 Juzgado Penal, Dr. Sime\u00f3n Campos ve querella contra Oscar Argumanis"},"content":{"rendered":"<p style=\"text-align: justify;\"><strong>(Aeronoticias) <\/strong>El 56\u00b0 Juzgado Penal de Lima que despacha el juez penal Dr. Sime\u00f3n Campos Rodr\u00edguez recibi\u00f3 la querella penal contra Oscar Argumanis, director del diario digital T-News, quien en un acto de discriminaci\u00f3n y en fraglante delito a tenor de lo dispuesto por el Art\u00edculo 323 del C\u00f3digo Penal discrimin\u00f3 a los inversionistas peruanos en la l\u00ednea a\u00e9rea de bandera, pretendiendo que estos tengan origen extranjeros, lo que no es verdad ya que se trata de capital 100% peruano.<\/p>\n<p>Asimismo con animus difamandi, los involucr\u00f3 en supuestas deudas de una empresa de aviaci\u00f3n quebrada, lo que es un total desprecio por la verdad realizado por un medio de comunicaci\u00f3n digital que ofende a personalidades peruanas que con el m\u00e1s sentido y patri\u00f3tico sentimiento de peruanidad, vienen tratando de impulsar el proyecto de una l\u00ednea a\u00e9rea de bandera con capital 100% privada.<\/p>\n<p>  <!--more-->  <\/p>\n<p style=\"text-align: justify;\">El querellado Oscar Argumanis, con animus difamandi mancha la honra de los promotores de este sue\u00f1o, sin tener en cuenta que exist\u00edan inversionistas extranjeros interesados que ahora est\u00e1n siendo mediatizados con esta informaci\u00f3n difamatoria propalada en Internet, inclusive Argumanis dijo que los directores de la l\u00ednea a\u00e9rea de bandera le deb\u00edan dinero, ahora tendr\u00e1 que probar ante el juez Sime\u00f3n Campos Rodr\u00edguez.<\/p>\n<p style=\"text-align: justify;\">El Presidente de la l\u00ednea a\u00e9rea de bandera del Per\u00fa \u201cAerol\u00edneas Contigo Per\u00fa\u201d, Dr. Juli\u00e1n Palacin Fern\u00e1ndez, dijo que el juez tiene que hacer una ponderaci\u00f3n de los bienes jur\u00eddicos, teniendo en cuenta que Oscar Argumanis ha proferido la ofensa con pleno conocimiento de que estaba faltando a la verdad, discriminando, es decir pretendiendo esgrimir el origen de mi nacimiento en Santa Fe, Argentina, como una causal de discriminaci\u00f3n para ejercer mis derechos como peruano, adem\u00e1s dijo mis hijos son directores y accionistas y son nacidos en el Per\u00fa y a ellos tambi\u00e9n los estigmatiz\u00f3 diciendo que no hab\u00edan nacido en el Per\u00fa, el derecho al honor nos debe llevar a entender que la propia declaraci\u00f3n del querellado la hizo sin la m\u00ednima verificaci\u00f3n de la verdad, realizando frases ofensivas por lo que se espera sea condenado, defender al Per\u00fa y a sus objetivos requiere de un Poder Judicial aut\u00f3nomo que sepa administrar justicia, respetando la Constituci\u00f3n y la Ley.<\/p>\n<p>Las inversiones y la estabilidad jur\u00eddica en el Per\u00fa, garantizan\u00a0\u00a0\u00a0\u00a0\u00a0\u00a0\u00a0\u00a0\u00a0 <a href=\"http:\/\/www.projusticia.org.pe\/downloads\/documento\/Inversiones%20y%20Estabilidad%20Juridica.pdf\" target=\"_blank\" rel=\"noopener noreferrer\">http:\/\/www.projusticia.org.pe\/downloads\/documento\/Inversiones%20y%20Estabilidad%20Juridica.pdf<\/a>, el Art\u00edculo 70 de la Constituci\u00f3n garantiza la inviolabilidad de la propiedad privada. Este derecho asiste tambi\u00e9n a los extranjeros que en el caso de las empresas de aviaci\u00f3n tienen hasta el 70% de capital extranjero, como es el caso de LAN y TACA y no pueden ser ni son por supuesto discriminadas porque esa es la ley, en el caso de \u201cAerol\u00edneas Contigo Per\u00fa\u201d es inicialmente capital 100% privado, sin embargo ya hemos recibido en forma xenof\u00f3bica el primer ataque discriminatorio de Oscar Argumanis, director de T-News, quien en su publicaci\u00f3n del 19 de octubre pretende discriminar seguramente mi apellido \u201cPalacin\u201d, que en realidad tiene un origen espa\u00f1ol y en la actualidad el directorio y los accionistas somos peruanos, sin embargo Argumanis pretende excluirnos de cualquier derecho al afirmar que somos de Santa Fe, Argentina.<\/p>\n<p>Creo que este es un caso en donde se abre la controversia para la doctrina judicial, en relaci\u00f3n a que quien discrimina y ofende a trav\u00e9s de un medio de comunicaci\u00f3n, pretendiendo crear p\u00e1nico financiero a inversionistas\u00a0 peruanos o extranjeros \u00bfactu\u00e1 en ejercicio de la libertad de informaci\u00f3n? O ha traspasado la frontera y por ende la ley punitiva tiene que sancionarlo?.<\/p>\n<p>Cre\u00edamos, dijo el jurista, que la discriminaci\u00f3n estaba superada, por lo menos en las l\u00edneas editoriales de quienes tienen la responsabilidad de dirigir medios de comunicaci\u00f3n.<\/p>\n<p>En el caso de autos, Oscar Argumanis nos demostr\u00f3 lo contrario, \u00bfqu\u00e9 tiene que ver que un ciudadano peruano haya nacido en Italia, en Estados Unidos o en Argentina?, \u00bfpesa sobre \u00e9l alg\u00fan acto que lo deba separar de la sociedad o limitarle sus derechos como persona humana?, \u00bfesta circunstancia debe originar su exclusi\u00f3n en la participaci\u00f3n en la empresa privada?, constitucionalmente todos conocemos la respuesta, ahora le tocar\u00e1 al juez del 55\u00b0 Juzgado Penal ponderar adecuadamente los bienes jur\u00eddicamente protegidos y hacer justicia, este precedente marcar\u00e1 la frontera el derecho a discriminar y ofender con total desprecio hacia la verdad y la libertad de informaci\u00f3n que todos respetamos, se debe criticar pero jam\u00e1s discriminar ni mentir.<\/p>\n<p>Le corresponder\u00e1 al Dr. Sime\u00f3n Campos expedir una sentencia hist\u00f3rica en defensa de la verdad, de la justicia, de los derechos humanos y fundamentalmente del derecho que tiene la sociedad de defenderse contra aquellos medios de comunicaci\u00f3n con absoluto irrespeto de la verdad discriminan y manchan la honra de personas honorables.<\/p>\n<p style=\"text-align: justify;\"><img decoding=\"async\" src=\"images\/stories\/12\/10\/251012\/poder.jpg\" border=\"0\" alt=\"Juez  del 55\u00b0 Juzgado Penal, Dr. Sime\u00f3n Campos ve querella contra Oscar Argumanis\" title=\"Juez  del 55\u00b0 Juzgado Penal, Dr. Sime\u00f3n Campos ve querella contra Oscar Argumanis\" \/><\/p>\n","protected":false},"excerpt":{"rendered":"<p>(Aeronoticias) El 56\u00b0 Juzgado Penal de Lima que despacha el juez penal Dr. Sime\u00f3n Campos Rodr\u00edguez recibi\u00f3 la querella penal contra Oscar Argumanis, director del diario digital T-News, quien en un acto de discriminaci\u00f3n y en fraglante delito a tenor de lo dispuesto por el Art\u00edculo 323 del C\u00f3digo Penal discrimin\u00f3 a los inversionistas peruanos [&hellip;]<\/p>\n","protected":false},"author":1,"featured_media":0,"comment_status":"open","ping_status":"open","sticky":false,"template":"","format":"standard","meta":{"tdm_status":"","tdm_grid_status":"","footnotes":""},"categories":[36],"tags":[],"class_list":{"0":"post-31540","1":"post","2":"type-post","3":"status-publish","4":"format-standard","6":"category-politica"},"yoast_head":"<!-- This site is optimized with the Yoast SEO plugin v25.1 - https:\/\/yoast.com\/wordpress\/plugins\/seo\/ -->\n<title>Juez del 55\u00b0 Juzgado Penal, Dr. Sime\u00f3n Campos ve querella contra Oscar Argumanis<\/title>\n<meta name=\"description\" content=\"Portal de noticias del Per\u00fa sobre el transporte a\u00e9reo, aviaci\u00f3n, turismo, hoteleria, actualidad.\" \/>\n<meta name=\"robots\" content=\"index, follow, max-snippet:-1, max-image-preview:large, max-video-preview:-1\" \/>\n<link rel=\"canonical\" href=\"https:\/\/aeronoticias.com.pe\/noticiero\/politica\/juez-del-55d-juzgado-penal-dr-simeon-campos-ve-querella-contra-oscar-argumanis\/\" \/>\n<meta property=\"og:locale\" content=\"es_ES\" \/>\n<meta property=\"og:type\" content=\"article\" \/>\n<meta property=\"og:title\" content=\"Juez del 55\u00b0 Juzgado Penal, Dr. Sime\u00f3n Campos ve querella contra Oscar Argumanis\" \/>\n<meta property=\"og:description\" content=\"Portal de noticias del Per\u00fa sobre el transporte a\u00e9reo, aviaci\u00f3n, turismo, hoteleria, actualidad.\" \/>\n<meta property=\"og:url\" content=\"https:\/\/aeronoticias.com.pe\/noticiero\/politica\/juez-del-55d-juzgado-penal-dr-simeon-campos-ve-querella-contra-oscar-argumanis\/\" \/>\n<meta property=\"og:site_name\" content=\"Aeronoticias.com.pe\" \/>\n<meta property=\"article:publisher\" content=\"https:\/\/www.facebook.com\/Aeronoticias.com.pe\/\" \/>\n<meta property=\"article:published_time\" content=\"2012-10-26T11:00:00+00:00\" \/>\n<meta property=\"article:modified_time\" content=\"2020-09-11T15:37:55+00:00\" \/>\n<meta name=\"author\" content=\"Redacci\u00f3n Aeronoticias\" \/>\n<meta name=\"twitter:card\" content=\"summary_large_image\" \/>\n<meta name=\"twitter:creator\" content=\"@aeronoticias\" \/>\n<meta name=\"twitter:site\" content=\"@aeronoticias\" \/>\n<meta name=\"twitter:label1\" content=\"Escrito por\" \/>\n\t<meta name=\"twitter:data1\" content=\"Redacci\u00f3n Aeronoticias\" \/>\n\t<meta name=\"twitter:label2\" content=\"Tiempo de lectura\" \/>\n\t<meta name=\"twitter:data2\" content=\"4 minutos\" \/>\n<script type=\"application\/ld+json\" class=\"yoast-schema-graph\">{\"@context\":\"https:\/\/schema.org\",\"@graph\":[{\"@type\":\"WebPage\",\"@id\":\"https:\/\/aeronoticias.com.pe\/noticiero\/politica\/juez-del-55d-juzgado-penal-dr-simeon-campos-ve-querella-contra-oscar-argumanis\/\",\"url\":\"https:\/\/aeronoticias.com.pe\/noticiero\/politica\/juez-del-55d-juzgado-penal-dr-simeon-campos-ve-querella-contra-oscar-argumanis\/\",\"name\":\"Juez del 55\u00b0 Juzgado Penal, Dr. Sime\u00f3n Campos ve querella contra Oscar Argumanis\",\"isPartOf\":{\"@id\":\"https:\/\/aeronoticias.com.pe\/noticiero\/#website\"},\"datePublished\":\"2012-10-26T11:00:00+00:00\",\"dateModified\":\"2020-09-11T15:37:55+00:00\",\"author\":{\"@id\":\"https:\/\/aeronoticias.com.pe\/noticiero\/#\/schema\/person\/fc1e5d578f4b62ba1cf7ac2bba1170a0\"},\"description\":\"Portal de noticias del Per\u00fa sobre el transporte a\u00e9reo, aviaci\u00f3n, turismo, hoteleria, actualidad.\",\"breadcrumb\":{\"@id\":\"https:\/\/aeronoticias.com.pe\/noticiero\/politica\/juez-del-55d-juzgado-penal-dr-simeon-campos-ve-querella-contra-oscar-argumanis\/#breadcrumb\"},\"inLanguage\":\"es\",\"potentialAction\":[{\"@type\":\"ReadAction\",\"target\":[\"https:\/\/aeronoticias.com.pe\/noticiero\/politica\/juez-del-55d-juzgado-penal-dr-simeon-campos-ve-querella-contra-oscar-argumanis\/\"]}]},{\"@type\":\"BreadcrumbList\",\"@id\":\"https:\/\/aeronoticias.com.pe\/noticiero\/politica\/juez-del-55d-juzgado-penal-dr-simeon-campos-ve-querella-contra-oscar-argumanis\/#breadcrumb\",\"itemListElement\":[{\"@type\":\"ListItem\",\"position\":1,\"name\":\"Portada\",\"item\":\"https:\/\/aeronoticias.com.pe\/noticiero\/\"},{\"@type\":\"ListItem\",\"position\":2,\"name\":\"Juez del 55\u00b0 Juzgado Penal, Dr. Sime\u00f3n Campos ve querella contra Oscar Argumanis\"}]},{\"@type\":\"WebSite\",\"@id\":\"https:\/\/aeronoticias.com.pe\/noticiero\/#website\",\"url\":\"https:\/\/aeronoticias.com.pe\/noticiero\/\",\"name\":\"Aeronoticias.com.pe\",\"description\":\"Noticias de tranporte aereo, turismo, hoteles, gastronomia, actualidad, internacional\",\"potentialAction\":[{\"@type\":\"SearchAction\",\"target\":{\"@type\":\"EntryPoint\",\"urlTemplate\":\"https:\/\/aeronoticias.com.pe\/noticiero\/?s={search_term_string}\"},\"query-input\":{\"@type\":\"PropertyValueSpecification\",\"valueRequired\":true,\"valueName\":\"search_term_string\"}}],\"inLanguage\":\"es\"},{\"@type\":\"Person\",\"@id\":\"https:\/\/aeronoticias.com.pe\/noticiero\/#\/schema\/person\/fc1e5d578f4b62ba1cf7ac2bba1170a0\",\"name\":\"Redacci\u00f3n Aeronoticias\",\"url\":\"https:\/\/aeronoticias.com.pe\/noticiero\/author\/piloto\/\"}]}<\/script>\n<!-- \/ Yoast SEO plugin. -->","yoast_head_json":{"title":"Juez del 55\u00b0 Juzgado Penal, Dr. Sime\u00f3n Campos ve querella contra Oscar Argumanis","description":"Portal de noticias del Per\u00fa sobre el transporte a\u00e9reo, aviaci\u00f3n, turismo, hoteleria, actualidad.","robots":{"index":"index","follow":"follow","max-snippet":"max-snippet:-1","max-image-preview":"max-image-preview:large","max-video-preview":"max-video-preview:-1"},"canonical":"https:\/\/aeronoticias.com.pe\/noticiero\/politica\/juez-del-55d-juzgado-penal-dr-simeon-campos-ve-querella-contra-oscar-argumanis\/","og_locale":"es_ES","og_type":"article","og_title":"Juez del 55\u00b0 Juzgado Penal, Dr. Sime\u00f3n Campos ve querella contra Oscar Argumanis","og_description":"Portal de noticias del Per\u00fa sobre el transporte a\u00e9reo, aviaci\u00f3n, turismo, hoteleria, actualidad.","og_url":"https:\/\/aeronoticias.com.pe\/noticiero\/politica\/juez-del-55d-juzgado-penal-dr-simeon-campos-ve-querella-contra-oscar-argumanis\/","og_site_name":"Aeronoticias.com.pe","article_publisher":"https:\/\/www.facebook.com\/Aeronoticias.com.pe\/","article_published_time":"2012-10-26T11:00:00+00:00","article_modified_time":"2020-09-11T15:37:55+00:00","author":"Redacci\u00f3n Aeronoticias","twitter_card":"summary_large_image","twitter_creator":"@aeronoticias","twitter_site":"@aeronoticias","twitter_misc":{"Escrito por":"Redacci\u00f3n Aeronoticias","Tiempo de lectura":"4 minutos"},"schema":{"@context":"https:\/\/schema.org","@graph":[{"@type":"WebPage","@id":"https:\/\/aeronoticias.com.pe\/noticiero\/politica\/juez-del-55d-juzgado-penal-dr-simeon-campos-ve-querella-contra-oscar-argumanis\/","url":"https:\/\/aeronoticias.com.pe\/noticiero\/politica\/juez-del-55d-juzgado-penal-dr-simeon-campos-ve-querella-contra-oscar-argumanis\/","name":"Juez del 55\u00b0 Juzgado Penal, Dr. Sime\u00f3n Campos ve querella contra Oscar Argumanis","isPartOf":{"@id":"https:\/\/aeronoticias.com.pe\/noticiero\/#website"},"datePublished":"2012-10-26T11:00:00+00:00","dateModified":"2020-09-11T15:37:55+00:00","author":{"@id":"https:\/\/aeronoticias.com.pe\/noticiero\/#\/schema\/person\/fc1e5d578f4b62ba1cf7ac2bba1170a0"},"description":"Portal de noticias del Per\u00fa sobre el transporte a\u00e9reo, aviaci\u00f3n, turismo, hoteleria, actualidad.","breadcrumb":{"@id":"https:\/\/aeronoticias.com.pe\/noticiero\/politica\/juez-del-55d-juzgado-penal-dr-simeon-campos-ve-querella-contra-oscar-argumanis\/#breadcrumb"},"inLanguage":"es","potentialAction":[{"@type":"ReadAction","target":["https:\/\/aeronoticias.com.pe\/noticiero\/politica\/juez-del-55d-juzgado-penal-dr-simeon-campos-ve-querella-contra-oscar-argumanis\/"]}]},{"@type":"BreadcrumbList","@id":"https:\/\/aeronoticias.com.pe\/noticiero\/politica\/juez-del-55d-juzgado-penal-dr-simeon-campos-ve-querella-contra-oscar-argumanis\/#breadcrumb","itemListElement":[{"@type":"ListItem","position":1,"name":"Portada","item":"https:\/\/aeronoticias.com.pe\/noticiero\/"},{"@type":"ListItem","position":2,"name":"Juez del 55\u00b0 Juzgado Penal, Dr. Sime\u00f3n Campos ve querella contra Oscar Argumanis"}]},{"@type":"WebSite","@id":"https:\/\/aeronoticias.com.pe\/noticiero\/#website","url":"https:\/\/aeronoticias.com.pe\/noticiero\/","name":"Aeronoticias.com.pe","description":"Noticias de tranporte aereo, turismo, hoteles, gastronomia, actualidad, internacional","potentialAction":[{"@type":"SearchAction","target":{"@type":"EntryPoint","urlTemplate":"https:\/\/aeronoticias.com.pe\/noticiero\/?s={search_term_string}"},"query-input":{"@type":"PropertyValueSpecification","valueRequired":true,"valueName":"search_term_string"}}],"inLanguage":"es"},{"@type":"Person","@id":"https:\/\/aeronoticias.com.pe\/noticiero\/#\/schema\/person\/fc1e5d578f4b62ba1cf7ac2bba1170a0","name":"Redacci\u00f3n Aeronoticias","url":"https:\/\/aeronoticias.com.pe\/noticiero\/author\/piloto\/"}]}},"_links":{"self":[{"href":"https:\/\/aeronoticias.com.pe\/noticiero\/wp-json\/wp\/v2\/posts\/31540","targetHints":{"allow":["GET"]}}],"collection":[{"href":"https:\/\/aeronoticias.com.pe\/noticiero\/wp-json\/wp\/v2\/posts"}],"about":[{"href":"https:\/\/aeronoticias.com.pe\/noticiero\/wp-json\/wp\/v2\/types\/post"}],"author":[{"embeddable":true,"href":"https:\/\/aeronoticias.com.pe\/noticiero\/wp-json\/wp\/v2\/users\/1"}],"replies":[{"embeddable":true,"href":"https:\/\/aeronoticias.com.pe\/noticiero\/wp-json\/wp\/v2\/comments?post=31540"}],"version-history":[{"count":0,"href":"https:\/\/aeronoticias.com.pe\/noticiero\/wp-json\/wp\/v2\/posts\/31540\/revisions"}],"wp:attachment":[{"href":"https:\/\/aeronoticias.com.pe\/noticiero\/wp-json\/wp\/v2\/media?parent=31540"}],"wp:term":[{"taxonomy":"category","embeddable":true,"href":"https:\/\/aeronoticias.com.pe\/noticiero\/wp-json\/wp\/v2\/categories?post=31540"},{"taxonomy":"post_tag","embeddable":true,"href":"https:\/\/aeronoticias.com.pe\/noticiero\/wp-json\/wp\/v2\/tags?post=31540"}],"curies":[{"name":"wp","href":"https:\/\/api.w.org\/{rel}","templated":true}]}}