{"id":316,"date":"2008-08-25T17:00:39","date_gmt":"2008-08-25T17:00:39","guid":{"rendered":"http:\/\/desarrollo.mcvicious.com\/aero2020\/2008\/08\/25\/lan-inaugura-ruta-cusco-tacna-el-3-de-septiembre\/"},"modified":"2008-08-25T17:00:39","modified_gmt":"2008-08-25T17:00:39","slug":"lan-inaugura-ruta-cusco-tacna-el-3-de-septiembre","status":"publish","type":"post","link":"https:\/\/aeronoticias.com.pe\/noticiero\/transporte-aereo\/internacional\/lan-inaugura-ruta-cusco-tacna-el-3-de-septiembre\/","title":{"rendered":"LAN inaugura ruta Cusco-Tacna el 3 de septiembre"},"content":{"rendered":"<blockquote>\n<p style=\"font-size: 12px; margin: 0cm 0cm 0pt; color: #003a75; font-family: Arial, Helvetica, sans-serif\" class=\"MsoNormal\" align=\"justify\">LAN Per&uacute; suma una nueva frecuencia de vuelo a la ciudad de Tacna, esta vez v&iacute;a Cusco. La nueva ruta iniciar&aacute; operaciones el&nbsp;03 de septiembre con los vuelos LP 044 y LP 045, los d&iacute;as mi&eacute;rcoles, viernes y domingo.<\/p>\n<p style=\"font-size: 12px; margin: 0cm 0cm 0pt; color: #003a75; font-family: Arial, Helvetica, sans-serif\" class=\"MsoNormal\" align=\"justify\">&nbsp;<\/p>\n<p style=\"font-size: 12px; margin: 0cm 0cm 0pt; color: #003a75; font-family: Arial, Helvetica, sans-serif\" class=\"MsoNormal\" align=\"justify\">&ldquo;Seguimos creando nuevos mercados y ampliando nuestras rutas, lo que nos permitir&aacute; cumplir con nuestra misi&oacute;n de conectar a las regiones del Per&uacute;, aportando al crecimiento sostenido del turismo receptivo en el pa&iacute;s&rdquo;, coment&oacute; Jorge Vilches, gerente general de LAN Per&uacute;.<\/p>\n<div style=\"text-align: center\"><img loading=\"lazy\" decoding=\"async\" src=\"http:\/\/aeronoticias.com.pe\/fotonoticias\/agosto\/lan25.jpg\" alt=\" \" title=\"LAN inaugura ruta Cusco-Tacna el 3 de septiembre. (Foto: Difusi&oacute;n)\" hspace=\"5\" vspace=\"5\" width=\"250\" height=\"166\" \/><\/div>\n<\/blockquote>\n<p style=\"margin: 0cm 0cm 0pt\" class=\"MsoNormal\">&nbsp;<\/p>\n<p> <!--more--> <span style=\"font-size: 11pt; color: navy\"><font face=\"Arial\">&nbsp;<\/font><\/span><font face=\"Arial\" size=\"3\">&nbsp;<\/font> <\/p>\n<table border=\"0\" cellspacing=\"0\" cellpadding=\"0\" width=\"542\" class=\"MsoNormalTable\" align=\"center\" style=\"width: 406.35pt; border-collapse: collapse\">\n<tbody>\n<tr style=\"height: 12.75pt\">\n<td width=\"156\" valign=\"bottom\" style=\"padding-right: 0.75pt; padding-left: 0.75pt; background: navy; padding-bottom: 0cm; width: 116.75pt; padding-top: 0.75pt; height: 12.75pt; border: #ece9d8\"><font size=\"3\"><font face=\"Arial\"><strong><span style=\"color: white\">Vuelo<\/span><\/strong><\/font><\/font><\/td>\n<td width=\"90\" valign=\"bottom\" style=\"padding-right: 0.75pt; padding-left: 0.75pt; background: navy; padding-bottom: 0cm; width: 67.25pt; padding-top: 0.75pt; height: 12.75pt; border: #ece9d8\"><font size=\"3\"><font face=\"Arial\"><strong><span style=\"color: white\">Sale de<\/span><\/strong><\/font><\/font><\/td>\n<td width=\"100\" valign=\"bottom\" style=\"padding-right: 0.75pt; padding-left: 0.75pt; background: navy; padding-bottom: 0cm; width: 75.05pt; padding-top: 0.75pt; height: 12.75pt; border: #ece9d8\"><font size=\"3\"><font face=\"Arial\"><strong><span style=\"color: white\">Hora de Salida<\/span><\/strong><\/font><\/font><\/td>\n<td width=\"90\" valign=\"bottom\" style=\"padding-right: 0.75pt; padding-left: 0.75pt; background: navy; padding-bottom: 0cm; width: 67.25pt; padding-top: 0.75pt; height: 12.75pt; border: #ece9d8\"><font size=\"3\"><font face=\"Arial\"><strong><span style=\"color: white\">Llega a <\/span><\/strong><\/font><\/font><\/td>\n<td width=\"107\" valign=\"bottom\" style=\"padding-right: 0.75pt; padding-left: 0.75pt; background: navy; padding-bottom: 0cm; width: 80.05pt; padding-top: 0.75pt; height: 12.75pt; border: #ece9d8\"><font size=\"3\"><font face=\"Arial\"><strong><span style=\"color: white\">Hora de llegada<\/span><\/strong><\/font><\/font><\/td>\n<\/tr>\n<tr style=\"height: 12.75pt\">\n<td width=\"156\" valign=\"bottom\" style=\"padding-right: 0.75pt; padding-left: 0.75pt; padding-bottom: 0cm; width: 116.75pt; padding-top: 0.75pt; height: 12.75pt; background-color: transparent; border: windowtext 1pt solid\"><font size=\"3\"><font face=\"Arial\">LP 045<\/font><\/font><\/td>\n<td width=\"90\" valign=\"bottom\" style=\"border-right: windowtext 1pt solid; padding-right: 0.75pt; border-top: windowtext 1pt solid; padding-left: 0.75pt; padding-bottom: 0cm; border-left: #ece9d8; width: 67.25pt; padding-top: 0.75pt; border-bottom: windowtext 1pt solid; height: 12.75pt; background-color: transparent\"><span><font size=\"3\"><font face=\"Arial\">Cusco<\/font><\/font><\/span><\/td>\n<td width=\"100\" valign=\"bottom\" style=\"border-right: windowtext 1pt solid; padding-right: 0.75pt; border-top: windowtext 1pt solid; padding-left: 0.75pt; background: #ffff99; padding-bottom: 0cm; border-left: #ece9d8; width: 75.05pt; padding-top: 0.75pt; border-bottom: windowtext 1pt solid; height: 12.75pt\"><span><font size=\"3\"><font face=\"Arial\">09:55<\/font><\/font><\/span><\/td>\n<td width=\"90\" valign=\"bottom\" style=\"border-right: windowtext 1pt solid; padding-right: 0.75pt; border-top: windowtext 1pt solid; padding-left: 0.75pt; padding-bottom: 0cm; border-left: #ece9d8; width: 67.25pt; padding-top: 0.75pt; border-bottom: windowtext 1pt solid; height: 12.75pt; background-color: transparent\"><span><font size=\"3\"><font face=\"Arial\">Tacna<\/font><\/font><\/span><\/td>\n<td width=\"107\" valign=\"bottom\" style=\"border-right: windowtext 1pt solid; padding-right: 0.75pt; border-top: windowtext 1pt solid; padding-left: 0.75pt; background: #ffff99; padding-bottom: 0cm; border-left: #ece9d8; width: 80.05pt; padding-top: 0.75pt; border-bottom: windowtext 1pt solid; height: 12.75pt\"><span><font size=\"3\"><font face=\"Arial\">11:05<\/font><\/font><\/span><\/td>\n<\/tr>\n<tr style=\"height: 12.75pt\">\n<td width=\"156\" valign=\"bottom\" style=\"border-right: windowtext 1pt solid; padding-right: 0.75pt; border-top: #ece9d8; padding-left: 0.75pt; padding-bottom: 0cm; border-left: windowtext 1pt solid; width: 116.75pt; padding-top: 0.75pt; border-bottom: windowtext 1pt solid; height: 12.75pt; background-color: transparent\">\n<p style=\"margin: 0cm 0cm 0pt\" class=\"MsoNormal\"><font face=\"Arial\" size=\"3\">LP 044<\/font><\/p>\n<\/td>\n<td width=\"90\" valign=\"bottom\" style=\"border-right: windowtext 1pt solid; padding-right: 0.75pt; border-top: #ece9d8; padding-left: 0.75pt; padding-bottom: 0cm; border-left: #ece9d8; width: 67.25pt; padding-top: 0.75pt; border-bottom: windowtext 1pt solid; height: 12.75pt; background-color: transparent\"><span><font size=\"3\"><font face=\"Arial\">Tacna<\/font><\/font><\/span><\/td>\n<td width=\"100\" valign=\"bottom\" style=\"border-right: windowtext 1pt solid; padding-right: 0.75pt; border-top: #ece9d8; padding-left: 0.75pt; background: #ffff99; padding-bottom: 0cm; border-left: #ece9d8; width: 75.05pt; padding-top: 0.75pt; border-bottom: windowtext 1pt solid; height: 12.75pt\"><span><font size=\"3\"><font face=\"Arial\">11:35<\/font><\/font><\/span><\/td>\n<td width=\"90\" valign=\"bottom\" style=\"border-right: windowtext 1pt solid; padding-right: 0.75pt; border-top: #ece9d8; padding-left: 0.75pt; padding-bottom: 0cm; border-left: #ece9d8; width: 67.25pt; padding-top: 0.75pt; border-bottom: windowtext 1pt solid; height: 12.75pt; background-color: transparent\"><span><font size=\"3\"><font face=\"Arial\">Cusco<\/font><\/font><\/span><\/td>\n<td width=\"107\" valign=\"bottom\" style=\"border-right: windowtext 1pt solid; padding-right: 0.75pt; border-top: #ece9d8; padding-left: 0.75pt; background: #ffff99; padding-bottom: 0cm; border-left: #ece9d8; width: 80.05pt; padding-top: 0.75pt; border-bottom: windowtext 1pt solid; height: 12.75pt\"><span><font size=\"3\"><font face=\"Arial\">12:45<\/font><\/font><\/span><\/td>\n<\/tr>\n<\/tbody>\n<\/table>\n<p><font face=\"Arial\" size=\"3\">&nbsp;<\/font><font face=\"Arial\" size=\"3\">&nbsp;<\/font><\/p>\n","protected":false},"excerpt":{"rendered":"<p>LAN Per&uacute; suma una nueva frecuencia de vuelo a la ciudad de Tacna, esta vez v&iacute;a Cusco. La nueva ruta iniciar&aacute; operaciones el&nbsp;03 de septiembre con los vuelos LP 044 y LP 045, los d&iacute;as mi&eacute;rcoles, viernes y domingo. &nbsp; &ldquo;Seguimos creando nuevos mercados y ampliando nuestras rutas, lo que nos permitir&aacute; cumplir con nuestra [&hellip;]<\/p>\n","protected":false},"author":1,"featured_media":0,"comment_status":"open","ping_status":"open","sticky":false,"template":"","format":"standard","meta":{"tdm_status":"","tdm_grid_status":"","footnotes":""},"categories":[32],"tags":[],"class_list":{"0":"post-316","1":"post","2":"type-post","3":"status-publish","4":"format-standard","6":"category-internacional"},"yoast_head":"<!-- This site is optimized with the Yoast SEO plugin v25.1 - https:\/\/yoast.com\/wordpress\/plugins\/seo\/ -->\n<title>LAN inaugura ruta Cusco-Tacna el 3 de septiembre<\/title>\n<meta name=\"description\" content=\"Portal de noticias del Per\u00fa sobre el transporte a\u00e9reo, aviaci\u00f3n, turismo, hoteleria, actualidad.\" \/>\n<meta name=\"robots\" content=\"index, follow, max-snippet:-1, max-image-preview:large, max-video-preview:-1\" \/>\n<link rel=\"canonical\" href=\"https:\/\/aeronoticias.com.pe\/noticiero\/transporte-aereo\/internacional\/lan-inaugura-ruta-cusco-tacna-el-3-de-septiembre\/\" \/>\n<meta property=\"og:locale\" content=\"es_ES\" \/>\n<meta property=\"og:type\" content=\"article\" \/>\n<meta property=\"og:title\" content=\"LAN inaugura ruta Cusco-Tacna el 3 de septiembre\" \/>\n<meta property=\"og:description\" content=\"Portal de noticias del Per\u00fa sobre el transporte a\u00e9reo, aviaci\u00f3n, turismo, hoteleria, actualidad.\" \/>\n<meta property=\"og:url\" content=\"https:\/\/aeronoticias.com.pe\/noticiero\/transporte-aereo\/internacional\/lan-inaugura-ruta-cusco-tacna-el-3-de-septiembre\/\" \/>\n<meta property=\"og:site_name\" content=\"Aeronoticias.com.pe\" \/>\n<meta property=\"article:publisher\" content=\"https:\/\/www.facebook.com\/Aeronoticias.com.pe\/\" \/>\n<meta property=\"article:published_time\" content=\"2008-08-25T17:00:39+00:00\" \/>\n<meta property=\"og:image\" content=\"http:\/\/aeronoticias.com.pe\/fotonoticias\/agosto\/lan25.jpg\" \/>\n<meta name=\"author\" content=\"Redacci\u00f3n Aeronoticias\" \/>\n<meta name=\"twitter:card\" content=\"summary_large_image\" \/>\n<meta name=\"twitter:creator\" content=\"@aeronoticias\" \/>\n<meta name=\"twitter:site\" content=\"@aeronoticias\" \/>\n<meta name=\"twitter:label1\" content=\"Escrito por\" \/>\n\t<meta name=\"twitter:data1\" content=\"Redacci\u00f3n Aeronoticias\" \/>\n\t<meta name=\"twitter:label2\" content=\"Tiempo de lectura\" \/>\n\t<meta name=\"twitter:data2\" content=\"1 minuto\" \/>\n<script type=\"application\/ld+json\" class=\"yoast-schema-graph\">{\"@context\":\"https:\/\/schema.org\",\"@graph\":[{\"@type\":\"WebPage\",\"@id\":\"https:\/\/aeronoticias.com.pe\/noticiero\/transporte-aereo\/internacional\/lan-inaugura-ruta-cusco-tacna-el-3-de-septiembre\/\",\"url\":\"https:\/\/aeronoticias.com.pe\/noticiero\/transporte-aereo\/internacional\/lan-inaugura-ruta-cusco-tacna-el-3-de-septiembre\/\",\"name\":\"LAN inaugura ruta Cusco-Tacna el 3 de septiembre\",\"isPartOf\":{\"@id\":\"https:\/\/aeronoticias.com.pe\/noticiero\/#website\"},\"primaryImageOfPage\":{\"@id\":\"https:\/\/aeronoticias.com.pe\/noticiero\/transporte-aereo\/internacional\/lan-inaugura-ruta-cusco-tacna-el-3-de-septiembre\/#primaryimage\"},\"image\":{\"@id\":\"https:\/\/aeronoticias.com.pe\/noticiero\/transporte-aereo\/internacional\/lan-inaugura-ruta-cusco-tacna-el-3-de-septiembre\/#primaryimage\"},\"thumbnailUrl\":\"http:\/\/aeronoticias.com.pe\/fotonoticias\/agosto\/lan25.jpg\",\"datePublished\":\"2008-08-25T17:00:39+00:00\",\"author\":{\"@id\":\"https:\/\/aeronoticias.com.pe\/noticiero\/#\/schema\/person\/fc1e5d578f4b62ba1cf7ac2bba1170a0\"},\"description\":\"Portal de noticias del Per\u00fa sobre el transporte a\u00e9reo, aviaci\u00f3n, turismo, hoteleria, actualidad.\",\"breadcrumb\":{\"@id\":\"https:\/\/aeronoticias.com.pe\/noticiero\/transporte-aereo\/internacional\/lan-inaugura-ruta-cusco-tacna-el-3-de-septiembre\/#breadcrumb\"},\"inLanguage\":\"es\",\"potentialAction\":[{\"@type\":\"ReadAction\",\"target\":[\"https:\/\/aeronoticias.com.pe\/noticiero\/transporte-aereo\/internacional\/lan-inaugura-ruta-cusco-tacna-el-3-de-septiembre\/\"]}]},{\"@type\":\"ImageObject\",\"inLanguage\":\"es\",\"@id\":\"https:\/\/aeronoticias.com.pe\/noticiero\/transporte-aereo\/internacional\/lan-inaugura-ruta-cusco-tacna-el-3-de-septiembre\/#primaryimage\",\"url\":\"http:\/\/aeronoticias.com.pe\/fotonoticias\/agosto\/lan25.jpg\",\"contentUrl\":\"http:\/\/aeronoticias.com.pe\/fotonoticias\/agosto\/lan25.jpg\"},{\"@type\":\"BreadcrumbList\",\"@id\":\"https:\/\/aeronoticias.com.pe\/noticiero\/transporte-aereo\/internacional\/lan-inaugura-ruta-cusco-tacna-el-3-de-septiembre\/#breadcrumb\",\"itemListElement\":[{\"@type\":\"ListItem\",\"position\":1,\"name\":\"Portada\",\"item\":\"https:\/\/aeronoticias.com.pe\/noticiero\/\"},{\"@type\":\"ListItem\",\"position\":2,\"name\":\"LAN inaugura ruta Cusco-Tacna el 3 de septiembre\"}]},{\"@type\":\"WebSite\",\"@id\":\"https:\/\/aeronoticias.com.pe\/noticiero\/#website\",\"url\":\"https:\/\/aeronoticias.com.pe\/noticiero\/\",\"name\":\"Aeronoticias.com.pe\",\"description\":\"Noticias de tranporte aereo, turismo, hoteles, gastronomia, actualidad, internacional\",\"potentialAction\":[{\"@type\":\"SearchAction\",\"target\":{\"@type\":\"EntryPoint\",\"urlTemplate\":\"https:\/\/aeronoticias.com.pe\/noticiero\/?s={search_term_string}\"},\"query-input\":{\"@type\":\"PropertyValueSpecification\",\"valueRequired\":true,\"valueName\":\"search_term_string\"}}],\"inLanguage\":\"es\"},{\"@type\":\"Person\",\"@id\":\"https:\/\/aeronoticias.com.pe\/noticiero\/#\/schema\/person\/fc1e5d578f4b62ba1cf7ac2bba1170a0\",\"name\":\"Redacci\u00f3n Aeronoticias\",\"url\":\"https:\/\/aeronoticias.com.pe\/noticiero\/author\/piloto\/\"}]}<\/script>\n<!-- \/ Yoast SEO plugin. -->","yoast_head_json":{"title":"LAN inaugura ruta Cusco-Tacna el 3 de septiembre","description":"Portal de noticias del Per\u00fa sobre el transporte a\u00e9reo, aviaci\u00f3n, turismo, hoteleria, actualidad.","robots":{"index":"index","follow":"follow","max-snippet":"max-snippet:-1","max-image-preview":"max-image-preview:large","max-video-preview":"max-video-preview:-1"},"canonical":"https:\/\/aeronoticias.com.pe\/noticiero\/transporte-aereo\/internacional\/lan-inaugura-ruta-cusco-tacna-el-3-de-septiembre\/","og_locale":"es_ES","og_type":"article","og_title":"LAN inaugura ruta Cusco-Tacna el 3 de septiembre","og_description":"Portal de noticias del Per\u00fa sobre el transporte a\u00e9reo, aviaci\u00f3n, turismo, hoteleria, actualidad.","og_url":"https:\/\/aeronoticias.com.pe\/noticiero\/transporte-aereo\/internacional\/lan-inaugura-ruta-cusco-tacna-el-3-de-septiembre\/","og_site_name":"Aeronoticias.com.pe","article_publisher":"https:\/\/www.facebook.com\/Aeronoticias.com.pe\/","article_published_time":"2008-08-25T17:00:39+00:00","og_image":[{"url":"http:\/\/aeronoticias.com.pe\/fotonoticias\/agosto\/lan25.jpg","type":"","width":"","height":""}],"author":"Redacci\u00f3n Aeronoticias","twitter_card":"summary_large_image","twitter_creator":"@aeronoticias","twitter_site":"@aeronoticias","twitter_misc":{"Escrito por":"Redacci\u00f3n Aeronoticias","Tiempo de lectura":"1 minuto"},"schema":{"@context":"https:\/\/schema.org","@graph":[{"@type":"WebPage","@id":"https:\/\/aeronoticias.com.pe\/noticiero\/transporte-aereo\/internacional\/lan-inaugura-ruta-cusco-tacna-el-3-de-septiembre\/","url":"https:\/\/aeronoticias.com.pe\/noticiero\/transporte-aereo\/internacional\/lan-inaugura-ruta-cusco-tacna-el-3-de-septiembre\/","name":"LAN inaugura ruta Cusco-Tacna el 3 de septiembre","isPartOf":{"@id":"https:\/\/aeronoticias.com.pe\/noticiero\/#website"},"primaryImageOfPage":{"@id":"https:\/\/aeronoticias.com.pe\/noticiero\/transporte-aereo\/internacional\/lan-inaugura-ruta-cusco-tacna-el-3-de-septiembre\/#primaryimage"},"image":{"@id":"https:\/\/aeronoticias.com.pe\/noticiero\/transporte-aereo\/internacional\/lan-inaugura-ruta-cusco-tacna-el-3-de-septiembre\/#primaryimage"},"thumbnailUrl":"http:\/\/aeronoticias.com.pe\/fotonoticias\/agosto\/lan25.jpg","datePublished":"2008-08-25T17:00:39+00:00","author":{"@id":"https:\/\/aeronoticias.com.pe\/noticiero\/#\/schema\/person\/fc1e5d578f4b62ba1cf7ac2bba1170a0"},"description":"Portal de noticias del Per\u00fa sobre el transporte a\u00e9reo, aviaci\u00f3n, turismo, hoteleria, actualidad.","breadcrumb":{"@id":"https:\/\/aeronoticias.com.pe\/noticiero\/transporte-aereo\/internacional\/lan-inaugura-ruta-cusco-tacna-el-3-de-septiembre\/#breadcrumb"},"inLanguage":"es","potentialAction":[{"@type":"ReadAction","target":["https:\/\/aeronoticias.com.pe\/noticiero\/transporte-aereo\/internacional\/lan-inaugura-ruta-cusco-tacna-el-3-de-septiembre\/"]}]},{"@type":"ImageObject","inLanguage":"es","@id":"https:\/\/aeronoticias.com.pe\/noticiero\/transporte-aereo\/internacional\/lan-inaugura-ruta-cusco-tacna-el-3-de-septiembre\/#primaryimage","url":"http:\/\/aeronoticias.com.pe\/fotonoticias\/agosto\/lan25.jpg","contentUrl":"http:\/\/aeronoticias.com.pe\/fotonoticias\/agosto\/lan25.jpg"},{"@type":"BreadcrumbList","@id":"https:\/\/aeronoticias.com.pe\/noticiero\/transporte-aereo\/internacional\/lan-inaugura-ruta-cusco-tacna-el-3-de-septiembre\/#breadcrumb","itemListElement":[{"@type":"ListItem","position":1,"name":"Portada","item":"https:\/\/aeronoticias.com.pe\/noticiero\/"},{"@type":"ListItem","position":2,"name":"LAN inaugura ruta Cusco-Tacna el 3 de septiembre"}]},{"@type":"WebSite","@id":"https:\/\/aeronoticias.com.pe\/noticiero\/#website","url":"https:\/\/aeronoticias.com.pe\/noticiero\/","name":"Aeronoticias.com.pe","description":"Noticias de tranporte aereo, turismo, hoteles, gastronomia, actualidad, internacional","potentialAction":[{"@type":"SearchAction","target":{"@type":"EntryPoint","urlTemplate":"https:\/\/aeronoticias.com.pe\/noticiero\/?s={search_term_string}"},"query-input":{"@type":"PropertyValueSpecification","valueRequired":true,"valueName":"search_term_string"}}],"inLanguage":"es"},{"@type":"Person","@id":"https:\/\/aeronoticias.com.pe\/noticiero\/#\/schema\/person\/fc1e5d578f4b62ba1cf7ac2bba1170a0","name":"Redacci\u00f3n Aeronoticias","url":"https:\/\/aeronoticias.com.pe\/noticiero\/author\/piloto\/"}]}},"_links":{"self":[{"href":"https:\/\/aeronoticias.com.pe\/noticiero\/wp-json\/wp\/v2\/posts\/316","targetHints":{"allow":["GET"]}}],"collection":[{"href":"https:\/\/aeronoticias.com.pe\/noticiero\/wp-json\/wp\/v2\/posts"}],"about":[{"href":"https:\/\/aeronoticias.com.pe\/noticiero\/wp-json\/wp\/v2\/types\/post"}],"author":[{"embeddable":true,"href":"https:\/\/aeronoticias.com.pe\/noticiero\/wp-json\/wp\/v2\/users\/1"}],"replies":[{"embeddable":true,"href":"https:\/\/aeronoticias.com.pe\/noticiero\/wp-json\/wp\/v2\/comments?post=316"}],"version-history":[{"count":0,"href":"https:\/\/aeronoticias.com.pe\/noticiero\/wp-json\/wp\/v2\/posts\/316\/revisions"}],"wp:attachment":[{"href":"https:\/\/aeronoticias.com.pe\/noticiero\/wp-json\/wp\/v2\/media?parent=316"}],"wp:term":[{"taxonomy":"category","embeddable":true,"href":"https:\/\/aeronoticias.com.pe\/noticiero\/wp-json\/wp\/v2\/categories?post=316"},{"taxonomy":"post_tag","embeddable":true,"href":"https:\/\/aeronoticias.com.pe\/noticiero\/wp-json\/wp\/v2\/tags?post=316"}],"curies":[{"name":"wp","href":"https:\/\/api.w.org\/{rel}","templated":true}]}}