{"id":31649,"date":"2012-10-26T11:00:40","date_gmt":"2012-10-26T11:00:40","guid":{"rendered":"http:\/\/desarrollo.mcvicious.com\/aero2020\/2012\/10\/26\/tras-enfrentamiento-en-la-parada-hay-un-fallecido\/"},"modified":"2012-10-26T11:00:40","modified_gmt":"2012-10-26T11:00:40","slug":"tras-enfrentamiento-en-la-parada-hay-un-fallecido","status":"publish","type":"post","link":"https:\/\/aeronoticias.com.pe\/noticiero\/ultimas\/1\/tras-enfrentamiento-en-la-parada-hay-un-fallecido\/","title":{"rendered":"Enfrentamiento en la Parada deja dos muertos y al menos 100 heridos"},"content":{"rendered":"<p style=\"text-align: justify;\"><strong>(Aeronoticias).-<\/strong>Tras los violentos\u00a0 enfrentamientos en La Parada, en el distrito de La Victoria, entre efectivos policiales y v\u00e1ndalos<strong>, <\/strong>lamentablemente le cost\u00f3 la vida a Kenji Castro Velita, y a Gino C\u00e1rdenas Rivero, y al menos cien heridos.<strong> <\/strong><\/p>\n<p style=\"text-align: justify;\"><strong> <\/strong>Kenji Castro Velita, de 32 a\u00f1os<strong>,<\/strong> falleci\u00f3 de un shock hipovol\u00e9mico tras recibir un impacto de bala. As\u00ed lo confirm\u00f3 a una emisora local<strong>,<\/strong> el director del Hospital Dos de Mayo, Jos\u00e9 Roca.<\/p>\n<p style=\"text-align: justify;\">Mientras que ayer, en la noche falleci\u00f3 C\u00e1rdenas Rivero de 20 a\u00f1os, por un paro card\u00edaco<strong>,<\/strong> tras sufrir un traumatismo en el hemisferio izquierdo.<\/p>\n<p style=\"text-align: justify;\">Por  su parte, el director de la PNP, Ra\u00fal Salazar, indic\u00f3 que m\u00e1s de 66  polic\u00edas resultaron heridos tras los disturbios que se generaron en La  Parada. La mayor\u00eda de los efectivos lesionados se encuentran en el  Hospital de la Polic\u00eda.<\/p>\n<p style=\"text-align: justify;\">\u201cTenemos uno que est\u00e1 en evaluaci\u00f3n con  fractura en la base del cr\u00e1neo. Tenemos una serie de lesiones por parte  del personal\u201d, refiri\u00f3.<\/p>\n<p>Record\u00f3 que se intervino La Parada por  cumplir una disposici\u00f3n de la Municipalidad de Lima. \u201cLa Municipalidad  de Lima solicit\u00f3 a la PNP las garant\u00edas necesarias para colocar unos  m\u00f3dulos de concreto para reordenar el tr\u00e1nsito de carga pesada\u201d, dijo.<\/p>\n<p style=\"text-align: justify;\">El galeno manifest\u00f3 que se est\u00e1 interviniendo quir\u00fargicamente a dos personas, uno con   traumatismo encefalo craneano por una bala y otro herido tambi\u00e9n por  un  proyectil. Tambi\u00e9n explic\u00f3 que entre los heridos se encuentra un menor de 16 a\u00f1os.<\/p>\n<p style=\"text-align: justify;\">Como se sabe en horas de la tarde, efectivos de la Polic\u00eda Nacional llegaron al   exmercado mayorista para colocar bloques de concreto en los alrededores   del mencionado centro de abasto<strong>.<\/strong><\/p>\n<p style=\"text-align: justify;\">Cabe precisar que la   instalaci\u00f3n de estos bloques de concreto, entre las avenidas 28 de   julio y Aviaci\u00f3n, despert\u00f3 la ira de los comerciantes, quienes lanzaron piedras,   palos y botellas a los efectivos policiales, estos por su parte   contestaron lanzando bombas lacrim\u00f3genas.<\/p>\n<p style=\"text-align: justify;\">La Polic\u00eda Nacional y la Municipalidad de Lima restringieron el acceso  de camiones al mercado La Parada en el cruce de las avenidas Aviaci\u00f3n y  28 de julio, para colocar enormes bloques de cemento para evitar  que los veh\u00edculos pesados abastezcan de productos a este establecimiento  comercial.<\/p>\n<p style=\"text-align: justify;\">Gabriel Prado,\u00a0 gerente de  Seguridad Ciudadana de la comuna capitalina, dijo que no se desaloj\u00f3 a  los comerciantes sino que se trat\u00f3 de restringir el pase vehicular.<\/p>\n<p style=\"text-align: justify;\">El  teniente alcalde de Lima, Eduardo Zegarra, indic\u00f3\u00a0 por su parte que la alcaldesa de  Lima, Susana Villar\u00e1n, no estuvo en conferencia tras el incidente en La  Parada porque atend\u00eda un problema familiar.<\/p>\n<p>Zegarra agreg\u00f3 adem\u00e1s que los actos delincuenciales fueron ocasionados por fascinerosos, y no por comerciantes. <strong> <\/strong> Asimismo, indic\u00f3 que ya se identificaron a los responsables del  incidente para proceder con la captura de quienes atacaron al polic\u00eda.<\/p>\n<p>\u201cLo  ocurrido nos dice claramente qui\u00e9nes controlan el mercado de La  Parada. La violencia no lo hacen los comerciantes lo hacen grupos  delincuenciales que hace tiempo ocupan este espacio en la ciudad.  Enfrentar esto no es sencillo\u201d, asegur\u00f3.<\/p>\n<p style=\"text-align: justify;\">Sostuvo que se trata de imponer el principio de autoridad en esta zona donde \u2018reina la delincuencia<strong>\u2019.<\/strong> \u201cEstamos frente a una primera decisi\u00f3n de imponer el principio de  autoridad porque en La Parada ya no puede funcionar un mercado  mayorista\u201d, afirm\u00f3.<\/p>\n<p style=\"text-align: justify;\">El alcalde de La Victoria, Alberto S\u00e1nchez Aizcorbe, culp\u00f3 a los comerciantes de La Parada de generar estos actos de violencia.<\/p>\n<p style=\"text-align: justify;\">\u00a0<\/p>\n<p>\u00a0<\/p>\n<p><strong><img decoding=\"async\" src=\"images\/stories\/12\/10\/261012\/muerteparada.jpg\" border=\"0\" alt=\"la parada\" title=\"la parada\" \/><\/strong><\/p>\n<p style=\"text-align: justify;\"><strong> <\/strong><\/p>\n<p>\u00a0<\/p>\n<p>\u00a0<\/p>\n<p style=\"text-align: justify;\">\u00a0<\/p>\n","protected":false},"excerpt":{"rendered":"<p>(Aeronoticias).-Tras los violentos\u00a0 enfrentamientos en La Parada, en el distrito de La Victoria, entre efectivos policiales y v\u00e1ndalos, lamentablemente le cost\u00f3 la vida a Kenji Castro Velita, y a Gino C\u00e1rdenas Rivero, y al menos cien heridos. Kenji Castro Velita, de 32 a\u00f1os, falleci\u00f3 de un shock hipovol\u00e9mico tras recibir un impacto de bala. As\u00ed [&hellip;]<\/p>\n","protected":false},"author":1,"featured_media":0,"comment_status":"open","ping_status":"open","sticky":false,"template":"","format":"standard","meta":{"tdm_status":"","tdm_grid_status":"","footnotes":""},"categories":[30],"tags":[],"class_list":{"0":"post-31649","1":"post","2":"type-post","3":"status-publish","4":"format-standard","6":"category-30"},"yoast_head":"<!-- This site is optimized with the Yoast SEO plugin v25.1 - https:\/\/yoast.com\/wordpress\/plugins\/seo\/ -->\n<title>Enfrentamiento en la Parada deja dos muertos y al menos 100 heridos<\/title>\n<meta name=\"description\" content=\"Portal de noticias del Per\u00fa sobre el transporte a\u00e9reo, aviaci\u00f3n, turismo, hoteleria, actualidad.\" \/>\n<meta name=\"robots\" content=\"index, follow, max-snippet:-1, max-image-preview:large, max-video-preview:-1\" \/>\n<link rel=\"canonical\" href=\"https:\/\/aeronoticias.com.pe\/noticiero\/ultimas\/1\/tras-enfrentamiento-en-la-parada-hay-un-fallecido\/\" \/>\n<meta property=\"og:locale\" content=\"es_ES\" \/>\n<meta property=\"og:type\" content=\"article\" \/>\n<meta property=\"og:title\" content=\"Enfrentamiento en la Parada deja dos muertos y al menos 100 heridos\" \/>\n<meta property=\"og:description\" content=\"Portal de noticias del Per\u00fa sobre el transporte a\u00e9reo, aviaci\u00f3n, turismo, hoteleria, actualidad.\" \/>\n<meta property=\"og:url\" content=\"https:\/\/aeronoticias.com.pe\/noticiero\/ultimas\/1\/tras-enfrentamiento-en-la-parada-hay-un-fallecido\/\" \/>\n<meta property=\"og:site_name\" content=\"Aeronoticias.com.pe\" \/>\n<meta property=\"article:publisher\" content=\"https:\/\/www.facebook.com\/Aeronoticias.com.pe\/\" \/>\n<meta property=\"article:published_time\" content=\"2012-10-26T11:00:40+00:00\" \/>\n<meta name=\"author\" content=\"Redacci\u00f3n Aeronoticias\" \/>\n<meta name=\"twitter:card\" content=\"summary_large_image\" \/>\n<meta name=\"twitter:creator\" content=\"@aeronoticias\" \/>\n<meta name=\"twitter:site\" content=\"@aeronoticias\" \/>\n<meta name=\"twitter:label1\" content=\"Escrito por\" \/>\n\t<meta name=\"twitter:data1\" content=\"Redacci\u00f3n Aeronoticias\" \/>\n\t<meta name=\"twitter:label2\" content=\"Tiempo de lectura\" \/>\n\t<meta name=\"twitter:data2\" content=\"3 minutos\" \/>\n<script type=\"application\/ld+json\" class=\"yoast-schema-graph\">{\"@context\":\"https:\/\/schema.org\",\"@graph\":[{\"@type\":\"WebPage\",\"@id\":\"https:\/\/aeronoticias.com.pe\/noticiero\/ultimas\/1\/tras-enfrentamiento-en-la-parada-hay-un-fallecido\/\",\"url\":\"https:\/\/aeronoticias.com.pe\/noticiero\/ultimas\/1\/tras-enfrentamiento-en-la-parada-hay-un-fallecido\/\",\"name\":\"Enfrentamiento en la Parada deja dos muertos y al menos 100 heridos\",\"isPartOf\":{\"@id\":\"https:\/\/aeronoticias.com.pe\/noticiero\/#website\"},\"datePublished\":\"2012-10-26T11:00:40+00:00\",\"author\":{\"@id\":\"https:\/\/aeronoticias.com.pe\/noticiero\/#\/schema\/person\/fc1e5d578f4b62ba1cf7ac2bba1170a0\"},\"description\":\"Portal de noticias del Per\u00fa sobre el transporte a\u00e9reo, aviaci\u00f3n, turismo, hoteleria, actualidad.\",\"breadcrumb\":{\"@id\":\"https:\/\/aeronoticias.com.pe\/noticiero\/ultimas\/1\/tras-enfrentamiento-en-la-parada-hay-un-fallecido\/#breadcrumb\"},\"inLanguage\":\"es\",\"potentialAction\":[{\"@type\":\"ReadAction\",\"target\":[\"https:\/\/aeronoticias.com.pe\/noticiero\/ultimas\/1\/tras-enfrentamiento-en-la-parada-hay-un-fallecido\/\"]}]},{\"@type\":\"BreadcrumbList\",\"@id\":\"https:\/\/aeronoticias.com.pe\/noticiero\/ultimas\/1\/tras-enfrentamiento-en-la-parada-hay-un-fallecido\/#breadcrumb\",\"itemListElement\":[{\"@type\":\"ListItem\",\"position\":1,\"name\":\"Portada\",\"item\":\"https:\/\/aeronoticias.com.pe\/noticiero\/\"},{\"@type\":\"ListItem\",\"position\":2,\"name\":\"Enfrentamiento en la Parada deja dos muertos y al menos 100 heridos\"}]},{\"@type\":\"WebSite\",\"@id\":\"https:\/\/aeronoticias.com.pe\/noticiero\/#website\",\"url\":\"https:\/\/aeronoticias.com.pe\/noticiero\/\",\"name\":\"Aeronoticias.com.pe\",\"description\":\"Noticias de tranporte aereo, turismo, hoteles, gastronomia, actualidad, internacional\",\"potentialAction\":[{\"@type\":\"SearchAction\",\"target\":{\"@type\":\"EntryPoint\",\"urlTemplate\":\"https:\/\/aeronoticias.com.pe\/noticiero\/?s={search_term_string}\"},\"query-input\":{\"@type\":\"PropertyValueSpecification\",\"valueRequired\":true,\"valueName\":\"search_term_string\"}}],\"inLanguage\":\"es\"},{\"@type\":\"Person\",\"@id\":\"https:\/\/aeronoticias.com.pe\/noticiero\/#\/schema\/person\/fc1e5d578f4b62ba1cf7ac2bba1170a0\",\"name\":\"Redacci\u00f3n Aeronoticias\",\"url\":\"https:\/\/aeronoticias.com.pe\/noticiero\/author\/piloto\/\"}]}<\/script>\n<!-- \/ Yoast SEO plugin. -->","yoast_head_json":{"title":"Enfrentamiento en la Parada deja dos muertos y al menos 100 heridos","description":"Portal de noticias del Per\u00fa sobre el transporte a\u00e9reo, aviaci\u00f3n, turismo, hoteleria, actualidad.","robots":{"index":"index","follow":"follow","max-snippet":"max-snippet:-1","max-image-preview":"max-image-preview:large","max-video-preview":"max-video-preview:-1"},"canonical":"https:\/\/aeronoticias.com.pe\/noticiero\/ultimas\/1\/tras-enfrentamiento-en-la-parada-hay-un-fallecido\/","og_locale":"es_ES","og_type":"article","og_title":"Enfrentamiento en la Parada deja dos muertos y al menos 100 heridos","og_description":"Portal de noticias del Per\u00fa sobre el transporte a\u00e9reo, aviaci\u00f3n, turismo, hoteleria, actualidad.","og_url":"https:\/\/aeronoticias.com.pe\/noticiero\/ultimas\/1\/tras-enfrentamiento-en-la-parada-hay-un-fallecido\/","og_site_name":"Aeronoticias.com.pe","article_publisher":"https:\/\/www.facebook.com\/Aeronoticias.com.pe\/","article_published_time":"2012-10-26T11:00:40+00:00","author":"Redacci\u00f3n Aeronoticias","twitter_card":"summary_large_image","twitter_creator":"@aeronoticias","twitter_site":"@aeronoticias","twitter_misc":{"Escrito por":"Redacci\u00f3n Aeronoticias","Tiempo de lectura":"3 minutos"},"schema":{"@context":"https:\/\/schema.org","@graph":[{"@type":"WebPage","@id":"https:\/\/aeronoticias.com.pe\/noticiero\/ultimas\/1\/tras-enfrentamiento-en-la-parada-hay-un-fallecido\/","url":"https:\/\/aeronoticias.com.pe\/noticiero\/ultimas\/1\/tras-enfrentamiento-en-la-parada-hay-un-fallecido\/","name":"Enfrentamiento en la Parada deja dos muertos y al menos 100 heridos","isPartOf":{"@id":"https:\/\/aeronoticias.com.pe\/noticiero\/#website"},"datePublished":"2012-10-26T11:00:40+00:00","author":{"@id":"https:\/\/aeronoticias.com.pe\/noticiero\/#\/schema\/person\/fc1e5d578f4b62ba1cf7ac2bba1170a0"},"description":"Portal de noticias del Per\u00fa sobre el transporte a\u00e9reo, aviaci\u00f3n, turismo, hoteleria, actualidad.","breadcrumb":{"@id":"https:\/\/aeronoticias.com.pe\/noticiero\/ultimas\/1\/tras-enfrentamiento-en-la-parada-hay-un-fallecido\/#breadcrumb"},"inLanguage":"es","potentialAction":[{"@type":"ReadAction","target":["https:\/\/aeronoticias.com.pe\/noticiero\/ultimas\/1\/tras-enfrentamiento-en-la-parada-hay-un-fallecido\/"]}]},{"@type":"BreadcrumbList","@id":"https:\/\/aeronoticias.com.pe\/noticiero\/ultimas\/1\/tras-enfrentamiento-en-la-parada-hay-un-fallecido\/#breadcrumb","itemListElement":[{"@type":"ListItem","position":1,"name":"Portada","item":"https:\/\/aeronoticias.com.pe\/noticiero\/"},{"@type":"ListItem","position":2,"name":"Enfrentamiento en la Parada deja dos muertos y al menos 100 heridos"}]},{"@type":"WebSite","@id":"https:\/\/aeronoticias.com.pe\/noticiero\/#website","url":"https:\/\/aeronoticias.com.pe\/noticiero\/","name":"Aeronoticias.com.pe","description":"Noticias de tranporte aereo, turismo, hoteles, gastronomia, actualidad, internacional","potentialAction":[{"@type":"SearchAction","target":{"@type":"EntryPoint","urlTemplate":"https:\/\/aeronoticias.com.pe\/noticiero\/?s={search_term_string}"},"query-input":{"@type":"PropertyValueSpecification","valueRequired":true,"valueName":"search_term_string"}}],"inLanguage":"es"},{"@type":"Person","@id":"https:\/\/aeronoticias.com.pe\/noticiero\/#\/schema\/person\/fc1e5d578f4b62ba1cf7ac2bba1170a0","name":"Redacci\u00f3n Aeronoticias","url":"https:\/\/aeronoticias.com.pe\/noticiero\/author\/piloto\/"}]}},"_links":{"self":[{"href":"https:\/\/aeronoticias.com.pe\/noticiero\/wp-json\/wp\/v2\/posts\/31649","targetHints":{"allow":["GET"]}}],"collection":[{"href":"https:\/\/aeronoticias.com.pe\/noticiero\/wp-json\/wp\/v2\/posts"}],"about":[{"href":"https:\/\/aeronoticias.com.pe\/noticiero\/wp-json\/wp\/v2\/types\/post"}],"author":[{"embeddable":true,"href":"https:\/\/aeronoticias.com.pe\/noticiero\/wp-json\/wp\/v2\/users\/1"}],"replies":[{"embeddable":true,"href":"https:\/\/aeronoticias.com.pe\/noticiero\/wp-json\/wp\/v2\/comments?post=31649"}],"version-history":[{"count":0,"href":"https:\/\/aeronoticias.com.pe\/noticiero\/wp-json\/wp\/v2\/posts\/31649\/revisions"}],"wp:attachment":[{"href":"https:\/\/aeronoticias.com.pe\/noticiero\/wp-json\/wp\/v2\/media?parent=31649"}],"wp:term":[{"taxonomy":"category","embeddable":true,"href":"https:\/\/aeronoticias.com.pe\/noticiero\/wp-json\/wp\/v2\/categories?post=31649"},{"taxonomy":"post_tag","embeddable":true,"href":"https:\/\/aeronoticias.com.pe\/noticiero\/wp-json\/wp\/v2\/tags?post=31649"}],"curies":[{"name":"wp","href":"https:\/\/api.w.org\/{rel}","templated":true}]}}