{"id":31650,"date":"2012-10-26T12:13:16","date_gmt":"2012-10-26T12:13:16","guid":{"rendered":"http:\/\/desarrollo.mcvicious.com\/aero2020\/2012\/10\/26\/a-partir-de-hoy-se-inicia-registro-de-historias-laborales-de-fonavistas\/"},"modified":"2012-10-26T12:13:16","modified_gmt":"2012-10-26T12:13:16","slug":"a-partir-de-hoy-se-inicia-registro-de-historias-laborales-de-fonavistas","status":"publish","type":"post","link":"https:\/\/aeronoticias.com.pe\/noticiero\/politica\/a-partir-de-hoy-se-inicia-registro-de-historias-laborales-de-fonavistas\/","title":{"rendered":"A partir  de hoy se inicia registro de historias laborales de fonavistas"},"content":{"rendered":"<p style=\"text-align: justify;\"><strong>(Aeronoticias).<\/strong>-A partir de hoy  viernes 26 de octubre se proceder\u00e1 a iniciar el registro de la historia  laboral de todas las personas que se inscribieron en el padr\u00f3n de ex  aportantes al Fondo Nacional de Vivienda (Fonavi).<\/p>\n<p style=\"text-align: justify;\">Para todos los interesados, los que ya est\u00e1n inscritos deben de completar a trav\u00e9s de la p\u00e1gina web http:\/\/www.fonavi-st.gob.pe\/ o v\u00eda telef\u00f3nica llamando al 317-8888, este procedimiento.<\/p>\n<p><strong> <\/strong><\/p>\n<p style=\"text-align: justify;\">Cabe  precisar que los usuarios tienen que anotar el n\u00famero de documento como  empleado, la raz\u00f3n social de la empresa o el n\u00famero de RUC<strong> <\/strong>y  las fechas de inicio y cese de sus labores (entre julio de 1979 y  agosto de 1998) en la empresa a trav\u00e9s de la cual realizaba sus aportes  al fonavi.<\/p>\n<p style=\"text-align: justify;\">Desde el pasado 26 de setiembre del presente a\u00f1o, los ex  fonavistas tienen a su servicio una opci\u00f3n que les permite ubicar el  n\u00famero de RUC o de la Libreta Tributaria de sus antiguos empleadores.<\/p>\n<p style=\"text-align: justify;\">Para  quienes no hayan logrado concretar este proceso a trav\u00e9s de alguna de las  dos v\u00edas mencionadas, podr\u00e1n hacerlo de manera f\u00edsica a partir del\u00a0 pr\u00f3ximo 8 de  noviembre.<\/p>\n<p style=\"text-align: justify;\">El registro de la historia laboral de los ex aportantes  al Fonavi constituye el segundo paso del proceso de devoluci\u00f3n de los  aportes. El primero fue la inscripci\u00f3n de los trabajadores en un padr\u00f3n  \u00fanico.<\/p>\n<p style=\"text-align: justify;\"><img decoding=\"async\" src=\"images\/stories\/12\/10\/261012\/fonavistas.jpg\" border=\"0\" alt=\"fonavi\" title=\"fonavi\" \/><\/p>\n","protected":false},"excerpt":{"rendered":"<p>(Aeronoticias).-A partir de hoy viernes 26 de octubre se proceder\u00e1 a iniciar el registro de la historia laboral de todas las personas que se inscribieron en el padr\u00f3n de ex aportantes al Fondo Nacional de Vivienda (Fonavi). Para todos los interesados, los que ya est\u00e1n inscritos deben de completar a trav\u00e9s de la p\u00e1gina web [&hellip;]<\/p>\n","protected":false},"author":1,"featured_media":0,"comment_status":"open","ping_status":"open","sticky":false,"template":"","format":"standard","meta":{"tdm_status":"","tdm_grid_status":"","footnotes":""},"categories":[36],"tags":[],"class_list":{"0":"post-31650","1":"post","2":"type-post","3":"status-publish","4":"format-standard","6":"category-politica"},"yoast_head":"<!-- This site is optimized with the Yoast SEO plugin v25.1 - https:\/\/yoast.com\/wordpress\/plugins\/seo\/ -->\n<title>A partir de hoy se inicia registro de historias laborales de fonavistas<\/title>\n<meta name=\"description\" content=\"Portal de noticias del Per\u00fa sobre el transporte a\u00e9reo, aviaci\u00f3n, turismo, hoteleria, actualidad.\" \/>\n<meta name=\"robots\" content=\"index, follow, max-snippet:-1, max-image-preview:large, max-video-preview:-1\" \/>\n<link rel=\"canonical\" href=\"https:\/\/aeronoticias.com.pe\/noticiero\/politica\/a-partir-de-hoy-se-inicia-registro-de-historias-laborales-de-fonavistas\/\" \/>\n<meta property=\"og:locale\" content=\"es_ES\" \/>\n<meta property=\"og:type\" content=\"article\" \/>\n<meta property=\"og:title\" content=\"A partir de hoy se inicia registro de historias laborales de fonavistas\" \/>\n<meta property=\"og:description\" content=\"Portal de noticias del Per\u00fa sobre el transporte a\u00e9reo, aviaci\u00f3n, turismo, hoteleria, actualidad.\" \/>\n<meta property=\"og:url\" content=\"https:\/\/aeronoticias.com.pe\/noticiero\/politica\/a-partir-de-hoy-se-inicia-registro-de-historias-laborales-de-fonavistas\/\" \/>\n<meta property=\"og:site_name\" content=\"Aeronoticias.com.pe\" \/>\n<meta property=\"article:publisher\" content=\"https:\/\/www.facebook.com\/Aeronoticias.com.pe\/\" \/>\n<meta property=\"article:published_time\" content=\"2012-10-26T12:13:16+00:00\" \/>\n<meta name=\"author\" content=\"Redacci\u00f3n Aeronoticias\" \/>\n<meta name=\"twitter:card\" content=\"summary_large_image\" \/>\n<meta name=\"twitter:creator\" content=\"@aeronoticias\" \/>\n<meta name=\"twitter:site\" content=\"@aeronoticias\" \/>\n<meta name=\"twitter:label1\" content=\"Escrito por\" \/>\n\t<meta name=\"twitter:data1\" content=\"Redacci\u00f3n Aeronoticias\" \/>\n\t<meta name=\"twitter:label2\" content=\"Tiempo de lectura\" \/>\n\t<meta name=\"twitter:data2\" content=\"1 minuto\" \/>\n<script type=\"application\/ld+json\" class=\"yoast-schema-graph\">{\"@context\":\"https:\/\/schema.org\",\"@graph\":[{\"@type\":\"WebPage\",\"@id\":\"https:\/\/aeronoticias.com.pe\/noticiero\/politica\/a-partir-de-hoy-se-inicia-registro-de-historias-laborales-de-fonavistas\/\",\"url\":\"https:\/\/aeronoticias.com.pe\/noticiero\/politica\/a-partir-de-hoy-se-inicia-registro-de-historias-laborales-de-fonavistas\/\",\"name\":\"A partir de hoy se inicia registro de historias laborales de fonavistas\",\"isPartOf\":{\"@id\":\"https:\/\/aeronoticias.com.pe\/noticiero\/#website\"},\"datePublished\":\"2012-10-26T12:13:16+00:00\",\"author\":{\"@id\":\"https:\/\/aeronoticias.com.pe\/noticiero\/#\/schema\/person\/fc1e5d578f4b62ba1cf7ac2bba1170a0\"},\"description\":\"Portal de noticias del Per\u00fa sobre el transporte a\u00e9reo, aviaci\u00f3n, turismo, hoteleria, actualidad.\",\"breadcrumb\":{\"@id\":\"https:\/\/aeronoticias.com.pe\/noticiero\/politica\/a-partir-de-hoy-se-inicia-registro-de-historias-laborales-de-fonavistas\/#breadcrumb\"},\"inLanguage\":\"es\",\"potentialAction\":[{\"@type\":\"ReadAction\",\"target\":[\"https:\/\/aeronoticias.com.pe\/noticiero\/politica\/a-partir-de-hoy-se-inicia-registro-de-historias-laborales-de-fonavistas\/\"]}]},{\"@type\":\"BreadcrumbList\",\"@id\":\"https:\/\/aeronoticias.com.pe\/noticiero\/politica\/a-partir-de-hoy-se-inicia-registro-de-historias-laborales-de-fonavistas\/#breadcrumb\",\"itemListElement\":[{\"@type\":\"ListItem\",\"position\":1,\"name\":\"Portada\",\"item\":\"https:\/\/aeronoticias.com.pe\/noticiero\/\"},{\"@type\":\"ListItem\",\"position\":2,\"name\":\"A partir de hoy se inicia registro de historias laborales de fonavistas\"}]},{\"@type\":\"WebSite\",\"@id\":\"https:\/\/aeronoticias.com.pe\/noticiero\/#website\",\"url\":\"https:\/\/aeronoticias.com.pe\/noticiero\/\",\"name\":\"Aeronoticias.com.pe\",\"description\":\"Noticias de tranporte aereo, turismo, hoteles, gastronomia, actualidad, internacional\",\"potentialAction\":[{\"@type\":\"SearchAction\",\"target\":{\"@type\":\"EntryPoint\",\"urlTemplate\":\"https:\/\/aeronoticias.com.pe\/noticiero\/?s={search_term_string}\"},\"query-input\":{\"@type\":\"PropertyValueSpecification\",\"valueRequired\":true,\"valueName\":\"search_term_string\"}}],\"inLanguage\":\"es\"},{\"@type\":\"Person\",\"@id\":\"https:\/\/aeronoticias.com.pe\/noticiero\/#\/schema\/person\/fc1e5d578f4b62ba1cf7ac2bba1170a0\",\"name\":\"Redacci\u00f3n Aeronoticias\",\"url\":\"https:\/\/aeronoticias.com.pe\/noticiero\/author\/piloto\/\"}]}<\/script>\n<!-- \/ Yoast SEO plugin. -->","yoast_head_json":{"title":"A partir de hoy se inicia registro de historias laborales de fonavistas","description":"Portal de noticias del Per\u00fa sobre el transporte a\u00e9reo, aviaci\u00f3n, turismo, hoteleria, actualidad.","robots":{"index":"index","follow":"follow","max-snippet":"max-snippet:-1","max-image-preview":"max-image-preview:large","max-video-preview":"max-video-preview:-1"},"canonical":"https:\/\/aeronoticias.com.pe\/noticiero\/politica\/a-partir-de-hoy-se-inicia-registro-de-historias-laborales-de-fonavistas\/","og_locale":"es_ES","og_type":"article","og_title":"A partir de hoy se inicia registro de historias laborales de fonavistas","og_description":"Portal de noticias del Per\u00fa sobre el transporte a\u00e9reo, aviaci\u00f3n, turismo, hoteleria, actualidad.","og_url":"https:\/\/aeronoticias.com.pe\/noticiero\/politica\/a-partir-de-hoy-se-inicia-registro-de-historias-laborales-de-fonavistas\/","og_site_name":"Aeronoticias.com.pe","article_publisher":"https:\/\/www.facebook.com\/Aeronoticias.com.pe\/","article_published_time":"2012-10-26T12:13:16+00:00","author":"Redacci\u00f3n Aeronoticias","twitter_card":"summary_large_image","twitter_creator":"@aeronoticias","twitter_site":"@aeronoticias","twitter_misc":{"Escrito por":"Redacci\u00f3n Aeronoticias","Tiempo de lectura":"1 minuto"},"schema":{"@context":"https:\/\/schema.org","@graph":[{"@type":"WebPage","@id":"https:\/\/aeronoticias.com.pe\/noticiero\/politica\/a-partir-de-hoy-se-inicia-registro-de-historias-laborales-de-fonavistas\/","url":"https:\/\/aeronoticias.com.pe\/noticiero\/politica\/a-partir-de-hoy-se-inicia-registro-de-historias-laborales-de-fonavistas\/","name":"A partir de hoy se inicia registro de historias laborales de fonavistas","isPartOf":{"@id":"https:\/\/aeronoticias.com.pe\/noticiero\/#website"},"datePublished":"2012-10-26T12:13:16+00:00","author":{"@id":"https:\/\/aeronoticias.com.pe\/noticiero\/#\/schema\/person\/fc1e5d578f4b62ba1cf7ac2bba1170a0"},"description":"Portal de noticias del Per\u00fa sobre el transporte a\u00e9reo, aviaci\u00f3n, turismo, hoteleria, actualidad.","breadcrumb":{"@id":"https:\/\/aeronoticias.com.pe\/noticiero\/politica\/a-partir-de-hoy-se-inicia-registro-de-historias-laborales-de-fonavistas\/#breadcrumb"},"inLanguage":"es","potentialAction":[{"@type":"ReadAction","target":["https:\/\/aeronoticias.com.pe\/noticiero\/politica\/a-partir-de-hoy-se-inicia-registro-de-historias-laborales-de-fonavistas\/"]}]},{"@type":"BreadcrumbList","@id":"https:\/\/aeronoticias.com.pe\/noticiero\/politica\/a-partir-de-hoy-se-inicia-registro-de-historias-laborales-de-fonavistas\/#breadcrumb","itemListElement":[{"@type":"ListItem","position":1,"name":"Portada","item":"https:\/\/aeronoticias.com.pe\/noticiero\/"},{"@type":"ListItem","position":2,"name":"A partir de hoy se inicia registro de historias laborales de fonavistas"}]},{"@type":"WebSite","@id":"https:\/\/aeronoticias.com.pe\/noticiero\/#website","url":"https:\/\/aeronoticias.com.pe\/noticiero\/","name":"Aeronoticias.com.pe","description":"Noticias de tranporte aereo, turismo, hoteles, gastronomia, actualidad, internacional","potentialAction":[{"@type":"SearchAction","target":{"@type":"EntryPoint","urlTemplate":"https:\/\/aeronoticias.com.pe\/noticiero\/?s={search_term_string}"},"query-input":{"@type":"PropertyValueSpecification","valueRequired":true,"valueName":"search_term_string"}}],"inLanguage":"es"},{"@type":"Person","@id":"https:\/\/aeronoticias.com.pe\/noticiero\/#\/schema\/person\/fc1e5d578f4b62ba1cf7ac2bba1170a0","name":"Redacci\u00f3n Aeronoticias","url":"https:\/\/aeronoticias.com.pe\/noticiero\/author\/piloto\/"}]}},"_links":{"self":[{"href":"https:\/\/aeronoticias.com.pe\/noticiero\/wp-json\/wp\/v2\/posts\/31650","targetHints":{"allow":["GET"]}}],"collection":[{"href":"https:\/\/aeronoticias.com.pe\/noticiero\/wp-json\/wp\/v2\/posts"}],"about":[{"href":"https:\/\/aeronoticias.com.pe\/noticiero\/wp-json\/wp\/v2\/types\/post"}],"author":[{"embeddable":true,"href":"https:\/\/aeronoticias.com.pe\/noticiero\/wp-json\/wp\/v2\/users\/1"}],"replies":[{"embeddable":true,"href":"https:\/\/aeronoticias.com.pe\/noticiero\/wp-json\/wp\/v2\/comments?post=31650"}],"version-history":[{"count":0,"href":"https:\/\/aeronoticias.com.pe\/noticiero\/wp-json\/wp\/v2\/posts\/31650\/revisions"}],"wp:attachment":[{"href":"https:\/\/aeronoticias.com.pe\/noticiero\/wp-json\/wp\/v2\/media?parent=31650"}],"wp:term":[{"taxonomy":"category","embeddable":true,"href":"https:\/\/aeronoticias.com.pe\/noticiero\/wp-json\/wp\/v2\/categories?post=31650"},{"taxonomy":"post_tag","embeddable":true,"href":"https:\/\/aeronoticias.com.pe\/noticiero\/wp-json\/wp\/v2\/tags?post=31650"}],"curies":[{"name":"wp","href":"https:\/\/api.w.org\/{rel}","templated":true}]}}