{"id":31652,"date":"2012-10-26T14:25:40","date_gmt":"2012-10-26T14:25:40","guid":{"rendered":"http:\/\/desarrollo.mcvicious.com\/aero2020\/2012\/10\/26\/lambayeque-construiran-moderno-malecon-para-atraer-turistas-a-puerto-eten\/"},"modified":"2012-10-26T14:25:40","modified_gmt":"2012-10-26T14:25:40","slug":"lambayeque-construiran-moderno-malecon-para-atraer-turistas-a-puerto-eten","status":"publish","type":"post","link":"https:\/\/aeronoticias.com.pe\/noticiero\/turismo\/13\/lambayeque-construiran-moderno-malecon-para-atraer-turistas-a-puerto-eten\/","title":{"rendered":"Lambayeque: Construir\u00e1n moderno malec\u00f3n para atraer turistas a Puerto Eten"},"content":{"rendered":"<p style=\"text-align: justify;\"><strong>(Aeronoticias).-<\/strong> El distrito lambayecano de Puerto Eten contar\u00e1 con un moderno malec\u00f3n tur\u00edstico, a fin de atraer un mayor n\u00famero de visitantes, obra que demandar\u00e1 una inversi\u00f3n de seis millones de nuevos soles, anunci\u00f3 hoy el alcalde Jaime Contreras.<\/p>\n<p style=\"text-align: justify;\">El monto ser\u00e1 financiado por el Ministerio de Comercio Exterior y Turismo, a trav\u00e9s del plan Copesco, y el municipio local.<\/p>\n<p style=\"text-align: justify;\">La construcci\u00f3n empezar\u00eda en el primer trimestre de 2013, luego de que el plan Copesco concluya con la elaboraci\u00f3n del expediente t\u00e9cnico y se convoque a licitaci\u00f3n p\u00fablica, explic\u00f3 el burgomaestre.<\/p>\n<p>  <!--more-->  <\/p>\n<p style=\"text-align: justify;\">Adelant\u00f3 que la obra comprender\u00e1 \u00e1reas para restaurantes y venta de artesan\u00eda. \u201cSe generar\u00e1 empleo con un malec\u00f3n bastante atractivo y funcional\u201d, declar\u00f3 la Agencia Andina.<\/p>\n<p style=\"text-align: justify;\">Mencion\u00f3, adem\u00e1s, que el lugar lucir\u00e1 totalmente iluminado, y contar\u00e1 con bancas, parques y lugares de recreaci\u00f3n con juegos para ni\u00f1os.<\/p>\n<p style=\"text-align: justify;\">Contreras refiri\u00f3 tambi\u00e9n que el 19 de diciembre empezar\u00e1 la temporada veraniega en Puerto Eten con la celebraci\u00f3n del aniversario de creaci\u00f3n pol\u00edtica de esta localidad norte\u00f1a.<\/p>\n<p style=\"text-align: justify;\"><strong>M\u00e1s informaci\u00f3n<\/strong><\/p>\n<p style=\"text-align: justify;\">Asegur\u00f3 que las aguas y arena de esta concurrida playa lambayecana se encuentran en \u00f3ptimas condiciones para tranquilidad de los visitantes, y se colocar\u00e1n ba\u00f1os qu\u00edmicos para mantener el lugar en condiciones de salubridad.<\/p>\n<p><img decoding=\"async\" src=\"images\/stories\/12\/10\/261012\/eten.jpg\" border=\"0\" \/><\/p>\n<p><\/p>\n","protected":false},"excerpt":{"rendered":"<p>(Aeronoticias).- El distrito lambayecano de Puerto Eten contar\u00e1 con un moderno malec\u00f3n tur\u00edstico, a fin de atraer un mayor n\u00famero de visitantes, obra que demandar\u00e1 una inversi\u00f3n de seis millones de nuevos soles, anunci\u00f3 hoy el alcalde Jaime Contreras. El monto ser\u00e1 financiado por el Ministerio de Comercio Exterior y Turismo, a trav\u00e9s del plan [&hellip;]<\/p>\n","protected":false},"author":1,"featured_media":0,"comment_status":"open","ping_status":"open","sticky":false,"template":"","format":"standard","meta":{"tdm_status":"","tdm_grid_status":"","footnotes":""},"categories":[31],"tags":[],"class_list":{"0":"post-31652","1":"post","2":"type-post","3":"status-publish","4":"format-standard","6":"category-31"},"yoast_head":"<!-- This site is optimized with the Yoast SEO plugin v25.1 - https:\/\/yoast.com\/wordpress\/plugins\/seo\/ -->\n<title>Lambayeque: Construir\u00e1n moderno malec\u00f3n para atraer turistas a Puerto Eten<\/title>\n<meta name=\"description\" content=\"Portal de noticias del Per\u00fa sobre el transporte a\u00e9reo, aviaci\u00f3n, turismo, hoteleria, actualidad.\" \/>\n<meta name=\"robots\" content=\"index, follow, max-snippet:-1, max-image-preview:large, max-video-preview:-1\" \/>\n<link rel=\"canonical\" href=\"https:\/\/aeronoticias.com.pe\/noticiero\/turismo\/13\/lambayeque-construiran-moderno-malecon-para-atraer-turistas-a-puerto-eten\/\" \/>\n<meta property=\"og:locale\" content=\"es_ES\" \/>\n<meta property=\"og:type\" content=\"article\" \/>\n<meta property=\"og:title\" content=\"Lambayeque: Construir\u00e1n moderno malec\u00f3n para atraer turistas a Puerto Eten\" \/>\n<meta property=\"og:description\" content=\"Portal de noticias del Per\u00fa sobre el transporte a\u00e9reo, aviaci\u00f3n, turismo, hoteleria, actualidad.\" \/>\n<meta property=\"og:url\" content=\"https:\/\/aeronoticias.com.pe\/noticiero\/turismo\/13\/lambayeque-construiran-moderno-malecon-para-atraer-turistas-a-puerto-eten\/\" \/>\n<meta property=\"og:site_name\" content=\"Aeronoticias.com.pe\" \/>\n<meta property=\"article:publisher\" content=\"https:\/\/www.facebook.com\/Aeronoticias.com.pe\/\" \/>\n<meta property=\"article:published_time\" content=\"2012-10-26T14:25:40+00:00\" \/>\n<meta name=\"author\" content=\"Redacci\u00f3n Aeronoticias\" \/>\n<meta name=\"twitter:card\" content=\"summary_large_image\" \/>\n<meta name=\"twitter:creator\" content=\"@aeronoticias\" \/>\n<meta name=\"twitter:site\" content=\"@aeronoticias\" \/>\n<meta name=\"twitter:label1\" content=\"Escrito por\" \/>\n\t<meta name=\"twitter:data1\" content=\"Redacci\u00f3n Aeronoticias\" \/>\n\t<meta name=\"twitter:label2\" content=\"Tiempo de lectura\" \/>\n\t<meta name=\"twitter:data2\" content=\"1 minuto\" \/>\n<script type=\"application\/ld+json\" class=\"yoast-schema-graph\">{\"@context\":\"https:\/\/schema.org\",\"@graph\":[{\"@type\":\"WebPage\",\"@id\":\"https:\/\/aeronoticias.com.pe\/noticiero\/turismo\/13\/lambayeque-construiran-moderno-malecon-para-atraer-turistas-a-puerto-eten\/\",\"url\":\"https:\/\/aeronoticias.com.pe\/noticiero\/turismo\/13\/lambayeque-construiran-moderno-malecon-para-atraer-turistas-a-puerto-eten\/\",\"name\":\"Lambayeque: Construir\u00e1n moderno malec\u00f3n para atraer turistas a Puerto Eten\",\"isPartOf\":{\"@id\":\"https:\/\/aeronoticias.com.pe\/noticiero\/#website\"},\"datePublished\":\"2012-10-26T14:25:40+00:00\",\"author\":{\"@id\":\"https:\/\/aeronoticias.com.pe\/noticiero\/#\/schema\/person\/fc1e5d578f4b62ba1cf7ac2bba1170a0\"},\"description\":\"Portal de noticias del Per\u00fa sobre el transporte a\u00e9reo, aviaci\u00f3n, turismo, hoteleria, actualidad.\",\"breadcrumb\":{\"@id\":\"https:\/\/aeronoticias.com.pe\/noticiero\/turismo\/13\/lambayeque-construiran-moderno-malecon-para-atraer-turistas-a-puerto-eten\/#breadcrumb\"},\"inLanguage\":\"es\",\"potentialAction\":[{\"@type\":\"ReadAction\",\"target\":[\"https:\/\/aeronoticias.com.pe\/noticiero\/turismo\/13\/lambayeque-construiran-moderno-malecon-para-atraer-turistas-a-puerto-eten\/\"]}]},{\"@type\":\"BreadcrumbList\",\"@id\":\"https:\/\/aeronoticias.com.pe\/noticiero\/turismo\/13\/lambayeque-construiran-moderno-malecon-para-atraer-turistas-a-puerto-eten\/#breadcrumb\",\"itemListElement\":[{\"@type\":\"ListItem\",\"position\":1,\"name\":\"Portada\",\"item\":\"https:\/\/aeronoticias.com.pe\/noticiero\/\"},{\"@type\":\"ListItem\",\"position\":2,\"name\":\"Lambayeque: Construir\u00e1n moderno malec\u00f3n para atraer turistas a Puerto Eten\"}]},{\"@type\":\"WebSite\",\"@id\":\"https:\/\/aeronoticias.com.pe\/noticiero\/#website\",\"url\":\"https:\/\/aeronoticias.com.pe\/noticiero\/\",\"name\":\"Aeronoticias.com.pe\",\"description\":\"Noticias de tranporte aereo, turismo, hoteles, gastronomia, actualidad, internacional\",\"potentialAction\":[{\"@type\":\"SearchAction\",\"target\":{\"@type\":\"EntryPoint\",\"urlTemplate\":\"https:\/\/aeronoticias.com.pe\/noticiero\/?s={search_term_string}\"},\"query-input\":{\"@type\":\"PropertyValueSpecification\",\"valueRequired\":true,\"valueName\":\"search_term_string\"}}],\"inLanguage\":\"es\"},{\"@type\":\"Person\",\"@id\":\"https:\/\/aeronoticias.com.pe\/noticiero\/#\/schema\/person\/fc1e5d578f4b62ba1cf7ac2bba1170a0\",\"name\":\"Redacci\u00f3n Aeronoticias\",\"url\":\"https:\/\/aeronoticias.com.pe\/noticiero\/author\/piloto\/\"}]}<\/script>\n<!-- \/ Yoast SEO plugin. -->","yoast_head_json":{"title":"Lambayeque: Construir\u00e1n moderno malec\u00f3n para atraer turistas a Puerto Eten","description":"Portal de noticias del Per\u00fa sobre el transporte a\u00e9reo, aviaci\u00f3n, turismo, hoteleria, actualidad.","robots":{"index":"index","follow":"follow","max-snippet":"max-snippet:-1","max-image-preview":"max-image-preview:large","max-video-preview":"max-video-preview:-1"},"canonical":"https:\/\/aeronoticias.com.pe\/noticiero\/turismo\/13\/lambayeque-construiran-moderno-malecon-para-atraer-turistas-a-puerto-eten\/","og_locale":"es_ES","og_type":"article","og_title":"Lambayeque: Construir\u00e1n moderno malec\u00f3n para atraer turistas a Puerto Eten","og_description":"Portal de noticias del Per\u00fa sobre el transporte a\u00e9reo, aviaci\u00f3n, turismo, hoteleria, actualidad.","og_url":"https:\/\/aeronoticias.com.pe\/noticiero\/turismo\/13\/lambayeque-construiran-moderno-malecon-para-atraer-turistas-a-puerto-eten\/","og_site_name":"Aeronoticias.com.pe","article_publisher":"https:\/\/www.facebook.com\/Aeronoticias.com.pe\/","article_published_time":"2012-10-26T14:25:40+00:00","author":"Redacci\u00f3n Aeronoticias","twitter_card":"summary_large_image","twitter_creator":"@aeronoticias","twitter_site":"@aeronoticias","twitter_misc":{"Escrito por":"Redacci\u00f3n Aeronoticias","Tiempo de lectura":"1 minuto"},"schema":{"@context":"https:\/\/schema.org","@graph":[{"@type":"WebPage","@id":"https:\/\/aeronoticias.com.pe\/noticiero\/turismo\/13\/lambayeque-construiran-moderno-malecon-para-atraer-turistas-a-puerto-eten\/","url":"https:\/\/aeronoticias.com.pe\/noticiero\/turismo\/13\/lambayeque-construiran-moderno-malecon-para-atraer-turistas-a-puerto-eten\/","name":"Lambayeque: Construir\u00e1n moderno malec\u00f3n para atraer turistas a Puerto Eten","isPartOf":{"@id":"https:\/\/aeronoticias.com.pe\/noticiero\/#website"},"datePublished":"2012-10-26T14:25:40+00:00","author":{"@id":"https:\/\/aeronoticias.com.pe\/noticiero\/#\/schema\/person\/fc1e5d578f4b62ba1cf7ac2bba1170a0"},"description":"Portal de noticias del Per\u00fa sobre el transporte a\u00e9reo, aviaci\u00f3n, turismo, hoteleria, actualidad.","breadcrumb":{"@id":"https:\/\/aeronoticias.com.pe\/noticiero\/turismo\/13\/lambayeque-construiran-moderno-malecon-para-atraer-turistas-a-puerto-eten\/#breadcrumb"},"inLanguage":"es","potentialAction":[{"@type":"ReadAction","target":["https:\/\/aeronoticias.com.pe\/noticiero\/turismo\/13\/lambayeque-construiran-moderno-malecon-para-atraer-turistas-a-puerto-eten\/"]}]},{"@type":"BreadcrumbList","@id":"https:\/\/aeronoticias.com.pe\/noticiero\/turismo\/13\/lambayeque-construiran-moderno-malecon-para-atraer-turistas-a-puerto-eten\/#breadcrumb","itemListElement":[{"@type":"ListItem","position":1,"name":"Portada","item":"https:\/\/aeronoticias.com.pe\/noticiero\/"},{"@type":"ListItem","position":2,"name":"Lambayeque: Construir\u00e1n moderno malec\u00f3n para atraer turistas a Puerto Eten"}]},{"@type":"WebSite","@id":"https:\/\/aeronoticias.com.pe\/noticiero\/#website","url":"https:\/\/aeronoticias.com.pe\/noticiero\/","name":"Aeronoticias.com.pe","description":"Noticias de tranporte aereo, turismo, hoteles, gastronomia, actualidad, internacional","potentialAction":[{"@type":"SearchAction","target":{"@type":"EntryPoint","urlTemplate":"https:\/\/aeronoticias.com.pe\/noticiero\/?s={search_term_string}"},"query-input":{"@type":"PropertyValueSpecification","valueRequired":true,"valueName":"search_term_string"}}],"inLanguage":"es"},{"@type":"Person","@id":"https:\/\/aeronoticias.com.pe\/noticiero\/#\/schema\/person\/fc1e5d578f4b62ba1cf7ac2bba1170a0","name":"Redacci\u00f3n Aeronoticias","url":"https:\/\/aeronoticias.com.pe\/noticiero\/author\/piloto\/"}]}},"_links":{"self":[{"href":"https:\/\/aeronoticias.com.pe\/noticiero\/wp-json\/wp\/v2\/posts\/31652","targetHints":{"allow":["GET"]}}],"collection":[{"href":"https:\/\/aeronoticias.com.pe\/noticiero\/wp-json\/wp\/v2\/posts"}],"about":[{"href":"https:\/\/aeronoticias.com.pe\/noticiero\/wp-json\/wp\/v2\/types\/post"}],"author":[{"embeddable":true,"href":"https:\/\/aeronoticias.com.pe\/noticiero\/wp-json\/wp\/v2\/users\/1"}],"replies":[{"embeddable":true,"href":"https:\/\/aeronoticias.com.pe\/noticiero\/wp-json\/wp\/v2\/comments?post=31652"}],"version-history":[{"count":0,"href":"https:\/\/aeronoticias.com.pe\/noticiero\/wp-json\/wp\/v2\/posts\/31652\/revisions"}],"wp:attachment":[{"href":"https:\/\/aeronoticias.com.pe\/noticiero\/wp-json\/wp\/v2\/media?parent=31652"}],"wp:term":[{"taxonomy":"category","embeddable":true,"href":"https:\/\/aeronoticias.com.pe\/noticiero\/wp-json\/wp\/v2\/categories?post=31652"},{"taxonomy":"post_tag","embeddable":true,"href":"https:\/\/aeronoticias.com.pe\/noticiero\/wp-json\/wp\/v2\/tags?post=31652"}],"curies":[{"name":"wp","href":"https:\/\/api.w.org\/{rel}","templated":true}]}}