{"id":317,"date":"2008-08-25T17:18:42","date_gmt":"2008-08-25T17:18:42","guid":{"rendered":"http:\/\/desarrollo.mcvicious.com\/aero2020\/2008\/08\/25\/inei-agricultura-es-la-actividad-que-mocupacienera-en-el-per\/"},"modified":"2008-08-25T17:18:42","modified_gmt":"2008-08-25T17:18:42","slug":"inei-agricultura-es-la-actividad-que-mocupacienera-en-el-per","status":"publish","type":"post","link":"https:\/\/aeronoticias.com.pe\/noticiero\/ultimas\/1\/inei-agricultura-es-la-actividad-que-mocupacienera-en-el-per\/","title":{"rendered":"INEI: Agricultura es la actividad que m"},"content":{"rendered":"<blockquote>\n<p style=\"font-size: 12px; color: #003a75; font-family: Arial, Helvetica, sans-serif\" align=\"justify\">Seg&uacute;n los resultados de los Censos Nacionales 2007: XI de Poblaci&oacute;n y VI de Vivienda, en el Per&uacute; 2 millones 329,4 habitantes se dedican a la agricultura, es decir, el 23% de la Poblaci&oacute;n Ocupada. As&iacute; lo dio a conocer el jefe del Instituto Nacional de Estad&iacute;stica e Inform&aacute;tica &ndash; INEI,&nbsp;Ren&aacute;n Quispe Llanos, en ceremonia especial realizada en el auditorio de INICTEL.<\/p>\n<p style=\"font-size: 12px; color: #003a75; font-family: Arial, Helvetica, sans-serif\" align=\"justify\">El titular del INEI explic&oacute; que los departamentos de Huancavelica, Cajamarca, Amazonas, San Mart&iacute;n y Huanuco tienen m&aacute;s del 53% de&nbsp;la poblaci&oacute;n ocupada en la agricultura. <\/p>\n<p style=\"font-size: 12px; color: #003a75; font-family: Arial, Helvetica, sans-serif\" align=\"justify\">Agreg&oacute;&nbsp;Otros departamentos cuya poblaci&oacute;n econ&oacute;micamente activa se dedica a la agricultura, aunque en menor proporci&oacute;n (entre 37,7% y 49,0%) son: Pasco, Jun&iacute;n, Ayacucho, Apurimac, Cusco y Puno. <\/p>\n<div style=\"text-align: center\"><img loading=\"lazy\" decoding=\"async\" src=\"http:\/\/aeronoticias.com.pe\/fotonoticias\/agosto\/agricultura25.JPG\" alt=\" \" title=\"INEI: Agricultura es la actividad que m&aacute;s ocupaci&oacute;n genera en el Per&uacute;. (Foto: Instituto Prensa y Sociedad)\" hspace=\"5\" vspace=\"5\" width=\"250\" height=\"187\" \/><\/div>\n<\/blockquote>\n<p> <!--more--> <\/p>\n<blockquote>\n<p style=\"font-size: 12px; color: #003a75; font-family: Arial, Helvetica, sans-serif\" align=\"center\"><strong>Poblaci&oacute;n ocupada en industria manufacturera<\/strong><\/p>\n<p style=\"font-size: 12px; color: #003a75; font-family: Arial, Helvetica, sans-serif\" align=\"justify\">Asimismo, Quispe Llanos, indic&oacute; que los departamentos, que registran una mayor proporci&oacute;n de su poblaci&oacute;n ocupada en la industria manufacturera (entre el 10,8% y&nbsp; 13,6%), son La Libertad, Lima, Ica y la Provincia Constitucional del Callao. <\/p>\n<p style=\"font-size: 12px; color: #003a75; font-family: Arial, Helvetica, sans-serif\" align=\"justify\">Un menor porcentaje (entre 7,2% y 9,4%) lo registran los departamentos de Piura, Lambayeque, Ancash, Arequipa y Ucayali (cuatro de ellos ubicados en la costa). <\/p>\n<p style=\"font-size: 12px; color: #003a75; font-family: Arial, Helvetica, sans-serif\" align=\"center\"><strong>Poblaci&oacute;n que se dedica a la actividad de servicios<\/strong><\/p>\n<p style=\"font-size: 12px; color: #003a75; font-family: Arial, Helvetica, sans-serif\" align=\"justify\">De otro lado, destac&oacute; que en los departamentos costeros de Tumbes, Lambayeque, Lima,&nbsp; Arequipa y Tacna, m&aacute;s del 60% de la Poblaci&oacute;n Ocupada se dedica a la actividad de los servicios (transporte y comunicaciones, electricidad, hoteles y restaurantes, inmobiliarias, ense&ntilde;anza, entre otros). <\/p>\n<p style=\"font-size: 12px; color: #003a75; font-family: Arial, Helvetica, sans-serif\" align=\"justify\">La Poblaci&oacute;n Ocupada tambi&eacute;n es elevada, aunque en menor proporci&oacute;n (entre 46,1% y 55,4%), en los departamentos de Piura, Ancash, Ica, Jun&iacute;n, Cusco, Loreto, Ucayali y Madre de Dios. <\/p>\n<p style=\"font-size: 12px; color: #003a75; font-family: Arial, Helvetica, sans-serif\" align=\"justify\">Seg&uacute;n estos resultados, la Poblaci&oacute;n Econ&oacute;micamente Activa (PEA) registra mayor crecimiento que la Poblaci&oacute;n en Edad de Trabajar (PET) y que la Poblaci&oacute;n Censada en casi todos los departamentos del pa&iacute;s, destacando Madre de Dios con 4,4% de crecimiento de su PEA, Ica 3,7%, Tacna 3,6%, Ucayali y Moquegua3,3% cada uno, entre otros.<\/p>\n<p style=\"font-size: 12px; color: #003a75; font-family: Arial, Helvetica, sans-serif\" align=\"justify\">Ren&aacute;n Quispe explic&oacute; que la PEA Femenina creci&oacute; m&aacute;s que la PEA Masculina en todos los departamentos del pa&iacute;s, destacando Madre de Dios, cuya PEA femenina crece con 7%, mientras que la masculina en 3,5%; Ucayali creci&oacute; en 6,0%, comparando con la PEA Masculina que s&oacute;lo lo hace en 2,4%; en Ica el crecimiento fue 5,5% comparado con el 2,6%; entre otros. <\/p>\n<\/blockquote>\n<p>&nbsp;<\/p>\n","protected":false},"excerpt":{"rendered":"<p>Seg&uacute;n los resultados de los Censos Nacionales 2007: XI de Poblaci&oacute;n y VI de Vivienda, en el Per&uacute; 2 millones 329,4 habitantes se dedican a la agricultura, es decir, el 23% de la Poblaci&oacute;n Ocupada. As&iacute; lo dio a conocer el jefe del Instituto Nacional de Estad&iacute;stica e Inform&aacute;tica &ndash; INEI,&nbsp;Ren&aacute;n Quispe Llanos, en ceremonia [&hellip;]<\/p>\n","protected":false},"author":1,"featured_media":0,"comment_status":"open","ping_status":"open","sticky":false,"template":"","format":"standard","meta":{"tdm_status":"","tdm_grid_status":"","footnotes":""},"categories":[30],"tags":[],"class_list":{"0":"post-317","1":"post","2":"type-post","3":"status-publish","4":"format-standard","6":"category-30"},"yoast_head":"<!-- This site is optimized with the Yoast SEO plugin v25.1 - https:\/\/yoast.com\/wordpress\/plugins\/seo\/ -->\n<title>INEI: Agricultura es la actividad que m<\/title>\n<meta name=\"description\" content=\"Portal de noticias del Per\u00fa sobre el transporte a\u00e9reo, aviaci\u00f3n, turismo, hoteleria, actualidad.\" \/>\n<meta name=\"robots\" content=\"index, follow, max-snippet:-1, max-image-preview:large, max-video-preview:-1\" \/>\n<link rel=\"canonical\" href=\"https:\/\/aeronoticias.com.pe\/noticiero\/ultimas\/1\/inei-agricultura-es-la-actividad-que-mocupacienera-en-el-per\/\" \/>\n<meta property=\"og:locale\" content=\"es_ES\" \/>\n<meta property=\"og:type\" content=\"article\" \/>\n<meta property=\"og:title\" content=\"INEI: Agricultura es la actividad que m\" \/>\n<meta property=\"og:description\" content=\"Portal de noticias del Per\u00fa sobre el transporte a\u00e9reo, aviaci\u00f3n, turismo, hoteleria, actualidad.\" \/>\n<meta property=\"og:url\" content=\"https:\/\/aeronoticias.com.pe\/noticiero\/ultimas\/1\/inei-agricultura-es-la-actividad-que-mocupacienera-en-el-per\/\" \/>\n<meta property=\"og:site_name\" content=\"Aeronoticias.com.pe\" \/>\n<meta property=\"article:publisher\" content=\"https:\/\/www.facebook.com\/Aeronoticias.com.pe\/\" \/>\n<meta property=\"article:published_time\" content=\"2008-08-25T17:18:42+00:00\" \/>\n<meta property=\"og:image\" content=\"http:\/\/aeronoticias.com.pe\/fotonoticias\/agosto\/agricultura25.JPG\" \/>\n<meta name=\"author\" content=\"Redacci\u00f3n Aeronoticias\" \/>\n<meta name=\"twitter:card\" content=\"summary_large_image\" \/>\n<meta name=\"twitter:creator\" content=\"@aeronoticias\" \/>\n<meta name=\"twitter:site\" content=\"@aeronoticias\" \/>\n<meta name=\"twitter:label1\" content=\"Escrito por\" \/>\n\t<meta name=\"twitter:data1\" content=\"Redacci\u00f3n Aeronoticias\" \/>\n\t<meta name=\"twitter:label2\" content=\"Tiempo de lectura\" \/>\n\t<meta name=\"twitter:data2\" content=\"2 minutos\" \/>\n<script type=\"application\/ld+json\" class=\"yoast-schema-graph\">{\"@context\":\"https:\/\/schema.org\",\"@graph\":[{\"@type\":\"WebPage\",\"@id\":\"https:\/\/aeronoticias.com.pe\/noticiero\/ultimas\/1\/inei-agricultura-es-la-actividad-que-mocupacienera-en-el-per\/\",\"url\":\"https:\/\/aeronoticias.com.pe\/noticiero\/ultimas\/1\/inei-agricultura-es-la-actividad-que-mocupacienera-en-el-per\/\",\"name\":\"INEI: Agricultura es la actividad que m\",\"isPartOf\":{\"@id\":\"https:\/\/aeronoticias.com.pe\/noticiero\/#website\"},\"primaryImageOfPage\":{\"@id\":\"https:\/\/aeronoticias.com.pe\/noticiero\/ultimas\/1\/inei-agricultura-es-la-actividad-que-mocupacienera-en-el-per\/#primaryimage\"},\"image\":{\"@id\":\"https:\/\/aeronoticias.com.pe\/noticiero\/ultimas\/1\/inei-agricultura-es-la-actividad-que-mocupacienera-en-el-per\/#primaryimage\"},\"thumbnailUrl\":\"http:\/\/aeronoticias.com.pe\/fotonoticias\/agosto\/agricultura25.JPG\",\"datePublished\":\"2008-08-25T17:18:42+00:00\",\"author\":{\"@id\":\"https:\/\/aeronoticias.com.pe\/noticiero\/#\/schema\/person\/fc1e5d578f4b62ba1cf7ac2bba1170a0\"},\"description\":\"Portal de noticias del Per\u00fa sobre el transporte a\u00e9reo, aviaci\u00f3n, turismo, hoteleria, actualidad.\",\"breadcrumb\":{\"@id\":\"https:\/\/aeronoticias.com.pe\/noticiero\/ultimas\/1\/inei-agricultura-es-la-actividad-que-mocupacienera-en-el-per\/#breadcrumb\"},\"inLanguage\":\"es\",\"potentialAction\":[{\"@type\":\"ReadAction\",\"target\":[\"https:\/\/aeronoticias.com.pe\/noticiero\/ultimas\/1\/inei-agricultura-es-la-actividad-que-mocupacienera-en-el-per\/\"]}]},{\"@type\":\"ImageObject\",\"inLanguage\":\"es\",\"@id\":\"https:\/\/aeronoticias.com.pe\/noticiero\/ultimas\/1\/inei-agricultura-es-la-actividad-que-mocupacienera-en-el-per\/#primaryimage\",\"url\":\"http:\/\/aeronoticias.com.pe\/fotonoticias\/agosto\/agricultura25.JPG\",\"contentUrl\":\"http:\/\/aeronoticias.com.pe\/fotonoticias\/agosto\/agricultura25.JPG\"},{\"@type\":\"BreadcrumbList\",\"@id\":\"https:\/\/aeronoticias.com.pe\/noticiero\/ultimas\/1\/inei-agricultura-es-la-actividad-que-mocupacienera-en-el-per\/#breadcrumb\",\"itemListElement\":[{\"@type\":\"ListItem\",\"position\":1,\"name\":\"Portada\",\"item\":\"https:\/\/aeronoticias.com.pe\/noticiero\/\"},{\"@type\":\"ListItem\",\"position\":2,\"name\":\"INEI: Agricultura es la actividad que m\"}]},{\"@type\":\"WebSite\",\"@id\":\"https:\/\/aeronoticias.com.pe\/noticiero\/#website\",\"url\":\"https:\/\/aeronoticias.com.pe\/noticiero\/\",\"name\":\"Aeronoticias.com.pe\",\"description\":\"Noticias de tranporte aereo, turismo, hoteles, gastronomia, actualidad, internacional\",\"potentialAction\":[{\"@type\":\"SearchAction\",\"target\":{\"@type\":\"EntryPoint\",\"urlTemplate\":\"https:\/\/aeronoticias.com.pe\/noticiero\/?s={search_term_string}\"},\"query-input\":{\"@type\":\"PropertyValueSpecification\",\"valueRequired\":true,\"valueName\":\"search_term_string\"}}],\"inLanguage\":\"es\"},{\"@type\":\"Person\",\"@id\":\"https:\/\/aeronoticias.com.pe\/noticiero\/#\/schema\/person\/fc1e5d578f4b62ba1cf7ac2bba1170a0\",\"name\":\"Redacci\u00f3n Aeronoticias\",\"url\":\"https:\/\/aeronoticias.com.pe\/noticiero\/author\/piloto\/\"}]}<\/script>\n<!-- \/ Yoast SEO plugin. -->","yoast_head_json":{"title":"INEI: Agricultura es la actividad que m","description":"Portal de noticias del Per\u00fa sobre el transporte a\u00e9reo, aviaci\u00f3n, turismo, hoteleria, actualidad.","robots":{"index":"index","follow":"follow","max-snippet":"max-snippet:-1","max-image-preview":"max-image-preview:large","max-video-preview":"max-video-preview:-1"},"canonical":"https:\/\/aeronoticias.com.pe\/noticiero\/ultimas\/1\/inei-agricultura-es-la-actividad-que-mocupacienera-en-el-per\/","og_locale":"es_ES","og_type":"article","og_title":"INEI: Agricultura es la actividad que m","og_description":"Portal de noticias del Per\u00fa sobre el transporte a\u00e9reo, aviaci\u00f3n, turismo, hoteleria, actualidad.","og_url":"https:\/\/aeronoticias.com.pe\/noticiero\/ultimas\/1\/inei-agricultura-es-la-actividad-que-mocupacienera-en-el-per\/","og_site_name":"Aeronoticias.com.pe","article_publisher":"https:\/\/www.facebook.com\/Aeronoticias.com.pe\/","article_published_time":"2008-08-25T17:18:42+00:00","og_image":[{"url":"http:\/\/aeronoticias.com.pe\/fotonoticias\/agosto\/agricultura25.JPG","type":"","width":"","height":""}],"author":"Redacci\u00f3n Aeronoticias","twitter_card":"summary_large_image","twitter_creator":"@aeronoticias","twitter_site":"@aeronoticias","twitter_misc":{"Escrito por":"Redacci\u00f3n Aeronoticias","Tiempo de lectura":"2 minutos"},"schema":{"@context":"https:\/\/schema.org","@graph":[{"@type":"WebPage","@id":"https:\/\/aeronoticias.com.pe\/noticiero\/ultimas\/1\/inei-agricultura-es-la-actividad-que-mocupacienera-en-el-per\/","url":"https:\/\/aeronoticias.com.pe\/noticiero\/ultimas\/1\/inei-agricultura-es-la-actividad-que-mocupacienera-en-el-per\/","name":"INEI: Agricultura es la actividad que m","isPartOf":{"@id":"https:\/\/aeronoticias.com.pe\/noticiero\/#website"},"primaryImageOfPage":{"@id":"https:\/\/aeronoticias.com.pe\/noticiero\/ultimas\/1\/inei-agricultura-es-la-actividad-que-mocupacienera-en-el-per\/#primaryimage"},"image":{"@id":"https:\/\/aeronoticias.com.pe\/noticiero\/ultimas\/1\/inei-agricultura-es-la-actividad-que-mocupacienera-en-el-per\/#primaryimage"},"thumbnailUrl":"http:\/\/aeronoticias.com.pe\/fotonoticias\/agosto\/agricultura25.JPG","datePublished":"2008-08-25T17:18:42+00:00","author":{"@id":"https:\/\/aeronoticias.com.pe\/noticiero\/#\/schema\/person\/fc1e5d578f4b62ba1cf7ac2bba1170a0"},"description":"Portal de noticias del Per\u00fa sobre el transporte a\u00e9reo, aviaci\u00f3n, turismo, hoteleria, actualidad.","breadcrumb":{"@id":"https:\/\/aeronoticias.com.pe\/noticiero\/ultimas\/1\/inei-agricultura-es-la-actividad-que-mocupacienera-en-el-per\/#breadcrumb"},"inLanguage":"es","potentialAction":[{"@type":"ReadAction","target":["https:\/\/aeronoticias.com.pe\/noticiero\/ultimas\/1\/inei-agricultura-es-la-actividad-que-mocupacienera-en-el-per\/"]}]},{"@type":"ImageObject","inLanguage":"es","@id":"https:\/\/aeronoticias.com.pe\/noticiero\/ultimas\/1\/inei-agricultura-es-la-actividad-que-mocupacienera-en-el-per\/#primaryimage","url":"http:\/\/aeronoticias.com.pe\/fotonoticias\/agosto\/agricultura25.JPG","contentUrl":"http:\/\/aeronoticias.com.pe\/fotonoticias\/agosto\/agricultura25.JPG"},{"@type":"BreadcrumbList","@id":"https:\/\/aeronoticias.com.pe\/noticiero\/ultimas\/1\/inei-agricultura-es-la-actividad-que-mocupacienera-en-el-per\/#breadcrumb","itemListElement":[{"@type":"ListItem","position":1,"name":"Portada","item":"https:\/\/aeronoticias.com.pe\/noticiero\/"},{"@type":"ListItem","position":2,"name":"INEI: Agricultura es la actividad que m"}]},{"@type":"WebSite","@id":"https:\/\/aeronoticias.com.pe\/noticiero\/#website","url":"https:\/\/aeronoticias.com.pe\/noticiero\/","name":"Aeronoticias.com.pe","description":"Noticias de tranporte aereo, turismo, hoteles, gastronomia, actualidad, internacional","potentialAction":[{"@type":"SearchAction","target":{"@type":"EntryPoint","urlTemplate":"https:\/\/aeronoticias.com.pe\/noticiero\/?s={search_term_string}"},"query-input":{"@type":"PropertyValueSpecification","valueRequired":true,"valueName":"search_term_string"}}],"inLanguage":"es"},{"@type":"Person","@id":"https:\/\/aeronoticias.com.pe\/noticiero\/#\/schema\/person\/fc1e5d578f4b62ba1cf7ac2bba1170a0","name":"Redacci\u00f3n Aeronoticias","url":"https:\/\/aeronoticias.com.pe\/noticiero\/author\/piloto\/"}]}},"_links":{"self":[{"href":"https:\/\/aeronoticias.com.pe\/noticiero\/wp-json\/wp\/v2\/posts\/317","targetHints":{"allow":["GET"]}}],"collection":[{"href":"https:\/\/aeronoticias.com.pe\/noticiero\/wp-json\/wp\/v2\/posts"}],"about":[{"href":"https:\/\/aeronoticias.com.pe\/noticiero\/wp-json\/wp\/v2\/types\/post"}],"author":[{"embeddable":true,"href":"https:\/\/aeronoticias.com.pe\/noticiero\/wp-json\/wp\/v2\/users\/1"}],"replies":[{"embeddable":true,"href":"https:\/\/aeronoticias.com.pe\/noticiero\/wp-json\/wp\/v2\/comments?post=317"}],"version-history":[{"count":0,"href":"https:\/\/aeronoticias.com.pe\/noticiero\/wp-json\/wp\/v2\/posts\/317\/revisions"}],"wp:attachment":[{"href":"https:\/\/aeronoticias.com.pe\/noticiero\/wp-json\/wp\/v2\/media?parent=317"}],"wp:term":[{"taxonomy":"category","embeddable":true,"href":"https:\/\/aeronoticias.com.pe\/noticiero\/wp-json\/wp\/v2\/categories?post=317"},{"taxonomy":"post_tag","embeddable":true,"href":"https:\/\/aeronoticias.com.pe\/noticiero\/wp-json\/wp\/v2\/tags?post=317"}],"curies":[{"name":"wp","href":"https:\/\/api.w.org\/{rel}","templated":true}]}}