{"id":31715,"date":"2012-10-29T12:15:59","date_gmt":"2012-10-29T12:15:59","guid":{"rendered":"http:\/\/desarrollo.mcvicious.com\/aero2020\/2012\/10\/29\/en-diciembre-estaran-de-regreso-al-peru-ultimas-piezas-de-machu-picchu-en-yale\/"},"modified":"2012-10-29T12:15:59","modified_gmt":"2012-10-29T12:15:59","slug":"en-diciembre-estaran-de-regreso-al-peru-ultimas-piezas-de-machu-picchu-en-yale","status":"publish","type":"post","link":"https:\/\/aeronoticias.com.pe\/noticiero\/nacionales\/en-diciembre-estaran-de-regreso-al-peru-ultimas-piezas-de-machu-picchu-en-yale\/","title":{"rendered":"En diciembre estar\u00e1n de regreso al Per\u00fa  \u00faltimas piezas de Machu Picchu en Yale"},"content":{"rendered":"<p style=\"text-align: justify;\"><strong>(Aeronoticias).-<\/strong>La directora general de Fiscalizaci\u00f3n y Control del Ministerio de Cultura, Blanca Alva Guerrero<strong>, <\/strong>inform\u00f3 que el tercer y \u00faltimo lote de piezas que fueron encontradas en  Machu Picchu, y que estaba en poder de la Universidad de Yale, por fin retornar\u00e1  al Per\u00fa en el mes de diciembre pr\u00f3ximo.<\/p>\n<p style=\"text-align: justify;\">\u201cLa  \u00faltima entrega va a llegar en diciembre de este a\u00f1o. Va a ser entregada  directamente en la ciudad del Cusco porque se trata de fragmentos  cer\u00e1micos\u201d, afirm\u00f3 Alva en declaraciones a la agencia Andina.<\/p>\n<p style=\"text-align: justify;\">Alva Guerrero explic\u00f3 que<strong> <\/strong>se trata de un lote de material cer\u00e1mico muy fr\u00e1gil y delicado,  raz\u00f3n por la cual llegar\u00e1n hasta el aeropuerto\u00a0 internacional Jorge Ch\u00e1vez para que  inmediatamente se haga el trasbordo en el vuelo que va hacia la ciudad imperial.<\/p>\n<p>  <!--more-->  <\/p>\n<p style=\"text-align: justify;\">\u201cEstas piezas, con material cer\u00e1mico y l\u00edtico, va a llegar al Cusco para ser abierta ah\u00ed mismo y evitar una doble manipulaci\u00f3n\u201d, coment\u00f3 la funcionaria del Ministerio de Cultura.<\/p>\n<p style=\"text-align: justify;\">Resalto el hecho de que el transporte del \u00faltimo lote de piezas de Machu Picchu  no generar\u00e1 gasto para el Estado peruano y que ser\u00e1 la Universidad de  Yale quien cubra los costos de esa gesti\u00f3n.<\/p>\n<p>Inform\u00f3,\u00a0 que a trav\u00e9s de\u00a0 un convenio suscrito con el Ministerio de Cultura, la  universidad San Antonio Abad del Cusco se encargar\u00e1 de la custodia y de  la exhibici\u00f3n de las piezas de Machu Picchu.<\/p>\n<p style=\"text-align: justify;\">\u201cA su vez, la  Universidad de Yale va a asesorar a su similar del Cusco en la  implementaci\u00f3n del museo que exhibir\u00e1 las piezas, as\u00ed como para el  mantenimiento de las mismas\u201d, asegur\u00f3.<\/p>\n<p style=\"text-align: justify;\">Explic\u00f3 que la Casa Concha  esta siendo acondicionada y climatizada para albergar las piezas de  Machu Picchu con el objeto de cuidarlas y conservarlas de la mejor  manera posible.<\/p>\n<p style=\"text-align: justify;\">Alva adelant\u00f3 las coordinaciones que realiza el  portafolio de Cultura para la construcci\u00f3n, en la ciudad del Cusco, de  un Gran Museo del Tahuantinsuyo que re\u00fana toda la cultura precolombina  que est\u00e1 dispersa en diversos museos.<\/p>\n<p style=\"text-align: justify;\">La funcionaria no neg\u00f3  la posibilidad de abrir una muestra itinerante de las piezas de Machu  Picchu en Lima, una vez que se termine con todos los estudios y el  inventario de toda la colecci\u00f3n.<\/p>\n<p style=\"text-align: justify;\">Cabe recordar que el primer lote de piezas  museables fue entregada al Per\u00fa a fines de marzo del 2011, mientras que  el segundo lote lleg\u00f3 en diciembre del mismo a\u00f1o.<\/p>\n<p style=\"text-align: justify;\">Las osamentas y  otras piezas arqueol\u00f3gicas fueron retiradas en 1912 por la expedici\u00f3n  cient\u00edfica que encabez\u00f3 el explorador estadounidense Hiram Bingham y que  fueron llevadas entonces a la universidad de Yale, en calidad de  pr\u00e9stamo con autorizaci\u00f3n del gobierno peruano.<\/p>\n<p style=\"text-align: justify;\"><img decoding=\"async\" src=\"images\/stories\/12\/10\/291012\/piezasmachupicchuyale.jpg\" border=\"0\" alt=\"piezas machu picchu\" title=\"piezas machu picchu\" \/><\/p>\n","protected":false},"excerpt":{"rendered":"<p>(Aeronoticias).-La directora general de Fiscalizaci\u00f3n y Control del Ministerio de Cultura, Blanca Alva Guerrero, inform\u00f3 que el tercer y \u00faltimo lote de piezas que fueron encontradas en Machu Picchu, y que estaba en poder de la Universidad de Yale, por fin retornar\u00e1 al Per\u00fa en el mes de diciembre pr\u00f3ximo. \u201cLa \u00faltima entrega va a [&hellip;]<\/p>\n","protected":false},"author":1,"featured_media":0,"comment_status":"open","ping_status":"open","sticky":false,"template":"","format":"standard","meta":{"tdm_status":"","tdm_grid_status":"","footnotes":""},"categories":[38],"tags":[],"class_list":{"0":"post-31715","1":"post","2":"type-post","3":"status-publish","4":"format-standard","6":"category-nacionales"},"yoast_head":"<!-- This site is optimized with the Yoast SEO plugin v25.1 - https:\/\/yoast.com\/wordpress\/plugins\/seo\/ -->\n<title>En diciembre estar\u00e1n de regreso al Per\u00fa \u00faltimas piezas de Machu Picchu en Yale<\/title>\n<meta name=\"description\" content=\"Portal de noticias del Per\u00fa sobre el transporte a\u00e9reo, aviaci\u00f3n, turismo, hoteleria, actualidad.\" \/>\n<meta name=\"robots\" content=\"index, follow, max-snippet:-1, max-image-preview:large, max-video-preview:-1\" \/>\n<link rel=\"canonical\" href=\"https:\/\/aeronoticias.com.pe\/noticiero\/nacionales\/en-diciembre-estaran-de-regreso-al-peru-ultimas-piezas-de-machu-picchu-en-yale\/\" \/>\n<meta property=\"og:locale\" content=\"es_ES\" \/>\n<meta property=\"og:type\" content=\"article\" \/>\n<meta property=\"og:title\" content=\"En diciembre estar\u00e1n de regreso al Per\u00fa \u00faltimas piezas de Machu Picchu en Yale\" \/>\n<meta property=\"og:description\" content=\"Portal de noticias del Per\u00fa sobre el transporte a\u00e9reo, aviaci\u00f3n, turismo, hoteleria, actualidad.\" \/>\n<meta property=\"og:url\" content=\"https:\/\/aeronoticias.com.pe\/noticiero\/nacionales\/en-diciembre-estaran-de-regreso-al-peru-ultimas-piezas-de-machu-picchu-en-yale\/\" \/>\n<meta property=\"og:site_name\" content=\"Aeronoticias.com.pe\" \/>\n<meta property=\"article:publisher\" content=\"https:\/\/www.facebook.com\/Aeronoticias.com.pe\/\" \/>\n<meta property=\"article:published_time\" content=\"2012-10-29T12:15:59+00:00\" \/>\n<meta name=\"author\" content=\"Redacci\u00f3n Aeronoticias\" \/>\n<meta name=\"twitter:card\" content=\"summary_large_image\" \/>\n<meta name=\"twitter:creator\" content=\"@aeronoticias\" \/>\n<meta name=\"twitter:site\" content=\"@aeronoticias\" \/>\n<meta name=\"twitter:label1\" content=\"Escrito por\" \/>\n\t<meta name=\"twitter:data1\" content=\"Redacci\u00f3n Aeronoticias\" \/>\n\t<meta name=\"twitter:label2\" content=\"Tiempo de lectura\" \/>\n\t<meta name=\"twitter:data2\" content=\"2 minutos\" \/>\n<script type=\"application\/ld+json\" class=\"yoast-schema-graph\">{\"@context\":\"https:\/\/schema.org\",\"@graph\":[{\"@type\":\"WebPage\",\"@id\":\"https:\/\/aeronoticias.com.pe\/noticiero\/nacionales\/en-diciembre-estaran-de-regreso-al-peru-ultimas-piezas-de-machu-picchu-en-yale\/\",\"url\":\"https:\/\/aeronoticias.com.pe\/noticiero\/nacionales\/en-diciembre-estaran-de-regreso-al-peru-ultimas-piezas-de-machu-picchu-en-yale\/\",\"name\":\"En diciembre estar\u00e1n de regreso al Per\u00fa \u00faltimas piezas de Machu Picchu en Yale\",\"isPartOf\":{\"@id\":\"https:\/\/aeronoticias.com.pe\/noticiero\/#website\"},\"datePublished\":\"2012-10-29T12:15:59+00:00\",\"author\":{\"@id\":\"https:\/\/aeronoticias.com.pe\/noticiero\/#\/schema\/person\/fc1e5d578f4b62ba1cf7ac2bba1170a0\"},\"description\":\"Portal de noticias del Per\u00fa sobre el transporte a\u00e9reo, aviaci\u00f3n, turismo, hoteleria, actualidad.\",\"breadcrumb\":{\"@id\":\"https:\/\/aeronoticias.com.pe\/noticiero\/nacionales\/en-diciembre-estaran-de-regreso-al-peru-ultimas-piezas-de-machu-picchu-en-yale\/#breadcrumb\"},\"inLanguage\":\"es\",\"potentialAction\":[{\"@type\":\"ReadAction\",\"target\":[\"https:\/\/aeronoticias.com.pe\/noticiero\/nacionales\/en-diciembre-estaran-de-regreso-al-peru-ultimas-piezas-de-machu-picchu-en-yale\/\"]}]},{\"@type\":\"BreadcrumbList\",\"@id\":\"https:\/\/aeronoticias.com.pe\/noticiero\/nacionales\/en-diciembre-estaran-de-regreso-al-peru-ultimas-piezas-de-machu-picchu-en-yale\/#breadcrumb\",\"itemListElement\":[{\"@type\":\"ListItem\",\"position\":1,\"name\":\"Portada\",\"item\":\"https:\/\/aeronoticias.com.pe\/noticiero\/\"},{\"@type\":\"ListItem\",\"position\":2,\"name\":\"En diciembre estar\u00e1n de regreso al Per\u00fa \u00faltimas piezas de Machu Picchu en Yale\"}]},{\"@type\":\"WebSite\",\"@id\":\"https:\/\/aeronoticias.com.pe\/noticiero\/#website\",\"url\":\"https:\/\/aeronoticias.com.pe\/noticiero\/\",\"name\":\"Aeronoticias.com.pe\",\"description\":\"Noticias de tranporte aereo, turismo, hoteles, gastronomia, actualidad, internacional\",\"potentialAction\":[{\"@type\":\"SearchAction\",\"target\":{\"@type\":\"EntryPoint\",\"urlTemplate\":\"https:\/\/aeronoticias.com.pe\/noticiero\/?s={search_term_string}\"},\"query-input\":{\"@type\":\"PropertyValueSpecification\",\"valueRequired\":true,\"valueName\":\"search_term_string\"}}],\"inLanguage\":\"es\"},{\"@type\":\"Person\",\"@id\":\"https:\/\/aeronoticias.com.pe\/noticiero\/#\/schema\/person\/fc1e5d578f4b62ba1cf7ac2bba1170a0\",\"name\":\"Redacci\u00f3n Aeronoticias\",\"url\":\"https:\/\/aeronoticias.com.pe\/noticiero\/author\/piloto\/\"}]}<\/script>\n<!-- \/ Yoast SEO plugin. -->","yoast_head_json":{"title":"En diciembre estar\u00e1n de regreso al Per\u00fa \u00faltimas piezas de Machu Picchu en Yale","description":"Portal de noticias del Per\u00fa sobre el transporte a\u00e9reo, aviaci\u00f3n, turismo, hoteleria, actualidad.","robots":{"index":"index","follow":"follow","max-snippet":"max-snippet:-1","max-image-preview":"max-image-preview:large","max-video-preview":"max-video-preview:-1"},"canonical":"https:\/\/aeronoticias.com.pe\/noticiero\/nacionales\/en-diciembre-estaran-de-regreso-al-peru-ultimas-piezas-de-machu-picchu-en-yale\/","og_locale":"es_ES","og_type":"article","og_title":"En diciembre estar\u00e1n de regreso al Per\u00fa \u00faltimas piezas de Machu Picchu en Yale","og_description":"Portal de noticias del Per\u00fa sobre el transporte a\u00e9reo, aviaci\u00f3n, turismo, hoteleria, actualidad.","og_url":"https:\/\/aeronoticias.com.pe\/noticiero\/nacionales\/en-diciembre-estaran-de-regreso-al-peru-ultimas-piezas-de-machu-picchu-en-yale\/","og_site_name":"Aeronoticias.com.pe","article_publisher":"https:\/\/www.facebook.com\/Aeronoticias.com.pe\/","article_published_time":"2012-10-29T12:15:59+00:00","author":"Redacci\u00f3n Aeronoticias","twitter_card":"summary_large_image","twitter_creator":"@aeronoticias","twitter_site":"@aeronoticias","twitter_misc":{"Escrito por":"Redacci\u00f3n Aeronoticias","Tiempo de lectura":"2 minutos"},"schema":{"@context":"https:\/\/schema.org","@graph":[{"@type":"WebPage","@id":"https:\/\/aeronoticias.com.pe\/noticiero\/nacionales\/en-diciembre-estaran-de-regreso-al-peru-ultimas-piezas-de-machu-picchu-en-yale\/","url":"https:\/\/aeronoticias.com.pe\/noticiero\/nacionales\/en-diciembre-estaran-de-regreso-al-peru-ultimas-piezas-de-machu-picchu-en-yale\/","name":"En diciembre estar\u00e1n de regreso al Per\u00fa \u00faltimas piezas de Machu Picchu en Yale","isPartOf":{"@id":"https:\/\/aeronoticias.com.pe\/noticiero\/#website"},"datePublished":"2012-10-29T12:15:59+00:00","author":{"@id":"https:\/\/aeronoticias.com.pe\/noticiero\/#\/schema\/person\/fc1e5d578f4b62ba1cf7ac2bba1170a0"},"description":"Portal de noticias del Per\u00fa sobre el transporte a\u00e9reo, aviaci\u00f3n, turismo, hoteleria, actualidad.","breadcrumb":{"@id":"https:\/\/aeronoticias.com.pe\/noticiero\/nacionales\/en-diciembre-estaran-de-regreso-al-peru-ultimas-piezas-de-machu-picchu-en-yale\/#breadcrumb"},"inLanguage":"es","potentialAction":[{"@type":"ReadAction","target":["https:\/\/aeronoticias.com.pe\/noticiero\/nacionales\/en-diciembre-estaran-de-regreso-al-peru-ultimas-piezas-de-machu-picchu-en-yale\/"]}]},{"@type":"BreadcrumbList","@id":"https:\/\/aeronoticias.com.pe\/noticiero\/nacionales\/en-diciembre-estaran-de-regreso-al-peru-ultimas-piezas-de-machu-picchu-en-yale\/#breadcrumb","itemListElement":[{"@type":"ListItem","position":1,"name":"Portada","item":"https:\/\/aeronoticias.com.pe\/noticiero\/"},{"@type":"ListItem","position":2,"name":"En diciembre estar\u00e1n de regreso al Per\u00fa \u00faltimas piezas de Machu Picchu en Yale"}]},{"@type":"WebSite","@id":"https:\/\/aeronoticias.com.pe\/noticiero\/#website","url":"https:\/\/aeronoticias.com.pe\/noticiero\/","name":"Aeronoticias.com.pe","description":"Noticias de tranporte aereo, turismo, hoteles, gastronomia, actualidad, internacional","potentialAction":[{"@type":"SearchAction","target":{"@type":"EntryPoint","urlTemplate":"https:\/\/aeronoticias.com.pe\/noticiero\/?s={search_term_string}"},"query-input":{"@type":"PropertyValueSpecification","valueRequired":true,"valueName":"search_term_string"}}],"inLanguage":"es"},{"@type":"Person","@id":"https:\/\/aeronoticias.com.pe\/noticiero\/#\/schema\/person\/fc1e5d578f4b62ba1cf7ac2bba1170a0","name":"Redacci\u00f3n Aeronoticias","url":"https:\/\/aeronoticias.com.pe\/noticiero\/author\/piloto\/"}]}},"_links":{"self":[{"href":"https:\/\/aeronoticias.com.pe\/noticiero\/wp-json\/wp\/v2\/posts\/31715","targetHints":{"allow":["GET"]}}],"collection":[{"href":"https:\/\/aeronoticias.com.pe\/noticiero\/wp-json\/wp\/v2\/posts"}],"about":[{"href":"https:\/\/aeronoticias.com.pe\/noticiero\/wp-json\/wp\/v2\/types\/post"}],"author":[{"embeddable":true,"href":"https:\/\/aeronoticias.com.pe\/noticiero\/wp-json\/wp\/v2\/users\/1"}],"replies":[{"embeddable":true,"href":"https:\/\/aeronoticias.com.pe\/noticiero\/wp-json\/wp\/v2\/comments?post=31715"}],"version-history":[{"count":0,"href":"https:\/\/aeronoticias.com.pe\/noticiero\/wp-json\/wp\/v2\/posts\/31715\/revisions"}],"wp:attachment":[{"href":"https:\/\/aeronoticias.com.pe\/noticiero\/wp-json\/wp\/v2\/media?parent=31715"}],"wp:term":[{"taxonomy":"category","embeddable":true,"href":"https:\/\/aeronoticias.com.pe\/noticiero\/wp-json\/wp\/v2\/categories?post=31715"},{"taxonomy":"post_tag","embeddable":true,"href":"https:\/\/aeronoticias.com.pe\/noticiero\/wp-json\/wp\/v2\/tags?post=31715"}],"curies":[{"name":"wp","href":"https:\/\/api.w.org\/{rel}","templated":true}]}}