{"id":31716,"date":"2012-10-29T11:25:24","date_gmt":"2012-10-29T11:25:24","guid":{"rendered":"http:\/\/desarrollo.mcvicious.com\/aero2020\/2012\/10\/29\/alcaldesa-de-lima-asegura-que-operativo-se-coordino-hace-mes-y-medio-con-presidente-humala\/"},"modified":"2012-10-29T11:25:24","modified_gmt":"2012-10-29T11:25:24","slug":"alcaldesa-de-lima-asegura-que-operativo-se-coordino-hace-mes-y-medio-con-presidente-humala","status":"publish","type":"post","link":"https:\/\/aeronoticias.com.pe\/noticiero\/politica\/alcaldesa-de-lima-asegura-que-operativo-se-coordino-hace-mes-y-medio-con-presidente-humala\/","title":{"rendered":"Alcaldesa de Lima  asegura que operativo se coordin\u00f3 hace mes y medio con presidente Humala"},"content":{"rendered":"<p style=\"text-align: justify;\"><strong>(Aeronoticias).-<\/strong>Tras las diversas cr\u00edticas surgidas por los violentos sucesos en el mercado\u00a0 La Parada, la alcaldesa de Lima, Susana Villar\u00e1n, asegur\u00f3 que el operativo en el ex Mercado Mayorista N\u00famero 1 de  La Parada se coordin\u00f3 hace m\u00e1s de mes y medio. La autoridad edil asegur\u00f3 que mantuvo una reuni\u00f3n con el presidente de la Rep\u00fablica, Ollanta Humala.<\/p>\n<p style=\"text-align: justify;\">Villar\u00e1n de la Puente afirm\u00f3 que el jefe de Estado, Ollanta Humala consider\u00f3 que el funcionamiento del nuevo mercado de Santa Anita es fundamental para Lima. Agreg\u00f3 adem\u00e1s que coordin\u00f3 tambi\u00e9n con el premier y el Ministerio del Interior.<\/p>\n<p style=\"text-align: justify;\">Refiri\u00f3 que el gerente de Seguridad Ciudadana, Gabriel Prado, se reuni\u00f3  con el jefe de la S\u00e9ptima Regi\u00f3n Policial y con el Ministerio del  Interior para desarrollar la parte operativa del bloqueo<strong>.<\/strong><\/p>\n<p style=\"text-align: justify;\">\u201cLa  decisi\u00f3n pol\u00edtico-administrativa la asumo yo. Eso es lo que he dicho  p\u00fablicamente: la decisi\u00f3n de que se recupere ese espacio de la ciudad y  que se interrumpa el acceso de los camiones a todas las puertas del  exmercado mayorista\u201d, asegur\u00f3.<\/p>\n<p style=\"text-align: justify;\">Reiter\u00f3 que existen normas que impiden que circulen camiones de carga de tres ejes.<strong> <\/strong>\u201cNo  pueden estacionarse y transitar camiones de tres ejes de determinadas  caracter\u00edsticas en todas las avenidas que conducen a Santa Anita. La PNP  nos respalda de asumir la posici\u00f3n\u201d, destac\u00f3.<\/p>\n<p><img decoding=\"async\" src=\"images\/stories\/12\/10\/291012\/humalavillarn.jpg\" border=\"0\" alt=\"villar\u00e1n\" title=\"villar\u00e1n\" \/><\/p>\n","protected":false},"excerpt":{"rendered":"<p>(Aeronoticias).-Tras las diversas cr\u00edticas surgidas por los violentos sucesos en el mercado\u00a0 La Parada, la alcaldesa de Lima, Susana Villar\u00e1n, asegur\u00f3 que el operativo en el ex Mercado Mayorista N\u00famero 1 de La Parada se coordin\u00f3 hace m\u00e1s de mes y medio. La autoridad edil asegur\u00f3 que mantuvo una reuni\u00f3n con el presidente de la [&hellip;]<\/p>\n","protected":false},"author":1,"featured_media":0,"comment_status":"open","ping_status":"open","sticky":false,"template":"","format":"standard","meta":{"tdm_status":"","tdm_grid_status":"","footnotes":""},"categories":[36],"tags":[],"class_list":{"0":"post-31716","1":"post","2":"type-post","3":"status-publish","4":"format-standard","6":"category-politica"},"yoast_head":"<!-- This site is optimized with the Yoast SEO plugin v25.1 - https:\/\/yoast.com\/wordpress\/plugins\/seo\/ -->\n<title>Alcaldesa de Lima asegura que operativo se coordin\u00f3 hace mes y medio con presidente Humala<\/title>\n<meta name=\"description\" content=\"Portal de noticias del Per\u00fa sobre el transporte a\u00e9reo, aviaci\u00f3n, turismo, hoteleria, actualidad.\" \/>\n<meta name=\"robots\" content=\"index, follow, max-snippet:-1, max-image-preview:large, max-video-preview:-1\" \/>\n<link rel=\"canonical\" href=\"https:\/\/aeronoticias.com.pe\/noticiero\/politica\/alcaldesa-de-lima-asegura-que-operativo-se-coordino-hace-mes-y-medio-con-presidente-humala\/\" \/>\n<meta property=\"og:locale\" content=\"es_ES\" \/>\n<meta property=\"og:type\" content=\"article\" \/>\n<meta property=\"og:title\" content=\"Alcaldesa de Lima asegura que operativo se coordin\u00f3 hace mes y medio con presidente Humala\" \/>\n<meta property=\"og:description\" content=\"Portal de noticias del Per\u00fa sobre el transporte a\u00e9reo, aviaci\u00f3n, turismo, hoteleria, actualidad.\" \/>\n<meta property=\"og:url\" content=\"https:\/\/aeronoticias.com.pe\/noticiero\/politica\/alcaldesa-de-lima-asegura-que-operativo-se-coordino-hace-mes-y-medio-con-presidente-humala\/\" \/>\n<meta property=\"og:site_name\" content=\"Aeronoticias.com.pe\" \/>\n<meta property=\"article:publisher\" content=\"https:\/\/www.facebook.com\/Aeronoticias.com.pe\/\" \/>\n<meta property=\"article:published_time\" content=\"2012-10-29T11:25:24+00:00\" \/>\n<meta name=\"author\" content=\"Redacci\u00f3n Aeronoticias\" \/>\n<meta name=\"twitter:card\" content=\"summary_large_image\" \/>\n<meta name=\"twitter:creator\" content=\"@aeronoticias\" \/>\n<meta name=\"twitter:site\" content=\"@aeronoticias\" \/>\n<meta name=\"twitter:label1\" content=\"Escrito por\" \/>\n\t<meta name=\"twitter:data1\" content=\"Redacci\u00f3n Aeronoticias\" \/>\n\t<meta name=\"twitter:label2\" content=\"Tiempo de lectura\" \/>\n\t<meta name=\"twitter:data2\" content=\"1 minuto\" \/>\n<script type=\"application\/ld+json\" class=\"yoast-schema-graph\">{\"@context\":\"https:\/\/schema.org\",\"@graph\":[{\"@type\":\"WebPage\",\"@id\":\"https:\/\/aeronoticias.com.pe\/noticiero\/politica\/alcaldesa-de-lima-asegura-que-operativo-se-coordino-hace-mes-y-medio-con-presidente-humala\/\",\"url\":\"https:\/\/aeronoticias.com.pe\/noticiero\/politica\/alcaldesa-de-lima-asegura-que-operativo-se-coordino-hace-mes-y-medio-con-presidente-humala\/\",\"name\":\"Alcaldesa de Lima asegura que operativo se coordin\u00f3 hace mes y medio con presidente Humala\",\"isPartOf\":{\"@id\":\"https:\/\/aeronoticias.com.pe\/noticiero\/#website\"},\"datePublished\":\"2012-10-29T11:25:24+00:00\",\"author\":{\"@id\":\"https:\/\/aeronoticias.com.pe\/noticiero\/#\/schema\/person\/fc1e5d578f4b62ba1cf7ac2bba1170a0\"},\"description\":\"Portal de noticias del Per\u00fa sobre el transporte a\u00e9reo, aviaci\u00f3n, turismo, hoteleria, actualidad.\",\"breadcrumb\":{\"@id\":\"https:\/\/aeronoticias.com.pe\/noticiero\/politica\/alcaldesa-de-lima-asegura-que-operativo-se-coordino-hace-mes-y-medio-con-presidente-humala\/#breadcrumb\"},\"inLanguage\":\"es\",\"potentialAction\":[{\"@type\":\"ReadAction\",\"target\":[\"https:\/\/aeronoticias.com.pe\/noticiero\/politica\/alcaldesa-de-lima-asegura-que-operativo-se-coordino-hace-mes-y-medio-con-presidente-humala\/\"]}]},{\"@type\":\"BreadcrumbList\",\"@id\":\"https:\/\/aeronoticias.com.pe\/noticiero\/politica\/alcaldesa-de-lima-asegura-que-operativo-se-coordino-hace-mes-y-medio-con-presidente-humala\/#breadcrumb\",\"itemListElement\":[{\"@type\":\"ListItem\",\"position\":1,\"name\":\"Portada\",\"item\":\"https:\/\/aeronoticias.com.pe\/noticiero\/\"},{\"@type\":\"ListItem\",\"position\":2,\"name\":\"Alcaldesa de Lima asegura que operativo se coordin\u00f3 hace mes y medio con presidente Humala\"}]},{\"@type\":\"WebSite\",\"@id\":\"https:\/\/aeronoticias.com.pe\/noticiero\/#website\",\"url\":\"https:\/\/aeronoticias.com.pe\/noticiero\/\",\"name\":\"Aeronoticias.com.pe\",\"description\":\"Noticias de tranporte aereo, turismo, hoteles, gastronomia, actualidad, internacional\",\"potentialAction\":[{\"@type\":\"SearchAction\",\"target\":{\"@type\":\"EntryPoint\",\"urlTemplate\":\"https:\/\/aeronoticias.com.pe\/noticiero\/?s={search_term_string}\"},\"query-input\":{\"@type\":\"PropertyValueSpecification\",\"valueRequired\":true,\"valueName\":\"search_term_string\"}}],\"inLanguage\":\"es\"},{\"@type\":\"Person\",\"@id\":\"https:\/\/aeronoticias.com.pe\/noticiero\/#\/schema\/person\/fc1e5d578f4b62ba1cf7ac2bba1170a0\",\"name\":\"Redacci\u00f3n Aeronoticias\",\"url\":\"https:\/\/aeronoticias.com.pe\/noticiero\/author\/piloto\/\"}]}<\/script>\n<!-- \/ Yoast SEO plugin. -->","yoast_head_json":{"title":"Alcaldesa de Lima asegura que operativo se coordin\u00f3 hace mes y medio con presidente Humala","description":"Portal de noticias del Per\u00fa sobre el transporte a\u00e9reo, aviaci\u00f3n, turismo, hoteleria, actualidad.","robots":{"index":"index","follow":"follow","max-snippet":"max-snippet:-1","max-image-preview":"max-image-preview:large","max-video-preview":"max-video-preview:-1"},"canonical":"https:\/\/aeronoticias.com.pe\/noticiero\/politica\/alcaldesa-de-lima-asegura-que-operativo-se-coordino-hace-mes-y-medio-con-presidente-humala\/","og_locale":"es_ES","og_type":"article","og_title":"Alcaldesa de Lima asegura que operativo se coordin\u00f3 hace mes y medio con presidente Humala","og_description":"Portal de noticias del Per\u00fa sobre el transporte a\u00e9reo, aviaci\u00f3n, turismo, hoteleria, actualidad.","og_url":"https:\/\/aeronoticias.com.pe\/noticiero\/politica\/alcaldesa-de-lima-asegura-que-operativo-se-coordino-hace-mes-y-medio-con-presidente-humala\/","og_site_name":"Aeronoticias.com.pe","article_publisher":"https:\/\/www.facebook.com\/Aeronoticias.com.pe\/","article_published_time":"2012-10-29T11:25:24+00:00","author":"Redacci\u00f3n Aeronoticias","twitter_card":"summary_large_image","twitter_creator":"@aeronoticias","twitter_site":"@aeronoticias","twitter_misc":{"Escrito por":"Redacci\u00f3n Aeronoticias","Tiempo de lectura":"1 minuto"},"schema":{"@context":"https:\/\/schema.org","@graph":[{"@type":"WebPage","@id":"https:\/\/aeronoticias.com.pe\/noticiero\/politica\/alcaldesa-de-lima-asegura-que-operativo-se-coordino-hace-mes-y-medio-con-presidente-humala\/","url":"https:\/\/aeronoticias.com.pe\/noticiero\/politica\/alcaldesa-de-lima-asegura-que-operativo-se-coordino-hace-mes-y-medio-con-presidente-humala\/","name":"Alcaldesa de Lima asegura que operativo se coordin\u00f3 hace mes y medio con presidente Humala","isPartOf":{"@id":"https:\/\/aeronoticias.com.pe\/noticiero\/#website"},"datePublished":"2012-10-29T11:25:24+00:00","author":{"@id":"https:\/\/aeronoticias.com.pe\/noticiero\/#\/schema\/person\/fc1e5d578f4b62ba1cf7ac2bba1170a0"},"description":"Portal de noticias del Per\u00fa sobre el transporte a\u00e9reo, aviaci\u00f3n, turismo, hoteleria, actualidad.","breadcrumb":{"@id":"https:\/\/aeronoticias.com.pe\/noticiero\/politica\/alcaldesa-de-lima-asegura-que-operativo-se-coordino-hace-mes-y-medio-con-presidente-humala\/#breadcrumb"},"inLanguage":"es","potentialAction":[{"@type":"ReadAction","target":["https:\/\/aeronoticias.com.pe\/noticiero\/politica\/alcaldesa-de-lima-asegura-que-operativo-se-coordino-hace-mes-y-medio-con-presidente-humala\/"]}]},{"@type":"BreadcrumbList","@id":"https:\/\/aeronoticias.com.pe\/noticiero\/politica\/alcaldesa-de-lima-asegura-que-operativo-se-coordino-hace-mes-y-medio-con-presidente-humala\/#breadcrumb","itemListElement":[{"@type":"ListItem","position":1,"name":"Portada","item":"https:\/\/aeronoticias.com.pe\/noticiero\/"},{"@type":"ListItem","position":2,"name":"Alcaldesa de Lima asegura que operativo se coordin\u00f3 hace mes y medio con presidente Humala"}]},{"@type":"WebSite","@id":"https:\/\/aeronoticias.com.pe\/noticiero\/#website","url":"https:\/\/aeronoticias.com.pe\/noticiero\/","name":"Aeronoticias.com.pe","description":"Noticias de tranporte aereo, turismo, hoteles, gastronomia, actualidad, internacional","potentialAction":[{"@type":"SearchAction","target":{"@type":"EntryPoint","urlTemplate":"https:\/\/aeronoticias.com.pe\/noticiero\/?s={search_term_string}"},"query-input":{"@type":"PropertyValueSpecification","valueRequired":true,"valueName":"search_term_string"}}],"inLanguage":"es"},{"@type":"Person","@id":"https:\/\/aeronoticias.com.pe\/noticiero\/#\/schema\/person\/fc1e5d578f4b62ba1cf7ac2bba1170a0","name":"Redacci\u00f3n Aeronoticias","url":"https:\/\/aeronoticias.com.pe\/noticiero\/author\/piloto\/"}]}},"_links":{"self":[{"href":"https:\/\/aeronoticias.com.pe\/noticiero\/wp-json\/wp\/v2\/posts\/31716","targetHints":{"allow":["GET"]}}],"collection":[{"href":"https:\/\/aeronoticias.com.pe\/noticiero\/wp-json\/wp\/v2\/posts"}],"about":[{"href":"https:\/\/aeronoticias.com.pe\/noticiero\/wp-json\/wp\/v2\/types\/post"}],"author":[{"embeddable":true,"href":"https:\/\/aeronoticias.com.pe\/noticiero\/wp-json\/wp\/v2\/users\/1"}],"replies":[{"embeddable":true,"href":"https:\/\/aeronoticias.com.pe\/noticiero\/wp-json\/wp\/v2\/comments?post=31716"}],"version-history":[{"count":0,"href":"https:\/\/aeronoticias.com.pe\/noticiero\/wp-json\/wp\/v2\/posts\/31716\/revisions"}],"wp:attachment":[{"href":"https:\/\/aeronoticias.com.pe\/noticiero\/wp-json\/wp\/v2\/media?parent=31716"}],"wp:term":[{"taxonomy":"category","embeddable":true,"href":"https:\/\/aeronoticias.com.pe\/noticiero\/wp-json\/wp\/v2\/categories?post=31716"},{"taxonomy":"post_tag","embeddable":true,"href":"https:\/\/aeronoticias.com.pe\/noticiero\/wp-json\/wp\/v2\/tags?post=31716"}],"curies":[{"name":"wp","href":"https:\/\/api.w.org\/{rel}","templated":true}]}}