{"id":31718,"date":"2012-10-29T13:46:34","date_gmt":"2012-10-29T13:46:34","guid":{"rendered":"http:\/\/desarrollo.mcvicious.com\/aero2020\/2012\/10\/29\/ministro-del-interior-asume-parte-de-responsabilidad-por-hechos-violentos-en-la-parada\/"},"modified":"2012-10-29T13:46:34","modified_gmt":"2012-10-29T13:46:34","slug":"ministro-del-interior-asume-parte-de-responsabilidad-por-hechos-violentos-en-la-parada","status":"publish","type":"post","link":"https:\/\/aeronoticias.com.pe\/noticiero\/49\/ministro-del-interior-asume-parte-de-responsabilidad-por-hechos-violentos-en-la-parada\/","title":{"rendered":"Ministro del Interior asume parte de responsabilidad por hechos violentos en La Parada"},"content":{"rendered":"<p style=\"text-align: justify;\"><strong>(Aeronoticias).-<\/strong>El titular del Interior, Wilfredo Pedraza<strong> <\/strong>asumi\u00f3 parte de la responsabilidad por la violencia desatada en el exmercado mayorista La Parada<strong>, <\/strong>tras reconocer que la Polic\u00eda fue desbordada por los v\u00e1ndalos que se les enfrentaron el jueves \u00faltimo.<strong><br \/><\/strong><\/p>\n<p style=\"text-align: justify;\">\u00abSe estim\u00f3 que el n\u00famero de participantes u oponentes iba a estar relacionado a comerciantes y estibadores. No se previ\u00f3 que un gran n\u00famero de delincuentes se iban a plegar en ese proceso y por eso la Polic\u00eda fue desbordada\u00bb, manifest\u00f3 en di\u00e1logo con una emisora local. <\/p>\n<p>Sin embargo,\u00a0 el ministro Pedraza dijo que s\u00ed se realiz\u00f3 un trabajo previo de inteligencia. <\/p>\n<p><strong>\u00ab<\/strong>En  su momento haremos la evaluaci\u00f3n interna y tomaremos las decisiones pertinentes. Y por supuesto yo tambi\u00e9n como corresponde asumo la  responsabilidad que en esa parte me toca\u00bb, sostuvo. <\/p>\n<p>El  titular del Interior remarc\u00f3 que en la primera intervenci\u00f3n \u00abse vio una  Polic\u00eda mal equipada\u00bb, por lo que para el operativo de ayer s\u00e1bado se  abasteci\u00f3 a los efectivos con m\u00e1s equipos. <\/p>\n<p>\u00abSin duda vamos a revisar la planificaci\u00f3n y corregir para que una situaci\u00f3n como esa no vuelva a ocurrir nunca m\u00e1s\u00bb, se\u00f1al\u00f3. <\/p>\n<p>Explic\u00f3 que la Polic\u00eda se encuentra en un proceso de equipamiento importante y  adelant\u00f3 que se comprar\u00e1n 10 mil equipos tipo \u00abRobocop\u00bb. <\/p>\n<p> Pedraza inform\u00f3 que su sector ha iniciado una investigaci\u00f3n para dar con los responsables de la presunta contrataci\u00f3n de los \u00abmatones<strong>\u00ab<\/strong> que efectuaron actos vand\u00e1licos en La Parada y\u00a0 agredieron a personal policial, e incluso saquearon el emporio comercial Gamarra, perjudicando a varios comerciantes.<\/p>\n<p>Indic\u00f3  que a la par se investiga de forma individualizada los antecedentes de  los sujetos que se enfrentaron y maltrataron a las fuerzas del orden. <\/p>\n<p>\u00abHemos  iniciado una investigaci\u00f3n no solo individualizada de los sujetos que  se enfrentaron y maltrataron a la Polic\u00eda sino de aquellas presuntas  responsabilidades relacionadas al contrato de matones\u00bb, asegur\u00f3 a una emisora local.<\/p>\n<p>Acot\u00f3 que dichas indagaciones  culminar\u00e1n dentro de pocos d\u00edas y una vez halladas las responsabilidades  se har\u00e1n las denuncias que correspondan. <\/p>\n<p>Coment\u00f3 que de los 101 detenidos, 6 son menores de edad.\u00a0 Precis\u00f3\u00a0 tambi\u00e9n que el 60% de los delincuentes tiene antecedentes por  robo, lesiones y por micro comercializaci\u00f3n de drogas. <\/p>\n<p>A\u00f1adi\u00f3  que entre los intervenidos figura uno de los que particip\u00f3 en la brutal  agresi\u00f3n al suboficial de tercera Percy Huamancaja Meza (30), de la  Polic\u00eda montada.<\/p>\n<p>Respecto a\u00a0 la denuncia de la vocera de los comerciantes de La Parada, Margarita Valladolid, quien dijo ser v\u00edctima de amenazas de muerte<strong>,<\/strong> el ministro refiri\u00f3 que la dirigenta a\u00fan no ha solicitado formalmente garant\u00edas para su vida. <br \/><img decoding=\"async\" src=\"images\/stories\/12\/10\/291012\/pedrazainterior.jpg\" border=\"0\" alt=\"pedraza\" title=\"pedraza\" \/><\/p>\n","protected":false},"excerpt":{"rendered":"<p>(Aeronoticias).-El titular del Interior, Wilfredo Pedraza asumi\u00f3 parte de la responsabilidad por la violencia desatada en el exmercado mayorista La Parada, tras reconocer que la Polic\u00eda fue desbordada por los v\u00e1ndalos que se les enfrentaron el jueves \u00faltimo. \u00abSe estim\u00f3 que el n\u00famero de participantes u oponentes iba a estar relacionado a comerciantes y estibadores. [&hellip;]<\/p>\n","protected":false},"author":1,"featured_media":0,"comment_status":"open","ping_status":"open","sticky":false,"template":"","format":"standard","meta":{"tdm_status":"","tdm_grid_status":"","footnotes":""},"categories":[39],"tags":[],"class_list":{"0":"post-31718","1":"post","2":"type-post","3":"status-publish","4":"format-standard","6":"category-39"},"yoast_head":"<!-- This site is optimized with the Yoast SEO plugin v25.1 - https:\/\/yoast.com\/wordpress\/plugins\/seo\/ -->\n<title>Ministro del Interior asume parte de responsabilidad por hechos violentos en La Parada<\/title>\n<meta name=\"description\" content=\"Portal de noticias del Per\u00fa sobre el transporte a\u00e9reo, aviaci\u00f3n, turismo, hoteleria, actualidad.\" \/>\n<meta name=\"robots\" content=\"index, follow, max-snippet:-1, max-image-preview:large, max-video-preview:-1\" \/>\n<link rel=\"canonical\" href=\"https:\/\/aeronoticias.com.pe\/noticiero\/49\/ministro-del-interior-asume-parte-de-responsabilidad-por-hechos-violentos-en-la-parada\/\" \/>\n<meta property=\"og:locale\" content=\"es_ES\" \/>\n<meta property=\"og:type\" content=\"article\" \/>\n<meta property=\"og:title\" content=\"Ministro del Interior asume parte de responsabilidad por hechos violentos en La Parada\" \/>\n<meta property=\"og:description\" content=\"Portal de noticias del Per\u00fa sobre el transporte a\u00e9reo, aviaci\u00f3n, turismo, hoteleria, actualidad.\" \/>\n<meta property=\"og:url\" content=\"https:\/\/aeronoticias.com.pe\/noticiero\/49\/ministro-del-interior-asume-parte-de-responsabilidad-por-hechos-violentos-en-la-parada\/\" \/>\n<meta property=\"og:site_name\" content=\"Aeronoticias.com.pe\" \/>\n<meta property=\"article:publisher\" content=\"https:\/\/www.facebook.com\/Aeronoticias.com.pe\/\" \/>\n<meta property=\"article:published_time\" content=\"2012-10-29T13:46:34+00:00\" \/>\n<meta name=\"author\" content=\"Redacci\u00f3n Aeronoticias\" \/>\n<meta name=\"twitter:card\" content=\"summary_large_image\" \/>\n<meta name=\"twitter:creator\" content=\"@aeronoticias\" \/>\n<meta name=\"twitter:site\" content=\"@aeronoticias\" \/>\n<meta name=\"twitter:label1\" content=\"Escrito por\" \/>\n\t<meta name=\"twitter:data1\" content=\"Redacci\u00f3n Aeronoticias\" \/>\n\t<meta name=\"twitter:label2\" content=\"Tiempo de lectura\" \/>\n\t<meta name=\"twitter:data2\" content=\"2 minutos\" \/>\n<script type=\"application\/ld+json\" class=\"yoast-schema-graph\">{\"@context\":\"https:\/\/schema.org\",\"@graph\":[{\"@type\":\"WebPage\",\"@id\":\"https:\/\/aeronoticias.com.pe\/noticiero\/49\/ministro-del-interior-asume-parte-de-responsabilidad-por-hechos-violentos-en-la-parada\/\",\"url\":\"https:\/\/aeronoticias.com.pe\/noticiero\/49\/ministro-del-interior-asume-parte-de-responsabilidad-por-hechos-violentos-en-la-parada\/\",\"name\":\"Ministro del Interior asume parte de responsabilidad por hechos violentos en La Parada\",\"isPartOf\":{\"@id\":\"https:\/\/aeronoticias.com.pe\/noticiero\/#website\"},\"datePublished\":\"2012-10-29T13:46:34+00:00\",\"author\":{\"@id\":\"https:\/\/aeronoticias.com.pe\/noticiero\/#\/schema\/person\/fc1e5d578f4b62ba1cf7ac2bba1170a0\"},\"description\":\"Portal de noticias del Per\u00fa sobre el transporte a\u00e9reo, aviaci\u00f3n, turismo, hoteleria, actualidad.\",\"breadcrumb\":{\"@id\":\"https:\/\/aeronoticias.com.pe\/noticiero\/49\/ministro-del-interior-asume-parte-de-responsabilidad-por-hechos-violentos-en-la-parada\/#breadcrumb\"},\"inLanguage\":\"es\",\"potentialAction\":[{\"@type\":\"ReadAction\",\"target\":[\"https:\/\/aeronoticias.com.pe\/noticiero\/49\/ministro-del-interior-asume-parte-de-responsabilidad-por-hechos-violentos-en-la-parada\/\"]}]},{\"@type\":\"BreadcrumbList\",\"@id\":\"https:\/\/aeronoticias.com.pe\/noticiero\/49\/ministro-del-interior-asume-parte-de-responsabilidad-por-hechos-violentos-en-la-parada\/#breadcrumb\",\"itemListElement\":[{\"@type\":\"ListItem\",\"position\":1,\"name\":\"Portada\",\"item\":\"https:\/\/aeronoticias.com.pe\/noticiero\/\"},{\"@type\":\"ListItem\",\"position\":2,\"name\":\"Ministro del Interior asume parte de responsabilidad por hechos violentos en La Parada\"}]},{\"@type\":\"WebSite\",\"@id\":\"https:\/\/aeronoticias.com.pe\/noticiero\/#website\",\"url\":\"https:\/\/aeronoticias.com.pe\/noticiero\/\",\"name\":\"Aeronoticias.com.pe\",\"description\":\"Noticias de tranporte aereo, turismo, hoteles, gastronomia, actualidad, internacional\",\"potentialAction\":[{\"@type\":\"SearchAction\",\"target\":{\"@type\":\"EntryPoint\",\"urlTemplate\":\"https:\/\/aeronoticias.com.pe\/noticiero\/?s={search_term_string}\"},\"query-input\":{\"@type\":\"PropertyValueSpecification\",\"valueRequired\":true,\"valueName\":\"search_term_string\"}}],\"inLanguage\":\"es\"},{\"@type\":\"Person\",\"@id\":\"https:\/\/aeronoticias.com.pe\/noticiero\/#\/schema\/person\/fc1e5d578f4b62ba1cf7ac2bba1170a0\",\"name\":\"Redacci\u00f3n Aeronoticias\",\"url\":\"https:\/\/aeronoticias.com.pe\/noticiero\/author\/piloto\/\"}]}<\/script>\n<!-- \/ Yoast SEO plugin. -->","yoast_head_json":{"title":"Ministro del Interior asume parte de responsabilidad por hechos violentos en La Parada","description":"Portal de noticias del Per\u00fa sobre el transporte a\u00e9reo, aviaci\u00f3n, turismo, hoteleria, actualidad.","robots":{"index":"index","follow":"follow","max-snippet":"max-snippet:-1","max-image-preview":"max-image-preview:large","max-video-preview":"max-video-preview:-1"},"canonical":"https:\/\/aeronoticias.com.pe\/noticiero\/49\/ministro-del-interior-asume-parte-de-responsabilidad-por-hechos-violentos-en-la-parada\/","og_locale":"es_ES","og_type":"article","og_title":"Ministro del Interior asume parte de responsabilidad por hechos violentos en La Parada","og_description":"Portal de noticias del Per\u00fa sobre el transporte a\u00e9reo, aviaci\u00f3n, turismo, hoteleria, actualidad.","og_url":"https:\/\/aeronoticias.com.pe\/noticiero\/49\/ministro-del-interior-asume-parte-de-responsabilidad-por-hechos-violentos-en-la-parada\/","og_site_name":"Aeronoticias.com.pe","article_publisher":"https:\/\/www.facebook.com\/Aeronoticias.com.pe\/","article_published_time":"2012-10-29T13:46:34+00:00","author":"Redacci\u00f3n Aeronoticias","twitter_card":"summary_large_image","twitter_creator":"@aeronoticias","twitter_site":"@aeronoticias","twitter_misc":{"Escrito por":"Redacci\u00f3n Aeronoticias","Tiempo de lectura":"2 minutos"},"schema":{"@context":"https:\/\/schema.org","@graph":[{"@type":"WebPage","@id":"https:\/\/aeronoticias.com.pe\/noticiero\/49\/ministro-del-interior-asume-parte-de-responsabilidad-por-hechos-violentos-en-la-parada\/","url":"https:\/\/aeronoticias.com.pe\/noticiero\/49\/ministro-del-interior-asume-parte-de-responsabilidad-por-hechos-violentos-en-la-parada\/","name":"Ministro del Interior asume parte de responsabilidad por hechos violentos en La Parada","isPartOf":{"@id":"https:\/\/aeronoticias.com.pe\/noticiero\/#website"},"datePublished":"2012-10-29T13:46:34+00:00","author":{"@id":"https:\/\/aeronoticias.com.pe\/noticiero\/#\/schema\/person\/fc1e5d578f4b62ba1cf7ac2bba1170a0"},"description":"Portal de noticias del Per\u00fa sobre el transporte a\u00e9reo, aviaci\u00f3n, turismo, hoteleria, actualidad.","breadcrumb":{"@id":"https:\/\/aeronoticias.com.pe\/noticiero\/49\/ministro-del-interior-asume-parte-de-responsabilidad-por-hechos-violentos-en-la-parada\/#breadcrumb"},"inLanguage":"es","potentialAction":[{"@type":"ReadAction","target":["https:\/\/aeronoticias.com.pe\/noticiero\/49\/ministro-del-interior-asume-parte-de-responsabilidad-por-hechos-violentos-en-la-parada\/"]}]},{"@type":"BreadcrumbList","@id":"https:\/\/aeronoticias.com.pe\/noticiero\/49\/ministro-del-interior-asume-parte-de-responsabilidad-por-hechos-violentos-en-la-parada\/#breadcrumb","itemListElement":[{"@type":"ListItem","position":1,"name":"Portada","item":"https:\/\/aeronoticias.com.pe\/noticiero\/"},{"@type":"ListItem","position":2,"name":"Ministro del Interior asume parte de responsabilidad por hechos violentos en La Parada"}]},{"@type":"WebSite","@id":"https:\/\/aeronoticias.com.pe\/noticiero\/#website","url":"https:\/\/aeronoticias.com.pe\/noticiero\/","name":"Aeronoticias.com.pe","description":"Noticias de tranporte aereo, turismo, hoteles, gastronomia, actualidad, internacional","potentialAction":[{"@type":"SearchAction","target":{"@type":"EntryPoint","urlTemplate":"https:\/\/aeronoticias.com.pe\/noticiero\/?s={search_term_string}"},"query-input":{"@type":"PropertyValueSpecification","valueRequired":true,"valueName":"search_term_string"}}],"inLanguage":"es"},{"@type":"Person","@id":"https:\/\/aeronoticias.com.pe\/noticiero\/#\/schema\/person\/fc1e5d578f4b62ba1cf7ac2bba1170a0","name":"Redacci\u00f3n Aeronoticias","url":"https:\/\/aeronoticias.com.pe\/noticiero\/author\/piloto\/"}]}},"_links":{"self":[{"href":"https:\/\/aeronoticias.com.pe\/noticiero\/wp-json\/wp\/v2\/posts\/31718","targetHints":{"allow":["GET"]}}],"collection":[{"href":"https:\/\/aeronoticias.com.pe\/noticiero\/wp-json\/wp\/v2\/posts"}],"about":[{"href":"https:\/\/aeronoticias.com.pe\/noticiero\/wp-json\/wp\/v2\/types\/post"}],"author":[{"embeddable":true,"href":"https:\/\/aeronoticias.com.pe\/noticiero\/wp-json\/wp\/v2\/users\/1"}],"replies":[{"embeddable":true,"href":"https:\/\/aeronoticias.com.pe\/noticiero\/wp-json\/wp\/v2\/comments?post=31718"}],"version-history":[{"count":0,"href":"https:\/\/aeronoticias.com.pe\/noticiero\/wp-json\/wp\/v2\/posts\/31718\/revisions"}],"wp:attachment":[{"href":"https:\/\/aeronoticias.com.pe\/noticiero\/wp-json\/wp\/v2\/media?parent=31718"}],"wp:term":[{"taxonomy":"category","embeddable":true,"href":"https:\/\/aeronoticias.com.pe\/noticiero\/wp-json\/wp\/v2\/categories?post=31718"},{"taxonomy":"post_tag","embeddable":true,"href":"https:\/\/aeronoticias.com.pe\/noticiero\/wp-json\/wp\/v2\/tags?post=31718"}],"curies":[{"name":"wp","href":"https:\/\/api.w.org\/{rel}","templated":true}]}}