{"id":31723,"date":"2012-10-29T13:11:59","date_gmt":"2012-10-29T13:11:59","guid":{"rendered":"http:\/\/desarrollo.mcvicious.com\/aero2020\/2012\/10\/29\/principales-tour-operadores-internacionales-evaluan-seguridad-de-lima\/"},"modified":"2012-10-29T13:11:59","modified_gmt":"2012-10-29T13:11:59","slug":"principales-tour-operadores-internacionales-evaluan-seguridad-de-lima","status":"publish","type":"post","link":"https:\/\/aeronoticias.com.pe\/noticiero\/nacionales\/principales-tour-operadores-internacionales-evaluan-seguridad-de-lima\/","title":{"rendered":"Principales Tour Operadores Internacionales eval\u00faan seguridad de Lima"},"content":{"rendered":"<p style=\"text-align: justify;\"><strong>(Aeronoticias).-<\/strong> Los actos de violencia acaecidos en la zona de La Parada con un saldo de cuatro muertos y m\u00e1s de 100 detenidos, as\u00ed como m\u00e1s de un mill\u00f3n de soles en p\u00e9rdidas materiales, han conllevado a los tour operadores internacionales eval\u00faen a Lima y sus actuales condiciones de seguridad a fin de establecer una advertencia o \u201cwarning\u201d a sus viajeros que desean ir al Per\u00fa.<\/p>\n<p>El Presidente de la C\u00e1mara Nacional de Turismo, Carlos Canales Anchorena manifest\u00f3 que la ciudad de Lima viene siendo monitoreada por los principales tour operadores internacionales \u201cpara saber si tienen que ponerle un \u00b4warning\u00b4 (advertencia) y cancelar el destino\u201d para los turistas extranjeros.<\/p>\n<p>  <!--more-->  <\/p>\n<p style=\"text-align: justify;\">\u201cA ese nivel de inseguridad nos han conducido los \u00faltimos hechos acontecidos en La Victoria. Estamos siendo observados por los principales operadores, porque los riesgos que se tendr\u00edan son muy grandes\u201d, manifest\u00f3 el dirigente gremial.<\/p>\n<p>Agreg\u00f3 que las im\u00e1genes vistas y transmitidas al exterior \u201cson im\u00e1genes de violencia similares en los pa\u00edses \u00e1rabes\u201d.<\/p>\n<p>\u201cNo hay ninguna diferencia al respecto. Las im\u00e1genes han sido de violencia, salvajismo extremo y no hubo respeto a la autoridad policial. Los delincuentes comunes, mostrando armas, han generado una inestabilidad en la imagen de nuestra ciudad\u201d, se\u00f1al\u00f3.<\/p>\n<p>Al respecto, Canales Anchorena exigi\u00f3 al gobierno sanciones dr\u00e1sticas ejemplares a aquellos delincuentes que han cometido los actos vand\u00e1licos contra la autoridad y sociedad civil.<\/p>\n<p>Finalmente, el titular de CANATUR invoc\u00f3 a todos los comerciantes a reubicarse al nuevo mercado de abastos de Santa Anita a fin que la autoridad policial consolide la paz social en esa zona (La Parada y Cerro san Cosme) que fuera dominada por la delincuencia com\u00fan.<\/p>\n<p style=\"text-align: justify;\"><img decoding=\"async\" class=\"caption\" src=\"images\/stories\/12\/10\/291012\/carlos_canales_canatur.jpg\" border=\"0\" alt=\"Principales Tour Operadores Internacionales eval\u00faan seguridad de Lima\" title=\"Principales Tour Operadores Internacionales eval\u00faan seguridad de Lima\" \/><\/p>\n","protected":false},"excerpt":{"rendered":"<p>(Aeronoticias).- Los actos de violencia acaecidos en la zona de La Parada con un saldo de cuatro muertos y m\u00e1s de 100 detenidos, as\u00ed como m\u00e1s de un mill\u00f3n de soles en p\u00e9rdidas materiales, han conllevado a los tour operadores internacionales eval\u00faen a Lima y sus actuales condiciones de seguridad a fin de establecer una [&hellip;]<\/p>\n","protected":false},"author":1,"featured_media":0,"comment_status":"open","ping_status":"open","sticky":false,"template":"","format":"standard","meta":{"tdm_status":"","tdm_grid_status":"","footnotes":""},"categories":[38],"tags":[],"class_list":{"0":"post-31723","1":"post","2":"type-post","3":"status-publish","4":"format-standard","6":"category-nacionales"},"yoast_head":"<!-- This site is optimized with the Yoast SEO plugin v25.1 - https:\/\/yoast.com\/wordpress\/plugins\/seo\/ -->\n<title>Principales Tour Operadores Internacionales eval\u00faan seguridad de Lima<\/title>\n<meta name=\"description\" content=\"Portal de noticias del Per\u00fa sobre el transporte a\u00e9reo, aviaci\u00f3n, turismo, hoteleria, actualidad.\" \/>\n<meta name=\"robots\" content=\"index, follow, max-snippet:-1, max-image-preview:large, max-video-preview:-1\" \/>\n<link rel=\"canonical\" href=\"https:\/\/aeronoticias.com.pe\/noticiero\/nacionales\/principales-tour-operadores-internacionales-evaluan-seguridad-de-lima\/\" \/>\n<meta property=\"og:locale\" content=\"es_ES\" \/>\n<meta property=\"og:type\" content=\"article\" \/>\n<meta property=\"og:title\" content=\"Principales Tour Operadores Internacionales eval\u00faan seguridad de Lima\" \/>\n<meta property=\"og:description\" content=\"Portal de noticias del Per\u00fa sobre el transporte a\u00e9reo, aviaci\u00f3n, turismo, hoteleria, actualidad.\" \/>\n<meta property=\"og:url\" content=\"https:\/\/aeronoticias.com.pe\/noticiero\/nacionales\/principales-tour-operadores-internacionales-evaluan-seguridad-de-lima\/\" \/>\n<meta property=\"og:site_name\" content=\"Aeronoticias.com.pe\" \/>\n<meta property=\"article:publisher\" content=\"https:\/\/www.facebook.com\/Aeronoticias.com.pe\/\" \/>\n<meta property=\"article:published_time\" content=\"2012-10-29T13:11:59+00:00\" \/>\n<meta name=\"author\" content=\"Redacci\u00f3n Aeronoticias\" \/>\n<meta name=\"twitter:card\" content=\"summary_large_image\" \/>\n<meta name=\"twitter:creator\" content=\"@aeronoticias\" \/>\n<meta name=\"twitter:site\" content=\"@aeronoticias\" \/>\n<meta name=\"twitter:label1\" content=\"Escrito por\" \/>\n\t<meta name=\"twitter:data1\" content=\"Redacci\u00f3n Aeronoticias\" \/>\n\t<meta name=\"twitter:label2\" content=\"Tiempo de lectura\" \/>\n\t<meta name=\"twitter:data2\" content=\"1 minuto\" \/>\n<script type=\"application\/ld+json\" class=\"yoast-schema-graph\">{\"@context\":\"https:\/\/schema.org\",\"@graph\":[{\"@type\":\"WebPage\",\"@id\":\"https:\/\/aeronoticias.com.pe\/noticiero\/nacionales\/principales-tour-operadores-internacionales-evaluan-seguridad-de-lima\/\",\"url\":\"https:\/\/aeronoticias.com.pe\/noticiero\/nacionales\/principales-tour-operadores-internacionales-evaluan-seguridad-de-lima\/\",\"name\":\"Principales Tour Operadores Internacionales eval\u00faan seguridad de Lima\",\"isPartOf\":{\"@id\":\"https:\/\/aeronoticias.com.pe\/noticiero\/#website\"},\"datePublished\":\"2012-10-29T13:11:59+00:00\",\"author\":{\"@id\":\"https:\/\/aeronoticias.com.pe\/noticiero\/#\/schema\/person\/fc1e5d578f4b62ba1cf7ac2bba1170a0\"},\"description\":\"Portal de noticias del Per\u00fa sobre el transporte a\u00e9reo, aviaci\u00f3n, turismo, hoteleria, actualidad.\",\"breadcrumb\":{\"@id\":\"https:\/\/aeronoticias.com.pe\/noticiero\/nacionales\/principales-tour-operadores-internacionales-evaluan-seguridad-de-lima\/#breadcrumb\"},\"inLanguage\":\"es\",\"potentialAction\":[{\"@type\":\"ReadAction\",\"target\":[\"https:\/\/aeronoticias.com.pe\/noticiero\/nacionales\/principales-tour-operadores-internacionales-evaluan-seguridad-de-lima\/\"]}]},{\"@type\":\"BreadcrumbList\",\"@id\":\"https:\/\/aeronoticias.com.pe\/noticiero\/nacionales\/principales-tour-operadores-internacionales-evaluan-seguridad-de-lima\/#breadcrumb\",\"itemListElement\":[{\"@type\":\"ListItem\",\"position\":1,\"name\":\"Portada\",\"item\":\"https:\/\/aeronoticias.com.pe\/noticiero\/\"},{\"@type\":\"ListItem\",\"position\":2,\"name\":\"Principales Tour Operadores Internacionales eval\u00faan seguridad de Lima\"}]},{\"@type\":\"WebSite\",\"@id\":\"https:\/\/aeronoticias.com.pe\/noticiero\/#website\",\"url\":\"https:\/\/aeronoticias.com.pe\/noticiero\/\",\"name\":\"Aeronoticias.com.pe\",\"description\":\"Noticias de tranporte aereo, turismo, hoteles, gastronomia, actualidad, internacional\",\"potentialAction\":[{\"@type\":\"SearchAction\",\"target\":{\"@type\":\"EntryPoint\",\"urlTemplate\":\"https:\/\/aeronoticias.com.pe\/noticiero\/?s={search_term_string}\"},\"query-input\":{\"@type\":\"PropertyValueSpecification\",\"valueRequired\":true,\"valueName\":\"search_term_string\"}}],\"inLanguage\":\"es\"},{\"@type\":\"Person\",\"@id\":\"https:\/\/aeronoticias.com.pe\/noticiero\/#\/schema\/person\/fc1e5d578f4b62ba1cf7ac2bba1170a0\",\"name\":\"Redacci\u00f3n Aeronoticias\",\"url\":\"https:\/\/aeronoticias.com.pe\/noticiero\/author\/piloto\/\"}]}<\/script>\n<!-- \/ Yoast SEO plugin. -->","yoast_head_json":{"title":"Principales Tour Operadores Internacionales eval\u00faan seguridad de Lima","description":"Portal de noticias del Per\u00fa sobre el transporte a\u00e9reo, aviaci\u00f3n, turismo, hoteleria, actualidad.","robots":{"index":"index","follow":"follow","max-snippet":"max-snippet:-1","max-image-preview":"max-image-preview:large","max-video-preview":"max-video-preview:-1"},"canonical":"https:\/\/aeronoticias.com.pe\/noticiero\/nacionales\/principales-tour-operadores-internacionales-evaluan-seguridad-de-lima\/","og_locale":"es_ES","og_type":"article","og_title":"Principales Tour Operadores Internacionales eval\u00faan seguridad de Lima","og_description":"Portal de noticias del Per\u00fa sobre el transporte a\u00e9reo, aviaci\u00f3n, turismo, hoteleria, actualidad.","og_url":"https:\/\/aeronoticias.com.pe\/noticiero\/nacionales\/principales-tour-operadores-internacionales-evaluan-seguridad-de-lima\/","og_site_name":"Aeronoticias.com.pe","article_publisher":"https:\/\/www.facebook.com\/Aeronoticias.com.pe\/","article_published_time":"2012-10-29T13:11:59+00:00","author":"Redacci\u00f3n Aeronoticias","twitter_card":"summary_large_image","twitter_creator":"@aeronoticias","twitter_site":"@aeronoticias","twitter_misc":{"Escrito por":"Redacci\u00f3n Aeronoticias","Tiempo de lectura":"1 minuto"},"schema":{"@context":"https:\/\/schema.org","@graph":[{"@type":"WebPage","@id":"https:\/\/aeronoticias.com.pe\/noticiero\/nacionales\/principales-tour-operadores-internacionales-evaluan-seguridad-de-lima\/","url":"https:\/\/aeronoticias.com.pe\/noticiero\/nacionales\/principales-tour-operadores-internacionales-evaluan-seguridad-de-lima\/","name":"Principales Tour Operadores Internacionales eval\u00faan seguridad de Lima","isPartOf":{"@id":"https:\/\/aeronoticias.com.pe\/noticiero\/#website"},"datePublished":"2012-10-29T13:11:59+00:00","author":{"@id":"https:\/\/aeronoticias.com.pe\/noticiero\/#\/schema\/person\/fc1e5d578f4b62ba1cf7ac2bba1170a0"},"description":"Portal de noticias del Per\u00fa sobre el transporte a\u00e9reo, aviaci\u00f3n, turismo, hoteleria, actualidad.","breadcrumb":{"@id":"https:\/\/aeronoticias.com.pe\/noticiero\/nacionales\/principales-tour-operadores-internacionales-evaluan-seguridad-de-lima\/#breadcrumb"},"inLanguage":"es","potentialAction":[{"@type":"ReadAction","target":["https:\/\/aeronoticias.com.pe\/noticiero\/nacionales\/principales-tour-operadores-internacionales-evaluan-seguridad-de-lima\/"]}]},{"@type":"BreadcrumbList","@id":"https:\/\/aeronoticias.com.pe\/noticiero\/nacionales\/principales-tour-operadores-internacionales-evaluan-seguridad-de-lima\/#breadcrumb","itemListElement":[{"@type":"ListItem","position":1,"name":"Portada","item":"https:\/\/aeronoticias.com.pe\/noticiero\/"},{"@type":"ListItem","position":2,"name":"Principales Tour Operadores Internacionales eval\u00faan seguridad de Lima"}]},{"@type":"WebSite","@id":"https:\/\/aeronoticias.com.pe\/noticiero\/#website","url":"https:\/\/aeronoticias.com.pe\/noticiero\/","name":"Aeronoticias.com.pe","description":"Noticias de tranporte aereo, turismo, hoteles, gastronomia, actualidad, internacional","potentialAction":[{"@type":"SearchAction","target":{"@type":"EntryPoint","urlTemplate":"https:\/\/aeronoticias.com.pe\/noticiero\/?s={search_term_string}"},"query-input":{"@type":"PropertyValueSpecification","valueRequired":true,"valueName":"search_term_string"}}],"inLanguage":"es"},{"@type":"Person","@id":"https:\/\/aeronoticias.com.pe\/noticiero\/#\/schema\/person\/fc1e5d578f4b62ba1cf7ac2bba1170a0","name":"Redacci\u00f3n Aeronoticias","url":"https:\/\/aeronoticias.com.pe\/noticiero\/author\/piloto\/"}]}},"_links":{"self":[{"href":"https:\/\/aeronoticias.com.pe\/noticiero\/wp-json\/wp\/v2\/posts\/31723","targetHints":{"allow":["GET"]}}],"collection":[{"href":"https:\/\/aeronoticias.com.pe\/noticiero\/wp-json\/wp\/v2\/posts"}],"about":[{"href":"https:\/\/aeronoticias.com.pe\/noticiero\/wp-json\/wp\/v2\/types\/post"}],"author":[{"embeddable":true,"href":"https:\/\/aeronoticias.com.pe\/noticiero\/wp-json\/wp\/v2\/users\/1"}],"replies":[{"embeddable":true,"href":"https:\/\/aeronoticias.com.pe\/noticiero\/wp-json\/wp\/v2\/comments?post=31723"}],"version-history":[{"count":0,"href":"https:\/\/aeronoticias.com.pe\/noticiero\/wp-json\/wp\/v2\/posts\/31723\/revisions"}],"wp:attachment":[{"href":"https:\/\/aeronoticias.com.pe\/noticiero\/wp-json\/wp\/v2\/media?parent=31723"}],"wp:term":[{"taxonomy":"category","embeddable":true,"href":"https:\/\/aeronoticias.com.pe\/noticiero\/wp-json\/wp\/v2\/categories?post=31723"},{"taxonomy":"post_tag","embeddable":true,"href":"https:\/\/aeronoticias.com.pe\/noticiero\/wp-json\/wp\/v2\/tags?post=31723"}],"curies":[{"name":"wp","href":"https:\/\/api.w.org\/{rel}","templated":true}]}}