{"id":31724,"date":"2012-10-29T14:15:12","date_gmt":"2012-10-29T14:15:12","guid":{"rendered":"http:\/\/desarrollo.mcvicious.com\/aero2020\/2012\/10\/29\/presidente-del-gobierno-regional-de-ancash-cesar-alvarez-entrego-patrulleros-y-motocicletas-a-la-pnp\/"},"modified":"2012-10-29T14:15:12","modified_gmt":"2012-10-29T14:15:12","slug":"presidente-del-gobierno-regional-de-ancash-cesar-alvarez-entrego-patrulleros-y-motocicletas-a-la-pnp","status":"publish","type":"post","link":"https:\/\/aeronoticias.com.pe\/noticiero\/nacionales\/presidente-del-gobierno-regional-de-ancash-cesar-alvarez-entrego-patrulleros-y-motocicletas-a-la-pnp\/","title":{"rendered":"Presidente del Gobierno Regional de Ancash C\u00e9sar \u00c1lvarez entreg\u00f3 patrulleros y motocicletas a la PNP"},"content":{"rendered":"<p style=\"text-align: justify;\" \/><strong>(Aeronoticias).-<\/strong> En ceremonia p\u00fablica realizada ayer en Chimbote, el presidente del Gobierno Regional de Ancash, C\u00e9sar \u00c1lvarez Aguilar, hizo la entrega oficial de 48 patrulleros y 28 motocicletas, que ser\u00e1n distribuidas a las comisar\u00edas y a las unidades de emergencia especializadas de la Polic\u00eda Nacional.<\/p>\n<p>C\u00e9sar \u00c1lvarez manifest\u00f3 que estas modernas unidades fueron adquiridas utilizando los recursos del canon, en el marco de los proyectos para el mejoramiento de los servicios de patrullaje policial de prevenci\u00f3n en la jurisdicci\u00f3n territorial de la regi\u00f3n Ancash. \u201cEstos patrulleros y motocicletas han sido adquiridos gracias a nuestro canon minero; gracias al canon Ancash ha desarrollado. Le digo al pa\u00eds que esta es una muestra de c\u00f3mo una regi\u00f3n responsable le dice bienvenido a la inversi\u00f3n, porque la inversi\u00f3n nos trae canon y el canon nos trae seguridad ciudadana como estos patrulleros. Estos patrulleros cuidar\u00e1n de nosotros, de sus familias, de sus hijos para que la delincuencia no aumente en nuestra regi\u00f3n\u201d, expres\u00f3 \u00c1lvarez Aguilar ante la ovaci\u00f3n de miles de concurrentes a la Plaza de Armas de Chimbote.<br \/>  <!--more-->  <br \/>Estas modernas camionetas 4&#215;4 est\u00e1n totalmente equipadas con tecnolog\u00eda de \u00faltima generaci\u00f3n que incluye sistema GPS, y comunicaci\u00f3n en tiempo real con las dem\u00e1s unidades y con todos los puestos policiales en la regi\u00f3n.<\/p>\n<p>La camionetas doble atracci\u00f3n con motor Diesel Intercooler \u2013 Toyota Hilux 2012 est\u00e1n equipadas con: 4 unidades de chalecos antibalas, 2 conos de seguridad, 3 varas luminosas, 2 faros pirata con accesorios completos, 2 linternas hal\u00f3genas de largo alcance, 4 grilletes de mano, sirena de estado s\u00f3lido de 100 w. con micr\u00f3fono para altavoz y botonera, sonidos de emergencia, barra de luces led (circulina), extintor y botiqu\u00edn de primeros auxilios.<br \/><img decoding=\"async\" class=\"caption\" src=\"images\/stories\/12\/10\/291012\/cesar-alvarez.jpg\" border=\"0\" alt=\"Presidente del Gobierno Regional de Ancash C\u00e9sar \u00c1lvarez entreg\u00f3 patrulleros y motocicletas a la PNP\" title=\"Presidente del Gobierno Regional de Ancash C\u00e9sar \u00c1lvarez entreg\u00f3 patrulleros y motocicletas a la PNP\" \/><br \/>Previa a la ceremonia, el presidente regional de Ancash se reuni\u00f3 con el jefe de la Divisi\u00f3n Policial de Chimbote, coronel PNP Walter Olivos Romano,\u00a0 quien le manifest\u00f3 que su instituci\u00f3n en esta jurisdicci\u00f3n tiene un d\u00e9ficit de 400 efectivos policiales, as\u00ed como de patrulleros en comisar\u00edas y unidades especializadas como el Departamento Antidrogas de Chimbote y las unidades y radios para el Escuadr\u00f3n de Emergencia 105.<\/p>\n<p>\u201cNecesitamos por lo menos 50 patrulleros, somos mil 231 polic\u00edas y apenas tenemos 17 computadoras. Existen muchas necesidades, pero a pesar de ello hacemos los esfuerzos\u00a0 para enfrentar la delincuencia y garantizar el orden y la seguridad a la poblaci\u00f3n\u201d, dijo el oficial policial. Ante este pedido, la autoridad regional se comprometi\u00f3 a brindar su apoyo para mejorar la log\u00edstica de la PNP en Ancash.<\/p>\n<p>Por su parte el alcalde de la Municipalidad Provincial del Santa (chimbote), Luis Arroyo Rojas, se comprometi\u00f3 a apoyar con el combustible a las unidades vehiculares que corresponden a la jurisdicci\u00f3n del distrito de Chimbote. \u201cIgual colaboraci\u00f3n se espera de los dem\u00e1s alcaldes distritales para que estos patrulleros no se queden est\u00e1ticos, hasta el pr\u00f3ximo a\u00f1o que el Estado debe asignar un presupuesto para el combustible de estos nuevos patrullero\u201d, exhort\u00f3 \u00c1lvarez Aguilar.<br \/><img decoding=\"async\" src=\"images\/stories\/12\/10\/291012\/cesar-alvarez-2.jpg\" border=\"0\" \/><br \/>De otra parte el presidente regional de Ancash solicit\u00f3 al presidente de la Rep\u00fablica, Ollanta Humala, que se le autorice usar el canon para poder pagar a los polic\u00edas de la regi\u00f3n sus d\u00edas de franco a fin que puedan coadyuvar a fortalecer la seguridad ciudadana, en lugar de estar prestando servicios en restaurantes o locales de diversi\u00f3n.<\/p>\n<p>Con la dotaci\u00f3n de estos veh\u00edculos, que forma del lote que de 106 patrulleros\u00a0 y 57 motocicletas que el pasado 31 de julio el presidente regional \u00c1lvarez entreg\u00f3 al presidente de la Rep\u00fablica, se espera mejorar significativamente la atenci\u00f3n en el patrullaje policial, las investigaciones criminales, el apoyo a la justicia y la proyecci\u00f3n social.<\/p>\n","protected":false},"excerpt":{"rendered":"<p>(Aeronoticias).- En ceremonia p\u00fablica realizada ayer en Chimbote, el presidente del Gobierno Regional de Ancash, C\u00e9sar \u00c1lvarez Aguilar, hizo la entrega oficial de 48 patrulleros y 28 motocicletas, que ser\u00e1n distribuidas a las comisar\u00edas y a las unidades de emergencia especializadas de la Polic\u00eda Nacional. C\u00e9sar \u00c1lvarez manifest\u00f3 que estas modernas unidades fueron adquiridas utilizando [&hellip;]<\/p>\n","protected":false},"author":1,"featured_media":0,"comment_status":"open","ping_status":"open","sticky":false,"template":"","format":"standard","meta":{"tdm_status":"","tdm_grid_status":"","footnotes":""},"categories":[38],"tags":[],"class_list":{"0":"post-31724","1":"post","2":"type-post","3":"status-publish","4":"format-standard","6":"category-nacionales"},"yoast_head":"<!-- This site is optimized with the Yoast SEO plugin v25.1 - https:\/\/yoast.com\/wordpress\/plugins\/seo\/ -->\n<title>Presidente del Gobierno Regional de Ancash C\u00e9sar \u00c1lvarez entreg\u00f3 patrulleros y motocicletas a la PNP<\/title>\n<meta name=\"description\" content=\"Portal de noticias del Per\u00fa sobre el transporte a\u00e9reo, aviaci\u00f3n, turismo, hoteleria, actualidad.\" \/>\n<meta name=\"robots\" content=\"index, follow, max-snippet:-1, max-image-preview:large, max-video-preview:-1\" \/>\n<link rel=\"canonical\" href=\"https:\/\/aeronoticias.com.pe\/noticiero\/nacionales\/presidente-del-gobierno-regional-de-ancash-cesar-alvarez-entrego-patrulleros-y-motocicletas-a-la-pnp\/\" \/>\n<meta property=\"og:locale\" content=\"es_ES\" \/>\n<meta property=\"og:type\" content=\"article\" \/>\n<meta property=\"og:title\" content=\"Presidente del Gobierno Regional de Ancash C\u00e9sar \u00c1lvarez entreg\u00f3 patrulleros y motocicletas a la PNP\" \/>\n<meta property=\"og:description\" content=\"Portal de noticias del Per\u00fa sobre el transporte a\u00e9reo, aviaci\u00f3n, turismo, hoteleria, actualidad.\" \/>\n<meta property=\"og:url\" content=\"https:\/\/aeronoticias.com.pe\/noticiero\/nacionales\/presidente-del-gobierno-regional-de-ancash-cesar-alvarez-entrego-patrulleros-y-motocicletas-a-la-pnp\/\" \/>\n<meta property=\"og:site_name\" content=\"Aeronoticias.com.pe\" \/>\n<meta property=\"article:publisher\" content=\"https:\/\/www.facebook.com\/Aeronoticias.com.pe\/\" \/>\n<meta property=\"article:published_time\" content=\"2012-10-29T14:15:12+00:00\" \/>\n<meta name=\"author\" content=\"Redacci\u00f3n Aeronoticias\" \/>\n<meta name=\"twitter:card\" content=\"summary_large_image\" \/>\n<meta name=\"twitter:creator\" content=\"@aeronoticias\" \/>\n<meta name=\"twitter:site\" content=\"@aeronoticias\" \/>\n<meta name=\"twitter:label1\" content=\"Escrito por\" \/>\n\t<meta name=\"twitter:data1\" content=\"Redacci\u00f3n Aeronoticias\" \/>\n\t<meta name=\"twitter:label2\" content=\"Tiempo de lectura\" \/>\n\t<meta name=\"twitter:data2\" content=\"3 minutos\" \/>\n<script type=\"application\/ld+json\" class=\"yoast-schema-graph\">{\"@context\":\"https:\/\/schema.org\",\"@graph\":[{\"@type\":\"WebPage\",\"@id\":\"https:\/\/aeronoticias.com.pe\/noticiero\/nacionales\/presidente-del-gobierno-regional-de-ancash-cesar-alvarez-entrego-patrulleros-y-motocicletas-a-la-pnp\/\",\"url\":\"https:\/\/aeronoticias.com.pe\/noticiero\/nacionales\/presidente-del-gobierno-regional-de-ancash-cesar-alvarez-entrego-patrulleros-y-motocicletas-a-la-pnp\/\",\"name\":\"Presidente del Gobierno Regional de Ancash C\u00e9sar \u00c1lvarez entreg\u00f3 patrulleros y motocicletas a la PNP\",\"isPartOf\":{\"@id\":\"https:\/\/aeronoticias.com.pe\/noticiero\/#website\"},\"datePublished\":\"2012-10-29T14:15:12+00:00\",\"author\":{\"@id\":\"https:\/\/aeronoticias.com.pe\/noticiero\/#\/schema\/person\/fc1e5d578f4b62ba1cf7ac2bba1170a0\"},\"description\":\"Portal de noticias del Per\u00fa sobre el transporte a\u00e9reo, aviaci\u00f3n, turismo, hoteleria, actualidad.\",\"breadcrumb\":{\"@id\":\"https:\/\/aeronoticias.com.pe\/noticiero\/nacionales\/presidente-del-gobierno-regional-de-ancash-cesar-alvarez-entrego-patrulleros-y-motocicletas-a-la-pnp\/#breadcrumb\"},\"inLanguage\":\"es\",\"potentialAction\":[{\"@type\":\"ReadAction\",\"target\":[\"https:\/\/aeronoticias.com.pe\/noticiero\/nacionales\/presidente-del-gobierno-regional-de-ancash-cesar-alvarez-entrego-patrulleros-y-motocicletas-a-la-pnp\/\"]}]},{\"@type\":\"BreadcrumbList\",\"@id\":\"https:\/\/aeronoticias.com.pe\/noticiero\/nacionales\/presidente-del-gobierno-regional-de-ancash-cesar-alvarez-entrego-patrulleros-y-motocicletas-a-la-pnp\/#breadcrumb\",\"itemListElement\":[{\"@type\":\"ListItem\",\"position\":1,\"name\":\"Portada\",\"item\":\"https:\/\/aeronoticias.com.pe\/noticiero\/\"},{\"@type\":\"ListItem\",\"position\":2,\"name\":\"Presidente del Gobierno Regional de Ancash C\u00e9sar \u00c1lvarez entreg\u00f3 patrulleros y motocicletas a la PNP\"}]},{\"@type\":\"WebSite\",\"@id\":\"https:\/\/aeronoticias.com.pe\/noticiero\/#website\",\"url\":\"https:\/\/aeronoticias.com.pe\/noticiero\/\",\"name\":\"Aeronoticias.com.pe\",\"description\":\"Noticias de tranporte aereo, turismo, hoteles, gastronomia, actualidad, internacional\",\"potentialAction\":[{\"@type\":\"SearchAction\",\"target\":{\"@type\":\"EntryPoint\",\"urlTemplate\":\"https:\/\/aeronoticias.com.pe\/noticiero\/?s={search_term_string}\"},\"query-input\":{\"@type\":\"PropertyValueSpecification\",\"valueRequired\":true,\"valueName\":\"search_term_string\"}}],\"inLanguage\":\"es\"},{\"@type\":\"Person\",\"@id\":\"https:\/\/aeronoticias.com.pe\/noticiero\/#\/schema\/person\/fc1e5d578f4b62ba1cf7ac2bba1170a0\",\"name\":\"Redacci\u00f3n Aeronoticias\",\"url\":\"https:\/\/aeronoticias.com.pe\/noticiero\/author\/piloto\/\"}]}<\/script>\n<!-- \/ Yoast SEO plugin. -->","yoast_head_json":{"title":"Presidente del Gobierno Regional de Ancash C\u00e9sar \u00c1lvarez entreg\u00f3 patrulleros y motocicletas a la PNP","description":"Portal de noticias del Per\u00fa sobre el transporte a\u00e9reo, aviaci\u00f3n, turismo, hoteleria, actualidad.","robots":{"index":"index","follow":"follow","max-snippet":"max-snippet:-1","max-image-preview":"max-image-preview:large","max-video-preview":"max-video-preview:-1"},"canonical":"https:\/\/aeronoticias.com.pe\/noticiero\/nacionales\/presidente-del-gobierno-regional-de-ancash-cesar-alvarez-entrego-patrulleros-y-motocicletas-a-la-pnp\/","og_locale":"es_ES","og_type":"article","og_title":"Presidente del Gobierno Regional de Ancash C\u00e9sar \u00c1lvarez entreg\u00f3 patrulleros y motocicletas a la PNP","og_description":"Portal de noticias del Per\u00fa sobre el transporte a\u00e9reo, aviaci\u00f3n, turismo, hoteleria, actualidad.","og_url":"https:\/\/aeronoticias.com.pe\/noticiero\/nacionales\/presidente-del-gobierno-regional-de-ancash-cesar-alvarez-entrego-patrulleros-y-motocicletas-a-la-pnp\/","og_site_name":"Aeronoticias.com.pe","article_publisher":"https:\/\/www.facebook.com\/Aeronoticias.com.pe\/","article_published_time":"2012-10-29T14:15:12+00:00","author":"Redacci\u00f3n Aeronoticias","twitter_card":"summary_large_image","twitter_creator":"@aeronoticias","twitter_site":"@aeronoticias","twitter_misc":{"Escrito por":"Redacci\u00f3n Aeronoticias","Tiempo de lectura":"3 minutos"},"schema":{"@context":"https:\/\/schema.org","@graph":[{"@type":"WebPage","@id":"https:\/\/aeronoticias.com.pe\/noticiero\/nacionales\/presidente-del-gobierno-regional-de-ancash-cesar-alvarez-entrego-patrulleros-y-motocicletas-a-la-pnp\/","url":"https:\/\/aeronoticias.com.pe\/noticiero\/nacionales\/presidente-del-gobierno-regional-de-ancash-cesar-alvarez-entrego-patrulleros-y-motocicletas-a-la-pnp\/","name":"Presidente del Gobierno Regional de Ancash C\u00e9sar \u00c1lvarez entreg\u00f3 patrulleros y motocicletas a la PNP","isPartOf":{"@id":"https:\/\/aeronoticias.com.pe\/noticiero\/#website"},"datePublished":"2012-10-29T14:15:12+00:00","author":{"@id":"https:\/\/aeronoticias.com.pe\/noticiero\/#\/schema\/person\/fc1e5d578f4b62ba1cf7ac2bba1170a0"},"description":"Portal de noticias del Per\u00fa sobre el transporte a\u00e9reo, aviaci\u00f3n, turismo, hoteleria, actualidad.","breadcrumb":{"@id":"https:\/\/aeronoticias.com.pe\/noticiero\/nacionales\/presidente-del-gobierno-regional-de-ancash-cesar-alvarez-entrego-patrulleros-y-motocicletas-a-la-pnp\/#breadcrumb"},"inLanguage":"es","potentialAction":[{"@type":"ReadAction","target":["https:\/\/aeronoticias.com.pe\/noticiero\/nacionales\/presidente-del-gobierno-regional-de-ancash-cesar-alvarez-entrego-patrulleros-y-motocicletas-a-la-pnp\/"]}]},{"@type":"BreadcrumbList","@id":"https:\/\/aeronoticias.com.pe\/noticiero\/nacionales\/presidente-del-gobierno-regional-de-ancash-cesar-alvarez-entrego-patrulleros-y-motocicletas-a-la-pnp\/#breadcrumb","itemListElement":[{"@type":"ListItem","position":1,"name":"Portada","item":"https:\/\/aeronoticias.com.pe\/noticiero\/"},{"@type":"ListItem","position":2,"name":"Presidente del Gobierno Regional de Ancash C\u00e9sar \u00c1lvarez entreg\u00f3 patrulleros y motocicletas a la PNP"}]},{"@type":"WebSite","@id":"https:\/\/aeronoticias.com.pe\/noticiero\/#website","url":"https:\/\/aeronoticias.com.pe\/noticiero\/","name":"Aeronoticias.com.pe","description":"Noticias de tranporte aereo, turismo, hoteles, gastronomia, actualidad, internacional","potentialAction":[{"@type":"SearchAction","target":{"@type":"EntryPoint","urlTemplate":"https:\/\/aeronoticias.com.pe\/noticiero\/?s={search_term_string}"},"query-input":{"@type":"PropertyValueSpecification","valueRequired":true,"valueName":"search_term_string"}}],"inLanguage":"es"},{"@type":"Person","@id":"https:\/\/aeronoticias.com.pe\/noticiero\/#\/schema\/person\/fc1e5d578f4b62ba1cf7ac2bba1170a0","name":"Redacci\u00f3n Aeronoticias","url":"https:\/\/aeronoticias.com.pe\/noticiero\/author\/piloto\/"}]}},"_links":{"self":[{"href":"https:\/\/aeronoticias.com.pe\/noticiero\/wp-json\/wp\/v2\/posts\/31724","targetHints":{"allow":["GET"]}}],"collection":[{"href":"https:\/\/aeronoticias.com.pe\/noticiero\/wp-json\/wp\/v2\/posts"}],"about":[{"href":"https:\/\/aeronoticias.com.pe\/noticiero\/wp-json\/wp\/v2\/types\/post"}],"author":[{"embeddable":true,"href":"https:\/\/aeronoticias.com.pe\/noticiero\/wp-json\/wp\/v2\/users\/1"}],"replies":[{"embeddable":true,"href":"https:\/\/aeronoticias.com.pe\/noticiero\/wp-json\/wp\/v2\/comments?post=31724"}],"version-history":[{"count":0,"href":"https:\/\/aeronoticias.com.pe\/noticiero\/wp-json\/wp\/v2\/posts\/31724\/revisions"}],"wp:attachment":[{"href":"https:\/\/aeronoticias.com.pe\/noticiero\/wp-json\/wp\/v2\/media?parent=31724"}],"wp:term":[{"taxonomy":"category","embeddable":true,"href":"https:\/\/aeronoticias.com.pe\/noticiero\/wp-json\/wp\/v2\/categories?post=31724"},{"taxonomy":"post_tag","embeddable":true,"href":"https:\/\/aeronoticias.com.pe\/noticiero\/wp-json\/wp\/v2\/tags?post=31724"}],"curies":[{"name":"wp","href":"https:\/\/api.w.org\/{rel}","templated":true}]}}