{"id":31725,"date":"2012-10-29T11:36:40","date_gmt":"2012-10-29T11:36:40","guid":{"rendered":"http:\/\/desarrollo.mcvicious.com\/aero2020\/2012\/10\/29\/nueva-york-sin-transporte-publico-por-huracan-sandy\/"},"modified":"2012-10-29T11:36:40","modified_gmt":"2012-10-29T11:36:40","slug":"nueva-york-sin-transporte-publico-por-huracan-sandy","status":"publish","type":"post","link":"https:\/\/aeronoticias.com.pe\/noticiero\/internacionales\/nueva-york-sin-transporte-publico-por-huracan-sandy\/","title":{"rendered":"Nueva York sin transporte p\u00fablico por hurac\u00e1n Sandy"},"content":{"rendered":"<p style=\"text-align: justify;\"><strong>(Aeronoticias).-<\/strong>Con el fin de evitar da\u00f1os y v\u00edctimas que lamentar por el paso del hurac\u00e1n Sandy, el gobernador del estado de Nueva York, Andrew Cuomo, revel\u00f3 que cerr\u00f3 el transporte p\u00fablico de la Gran Manzana y sus alrededores a partir de la noche del domingo.<strong><br \/><\/strong><\/p>\n<p style=\"text-align: justify;\">Cabe precisar que los metros, autobuses y trenes de cercan\u00edas de la Autoridad  Metropolitana de Transportes (MTA) dejaron de funcionar de forma  progresiva a las 19.00 hora local (23.00 GMT) por un per\u00edodo indefinido,  ya que su reapertura depender\u00e1 de la evoluci\u00f3n de la tormenta, explic\u00f3  Cuomo\u00a0 a trav\u00e9s de un comunicado.<\/p>\n<p> Seg\u00fan la MTA, los trenes de cercan\u00edas  hicieron sus \u00faltimas salidas a las 19.00, mientras que dentro de la ciudad  la operaci\u00f3n de los metros comenz\u00f3 a reducirse a esa misma hora y los  autobuses a partir de las 21.00.<\/p>\n<p>El gobernador agreg\u00f3 adem\u00e1s que  la decisi\u00f3n no ha sido nada f\u00e1cil, pero reiter\u00f3 que \u00abla prioridad\u00bb  es garantizar la seguridad de la poblaci\u00f3n, por lo que \u00abla  mejor forma de lograrlo\u00bb es haciendo que est\u00e9n fuera de peligro antes de  que lleguen los vientos huracanados de \u00abSandy\u00bb y \u00abcausen el caos en  trenes y autobuses\u00bb.<\/p>\n<p> El cierre a partir de las 19.00 permiti\u00f3  al personal de la MTA realizar los preparativos necesarios para asegurar  el material y la infraestructura de cara a la llegada de \u00abSandy\u00bb,  prevista para varias horas m\u00e1s tarde.<\/p>\n<p> La suspensi\u00f3n de la MTA es  por un per\u00edodo indefinido, ya que el transporte p\u00fablico s\u00f3lo volver\u00e1 a  operar \u00abcuando sea seguro hacerlo y tras una inspecci\u00f3n cuidadosa de  v\u00edas y equipos\u00bb, detall\u00f3 la nota.<\/p>\n<p> El Centro Nacional de  Huracanes (CNH) de EE.UU. alert\u00f3\u00a0 que el hurac\u00e1n \u00abSandy\u00bb, con vientos  de 120 kil\u00f3metros por hora, avanza hacia el norte en paralelo a la  costa atl\u00e1ntica del pa\u00eds, pero la noche\u00a0 del domingo enfilar\u00e1 hacia la costa, con  lo que podr\u00eda tocar tierra en la noche del lunes al martes en el \u00e1rea de  Nueva Jersey u otros estados cercanos.<\/p>\n<p> En su bolet\u00edn de las  12.00 GMT, el CNH se\u00f1al\u00f3 que \u00abSandy\u00bb producir\u00e1 inundaciones peligrosas  por la costa central del Atl\u00e1ntico, incluido el brazo de Long Island  (Nueva York).<\/p>\n<p style=\"text-align: justify;\"><img decoding=\"async\" src=\"images\/stories\/12\/10\/291012\/huracnsandyeeuu.jpg\" border=\"0\" alt=\"hurac\u00e1n sandy\" title=\"hurac\u00e1n sandy\" \/><\/p>\n<p><strong> <\/strong><\/p>\n","protected":false},"excerpt":{"rendered":"<p>(Aeronoticias).-Con el fin de evitar da\u00f1os y v\u00edctimas que lamentar por el paso del hurac\u00e1n Sandy, el gobernador del estado de Nueva York, Andrew Cuomo, revel\u00f3 que cerr\u00f3 el transporte p\u00fablico de la Gran Manzana y sus alrededores a partir de la noche del domingo. Cabe precisar que los metros, autobuses y trenes de cercan\u00edas [&hellip;]<\/p>\n","protected":false},"author":1,"featured_media":0,"comment_status":"open","ping_status":"open","sticky":false,"template":"","format":"standard","meta":{"tdm_status":"","tdm_grid_status":"","footnotes":""},"categories":[34],"tags":[],"class_list":{"0":"post-31725","1":"post","2":"type-post","3":"status-publish","4":"format-standard","6":"category-internacionales"},"yoast_head":"<!-- This site is optimized with the Yoast SEO plugin v25.1 - https:\/\/yoast.com\/wordpress\/plugins\/seo\/ -->\n<title>Nueva York sin transporte p\u00fablico por hurac\u00e1n Sandy<\/title>\n<meta name=\"description\" content=\"Portal de noticias del Per\u00fa sobre el transporte a\u00e9reo, aviaci\u00f3n, turismo, hoteleria, actualidad.\" \/>\n<meta name=\"robots\" content=\"index, follow, max-snippet:-1, max-image-preview:large, max-video-preview:-1\" \/>\n<link rel=\"canonical\" href=\"https:\/\/aeronoticias.com.pe\/noticiero\/internacionales\/nueva-york-sin-transporte-publico-por-huracan-sandy\/\" \/>\n<meta property=\"og:locale\" content=\"es_ES\" \/>\n<meta property=\"og:type\" content=\"article\" \/>\n<meta property=\"og:title\" content=\"Nueva York sin transporte p\u00fablico por hurac\u00e1n Sandy\" \/>\n<meta property=\"og:description\" content=\"Portal de noticias del Per\u00fa sobre el transporte a\u00e9reo, aviaci\u00f3n, turismo, hoteleria, actualidad.\" \/>\n<meta property=\"og:url\" content=\"https:\/\/aeronoticias.com.pe\/noticiero\/internacionales\/nueva-york-sin-transporte-publico-por-huracan-sandy\/\" \/>\n<meta property=\"og:site_name\" content=\"Aeronoticias.com.pe\" \/>\n<meta property=\"article:publisher\" content=\"https:\/\/www.facebook.com\/Aeronoticias.com.pe\/\" \/>\n<meta property=\"article:published_time\" content=\"2012-10-29T11:36:40+00:00\" \/>\n<meta name=\"author\" content=\"Redacci\u00f3n Aeronoticias\" \/>\n<meta name=\"twitter:card\" content=\"summary_large_image\" \/>\n<meta name=\"twitter:creator\" content=\"@aeronoticias\" \/>\n<meta name=\"twitter:site\" content=\"@aeronoticias\" \/>\n<meta name=\"twitter:label1\" content=\"Escrito por\" \/>\n\t<meta name=\"twitter:data1\" content=\"Redacci\u00f3n Aeronoticias\" \/>\n\t<meta name=\"twitter:label2\" content=\"Tiempo de lectura\" \/>\n\t<meta name=\"twitter:data2\" content=\"2 minutos\" \/>\n<script type=\"application\/ld+json\" class=\"yoast-schema-graph\">{\"@context\":\"https:\/\/schema.org\",\"@graph\":[{\"@type\":\"WebPage\",\"@id\":\"https:\/\/aeronoticias.com.pe\/noticiero\/internacionales\/nueva-york-sin-transporte-publico-por-huracan-sandy\/\",\"url\":\"https:\/\/aeronoticias.com.pe\/noticiero\/internacionales\/nueva-york-sin-transporte-publico-por-huracan-sandy\/\",\"name\":\"Nueva York sin transporte p\u00fablico por hurac\u00e1n Sandy\",\"isPartOf\":{\"@id\":\"https:\/\/aeronoticias.com.pe\/noticiero\/#website\"},\"datePublished\":\"2012-10-29T11:36:40+00:00\",\"author\":{\"@id\":\"https:\/\/aeronoticias.com.pe\/noticiero\/#\/schema\/person\/fc1e5d578f4b62ba1cf7ac2bba1170a0\"},\"description\":\"Portal de noticias del Per\u00fa sobre el transporte a\u00e9reo, aviaci\u00f3n, turismo, hoteleria, actualidad.\",\"breadcrumb\":{\"@id\":\"https:\/\/aeronoticias.com.pe\/noticiero\/internacionales\/nueva-york-sin-transporte-publico-por-huracan-sandy\/#breadcrumb\"},\"inLanguage\":\"es\",\"potentialAction\":[{\"@type\":\"ReadAction\",\"target\":[\"https:\/\/aeronoticias.com.pe\/noticiero\/internacionales\/nueva-york-sin-transporte-publico-por-huracan-sandy\/\"]}]},{\"@type\":\"BreadcrumbList\",\"@id\":\"https:\/\/aeronoticias.com.pe\/noticiero\/internacionales\/nueva-york-sin-transporte-publico-por-huracan-sandy\/#breadcrumb\",\"itemListElement\":[{\"@type\":\"ListItem\",\"position\":1,\"name\":\"Portada\",\"item\":\"https:\/\/aeronoticias.com.pe\/noticiero\/\"},{\"@type\":\"ListItem\",\"position\":2,\"name\":\"Nueva York sin transporte p\u00fablico por hurac\u00e1n Sandy\"}]},{\"@type\":\"WebSite\",\"@id\":\"https:\/\/aeronoticias.com.pe\/noticiero\/#website\",\"url\":\"https:\/\/aeronoticias.com.pe\/noticiero\/\",\"name\":\"Aeronoticias.com.pe\",\"description\":\"Noticias de tranporte aereo, turismo, hoteles, gastronomia, actualidad, internacional\",\"potentialAction\":[{\"@type\":\"SearchAction\",\"target\":{\"@type\":\"EntryPoint\",\"urlTemplate\":\"https:\/\/aeronoticias.com.pe\/noticiero\/?s={search_term_string}\"},\"query-input\":{\"@type\":\"PropertyValueSpecification\",\"valueRequired\":true,\"valueName\":\"search_term_string\"}}],\"inLanguage\":\"es\"},{\"@type\":\"Person\",\"@id\":\"https:\/\/aeronoticias.com.pe\/noticiero\/#\/schema\/person\/fc1e5d578f4b62ba1cf7ac2bba1170a0\",\"name\":\"Redacci\u00f3n Aeronoticias\",\"url\":\"https:\/\/aeronoticias.com.pe\/noticiero\/author\/piloto\/\"}]}<\/script>\n<!-- \/ Yoast SEO plugin. -->","yoast_head_json":{"title":"Nueva York sin transporte p\u00fablico por hurac\u00e1n Sandy","description":"Portal de noticias del Per\u00fa sobre el transporte a\u00e9reo, aviaci\u00f3n, turismo, hoteleria, actualidad.","robots":{"index":"index","follow":"follow","max-snippet":"max-snippet:-1","max-image-preview":"max-image-preview:large","max-video-preview":"max-video-preview:-1"},"canonical":"https:\/\/aeronoticias.com.pe\/noticiero\/internacionales\/nueva-york-sin-transporte-publico-por-huracan-sandy\/","og_locale":"es_ES","og_type":"article","og_title":"Nueva York sin transporte p\u00fablico por hurac\u00e1n Sandy","og_description":"Portal de noticias del Per\u00fa sobre el transporte a\u00e9reo, aviaci\u00f3n, turismo, hoteleria, actualidad.","og_url":"https:\/\/aeronoticias.com.pe\/noticiero\/internacionales\/nueva-york-sin-transporte-publico-por-huracan-sandy\/","og_site_name":"Aeronoticias.com.pe","article_publisher":"https:\/\/www.facebook.com\/Aeronoticias.com.pe\/","article_published_time":"2012-10-29T11:36:40+00:00","author":"Redacci\u00f3n Aeronoticias","twitter_card":"summary_large_image","twitter_creator":"@aeronoticias","twitter_site":"@aeronoticias","twitter_misc":{"Escrito por":"Redacci\u00f3n Aeronoticias","Tiempo de lectura":"2 minutos"},"schema":{"@context":"https:\/\/schema.org","@graph":[{"@type":"WebPage","@id":"https:\/\/aeronoticias.com.pe\/noticiero\/internacionales\/nueva-york-sin-transporte-publico-por-huracan-sandy\/","url":"https:\/\/aeronoticias.com.pe\/noticiero\/internacionales\/nueva-york-sin-transporte-publico-por-huracan-sandy\/","name":"Nueva York sin transporte p\u00fablico por hurac\u00e1n Sandy","isPartOf":{"@id":"https:\/\/aeronoticias.com.pe\/noticiero\/#website"},"datePublished":"2012-10-29T11:36:40+00:00","author":{"@id":"https:\/\/aeronoticias.com.pe\/noticiero\/#\/schema\/person\/fc1e5d578f4b62ba1cf7ac2bba1170a0"},"description":"Portal de noticias del Per\u00fa sobre el transporte a\u00e9reo, aviaci\u00f3n, turismo, hoteleria, actualidad.","breadcrumb":{"@id":"https:\/\/aeronoticias.com.pe\/noticiero\/internacionales\/nueva-york-sin-transporte-publico-por-huracan-sandy\/#breadcrumb"},"inLanguage":"es","potentialAction":[{"@type":"ReadAction","target":["https:\/\/aeronoticias.com.pe\/noticiero\/internacionales\/nueva-york-sin-transporte-publico-por-huracan-sandy\/"]}]},{"@type":"BreadcrumbList","@id":"https:\/\/aeronoticias.com.pe\/noticiero\/internacionales\/nueva-york-sin-transporte-publico-por-huracan-sandy\/#breadcrumb","itemListElement":[{"@type":"ListItem","position":1,"name":"Portada","item":"https:\/\/aeronoticias.com.pe\/noticiero\/"},{"@type":"ListItem","position":2,"name":"Nueva York sin transporte p\u00fablico por hurac\u00e1n Sandy"}]},{"@type":"WebSite","@id":"https:\/\/aeronoticias.com.pe\/noticiero\/#website","url":"https:\/\/aeronoticias.com.pe\/noticiero\/","name":"Aeronoticias.com.pe","description":"Noticias de tranporte aereo, turismo, hoteles, gastronomia, actualidad, internacional","potentialAction":[{"@type":"SearchAction","target":{"@type":"EntryPoint","urlTemplate":"https:\/\/aeronoticias.com.pe\/noticiero\/?s={search_term_string}"},"query-input":{"@type":"PropertyValueSpecification","valueRequired":true,"valueName":"search_term_string"}}],"inLanguage":"es"},{"@type":"Person","@id":"https:\/\/aeronoticias.com.pe\/noticiero\/#\/schema\/person\/fc1e5d578f4b62ba1cf7ac2bba1170a0","name":"Redacci\u00f3n Aeronoticias","url":"https:\/\/aeronoticias.com.pe\/noticiero\/author\/piloto\/"}]}},"_links":{"self":[{"href":"https:\/\/aeronoticias.com.pe\/noticiero\/wp-json\/wp\/v2\/posts\/31725","targetHints":{"allow":["GET"]}}],"collection":[{"href":"https:\/\/aeronoticias.com.pe\/noticiero\/wp-json\/wp\/v2\/posts"}],"about":[{"href":"https:\/\/aeronoticias.com.pe\/noticiero\/wp-json\/wp\/v2\/types\/post"}],"author":[{"embeddable":true,"href":"https:\/\/aeronoticias.com.pe\/noticiero\/wp-json\/wp\/v2\/users\/1"}],"replies":[{"embeddable":true,"href":"https:\/\/aeronoticias.com.pe\/noticiero\/wp-json\/wp\/v2\/comments?post=31725"}],"version-history":[{"count":0,"href":"https:\/\/aeronoticias.com.pe\/noticiero\/wp-json\/wp\/v2\/posts\/31725\/revisions"}],"wp:attachment":[{"href":"https:\/\/aeronoticias.com.pe\/noticiero\/wp-json\/wp\/v2\/media?parent=31725"}],"wp:term":[{"taxonomy":"category","embeddable":true,"href":"https:\/\/aeronoticias.com.pe\/noticiero\/wp-json\/wp\/v2\/categories?post=31725"},{"taxonomy":"post_tag","embeddable":true,"href":"https:\/\/aeronoticias.com.pe\/noticiero\/wp-json\/wp\/v2\/tags?post=31725"}],"curies":[{"name":"wp","href":"https:\/\/api.w.org\/{rel}","templated":true}]}}