{"id":318,"date":"2008-08-25T17:35:15","date_gmt":"2008-08-25T17:35:15","guid":{"rendered":"http:\/\/desarrollo.mcvicious.com\/aero2020\/2008\/08\/25\/los-profesionales-en-mayor-no-siguen-siendo-profesores-de-secundaria\/"},"modified":"2008-08-25T17:35:15","modified_gmt":"2008-08-25T17:35:15","slug":"los-profesionales-en-mayor-no-siguen-siendo-profesores-de-secundaria","status":"publish","type":"post","link":"https:\/\/aeronoticias.com.pe\/noticiero\/ultimas\/1\/los-profesionales-en-mayor-no-siguen-siendo-profesores-de-secundaria\/","title":{"rendered":"Los profesionales en mayor n"},"content":{"rendered":"<blockquote>\n<p style=\"font-size: 12px; color: #003a75; font-family: Arial, Helvetica, sans-serif\" align=\"justify\">Seg&uacute;n los resultados de los Censos Nacionales 2007: XI de Poblaci&oacute;n y VI de Vivienda, en el Per&uacute; la ocupaci&oacute;n con mayor n&uacute;mero de profesionales son los profesores de educaci&oacute;n secundaria con 189 mil 593, seguido de contadores con 63 mil 621, ingenieros civiles con 25 mil 443, odont&oacute;logos 15 mil 101, periodistas 12 mil 512, arquitectos urbanistas 11mil 150, psic&oacute;logos 10 mil 087; y farmac&eacute;uticos 8 mil 464, entre los principales.<\/p>\n<p style=\"font-size: 12px; color: #003a75; font-family: Arial, Helvetica, sans-serif\" align=\"justify\">El jefe del INEI manifest&oacute; que a la pregunta &ldquo;ocupaci&oacute;n principal que desempe&ntilde;a&rdquo;, 55 mil 421 profesionales&nbsp; respondieron ser abogados; registr&aacute;ndose la mayor poblaci&oacute;n en Lima con 29 758, seguido de La Libertad con 3 241, Arequipa 2 965, Lambayeque 2 103, Cusco 1 920, Ancash&nbsp; 1 742, Ica 1 718, Jun&iacute;n 1 669 y Callao 1 645, entre otros.&nbsp; <\/p>\n<div style=\"text-align: center\"><img loading=\"lazy\" decoding=\"async\" src=\"http:\/\/aeronoticias.com.pe\/fotonoticias\/agosto\/docente.jpg\" alt=\" \" title=\"Los profesionales en mayor n&uacute;mero siguen siendo profesores de secundaria. (Foto: Internet)\" hspace=\"5\" vspace=\"5\" width=\"189\" height=\"250\" \/><\/div>\n<\/blockquote>\n<p> <!--more--> <\/p>\n<p>&nbsp;<\/p>\n<blockquote>\n<p style=\"font-size: 12px; color: #003a75; font-family: Arial, Helvetica, sans-serif\" align=\"center\"><strong>Existen 45 mil 601 m&eacute;dicos en el Per&uacute;<\/strong><\/p>\n<p style=\"font-size: 12px; color: #003a75; font-family: Arial, Helvetica, sans-serif\" align=\"justify\">Los resultados indicaron que en el Per&uacute; existen 45 601 m&eacute;dicos, de los cuales 22 547 se encuentran en Lima, 3 mil 038 en Arequipa, 2 mil 370 en La Libertad, 1646 en Lambayeque, 1562 en Piura, 1396 en Jun&iacute;n, 1346 en Ica al igual que en Cusco; mientras los departamentos que tienen menor n&uacute;mero de m&eacute;dicos son Tumbes con 244, Pasco 222 y Madre de Dios con 173 m&eacute;dicos.&nbsp;<\/p>\n<p style=\"font-size: 12px; color: #003a75; font-family: Arial, Helvetica, sans-serif\" align=\"justify\">Tambi&eacute;n se&ntilde;al&oacute; que la ocupaci&oacute;n con mayor n&uacute;mero de profesionales son los&nbsp; profesores de educaci&oacute;n secundaria con 189 593, seguido de contadores con 63 621, ingenieros civiles 25 443, odont&oacute;logos 15 101, periodistas 12 512, arquitectos urbanistas 11 150, psic&oacute;logos 10 087; y farmac&eacute;uticos 8 464, entre los principales. <\/p>\n<p style=\"font-size: 12px; color: #003a75; font-family: Arial, Helvetica, sans-serif\" align=\"center\"><strong>Vendedores ambulantes totalizaron 420 mil 736<\/strong><\/p>\n<p style=\"font-size: 12px; color: #003a75; font-family: Arial, Helvetica, sans-serif\">Las personas que manifestaron tener como ocupaci&oacute;n principal vendedor ambulante totalizaron 420 736, habiendo 104 923 dedicados a la venta de productos comestibles, 67 120 a productos alimenticios manufacturados, 42 479 a productos agr&iacute;colas comestibles, 34 922 a venta de telas, tejidos y confecciones de tela, entre los destacados.&nbsp; <\/p>\n<p style=\"font-size: 12px; color: #003a75; font-family: Arial, Helvetica, sans-serif\" align=\"center\"><strong>Sistema de Consultas Presenta Resultados hasta Nivel Distrital<\/strong> <\/p>\n<p style=\"font-size: 12px; color: #003a75; font-family: Arial, Helvetica, sans-serif\" align=\"justify\">De otro lado, se dio a conocer los resultados de los Censos Nacionales 2007, hasta a nivel distrital, que se han puesto a disposici&oacute;n, por el INEI, gracias al Sistema de Consulta de Datos, a trav&eacute;s del sistema REDATAM, un software de uso p&uacute;blico que permite procesar de manera r&aacute;pida y con gran versatilidad, los datos de las 63 preguntas de la c&eacute;dula censal. <\/p>\n<p style=\"font-size: 12px; color: #003a75; font-family: Arial, Helvetica, sans-serif\" align=\"justify\">El sistema viene en un CD ROM, de f&aacute;cil utilizaci&oacute;n que podr&aacute; ser instalado f&aacute;cilmente en una computadora sin necesidad de tener servicio de Internet y sin asistencia de un especialista en inform&aacute;tica.&nbsp; <\/p>\n<\/blockquote>\n","protected":false},"excerpt":{"rendered":"<p>Seg&uacute;n los resultados de los Censos Nacionales 2007: XI de Poblaci&oacute;n y VI de Vivienda, en el Per&uacute; la ocupaci&oacute;n con mayor n&uacute;mero de profesionales son los profesores de educaci&oacute;n secundaria con 189 mil 593, seguido de contadores con 63 mil 621, ingenieros civiles con 25 mil 443, odont&oacute;logos 15 mil 101, periodistas 12 mil [&hellip;]<\/p>\n","protected":false},"author":1,"featured_media":0,"comment_status":"open","ping_status":"open","sticky":false,"template":"","format":"standard","meta":{"tdm_status":"","tdm_grid_status":"","footnotes":""},"categories":[30],"tags":[],"class_list":{"0":"post-318","1":"post","2":"type-post","3":"status-publish","4":"format-standard","6":"category-30"},"yoast_head":"<!-- This site is optimized with the Yoast SEO plugin v25.1 - https:\/\/yoast.com\/wordpress\/plugins\/seo\/ -->\n<title>Los profesionales en mayor n<\/title>\n<meta name=\"description\" content=\"Portal de noticias del Per\u00fa sobre el transporte a\u00e9reo, aviaci\u00f3n, turismo, hoteleria, actualidad.\" \/>\n<meta name=\"robots\" content=\"index, follow, max-snippet:-1, max-image-preview:large, max-video-preview:-1\" \/>\n<link rel=\"canonical\" href=\"https:\/\/aeronoticias.com.pe\/noticiero\/ultimas\/1\/los-profesionales-en-mayor-no-siguen-siendo-profesores-de-secundaria\/\" \/>\n<meta property=\"og:locale\" content=\"es_ES\" \/>\n<meta property=\"og:type\" content=\"article\" \/>\n<meta property=\"og:title\" content=\"Los profesionales en mayor n\" \/>\n<meta property=\"og:description\" content=\"Portal de noticias del Per\u00fa sobre el transporte a\u00e9reo, aviaci\u00f3n, turismo, hoteleria, actualidad.\" \/>\n<meta property=\"og:url\" content=\"https:\/\/aeronoticias.com.pe\/noticiero\/ultimas\/1\/los-profesionales-en-mayor-no-siguen-siendo-profesores-de-secundaria\/\" \/>\n<meta property=\"og:site_name\" content=\"Aeronoticias.com.pe\" \/>\n<meta property=\"article:publisher\" content=\"https:\/\/www.facebook.com\/Aeronoticias.com.pe\/\" \/>\n<meta property=\"article:published_time\" content=\"2008-08-25T17:35:15+00:00\" \/>\n<meta property=\"og:image\" content=\"http:\/\/aeronoticias.com.pe\/fotonoticias\/agosto\/docente.jpg\" \/>\n<meta name=\"author\" content=\"Redacci\u00f3n Aeronoticias\" \/>\n<meta name=\"twitter:card\" content=\"summary_large_image\" \/>\n<meta name=\"twitter:creator\" content=\"@aeronoticias\" \/>\n<meta name=\"twitter:site\" content=\"@aeronoticias\" \/>\n<meta name=\"twitter:label1\" content=\"Escrito por\" \/>\n\t<meta name=\"twitter:data1\" content=\"Redacci\u00f3n Aeronoticias\" \/>\n\t<meta name=\"twitter:label2\" content=\"Tiempo de lectura\" \/>\n\t<meta name=\"twitter:data2\" content=\"2 minutos\" \/>\n<script type=\"application\/ld+json\" class=\"yoast-schema-graph\">{\"@context\":\"https:\/\/schema.org\",\"@graph\":[{\"@type\":\"WebPage\",\"@id\":\"https:\/\/aeronoticias.com.pe\/noticiero\/ultimas\/1\/los-profesionales-en-mayor-no-siguen-siendo-profesores-de-secundaria\/\",\"url\":\"https:\/\/aeronoticias.com.pe\/noticiero\/ultimas\/1\/los-profesionales-en-mayor-no-siguen-siendo-profesores-de-secundaria\/\",\"name\":\"Los profesionales en mayor n\",\"isPartOf\":{\"@id\":\"https:\/\/aeronoticias.com.pe\/noticiero\/#website\"},\"primaryImageOfPage\":{\"@id\":\"https:\/\/aeronoticias.com.pe\/noticiero\/ultimas\/1\/los-profesionales-en-mayor-no-siguen-siendo-profesores-de-secundaria\/#primaryimage\"},\"image\":{\"@id\":\"https:\/\/aeronoticias.com.pe\/noticiero\/ultimas\/1\/los-profesionales-en-mayor-no-siguen-siendo-profesores-de-secundaria\/#primaryimage\"},\"thumbnailUrl\":\"http:\/\/aeronoticias.com.pe\/fotonoticias\/agosto\/docente.jpg\",\"datePublished\":\"2008-08-25T17:35:15+00:00\",\"author\":{\"@id\":\"https:\/\/aeronoticias.com.pe\/noticiero\/#\/schema\/person\/fc1e5d578f4b62ba1cf7ac2bba1170a0\"},\"description\":\"Portal de noticias del Per\u00fa sobre el transporte a\u00e9reo, aviaci\u00f3n, turismo, hoteleria, actualidad.\",\"breadcrumb\":{\"@id\":\"https:\/\/aeronoticias.com.pe\/noticiero\/ultimas\/1\/los-profesionales-en-mayor-no-siguen-siendo-profesores-de-secundaria\/#breadcrumb\"},\"inLanguage\":\"es\",\"potentialAction\":[{\"@type\":\"ReadAction\",\"target\":[\"https:\/\/aeronoticias.com.pe\/noticiero\/ultimas\/1\/los-profesionales-en-mayor-no-siguen-siendo-profesores-de-secundaria\/\"]}]},{\"@type\":\"ImageObject\",\"inLanguage\":\"es\",\"@id\":\"https:\/\/aeronoticias.com.pe\/noticiero\/ultimas\/1\/los-profesionales-en-mayor-no-siguen-siendo-profesores-de-secundaria\/#primaryimage\",\"url\":\"http:\/\/aeronoticias.com.pe\/fotonoticias\/agosto\/docente.jpg\",\"contentUrl\":\"http:\/\/aeronoticias.com.pe\/fotonoticias\/agosto\/docente.jpg\"},{\"@type\":\"BreadcrumbList\",\"@id\":\"https:\/\/aeronoticias.com.pe\/noticiero\/ultimas\/1\/los-profesionales-en-mayor-no-siguen-siendo-profesores-de-secundaria\/#breadcrumb\",\"itemListElement\":[{\"@type\":\"ListItem\",\"position\":1,\"name\":\"Portada\",\"item\":\"https:\/\/aeronoticias.com.pe\/noticiero\/\"},{\"@type\":\"ListItem\",\"position\":2,\"name\":\"Los profesionales en mayor n\"}]},{\"@type\":\"WebSite\",\"@id\":\"https:\/\/aeronoticias.com.pe\/noticiero\/#website\",\"url\":\"https:\/\/aeronoticias.com.pe\/noticiero\/\",\"name\":\"Aeronoticias.com.pe\",\"description\":\"Noticias de tranporte aereo, turismo, hoteles, gastronomia, actualidad, internacional\",\"potentialAction\":[{\"@type\":\"SearchAction\",\"target\":{\"@type\":\"EntryPoint\",\"urlTemplate\":\"https:\/\/aeronoticias.com.pe\/noticiero\/?s={search_term_string}\"},\"query-input\":{\"@type\":\"PropertyValueSpecification\",\"valueRequired\":true,\"valueName\":\"search_term_string\"}}],\"inLanguage\":\"es\"},{\"@type\":\"Person\",\"@id\":\"https:\/\/aeronoticias.com.pe\/noticiero\/#\/schema\/person\/fc1e5d578f4b62ba1cf7ac2bba1170a0\",\"name\":\"Redacci\u00f3n Aeronoticias\",\"url\":\"https:\/\/aeronoticias.com.pe\/noticiero\/author\/piloto\/\"}]}<\/script>\n<!-- \/ Yoast SEO plugin. -->","yoast_head_json":{"title":"Los profesionales en mayor n","description":"Portal de noticias del Per\u00fa sobre el transporte a\u00e9reo, aviaci\u00f3n, turismo, hoteleria, actualidad.","robots":{"index":"index","follow":"follow","max-snippet":"max-snippet:-1","max-image-preview":"max-image-preview:large","max-video-preview":"max-video-preview:-1"},"canonical":"https:\/\/aeronoticias.com.pe\/noticiero\/ultimas\/1\/los-profesionales-en-mayor-no-siguen-siendo-profesores-de-secundaria\/","og_locale":"es_ES","og_type":"article","og_title":"Los profesionales en mayor n","og_description":"Portal de noticias del Per\u00fa sobre el transporte a\u00e9reo, aviaci\u00f3n, turismo, hoteleria, actualidad.","og_url":"https:\/\/aeronoticias.com.pe\/noticiero\/ultimas\/1\/los-profesionales-en-mayor-no-siguen-siendo-profesores-de-secundaria\/","og_site_name":"Aeronoticias.com.pe","article_publisher":"https:\/\/www.facebook.com\/Aeronoticias.com.pe\/","article_published_time":"2008-08-25T17:35:15+00:00","og_image":[{"url":"http:\/\/aeronoticias.com.pe\/fotonoticias\/agosto\/docente.jpg","type":"","width":"","height":""}],"author":"Redacci\u00f3n Aeronoticias","twitter_card":"summary_large_image","twitter_creator":"@aeronoticias","twitter_site":"@aeronoticias","twitter_misc":{"Escrito por":"Redacci\u00f3n Aeronoticias","Tiempo de lectura":"2 minutos"},"schema":{"@context":"https:\/\/schema.org","@graph":[{"@type":"WebPage","@id":"https:\/\/aeronoticias.com.pe\/noticiero\/ultimas\/1\/los-profesionales-en-mayor-no-siguen-siendo-profesores-de-secundaria\/","url":"https:\/\/aeronoticias.com.pe\/noticiero\/ultimas\/1\/los-profesionales-en-mayor-no-siguen-siendo-profesores-de-secundaria\/","name":"Los profesionales en mayor n","isPartOf":{"@id":"https:\/\/aeronoticias.com.pe\/noticiero\/#website"},"primaryImageOfPage":{"@id":"https:\/\/aeronoticias.com.pe\/noticiero\/ultimas\/1\/los-profesionales-en-mayor-no-siguen-siendo-profesores-de-secundaria\/#primaryimage"},"image":{"@id":"https:\/\/aeronoticias.com.pe\/noticiero\/ultimas\/1\/los-profesionales-en-mayor-no-siguen-siendo-profesores-de-secundaria\/#primaryimage"},"thumbnailUrl":"http:\/\/aeronoticias.com.pe\/fotonoticias\/agosto\/docente.jpg","datePublished":"2008-08-25T17:35:15+00:00","author":{"@id":"https:\/\/aeronoticias.com.pe\/noticiero\/#\/schema\/person\/fc1e5d578f4b62ba1cf7ac2bba1170a0"},"description":"Portal de noticias del Per\u00fa sobre el transporte a\u00e9reo, aviaci\u00f3n, turismo, hoteleria, actualidad.","breadcrumb":{"@id":"https:\/\/aeronoticias.com.pe\/noticiero\/ultimas\/1\/los-profesionales-en-mayor-no-siguen-siendo-profesores-de-secundaria\/#breadcrumb"},"inLanguage":"es","potentialAction":[{"@type":"ReadAction","target":["https:\/\/aeronoticias.com.pe\/noticiero\/ultimas\/1\/los-profesionales-en-mayor-no-siguen-siendo-profesores-de-secundaria\/"]}]},{"@type":"ImageObject","inLanguage":"es","@id":"https:\/\/aeronoticias.com.pe\/noticiero\/ultimas\/1\/los-profesionales-en-mayor-no-siguen-siendo-profesores-de-secundaria\/#primaryimage","url":"http:\/\/aeronoticias.com.pe\/fotonoticias\/agosto\/docente.jpg","contentUrl":"http:\/\/aeronoticias.com.pe\/fotonoticias\/agosto\/docente.jpg"},{"@type":"BreadcrumbList","@id":"https:\/\/aeronoticias.com.pe\/noticiero\/ultimas\/1\/los-profesionales-en-mayor-no-siguen-siendo-profesores-de-secundaria\/#breadcrumb","itemListElement":[{"@type":"ListItem","position":1,"name":"Portada","item":"https:\/\/aeronoticias.com.pe\/noticiero\/"},{"@type":"ListItem","position":2,"name":"Los profesionales en mayor n"}]},{"@type":"WebSite","@id":"https:\/\/aeronoticias.com.pe\/noticiero\/#website","url":"https:\/\/aeronoticias.com.pe\/noticiero\/","name":"Aeronoticias.com.pe","description":"Noticias de tranporte aereo, turismo, hoteles, gastronomia, actualidad, internacional","potentialAction":[{"@type":"SearchAction","target":{"@type":"EntryPoint","urlTemplate":"https:\/\/aeronoticias.com.pe\/noticiero\/?s={search_term_string}"},"query-input":{"@type":"PropertyValueSpecification","valueRequired":true,"valueName":"search_term_string"}}],"inLanguage":"es"},{"@type":"Person","@id":"https:\/\/aeronoticias.com.pe\/noticiero\/#\/schema\/person\/fc1e5d578f4b62ba1cf7ac2bba1170a0","name":"Redacci\u00f3n Aeronoticias","url":"https:\/\/aeronoticias.com.pe\/noticiero\/author\/piloto\/"}]}},"_links":{"self":[{"href":"https:\/\/aeronoticias.com.pe\/noticiero\/wp-json\/wp\/v2\/posts\/318","targetHints":{"allow":["GET"]}}],"collection":[{"href":"https:\/\/aeronoticias.com.pe\/noticiero\/wp-json\/wp\/v2\/posts"}],"about":[{"href":"https:\/\/aeronoticias.com.pe\/noticiero\/wp-json\/wp\/v2\/types\/post"}],"author":[{"embeddable":true,"href":"https:\/\/aeronoticias.com.pe\/noticiero\/wp-json\/wp\/v2\/users\/1"}],"replies":[{"embeddable":true,"href":"https:\/\/aeronoticias.com.pe\/noticiero\/wp-json\/wp\/v2\/comments?post=318"}],"version-history":[{"count":0,"href":"https:\/\/aeronoticias.com.pe\/noticiero\/wp-json\/wp\/v2\/posts\/318\/revisions"}],"wp:attachment":[{"href":"https:\/\/aeronoticias.com.pe\/noticiero\/wp-json\/wp\/v2\/media?parent=318"}],"wp:term":[{"taxonomy":"category","embeddable":true,"href":"https:\/\/aeronoticias.com.pe\/noticiero\/wp-json\/wp\/v2\/categories?post=318"},{"taxonomy":"post_tag","embeddable":true,"href":"https:\/\/aeronoticias.com.pe\/noticiero\/wp-json\/wp\/v2\/tags?post=318"}],"curies":[{"name":"wp","href":"https:\/\/api.w.org\/{rel}","templated":true}]}}