{"id":31844,"date":"2012-11-02T02:39:01","date_gmt":"2012-11-02T02:39:01","guid":{"rendered":"http:\/\/desarrollo.mcvicious.com\/aero2020\/2012\/11\/02\/si-viaja-en-aerolinea-air-new-zealand-volara-con-los-elfos-hacia-la-tierra-media\/"},"modified":"2012-11-02T02:39:01","modified_gmt":"2012-11-02T02:39:01","slug":"si-viaja-en-aerolinea-air-new-zealand-volara-con-los-elfos-hacia-la-tierra-media","status":"publish","type":"post","link":"https:\/\/aeronoticias.com.pe\/noticiero\/transporte-aereo\/internacional\/si-viaja-en-aerolinea-air-new-zealand-volara-con-los-elfos-hacia-la-tierra-media\/","title":{"rendered":"Si viaja en aerol\u00ednea Air New Zealand volar\u00e1 con los elfos hacia la Tierra Media"},"content":{"rendered":"<p style=\"text-align: justify;\"><strong>(Aeronoticias).-<\/strong>La aerol\u00ednea Air New Zealand ha tenido la delirante ocurrencia de sustituir las tradicionales  explicaciones sobre las medidas de seguridad  en los aviones. En lugar de gente en uniforme gesticulando\u00a0 la compa\u00f1\u00eda  neozelandesa ha empezado a proyectar un v\u00eddeo donde una singular  azafata elfa explica c\u00f3mo ponerse la mascarilla de oxigeno,  el mago Gandalf relata qu\u00e9 hacer cuando las luces del avi\u00f3n est\u00e1n  apagadas y Gollum se indigna porque el se\u00f1or sentado en la fila delante  se queda tan a gusto inclinando su sill\u00f3n.<\/p>\n<p style=\"text-align: justify;\">Cabe precisar que el v\u00eddeo promocional es el \u00faltimo cap\u00edtulo de la estrecha relaci\u00f3n de  Nueva Zelanda con el mundo fant\u00e1stico\u00a0 de \u00abEl se\u00f1or de los anillos\u00bb, que el escritor J. R. R. Tolkien  cre\u00f3 en sus novelas y sobre todo con sus versiones cinematogr\u00e1ficas.  Neozeland\u00e9s es el director que se hizo cargo de tama\u00f1a responsabilidad:  Peter Jackson. Y en Nueva Zelanda se han rodado muchas de las secuencias  de las tres pel\u00edculas de <em>El se\u00f1or de los anillos<\/em> y de las otras tres que, en los pr\u00f3ximos meses, llevar\u00e1n al cine <em>El hobbit<\/em>.  Hasta el punto de que la p\u00e1gina web oficial que promociona el turismo  en el pa\u00eds\u00a0 reitera cada vez que puede que Nueva Zelanda es la Tierra  Media.<\/p>\n<p>  <!--more-->  <\/p>\n<p>El v\u00eddeo ha sido producido con la colaboraci\u00f3n de Weta  Workshop, la compa\u00f1\u00ed\u00e1 que cre\u00f3 los efectos especiales de los seis  filmes. Y el propio Jackson aparece en un cameo, aunque desaparece  enseguida.<\/p>\n<p><img decoding=\"async\" src=\"images\/stories\/12\/11\/011112\/airnewzealand.jpg\" border=\"0\" alt=\"aerol\u00ednea\" title=\"aerol\u00ednea\" \/><\/p>\n<p style=\"text-align: center;\"> <object width=\"400\" height=\"325\" data=\"http:\/\/www.youtube.com\/v\/cBlRbrB_Gnc?fs=1&amp;hl=en_US&amp;autoplay=0&amp;showinfo=0&amp;rel=0\" type=\"application\/x-shockwave-flash\"><param name=\"movie\" value=\"http:\/\/www.youtube.com\/v\/cBlRbrB_Gnc?fs=1&amp;hl=en_US&amp;autoplay=0&amp;showinfo=0&amp;rel=0\" \/><param name=\"wmode\" value=\"transparent\" \/><\/object> <\/p>\n","protected":false},"excerpt":{"rendered":"<p>(Aeronoticias).-La aerol\u00ednea Air New Zealand ha tenido la delirante ocurrencia de sustituir las tradicionales explicaciones sobre las medidas de seguridad en los aviones. En lugar de gente en uniforme gesticulando\u00a0 la compa\u00f1\u00eda neozelandesa ha empezado a proyectar un v\u00eddeo donde una singular azafata elfa explica c\u00f3mo ponerse la mascarilla de oxigeno, el mago Gandalf relata [&hellip;]<\/p>\n","protected":false},"author":1,"featured_media":0,"comment_status":"open","ping_status":"open","sticky":false,"template":"","format":"standard","meta":{"tdm_status":"","tdm_grid_status":"","footnotes":""},"categories":[32],"tags":[],"class_list":{"0":"post-31844","1":"post","2":"type-post","3":"status-publish","4":"format-standard","6":"category-internacional"},"yoast_head":"<!-- This site is optimized with the Yoast SEO plugin v25.1 - https:\/\/yoast.com\/wordpress\/plugins\/seo\/ -->\n<title>Si viaja en aerol\u00ednea Air New Zealand volar\u00e1 con los elfos hacia la Tierra Media<\/title>\n<meta name=\"description\" content=\"Portal de noticias del Per\u00fa sobre el transporte a\u00e9reo, aviaci\u00f3n, turismo, hoteleria, actualidad.\" \/>\n<meta name=\"robots\" content=\"index, follow, max-snippet:-1, max-image-preview:large, max-video-preview:-1\" \/>\n<link rel=\"canonical\" href=\"https:\/\/aeronoticias.com.pe\/noticiero\/transporte-aereo\/internacional\/si-viaja-en-aerolinea-air-new-zealand-volara-con-los-elfos-hacia-la-tierra-media\/\" \/>\n<meta property=\"og:locale\" content=\"es_ES\" \/>\n<meta property=\"og:type\" content=\"article\" \/>\n<meta property=\"og:title\" content=\"Si viaja en aerol\u00ednea Air New Zealand volar\u00e1 con los elfos hacia la Tierra Media\" \/>\n<meta property=\"og:description\" content=\"Portal de noticias del Per\u00fa sobre el transporte a\u00e9reo, aviaci\u00f3n, turismo, hoteleria, actualidad.\" \/>\n<meta property=\"og:url\" content=\"https:\/\/aeronoticias.com.pe\/noticiero\/transporte-aereo\/internacional\/si-viaja-en-aerolinea-air-new-zealand-volara-con-los-elfos-hacia-la-tierra-media\/\" \/>\n<meta property=\"og:site_name\" content=\"Aeronoticias.com.pe\" \/>\n<meta property=\"article:publisher\" content=\"https:\/\/www.facebook.com\/Aeronoticias.com.pe\/\" \/>\n<meta property=\"article:published_time\" content=\"2012-11-02T02:39:01+00:00\" \/>\n<meta name=\"author\" content=\"Redacci\u00f3n Aeronoticias\" \/>\n<meta name=\"twitter:card\" content=\"summary_large_image\" \/>\n<meta name=\"twitter:creator\" content=\"@aeronoticias\" \/>\n<meta name=\"twitter:site\" content=\"@aeronoticias\" \/>\n<meta name=\"twitter:label1\" content=\"Escrito por\" \/>\n\t<meta name=\"twitter:data1\" content=\"Redacci\u00f3n Aeronoticias\" \/>\n\t<meta name=\"twitter:label2\" content=\"Tiempo de lectura\" \/>\n\t<meta name=\"twitter:data2\" content=\"1 minuto\" \/>\n<script type=\"application\/ld+json\" class=\"yoast-schema-graph\">{\"@context\":\"https:\/\/schema.org\",\"@graph\":[{\"@type\":\"WebPage\",\"@id\":\"https:\/\/aeronoticias.com.pe\/noticiero\/transporte-aereo\/internacional\/si-viaja-en-aerolinea-air-new-zealand-volara-con-los-elfos-hacia-la-tierra-media\/\",\"url\":\"https:\/\/aeronoticias.com.pe\/noticiero\/transporte-aereo\/internacional\/si-viaja-en-aerolinea-air-new-zealand-volara-con-los-elfos-hacia-la-tierra-media\/\",\"name\":\"Si viaja en aerol\u00ednea Air New Zealand volar\u00e1 con los elfos hacia la Tierra Media\",\"isPartOf\":{\"@id\":\"https:\/\/aeronoticias.com.pe\/noticiero\/#website\"},\"datePublished\":\"2012-11-02T02:39:01+00:00\",\"author\":{\"@id\":\"https:\/\/aeronoticias.com.pe\/noticiero\/#\/schema\/person\/fc1e5d578f4b62ba1cf7ac2bba1170a0\"},\"description\":\"Portal de noticias del Per\u00fa sobre el transporte a\u00e9reo, aviaci\u00f3n, turismo, hoteleria, actualidad.\",\"breadcrumb\":{\"@id\":\"https:\/\/aeronoticias.com.pe\/noticiero\/transporte-aereo\/internacional\/si-viaja-en-aerolinea-air-new-zealand-volara-con-los-elfos-hacia-la-tierra-media\/#breadcrumb\"},\"inLanguage\":\"es\",\"potentialAction\":[{\"@type\":\"ReadAction\",\"target\":[\"https:\/\/aeronoticias.com.pe\/noticiero\/transporte-aereo\/internacional\/si-viaja-en-aerolinea-air-new-zealand-volara-con-los-elfos-hacia-la-tierra-media\/\"]}]},{\"@type\":\"BreadcrumbList\",\"@id\":\"https:\/\/aeronoticias.com.pe\/noticiero\/transporte-aereo\/internacional\/si-viaja-en-aerolinea-air-new-zealand-volara-con-los-elfos-hacia-la-tierra-media\/#breadcrumb\",\"itemListElement\":[{\"@type\":\"ListItem\",\"position\":1,\"name\":\"Portada\",\"item\":\"https:\/\/aeronoticias.com.pe\/noticiero\/\"},{\"@type\":\"ListItem\",\"position\":2,\"name\":\"Si viaja en aerol\u00ednea Air New Zealand volar\u00e1 con los elfos hacia la Tierra Media\"}]},{\"@type\":\"WebSite\",\"@id\":\"https:\/\/aeronoticias.com.pe\/noticiero\/#website\",\"url\":\"https:\/\/aeronoticias.com.pe\/noticiero\/\",\"name\":\"Aeronoticias.com.pe\",\"description\":\"Noticias de tranporte aereo, turismo, hoteles, gastronomia, actualidad, internacional\",\"potentialAction\":[{\"@type\":\"SearchAction\",\"target\":{\"@type\":\"EntryPoint\",\"urlTemplate\":\"https:\/\/aeronoticias.com.pe\/noticiero\/?s={search_term_string}\"},\"query-input\":{\"@type\":\"PropertyValueSpecification\",\"valueRequired\":true,\"valueName\":\"search_term_string\"}}],\"inLanguage\":\"es\"},{\"@type\":\"Person\",\"@id\":\"https:\/\/aeronoticias.com.pe\/noticiero\/#\/schema\/person\/fc1e5d578f4b62ba1cf7ac2bba1170a0\",\"name\":\"Redacci\u00f3n Aeronoticias\",\"url\":\"https:\/\/aeronoticias.com.pe\/noticiero\/author\/piloto\/\"}]}<\/script>\n<!-- \/ Yoast SEO plugin. -->","yoast_head_json":{"title":"Si viaja en aerol\u00ednea Air New Zealand volar\u00e1 con los elfos hacia la Tierra Media","description":"Portal de noticias del Per\u00fa sobre el transporte a\u00e9reo, aviaci\u00f3n, turismo, hoteleria, actualidad.","robots":{"index":"index","follow":"follow","max-snippet":"max-snippet:-1","max-image-preview":"max-image-preview:large","max-video-preview":"max-video-preview:-1"},"canonical":"https:\/\/aeronoticias.com.pe\/noticiero\/transporte-aereo\/internacional\/si-viaja-en-aerolinea-air-new-zealand-volara-con-los-elfos-hacia-la-tierra-media\/","og_locale":"es_ES","og_type":"article","og_title":"Si viaja en aerol\u00ednea Air New Zealand volar\u00e1 con los elfos hacia la Tierra Media","og_description":"Portal de noticias del Per\u00fa sobre el transporte a\u00e9reo, aviaci\u00f3n, turismo, hoteleria, actualidad.","og_url":"https:\/\/aeronoticias.com.pe\/noticiero\/transporte-aereo\/internacional\/si-viaja-en-aerolinea-air-new-zealand-volara-con-los-elfos-hacia-la-tierra-media\/","og_site_name":"Aeronoticias.com.pe","article_publisher":"https:\/\/www.facebook.com\/Aeronoticias.com.pe\/","article_published_time":"2012-11-02T02:39:01+00:00","author":"Redacci\u00f3n Aeronoticias","twitter_card":"summary_large_image","twitter_creator":"@aeronoticias","twitter_site":"@aeronoticias","twitter_misc":{"Escrito por":"Redacci\u00f3n Aeronoticias","Tiempo de lectura":"1 minuto"},"schema":{"@context":"https:\/\/schema.org","@graph":[{"@type":"WebPage","@id":"https:\/\/aeronoticias.com.pe\/noticiero\/transporte-aereo\/internacional\/si-viaja-en-aerolinea-air-new-zealand-volara-con-los-elfos-hacia-la-tierra-media\/","url":"https:\/\/aeronoticias.com.pe\/noticiero\/transporte-aereo\/internacional\/si-viaja-en-aerolinea-air-new-zealand-volara-con-los-elfos-hacia-la-tierra-media\/","name":"Si viaja en aerol\u00ednea Air New Zealand volar\u00e1 con los elfos hacia la Tierra Media","isPartOf":{"@id":"https:\/\/aeronoticias.com.pe\/noticiero\/#website"},"datePublished":"2012-11-02T02:39:01+00:00","author":{"@id":"https:\/\/aeronoticias.com.pe\/noticiero\/#\/schema\/person\/fc1e5d578f4b62ba1cf7ac2bba1170a0"},"description":"Portal de noticias del Per\u00fa sobre el transporte a\u00e9reo, aviaci\u00f3n, turismo, hoteleria, actualidad.","breadcrumb":{"@id":"https:\/\/aeronoticias.com.pe\/noticiero\/transporte-aereo\/internacional\/si-viaja-en-aerolinea-air-new-zealand-volara-con-los-elfos-hacia-la-tierra-media\/#breadcrumb"},"inLanguage":"es","potentialAction":[{"@type":"ReadAction","target":["https:\/\/aeronoticias.com.pe\/noticiero\/transporte-aereo\/internacional\/si-viaja-en-aerolinea-air-new-zealand-volara-con-los-elfos-hacia-la-tierra-media\/"]}]},{"@type":"BreadcrumbList","@id":"https:\/\/aeronoticias.com.pe\/noticiero\/transporte-aereo\/internacional\/si-viaja-en-aerolinea-air-new-zealand-volara-con-los-elfos-hacia-la-tierra-media\/#breadcrumb","itemListElement":[{"@type":"ListItem","position":1,"name":"Portada","item":"https:\/\/aeronoticias.com.pe\/noticiero\/"},{"@type":"ListItem","position":2,"name":"Si viaja en aerol\u00ednea Air New Zealand volar\u00e1 con los elfos hacia la Tierra Media"}]},{"@type":"WebSite","@id":"https:\/\/aeronoticias.com.pe\/noticiero\/#website","url":"https:\/\/aeronoticias.com.pe\/noticiero\/","name":"Aeronoticias.com.pe","description":"Noticias de tranporte aereo, turismo, hoteles, gastronomia, actualidad, internacional","potentialAction":[{"@type":"SearchAction","target":{"@type":"EntryPoint","urlTemplate":"https:\/\/aeronoticias.com.pe\/noticiero\/?s={search_term_string}"},"query-input":{"@type":"PropertyValueSpecification","valueRequired":true,"valueName":"search_term_string"}}],"inLanguage":"es"},{"@type":"Person","@id":"https:\/\/aeronoticias.com.pe\/noticiero\/#\/schema\/person\/fc1e5d578f4b62ba1cf7ac2bba1170a0","name":"Redacci\u00f3n Aeronoticias","url":"https:\/\/aeronoticias.com.pe\/noticiero\/author\/piloto\/"}]}},"_links":{"self":[{"href":"https:\/\/aeronoticias.com.pe\/noticiero\/wp-json\/wp\/v2\/posts\/31844","targetHints":{"allow":["GET"]}}],"collection":[{"href":"https:\/\/aeronoticias.com.pe\/noticiero\/wp-json\/wp\/v2\/posts"}],"about":[{"href":"https:\/\/aeronoticias.com.pe\/noticiero\/wp-json\/wp\/v2\/types\/post"}],"author":[{"embeddable":true,"href":"https:\/\/aeronoticias.com.pe\/noticiero\/wp-json\/wp\/v2\/users\/1"}],"replies":[{"embeddable":true,"href":"https:\/\/aeronoticias.com.pe\/noticiero\/wp-json\/wp\/v2\/comments?post=31844"}],"version-history":[{"count":0,"href":"https:\/\/aeronoticias.com.pe\/noticiero\/wp-json\/wp\/v2\/posts\/31844\/revisions"}],"wp:attachment":[{"href":"https:\/\/aeronoticias.com.pe\/noticiero\/wp-json\/wp\/v2\/media?parent=31844"}],"wp:term":[{"taxonomy":"category","embeddable":true,"href":"https:\/\/aeronoticias.com.pe\/noticiero\/wp-json\/wp\/v2\/categories?post=31844"},{"taxonomy":"post_tag","embeddable":true,"href":"https:\/\/aeronoticias.com.pe\/noticiero\/wp-json\/wp\/v2\/tags?post=31844"}],"curies":[{"name":"wp","href":"https:\/\/api.w.org\/{rel}","templated":true}]}}