{"id":319,"date":"2008-08-25T17:48:08","date_gmt":"2008-08-25T17:48:08","guid":{"rendered":"http:\/\/desarrollo.mcvicious.com\/aero2020\/2008\/08\/25\/san-juan-de-lurigancho-y-san-martde-porres-son-los-distritos-mpoblados-del-per\/"},"modified":"2008-08-25T17:48:08","modified_gmt":"2008-08-25T17:48:08","slug":"san-juan-de-lurigancho-y-san-martde-porres-son-los-distritos-mpoblados-del-per","status":"publish","type":"post","link":"https:\/\/aeronoticias.com.pe\/noticiero\/ultimas\/1\/san-juan-de-lurigancho-y-san-martde-porres-son-los-distritos-mpoblados-del-per\/","title":{"rendered":"San Juan de Lurigancho y San Mart"},"content":{"rendered":"<blockquote>\n<p style=\"font-size: 12px; color: #003a75; font-family: Arial, Helvetica, sans-serif\" align=\"justify\">De acuerdo a las cifras del Censo realizado el a&ntilde;o pasado,&nbsp;el departamento de Lima tiene los distritos m&aacute;s poblados del pa&iacute;s, encabezado por San Juan de Lurigancho con un total de 898 mil 443 habitantes, es decir, 315 mil 468 habitantes m&aacute;s que en 1993, seguido por San Mart&iacute;n de Porres 579 561, Comas&nbsp;&nbsp;&nbsp; 486 977, Ate 478 278, Callao 415 888, Villa El&nbsp; Salvador 381 790, Villa Mar&iacute;a del Triunfo 378 470, San Juan de Miraflores 362 643, Los Olivos 318 140 y Lima con 299 493 habitantes. <\/p>\n<div style=\"text-align: center\"><img loading=\"lazy\" decoding=\"async\" src=\"http:\/\/aeronoticias.com.pe\/fotonoticias\/agosto\/sjl25.JPG\" alt=\" \" title=\"San Juan de Lurigancho es el distrito m&aacute;s poblado del Per&uacute;. (Foto: Internet)\" hspace=\"5\" vspace=\"5\" width=\"280\" height=\"200\" \/><\/div>\n<\/blockquote>\n<p> <!--more--> <\/p>\n<blockquote>\n<p style=\"font-size: 12px; color: #003a75; font-family: Arial, Helvetica, sans-serif\" align=\"center\"><strong>Distritos menos poblados<\/strong><\/p>\n<p style=\"font-size: 12px; color: #003a75; font-family: Arial, Helvetica, sans-serif\" align=\"justify\">Tambi&eacute;n se revel&oacute; que los 5 distritos menos poblados son: Santa Mar&iacute;a del Mar, en Lima, con 161 habitantes; San Jos&eacute; de Ushua en la provincia de Paucar del Sara Sara, en Ayacucho tiene 187; Curibaya en Candarave, Tacna con 203 personas; Sonche en Chachapoyas-Amazonas con 228; y Recta en Bongar&aacute;, tambi&eacute;n en Amazonas tiene 231 habitantes.<\/p>\n<p style=\"font-size: 12px; color: #003a75; font-family: Arial, Helvetica, sans-serif\" align=\"center\">&nbsp;<strong>Las diez provincias m&aacute;s pobladas<\/strong><\/p>\n<p style=\"font-size: 12px; color: #003a75; font-family: Arial, Helvetica, sans-serif\" align=\"justify\">Seg&uacute;n estos resultados, las diez provincias m&aacute;s pobladas en el 2007, de mayor a menor son: Lima, Provincia Constitucional del Callao, Arequipa, Trujillo, Chiclayo, Piura, Maynas, Huancayo, Santa y Cusco; siendo Lima la &uacute;nica que supera el mill&oacute;n de habitantes (7 millones 605 mil 742), representando el 27,8% de la poblaci&oacute;n censada.&nbsp;<\/p>\n<p style=\"font-size: 12px; color: #003a75; font-family: Arial, Helvetica, sans-serif\" align=\"justify\">En cuanto al promedio anual de crecimiento poblacional, tenemos que Lima crece en 135 mil 687 habitantes, seguida por la Provincia Constitucional del Callao con 16 mil 939, Arequipa 13 mil 390, Trujillo 12 mil 856, Chiclayo 9 mil 969, Piura 8 mil 649 y Maynas en 7 mil 107 habitantes. <\/p>\n<\/blockquote>\n","protected":false},"excerpt":{"rendered":"<p>De acuerdo a las cifras del Censo realizado el a&ntilde;o pasado,&nbsp;el departamento de Lima tiene los distritos m&aacute;s poblados del pa&iacute;s, encabezado por San Juan de Lurigancho con un total de 898 mil 443 habitantes, es decir, 315 mil 468 habitantes m&aacute;s que en 1993, seguido por San Mart&iacute;n de Porres 579 561, Comas&nbsp;&nbsp;&nbsp; 486 [&hellip;]<\/p>\n","protected":false},"author":1,"featured_media":0,"comment_status":"open","ping_status":"open","sticky":false,"template":"","format":"standard","meta":{"tdm_status":"","tdm_grid_status":"","footnotes":""},"categories":[30],"tags":[],"class_list":{"0":"post-319","1":"post","2":"type-post","3":"status-publish","4":"format-standard","6":"category-30"},"yoast_head":"<!-- This site is optimized with the Yoast SEO plugin v25.1 - https:\/\/yoast.com\/wordpress\/plugins\/seo\/ -->\n<title>San Juan de Lurigancho y San Mart<\/title>\n<meta name=\"description\" content=\"Portal de noticias del Per\u00fa sobre el transporte a\u00e9reo, aviaci\u00f3n, turismo, hoteleria, actualidad.\" \/>\n<meta name=\"robots\" content=\"index, follow, max-snippet:-1, max-image-preview:large, max-video-preview:-1\" \/>\n<link rel=\"canonical\" href=\"https:\/\/aeronoticias.com.pe\/noticiero\/ultimas\/1\/san-juan-de-lurigancho-y-san-martde-porres-son-los-distritos-mpoblados-del-per\/\" \/>\n<meta property=\"og:locale\" content=\"es_ES\" \/>\n<meta property=\"og:type\" content=\"article\" \/>\n<meta property=\"og:title\" content=\"San Juan de Lurigancho y San Mart\" \/>\n<meta property=\"og:description\" content=\"Portal de noticias del Per\u00fa sobre el transporte a\u00e9reo, aviaci\u00f3n, turismo, hoteleria, actualidad.\" \/>\n<meta property=\"og:url\" content=\"https:\/\/aeronoticias.com.pe\/noticiero\/ultimas\/1\/san-juan-de-lurigancho-y-san-martde-porres-son-los-distritos-mpoblados-del-per\/\" \/>\n<meta property=\"og:site_name\" content=\"Aeronoticias.com.pe\" \/>\n<meta property=\"article:publisher\" content=\"https:\/\/www.facebook.com\/Aeronoticias.com.pe\/\" \/>\n<meta property=\"article:published_time\" content=\"2008-08-25T17:48:08+00:00\" \/>\n<meta property=\"og:image\" content=\"http:\/\/aeronoticias.com.pe\/fotonoticias\/agosto\/sjl25.JPG\" \/>\n<meta name=\"author\" content=\"Redacci\u00f3n Aeronoticias\" \/>\n<meta name=\"twitter:card\" content=\"summary_large_image\" \/>\n<meta name=\"twitter:creator\" content=\"@aeronoticias\" \/>\n<meta name=\"twitter:site\" content=\"@aeronoticias\" \/>\n<meta name=\"twitter:label1\" content=\"Escrito por\" \/>\n\t<meta name=\"twitter:data1\" content=\"Redacci\u00f3n Aeronoticias\" \/>\n\t<meta name=\"twitter:label2\" content=\"Tiempo de lectura\" \/>\n\t<meta name=\"twitter:data2\" content=\"1 minuto\" \/>\n<script type=\"application\/ld+json\" class=\"yoast-schema-graph\">{\"@context\":\"https:\/\/schema.org\",\"@graph\":[{\"@type\":\"WebPage\",\"@id\":\"https:\/\/aeronoticias.com.pe\/noticiero\/ultimas\/1\/san-juan-de-lurigancho-y-san-martde-porres-son-los-distritos-mpoblados-del-per\/\",\"url\":\"https:\/\/aeronoticias.com.pe\/noticiero\/ultimas\/1\/san-juan-de-lurigancho-y-san-martde-porres-son-los-distritos-mpoblados-del-per\/\",\"name\":\"San Juan de Lurigancho y San Mart\",\"isPartOf\":{\"@id\":\"https:\/\/aeronoticias.com.pe\/noticiero\/#website\"},\"primaryImageOfPage\":{\"@id\":\"https:\/\/aeronoticias.com.pe\/noticiero\/ultimas\/1\/san-juan-de-lurigancho-y-san-martde-porres-son-los-distritos-mpoblados-del-per\/#primaryimage\"},\"image\":{\"@id\":\"https:\/\/aeronoticias.com.pe\/noticiero\/ultimas\/1\/san-juan-de-lurigancho-y-san-martde-porres-son-los-distritos-mpoblados-del-per\/#primaryimage\"},\"thumbnailUrl\":\"http:\/\/aeronoticias.com.pe\/fotonoticias\/agosto\/sjl25.JPG\",\"datePublished\":\"2008-08-25T17:48:08+00:00\",\"author\":{\"@id\":\"https:\/\/aeronoticias.com.pe\/noticiero\/#\/schema\/person\/fc1e5d578f4b62ba1cf7ac2bba1170a0\"},\"description\":\"Portal de noticias del Per\u00fa sobre el transporte a\u00e9reo, aviaci\u00f3n, turismo, hoteleria, actualidad.\",\"breadcrumb\":{\"@id\":\"https:\/\/aeronoticias.com.pe\/noticiero\/ultimas\/1\/san-juan-de-lurigancho-y-san-martde-porres-son-los-distritos-mpoblados-del-per\/#breadcrumb\"},\"inLanguage\":\"es\",\"potentialAction\":[{\"@type\":\"ReadAction\",\"target\":[\"https:\/\/aeronoticias.com.pe\/noticiero\/ultimas\/1\/san-juan-de-lurigancho-y-san-martde-porres-son-los-distritos-mpoblados-del-per\/\"]}]},{\"@type\":\"ImageObject\",\"inLanguage\":\"es\",\"@id\":\"https:\/\/aeronoticias.com.pe\/noticiero\/ultimas\/1\/san-juan-de-lurigancho-y-san-martde-porres-son-los-distritos-mpoblados-del-per\/#primaryimage\",\"url\":\"http:\/\/aeronoticias.com.pe\/fotonoticias\/agosto\/sjl25.JPG\",\"contentUrl\":\"http:\/\/aeronoticias.com.pe\/fotonoticias\/agosto\/sjl25.JPG\"},{\"@type\":\"BreadcrumbList\",\"@id\":\"https:\/\/aeronoticias.com.pe\/noticiero\/ultimas\/1\/san-juan-de-lurigancho-y-san-martde-porres-son-los-distritos-mpoblados-del-per\/#breadcrumb\",\"itemListElement\":[{\"@type\":\"ListItem\",\"position\":1,\"name\":\"Portada\",\"item\":\"https:\/\/aeronoticias.com.pe\/noticiero\/\"},{\"@type\":\"ListItem\",\"position\":2,\"name\":\"San Juan de Lurigancho y San Mart\"}]},{\"@type\":\"WebSite\",\"@id\":\"https:\/\/aeronoticias.com.pe\/noticiero\/#website\",\"url\":\"https:\/\/aeronoticias.com.pe\/noticiero\/\",\"name\":\"Aeronoticias.com.pe\",\"description\":\"Noticias de tranporte aereo, turismo, hoteles, gastronomia, actualidad, internacional\",\"potentialAction\":[{\"@type\":\"SearchAction\",\"target\":{\"@type\":\"EntryPoint\",\"urlTemplate\":\"https:\/\/aeronoticias.com.pe\/noticiero\/?s={search_term_string}\"},\"query-input\":{\"@type\":\"PropertyValueSpecification\",\"valueRequired\":true,\"valueName\":\"search_term_string\"}}],\"inLanguage\":\"es\"},{\"@type\":\"Person\",\"@id\":\"https:\/\/aeronoticias.com.pe\/noticiero\/#\/schema\/person\/fc1e5d578f4b62ba1cf7ac2bba1170a0\",\"name\":\"Redacci\u00f3n Aeronoticias\",\"url\":\"https:\/\/aeronoticias.com.pe\/noticiero\/author\/piloto\/\"}]}<\/script>\n<!-- \/ Yoast SEO plugin. -->","yoast_head_json":{"title":"San Juan de Lurigancho y San Mart","description":"Portal de noticias del Per\u00fa sobre el transporte a\u00e9reo, aviaci\u00f3n, turismo, hoteleria, actualidad.","robots":{"index":"index","follow":"follow","max-snippet":"max-snippet:-1","max-image-preview":"max-image-preview:large","max-video-preview":"max-video-preview:-1"},"canonical":"https:\/\/aeronoticias.com.pe\/noticiero\/ultimas\/1\/san-juan-de-lurigancho-y-san-martde-porres-son-los-distritos-mpoblados-del-per\/","og_locale":"es_ES","og_type":"article","og_title":"San Juan de Lurigancho y San Mart","og_description":"Portal de noticias del Per\u00fa sobre el transporte a\u00e9reo, aviaci\u00f3n, turismo, hoteleria, actualidad.","og_url":"https:\/\/aeronoticias.com.pe\/noticiero\/ultimas\/1\/san-juan-de-lurigancho-y-san-martde-porres-son-los-distritos-mpoblados-del-per\/","og_site_name":"Aeronoticias.com.pe","article_publisher":"https:\/\/www.facebook.com\/Aeronoticias.com.pe\/","article_published_time":"2008-08-25T17:48:08+00:00","og_image":[{"url":"http:\/\/aeronoticias.com.pe\/fotonoticias\/agosto\/sjl25.JPG","type":"","width":"","height":""}],"author":"Redacci\u00f3n Aeronoticias","twitter_card":"summary_large_image","twitter_creator":"@aeronoticias","twitter_site":"@aeronoticias","twitter_misc":{"Escrito por":"Redacci\u00f3n Aeronoticias","Tiempo de lectura":"1 minuto"},"schema":{"@context":"https:\/\/schema.org","@graph":[{"@type":"WebPage","@id":"https:\/\/aeronoticias.com.pe\/noticiero\/ultimas\/1\/san-juan-de-lurigancho-y-san-martde-porres-son-los-distritos-mpoblados-del-per\/","url":"https:\/\/aeronoticias.com.pe\/noticiero\/ultimas\/1\/san-juan-de-lurigancho-y-san-martde-porres-son-los-distritos-mpoblados-del-per\/","name":"San Juan de Lurigancho y San Mart","isPartOf":{"@id":"https:\/\/aeronoticias.com.pe\/noticiero\/#website"},"primaryImageOfPage":{"@id":"https:\/\/aeronoticias.com.pe\/noticiero\/ultimas\/1\/san-juan-de-lurigancho-y-san-martde-porres-son-los-distritos-mpoblados-del-per\/#primaryimage"},"image":{"@id":"https:\/\/aeronoticias.com.pe\/noticiero\/ultimas\/1\/san-juan-de-lurigancho-y-san-martde-porres-son-los-distritos-mpoblados-del-per\/#primaryimage"},"thumbnailUrl":"http:\/\/aeronoticias.com.pe\/fotonoticias\/agosto\/sjl25.JPG","datePublished":"2008-08-25T17:48:08+00:00","author":{"@id":"https:\/\/aeronoticias.com.pe\/noticiero\/#\/schema\/person\/fc1e5d578f4b62ba1cf7ac2bba1170a0"},"description":"Portal de noticias del Per\u00fa sobre el transporte a\u00e9reo, aviaci\u00f3n, turismo, hoteleria, actualidad.","breadcrumb":{"@id":"https:\/\/aeronoticias.com.pe\/noticiero\/ultimas\/1\/san-juan-de-lurigancho-y-san-martde-porres-son-los-distritos-mpoblados-del-per\/#breadcrumb"},"inLanguage":"es","potentialAction":[{"@type":"ReadAction","target":["https:\/\/aeronoticias.com.pe\/noticiero\/ultimas\/1\/san-juan-de-lurigancho-y-san-martde-porres-son-los-distritos-mpoblados-del-per\/"]}]},{"@type":"ImageObject","inLanguage":"es","@id":"https:\/\/aeronoticias.com.pe\/noticiero\/ultimas\/1\/san-juan-de-lurigancho-y-san-martde-porres-son-los-distritos-mpoblados-del-per\/#primaryimage","url":"http:\/\/aeronoticias.com.pe\/fotonoticias\/agosto\/sjl25.JPG","contentUrl":"http:\/\/aeronoticias.com.pe\/fotonoticias\/agosto\/sjl25.JPG"},{"@type":"BreadcrumbList","@id":"https:\/\/aeronoticias.com.pe\/noticiero\/ultimas\/1\/san-juan-de-lurigancho-y-san-martde-porres-son-los-distritos-mpoblados-del-per\/#breadcrumb","itemListElement":[{"@type":"ListItem","position":1,"name":"Portada","item":"https:\/\/aeronoticias.com.pe\/noticiero\/"},{"@type":"ListItem","position":2,"name":"San Juan de Lurigancho y San Mart"}]},{"@type":"WebSite","@id":"https:\/\/aeronoticias.com.pe\/noticiero\/#website","url":"https:\/\/aeronoticias.com.pe\/noticiero\/","name":"Aeronoticias.com.pe","description":"Noticias de tranporte aereo, turismo, hoteles, gastronomia, actualidad, internacional","potentialAction":[{"@type":"SearchAction","target":{"@type":"EntryPoint","urlTemplate":"https:\/\/aeronoticias.com.pe\/noticiero\/?s={search_term_string}"},"query-input":{"@type":"PropertyValueSpecification","valueRequired":true,"valueName":"search_term_string"}}],"inLanguage":"es"},{"@type":"Person","@id":"https:\/\/aeronoticias.com.pe\/noticiero\/#\/schema\/person\/fc1e5d578f4b62ba1cf7ac2bba1170a0","name":"Redacci\u00f3n Aeronoticias","url":"https:\/\/aeronoticias.com.pe\/noticiero\/author\/piloto\/"}]}},"_links":{"self":[{"href":"https:\/\/aeronoticias.com.pe\/noticiero\/wp-json\/wp\/v2\/posts\/319","targetHints":{"allow":["GET"]}}],"collection":[{"href":"https:\/\/aeronoticias.com.pe\/noticiero\/wp-json\/wp\/v2\/posts"}],"about":[{"href":"https:\/\/aeronoticias.com.pe\/noticiero\/wp-json\/wp\/v2\/types\/post"}],"author":[{"embeddable":true,"href":"https:\/\/aeronoticias.com.pe\/noticiero\/wp-json\/wp\/v2\/users\/1"}],"replies":[{"embeddable":true,"href":"https:\/\/aeronoticias.com.pe\/noticiero\/wp-json\/wp\/v2\/comments?post=319"}],"version-history":[{"count":0,"href":"https:\/\/aeronoticias.com.pe\/noticiero\/wp-json\/wp\/v2\/posts\/319\/revisions"}],"wp:attachment":[{"href":"https:\/\/aeronoticias.com.pe\/noticiero\/wp-json\/wp\/v2\/media?parent=319"}],"wp:term":[{"taxonomy":"category","embeddable":true,"href":"https:\/\/aeronoticias.com.pe\/noticiero\/wp-json\/wp\/v2\/categories?post=319"},{"taxonomy":"post_tag","embeddable":true,"href":"https:\/\/aeronoticias.com.pe\/noticiero\/wp-json\/wp\/v2\/tags?post=319"}],"curies":[{"name":"wp","href":"https:\/\/api.w.org\/{rel}","templated":true}]}}