{"id":32043,"date":"2012-11-09T14:46:23","date_gmt":"2012-11-09T14:46:23","guid":{"rendered":"http:\/\/desarrollo.mcvicious.com\/aero2020\/2012\/11\/09\/primera-dama-se-requiere-esfuerzo-conjunto-de-comunidad-gobiernos-regionales-colegios-y-sistemas-de-salud-para-que-no-se-propale-el-mosquito-del-dengue\/"},"modified":"2012-11-09T14:46:23","modified_gmt":"2012-11-09T14:46:23","slug":"primera-dama-se-requiere-esfuerzo-conjunto-de-comunidad-gobiernos-regionales-colegios-y-sistemas-de-salud-para-que-no-se-propale-el-mosquito-del-dengue","status":"publish","type":"post","link":"https:\/\/aeronoticias.com.pe\/noticiero\/nacionales\/primera-dama-se-requiere-esfuerzo-conjunto-de-comunidad-gobiernos-regionales-colegios-y-sistemas-de-salud-para-que-no-se-propale-el-mosquito-del-dengue\/","title":{"rendered":"Primera Dama participa en campa\u00f1a de lucha contra el dengue en Ucacayli"},"content":{"rendered":"<p style=\"text-align: justify;\"><strong>(Aeronoticias)<\/strong> \u201cNecesitamos el esfuerzo de nuestra comunidad, de los adultos, de los ni\u00f1os, de los padres, de los colegios, de los sectores de salud, de los gobiernos regionales y municipales. Tenemos que actuar coordinadamente en conjunto para que no se propale el mosquito del dengue y as\u00ed evitar la enfermedad y m\u00e1s muertes\u201d, expres\u00f3 la Primera Dama de la Naci\u00f3n, Nadine Heredia.<\/p>\n<p>Durante el lanzamiento de la campa\u00f1a contra esta enfermedad en el asentamiento humano La Perla de Yarinacocha en Pucallpa, la Primera Dama asegur\u00f3 que el presidente Ollanta Humala ha dispuesto el apoyo para evitar que el dengue contin\u00fae propag\u00e1ndose en perjuicio de las familias.<\/p>\n<p>\u201cEl presidente Ollanta Humala est\u00e1 preocupado y ha dispuesto reforzar los sistemas de salud, abasteciendo de medicinas y difundiendo mensajes de prevenci\u00f3n. Ustedes tienen la llave para combatir el dengue\u201d, dijo.<\/p>\n<p>La Primera Dama resalt\u00f3 que se est\u00e1 reforzando la fumigaci\u00f3n en los colegios y en las viviendas, por lo que exhort\u00f3 a los jefes de familia a permitir el ingreso del personal de salud para esta labor.<\/p>\n<p>Asimismo, coment\u00f3 que los establecimientos del Ministerio de Salud en la regi\u00f3n no cobrar\u00e1n la atenci\u00f3n a los pacientes con dengue y exhort\u00f3 a la poblaci\u00f3n a acudir al hospital ante los primeros s\u00edntomas (fiebre, dolor de cabeza y de huesos, diarrea).<\/p>\n<p>Finalmente, record\u00f3 a la poblaci\u00f3n a que cada vez que se deja agua estancada o un florero con agua varios d\u00edas o en una llanta se acumula agua se reproduce el mosquito del dengue, que ataca mayoritariamente a ni\u00f1os y mujeres.<\/p>\n<p>\u201cEs momento de botar los inservibles (pl\u00e1sticos, llantas, recipientes), limpiar los reservorios de agua y fortalecer el h\u00e1bito de lavado de manos\u201d, indic\u00f3.<\/p>\n<p style=\"text-align: justify;\">La Primera Dama particip\u00f3 en las tareas de fumigaci\u00f3n contra el dengue y ense\u00f1\u00f3 a madres de la zona c\u00f3mo combatir la enfermedad con h\u00e1bitos saludables.<\/p>\n<p style=\"text-align: justify;\"><img decoding=\"async\" src=\"images\/stories\/12\/11\/091112\/luchacontradengue.jpg\" border=\"0\" alt=\"Primera Dama participa en campa\u00f1a lucha contra el dengue en Ucacayli\" \/><\/p>\n","protected":false},"excerpt":{"rendered":"<p>(Aeronoticias) \u201cNecesitamos el esfuerzo de nuestra comunidad, de los adultos, de los ni\u00f1os, de los padres, de los colegios, de los sectores de salud, de los gobiernos regionales y municipales. Tenemos que actuar coordinadamente en conjunto para que no se propale el mosquito del dengue y as\u00ed evitar la enfermedad y m\u00e1s muertes\u201d, expres\u00f3 la [&hellip;]<\/p>\n","protected":false},"author":1,"featured_media":0,"comment_status":"open","ping_status":"open","sticky":false,"template":"","format":"standard","meta":{"tdm_status":"","tdm_grid_status":"","footnotes":""},"categories":[38],"tags":[],"class_list":{"0":"post-32043","1":"post","2":"type-post","3":"status-publish","4":"format-standard","6":"category-nacionales"},"yoast_head":"<!-- This site is optimized with the Yoast SEO plugin v25.1 - https:\/\/yoast.com\/wordpress\/plugins\/seo\/ -->\n<title>Primera Dama participa en campa\u00f1a de lucha contra el dengue en Ucacayli<\/title>\n<meta name=\"description\" content=\"Portal de noticias del Per\u00fa sobre el transporte a\u00e9reo, aviaci\u00f3n, turismo, hoteleria, actualidad.\" \/>\n<meta name=\"robots\" content=\"index, follow, max-snippet:-1, max-image-preview:large, max-video-preview:-1\" \/>\n<link rel=\"canonical\" href=\"https:\/\/aeronoticias.com.pe\/noticiero\/nacionales\/primera-dama-se-requiere-esfuerzo-conjunto-de-comunidad-gobiernos-regionales-colegios-y-sistemas-de-salud-para-que-no-se-propale-el-mosquito-del-dengue\/\" \/>\n<meta property=\"og:locale\" content=\"es_ES\" \/>\n<meta property=\"og:type\" content=\"article\" \/>\n<meta property=\"og:title\" content=\"Primera Dama participa en campa\u00f1a de lucha contra el dengue en Ucacayli\" \/>\n<meta property=\"og:description\" content=\"Portal de noticias del Per\u00fa sobre el transporte a\u00e9reo, aviaci\u00f3n, turismo, hoteleria, actualidad.\" \/>\n<meta property=\"og:url\" content=\"https:\/\/aeronoticias.com.pe\/noticiero\/nacionales\/primera-dama-se-requiere-esfuerzo-conjunto-de-comunidad-gobiernos-regionales-colegios-y-sistemas-de-salud-para-que-no-se-propale-el-mosquito-del-dengue\/\" \/>\n<meta property=\"og:site_name\" content=\"Aeronoticias.com.pe\" \/>\n<meta property=\"article:publisher\" content=\"https:\/\/www.facebook.com\/Aeronoticias.com.pe\/\" \/>\n<meta property=\"article:published_time\" content=\"2012-11-09T14:46:23+00:00\" \/>\n<meta name=\"author\" content=\"Redacci\u00f3n Aeronoticias\" \/>\n<meta name=\"twitter:card\" content=\"summary_large_image\" \/>\n<meta name=\"twitter:creator\" content=\"@aeronoticias\" \/>\n<meta name=\"twitter:site\" content=\"@aeronoticias\" \/>\n<meta name=\"twitter:label1\" content=\"Escrito por\" \/>\n\t<meta name=\"twitter:data1\" content=\"Redacci\u00f3n Aeronoticias\" \/>\n\t<meta name=\"twitter:label2\" content=\"Tiempo de lectura\" \/>\n\t<meta name=\"twitter:data2\" content=\"2 minutos\" \/>\n<script type=\"application\/ld+json\" class=\"yoast-schema-graph\">{\"@context\":\"https:\/\/schema.org\",\"@graph\":[{\"@type\":\"WebPage\",\"@id\":\"https:\/\/aeronoticias.com.pe\/noticiero\/nacionales\/primera-dama-se-requiere-esfuerzo-conjunto-de-comunidad-gobiernos-regionales-colegios-y-sistemas-de-salud-para-que-no-se-propale-el-mosquito-del-dengue\/\",\"url\":\"https:\/\/aeronoticias.com.pe\/noticiero\/nacionales\/primera-dama-se-requiere-esfuerzo-conjunto-de-comunidad-gobiernos-regionales-colegios-y-sistemas-de-salud-para-que-no-se-propale-el-mosquito-del-dengue\/\",\"name\":\"Primera Dama participa en campa\u00f1a de lucha contra el dengue en Ucacayli\",\"isPartOf\":{\"@id\":\"https:\/\/aeronoticias.com.pe\/noticiero\/#website\"},\"datePublished\":\"2012-11-09T14:46:23+00:00\",\"author\":{\"@id\":\"https:\/\/aeronoticias.com.pe\/noticiero\/#\/schema\/person\/fc1e5d578f4b62ba1cf7ac2bba1170a0\"},\"description\":\"Portal de noticias del Per\u00fa sobre el transporte a\u00e9reo, aviaci\u00f3n, turismo, hoteleria, actualidad.\",\"breadcrumb\":{\"@id\":\"https:\/\/aeronoticias.com.pe\/noticiero\/nacionales\/primera-dama-se-requiere-esfuerzo-conjunto-de-comunidad-gobiernos-regionales-colegios-y-sistemas-de-salud-para-que-no-se-propale-el-mosquito-del-dengue\/#breadcrumb\"},\"inLanguage\":\"es\",\"potentialAction\":[{\"@type\":\"ReadAction\",\"target\":[\"https:\/\/aeronoticias.com.pe\/noticiero\/nacionales\/primera-dama-se-requiere-esfuerzo-conjunto-de-comunidad-gobiernos-regionales-colegios-y-sistemas-de-salud-para-que-no-se-propale-el-mosquito-del-dengue\/\"]}]},{\"@type\":\"BreadcrumbList\",\"@id\":\"https:\/\/aeronoticias.com.pe\/noticiero\/nacionales\/primera-dama-se-requiere-esfuerzo-conjunto-de-comunidad-gobiernos-regionales-colegios-y-sistemas-de-salud-para-que-no-se-propale-el-mosquito-del-dengue\/#breadcrumb\",\"itemListElement\":[{\"@type\":\"ListItem\",\"position\":1,\"name\":\"Portada\",\"item\":\"https:\/\/aeronoticias.com.pe\/noticiero\/\"},{\"@type\":\"ListItem\",\"position\":2,\"name\":\"Primera Dama participa en campa\u00f1a de lucha contra el dengue en Ucacayli\"}]},{\"@type\":\"WebSite\",\"@id\":\"https:\/\/aeronoticias.com.pe\/noticiero\/#website\",\"url\":\"https:\/\/aeronoticias.com.pe\/noticiero\/\",\"name\":\"Aeronoticias.com.pe\",\"description\":\"Noticias de tranporte aereo, turismo, hoteles, gastronomia, actualidad, internacional\",\"potentialAction\":[{\"@type\":\"SearchAction\",\"target\":{\"@type\":\"EntryPoint\",\"urlTemplate\":\"https:\/\/aeronoticias.com.pe\/noticiero\/?s={search_term_string}\"},\"query-input\":{\"@type\":\"PropertyValueSpecification\",\"valueRequired\":true,\"valueName\":\"search_term_string\"}}],\"inLanguage\":\"es\"},{\"@type\":\"Person\",\"@id\":\"https:\/\/aeronoticias.com.pe\/noticiero\/#\/schema\/person\/fc1e5d578f4b62ba1cf7ac2bba1170a0\",\"name\":\"Redacci\u00f3n Aeronoticias\",\"url\":\"https:\/\/aeronoticias.com.pe\/noticiero\/author\/piloto\/\"}]}<\/script>\n<!-- \/ Yoast SEO plugin. -->","yoast_head_json":{"title":"Primera Dama participa en campa\u00f1a de lucha contra el dengue en Ucacayli","description":"Portal de noticias del Per\u00fa sobre el transporte a\u00e9reo, aviaci\u00f3n, turismo, hoteleria, actualidad.","robots":{"index":"index","follow":"follow","max-snippet":"max-snippet:-1","max-image-preview":"max-image-preview:large","max-video-preview":"max-video-preview:-1"},"canonical":"https:\/\/aeronoticias.com.pe\/noticiero\/nacionales\/primera-dama-se-requiere-esfuerzo-conjunto-de-comunidad-gobiernos-regionales-colegios-y-sistemas-de-salud-para-que-no-se-propale-el-mosquito-del-dengue\/","og_locale":"es_ES","og_type":"article","og_title":"Primera Dama participa en campa\u00f1a de lucha contra el dengue en Ucacayli","og_description":"Portal de noticias del Per\u00fa sobre el transporte a\u00e9reo, aviaci\u00f3n, turismo, hoteleria, actualidad.","og_url":"https:\/\/aeronoticias.com.pe\/noticiero\/nacionales\/primera-dama-se-requiere-esfuerzo-conjunto-de-comunidad-gobiernos-regionales-colegios-y-sistemas-de-salud-para-que-no-se-propale-el-mosquito-del-dengue\/","og_site_name":"Aeronoticias.com.pe","article_publisher":"https:\/\/www.facebook.com\/Aeronoticias.com.pe\/","article_published_time":"2012-11-09T14:46:23+00:00","author":"Redacci\u00f3n Aeronoticias","twitter_card":"summary_large_image","twitter_creator":"@aeronoticias","twitter_site":"@aeronoticias","twitter_misc":{"Escrito por":"Redacci\u00f3n Aeronoticias","Tiempo de lectura":"2 minutos"},"schema":{"@context":"https:\/\/schema.org","@graph":[{"@type":"WebPage","@id":"https:\/\/aeronoticias.com.pe\/noticiero\/nacionales\/primera-dama-se-requiere-esfuerzo-conjunto-de-comunidad-gobiernos-regionales-colegios-y-sistemas-de-salud-para-que-no-se-propale-el-mosquito-del-dengue\/","url":"https:\/\/aeronoticias.com.pe\/noticiero\/nacionales\/primera-dama-se-requiere-esfuerzo-conjunto-de-comunidad-gobiernos-regionales-colegios-y-sistemas-de-salud-para-que-no-se-propale-el-mosquito-del-dengue\/","name":"Primera Dama participa en campa\u00f1a de lucha contra el dengue en Ucacayli","isPartOf":{"@id":"https:\/\/aeronoticias.com.pe\/noticiero\/#website"},"datePublished":"2012-11-09T14:46:23+00:00","author":{"@id":"https:\/\/aeronoticias.com.pe\/noticiero\/#\/schema\/person\/fc1e5d578f4b62ba1cf7ac2bba1170a0"},"description":"Portal de noticias del Per\u00fa sobre el transporte a\u00e9reo, aviaci\u00f3n, turismo, hoteleria, actualidad.","breadcrumb":{"@id":"https:\/\/aeronoticias.com.pe\/noticiero\/nacionales\/primera-dama-se-requiere-esfuerzo-conjunto-de-comunidad-gobiernos-regionales-colegios-y-sistemas-de-salud-para-que-no-se-propale-el-mosquito-del-dengue\/#breadcrumb"},"inLanguage":"es","potentialAction":[{"@type":"ReadAction","target":["https:\/\/aeronoticias.com.pe\/noticiero\/nacionales\/primera-dama-se-requiere-esfuerzo-conjunto-de-comunidad-gobiernos-regionales-colegios-y-sistemas-de-salud-para-que-no-se-propale-el-mosquito-del-dengue\/"]}]},{"@type":"BreadcrumbList","@id":"https:\/\/aeronoticias.com.pe\/noticiero\/nacionales\/primera-dama-se-requiere-esfuerzo-conjunto-de-comunidad-gobiernos-regionales-colegios-y-sistemas-de-salud-para-que-no-se-propale-el-mosquito-del-dengue\/#breadcrumb","itemListElement":[{"@type":"ListItem","position":1,"name":"Portada","item":"https:\/\/aeronoticias.com.pe\/noticiero\/"},{"@type":"ListItem","position":2,"name":"Primera Dama participa en campa\u00f1a de lucha contra el dengue en Ucacayli"}]},{"@type":"WebSite","@id":"https:\/\/aeronoticias.com.pe\/noticiero\/#website","url":"https:\/\/aeronoticias.com.pe\/noticiero\/","name":"Aeronoticias.com.pe","description":"Noticias de tranporte aereo, turismo, hoteles, gastronomia, actualidad, internacional","potentialAction":[{"@type":"SearchAction","target":{"@type":"EntryPoint","urlTemplate":"https:\/\/aeronoticias.com.pe\/noticiero\/?s={search_term_string}"},"query-input":{"@type":"PropertyValueSpecification","valueRequired":true,"valueName":"search_term_string"}}],"inLanguage":"es"},{"@type":"Person","@id":"https:\/\/aeronoticias.com.pe\/noticiero\/#\/schema\/person\/fc1e5d578f4b62ba1cf7ac2bba1170a0","name":"Redacci\u00f3n Aeronoticias","url":"https:\/\/aeronoticias.com.pe\/noticiero\/author\/piloto\/"}]}},"_links":{"self":[{"href":"https:\/\/aeronoticias.com.pe\/noticiero\/wp-json\/wp\/v2\/posts\/32043","targetHints":{"allow":["GET"]}}],"collection":[{"href":"https:\/\/aeronoticias.com.pe\/noticiero\/wp-json\/wp\/v2\/posts"}],"about":[{"href":"https:\/\/aeronoticias.com.pe\/noticiero\/wp-json\/wp\/v2\/types\/post"}],"author":[{"embeddable":true,"href":"https:\/\/aeronoticias.com.pe\/noticiero\/wp-json\/wp\/v2\/users\/1"}],"replies":[{"embeddable":true,"href":"https:\/\/aeronoticias.com.pe\/noticiero\/wp-json\/wp\/v2\/comments?post=32043"}],"version-history":[{"count":0,"href":"https:\/\/aeronoticias.com.pe\/noticiero\/wp-json\/wp\/v2\/posts\/32043\/revisions"}],"wp:attachment":[{"href":"https:\/\/aeronoticias.com.pe\/noticiero\/wp-json\/wp\/v2\/media?parent=32043"}],"wp:term":[{"taxonomy":"category","embeddable":true,"href":"https:\/\/aeronoticias.com.pe\/noticiero\/wp-json\/wp\/v2\/categories?post=32043"},{"taxonomy":"post_tag","embeddable":true,"href":"https:\/\/aeronoticias.com.pe\/noticiero\/wp-json\/wp\/v2\/tags?post=32043"}],"curies":[{"name":"wp","href":"https:\/\/api.w.org\/{rel}","templated":true}]}}