{"id":32046,"date":"2012-11-09T15:00:57","date_gmt":"2012-11-09T15:00:57","guid":{"rendered":"http:\/\/desarrollo.mcvicious.com\/aero2020\/2012\/11\/09\/aprueban-cuarta-lista-de-reasentamiento-del-aeropuerto-jorge-chavez-jorge-chavez\/"},"modified":"2012-11-09T15:00:57","modified_gmt":"2012-11-09T15:00:57","slug":"aprueban-cuarta-lista-de-reasentamiento-del-aeropuerto-jorge-chavez-jorge-chavez","status":"publish","type":"post","link":"https:\/\/aeronoticias.com.pe\/noticiero\/transporte-aereo\/nacional\/aprueban-cuarta-lista-de-reasentamiento-del-aeropuerto-jorge-chavez-jorge-chavez\/","title":{"rendered":"Aprueban cuarta lista de reasentamiento del Aeropuerto Jorge Chavez Jorge Ch\u00e1vez"},"content":{"rendered":"<p style=\"text-align: justify;\"><strong>(Aeronoticias).-<\/strong> El Ministerio de Transportes y Comunicaciones(MTC), aprob\u00f3, mediante Resoluci\u00f3n Directoral N\u00b0 316-2012-MTC\/16, la cuarta lista de beneficiarios del Plan de Reasentamiento de la poblaci\u00f3n de los asentamientos humanos localizadas en el \u00e1rea de ampliaci\u00f3n del Aeropuerto Internacional Jorge Ch\u00e1vez.<\/p>\n<p style=\"text-align: justify;\">Son 136 personas que se beneficiar\u00e1n con este programa de reasentamiento que pertenecen a los asentamiento humanos: 1\u00b0 de Julio (3), La Uni\u00f3n (4), Barrio Andino (6), Cuadra 15 de la Av. N\u00e9stor Gambeta (1), Hijos del Progreso (1), El Ayllu (118) y la Taboada, localizados en el \u00e1rea de ampliaci\u00f3n del \u00a0Aeropuerto Internacional Jorge Chavez.<\/p>\n<p style=\"text-align: justify;\">En el marco del Plan de Compensaci\u00f3n y Reasentamiento Involuntario (PACRI) cada uno de los beneficiarios elegir\u00e1 de manera voluntaria acceder a tres alternativas: \u00a0Contar con una vivienda nueva en los Programas de Vivienda ya construidos; escoger el Programa de Indemnizaci\u00f3nAsistida que es una \u00a0compensaci\u00f3n econ\u00f3mica para fines de vivienda \u00f3 finalmente la entrega de lotes en los terrenos de Santa Rosa donados por CORPAC con fines de viviendas.<\/p>\n<p>  <!--more-->  <\/p>\n<p style=\"text-align: justify;\">Los beneficiarios tienen plazo hasta el 30 de noviembre de 2012, para escoger una de las alternativas presentadas por el MTC, aquellos \u00a0que no hayan optado por \u00a0ninguna se les comunicar\u00e1 en forma escrita que ha culminado su derecho a elecci\u00f3n y por lo tanto concluido el proceso de reasentamiento y se proceder\u00e1 autom\u00e1ticamente a incorporarlos dentro del Programa de Indemnizaci\u00f3n Asistida.<\/p>\n<p style=\"text-align: justify;\">Adicionalmente, \u00a0a estos beneficiarios se les brindar\u00e1 capacitaci\u00f3n en programas de empleo que est\u00e1n comprendidas dentro del Plan de Compensaci\u00f3n y Reasentamiento Involuntario (PACRI), que les permitir\u00e1 incrementar sus alternativas destinadas a cumplir satisfactoriamente con el proceso de reasentamiento.<\/p>\n<p style=\"text-align: justify;\">Cabe destacar que los terrenos liberados permitir\u00e1n construir la segunda pista del Aeropuerto Internacional Jorge Ch\u00e1vez para convertirse en el primer hub de Sudam\u00e9rica al tener la infraestructura suficiente para mejorar el sistema de aeronavegabilidad \u00a0y brindar un mejor servicio al usuario.<\/p>\n<p style=\"text-align: justify;\">Son 758 familias que tienen predios ubicados dentro del \u00e1rea de ampliaci\u00f3n del \u00a0Aeropuerto Internacional Jorge Ch\u00e1vez que se beneficiar\u00e1n con este programa de reasentamiento que pertenecen a los asentamientos humanos: Barrio Andino, 1\u00b0 de Julio, La Uni\u00f3n, Cuadra 15 de la Av. N\u00e9stor Gambeta, Hijos del Progreso, Montenegro, El Ayllu y la Taboada.<\/p>\n<p style=\"text-align: justify;\">Las familias beneficiadas con el PACRI han sido identificadas y determinadas \u00a0en funci\u00f3n a las visitas t\u00e9cnicas de campo \u00a0que ha realizado COFOPRI en el a\u00f1o 2010 en los ocho asentamientos humanos mencionados, el cual consist\u00eda en la verificaci\u00f3n e inspecci\u00f3n de cada predio que fueron empadronadas por esta entidad. \u00a0Esto en el marco del convenio suscrito con el MTC.<\/p>\n<p style=\"text-align: justify;\">RPP Noticias.<\/p>\n<p style=\"text-align: justify;\"><img decoding=\"async\" src=\"images\/stories\/12\/01\/110112\/aeropuerto_jorge_chavez_terrenos.jpg\" border=\"0\" alt=\"Aprueban cuarta lista de reasentamiento del Aeropuerto Jorge Chavez Jorge Ch\u00e1vez\" title=\"Aprueban cuarta lista de reasentamiento del Aeropuerto Jorge Chavez Jorge Ch\u00e1vez\" \/><\/p>\n","protected":false},"excerpt":{"rendered":"<p>(Aeronoticias).- El Ministerio de Transportes y Comunicaciones(MTC), aprob\u00f3, mediante Resoluci\u00f3n Directoral N\u00b0 316-2012-MTC\/16, la cuarta lista de beneficiarios del Plan de Reasentamiento de la poblaci\u00f3n de los asentamientos humanos localizadas en el \u00e1rea de ampliaci\u00f3n del Aeropuerto Internacional Jorge Ch\u00e1vez. Son 136 personas que se beneficiar\u00e1n con este programa de reasentamiento que pertenecen a los [&hellip;]<\/p>\n","protected":false},"author":1,"featured_media":0,"comment_status":"open","ping_status":"open","sticky":false,"template":"","format":"standard","meta":{"tdm_status":"","tdm_grid_status":"","footnotes":""},"categories":[51],"tags":[],"class_list":{"0":"post-32046","1":"post","2":"type-post","3":"status-publish","4":"format-standard","6":"category-nacional"},"yoast_head":"<!-- This site is optimized with the Yoast SEO plugin v25.1 - https:\/\/yoast.com\/wordpress\/plugins\/seo\/ -->\n<title>Aprueban cuarta lista de reasentamiento del Aeropuerto Jorge Chavez Jorge Ch\u00e1vez<\/title>\n<meta name=\"description\" content=\"Portal de noticias del Per\u00fa sobre el transporte a\u00e9reo, aviaci\u00f3n, turismo, hoteleria, actualidad.\" \/>\n<meta name=\"robots\" content=\"index, follow, max-snippet:-1, max-image-preview:large, max-video-preview:-1\" \/>\n<link rel=\"canonical\" href=\"https:\/\/aeronoticias.com.pe\/noticiero\/transporte-aereo\/nacional\/aprueban-cuarta-lista-de-reasentamiento-del-aeropuerto-jorge-chavez-jorge-chavez\/\" \/>\n<meta property=\"og:locale\" content=\"es_ES\" \/>\n<meta property=\"og:type\" content=\"article\" \/>\n<meta property=\"og:title\" content=\"Aprueban cuarta lista de reasentamiento del Aeropuerto Jorge Chavez Jorge Ch\u00e1vez\" \/>\n<meta property=\"og:description\" content=\"Portal de noticias del Per\u00fa sobre el transporte a\u00e9reo, aviaci\u00f3n, turismo, hoteleria, actualidad.\" \/>\n<meta property=\"og:url\" content=\"https:\/\/aeronoticias.com.pe\/noticiero\/transporte-aereo\/nacional\/aprueban-cuarta-lista-de-reasentamiento-del-aeropuerto-jorge-chavez-jorge-chavez\/\" \/>\n<meta property=\"og:site_name\" content=\"Aeronoticias.com.pe\" \/>\n<meta property=\"article:publisher\" content=\"https:\/\/www.facebook.com\/Aeronoticias.com.pe\/\" \/>\n<meta property=\"article:published_time\" content=\"2012-11-09T15:00:57+00:00\" \/>\n<meta name=\"author\" content=\"Redacci\u00f3n Aeronoticias\" \/>\n<meta name=\"twitter:card\" content=\"summary_large_image\" \/>\n<meta name=\"twitter:creator\" content=\"@aeronoticias\" \/>\n<meta name=\"twitter:site\" content=\"@aeronoticias\" \/>\n<meta name=\"twitter:label1\" content=\"Escrito por\" \/>\n\t<meta name=\"twitter:data1\" content=\"Redacci\u00f3n Aeronoticias\" \/>\n\t<meta name=\"twitter:label2\" content=\"Tiempo de lectura\" \/>\n\t<meta name=\"twitter:data2\" content=\"2 minutos\" \/>\n<script type=\"application\/ld+json\" class=\"yoast-schema-graph\">{\"@context\":\"https:\/\/schema.org\",\"@graph\":[{\"@type\":\"WebPage\",\"@id\":\"https:\/\/aeronoticias.com.pe\/noticiero\/transporte-aereo\/nacional\/aprueban-cuarta-lista-de-reasentamiento-del-aeropuerto-jorge-chavez-jorge-chavez\/\",\"url\":\"https:\/\/aeronoticias.com.pe\/noticiero\/transporte-aereo\/nacional\/aprueban-cuarta-lista-de-reasentamiento-del-aeropuerto-jorge-chavez-jorge-chavez\/\",\"name\":\"Aprueban cuarta lista de reasentamiento del Aeropuerto Jorge Chavez Jorge Ch\u00e1vez\",\"isPartOf\":{\"@id\":\"https:\/\/aeronoticias.com.pe\/noticiero\/#website\"},\"datePublished\":\"2012-11-09T15:00:57+00:00\",\"author\":{\"@id\":\"https:\/\/aeronoticias.com.pe\/noticiero\/#\/schema\/person\/fc1e5d578f4b62ba1cf7ac2bba1170a0\"},\"description\":\"Portal de noticias del Per\u00fa sobre el transporte a\u00e9reo, aviaci\u00f3n, turismo, hoteleria, actualidad.\",\"breadcrumb\":{\"@id\":\"https:\/\/aeronoticias.com.pe\/noticiero\/transporte-aereo\/nacional\/aprueban-cuarta-lista-de-reasentamiento-del-aeropuerto-jorge-chavez-jorge-chavez\/#breadcrumb\"},\"inLanguage\":\"es\",\"potentialAction\":[{\"@type\":\"ReadAction\",\"target\":[\"https:\/\/aeronoticias.com.pe\/noticiero\/transporte-aereo\/nacional\/aprueban-cuarta-lista-de-reasentamiento-del-aeropuerto-jorge-chavez-jorge-chavez\/\"]}]},{\"@type\":\"BreadcrumbList\",\"@id\":\"https:\/\/aeronoticias.com.pe\/noticiero\/transporte-aereo\/nacional\/aprueban-cuarta-lista-de-reasentamiento-del-aeropuerto-jorge-chavez-jorge-chavez\/#breadcrumb\",\"itemListElement\":[{\"@type\":\"ListItem\",\"position\":1,\"name\":\"Portada\",\"item\":\"https:\/\/aeronoticias.com.pe\/noticiero\/\"},{\"@type\":\"ListItem\",\"position\":2,\"name\":\"Aprueban cuarta lista de reasentamiento del Aeropuerto Jorge Chavez Jorge Ch\u00e1vez\"}]},{\"@type\":\"WebSite\",\"@id\":\"https:\/\/aeronoticias.com.pe\/noticiero\/#website\",\"url\":\"https:\/\/aeronoticias.com.pe\/noticiero\/\",\"name\":\"Aeronoticias.com.pe\",\"description\":\"Noticias de tranporte aereo, turismo, hoteles, gastronomia, actualidad, internacional\",\"potentialAction\":[{\"@type\":\"SearchAction\",\"target\":{\"@type\":\"EntryPoint\",\"urlTemplate\":\"https:\/\/aeronoticias.com.pe\/noticiero\/?s={search_term_string}\"},\"query-input\":{\"@type\":\"PropertyValueSpecification\",\"valueRequired\":true,\"valueName\":\"search_term_string\"}}],\"inLanguage\":\"es\"},{\"@type\":\"Person\",\"@id\":\"https:\/\/aeronoticias.com.pe\/noticiero\/#\/schema\/person\/fc1e5d578f4b62ba1cf7ac2bba1170a0\",\"name\":\"Redacci\u00f3n Aeronoticias\",\"url\":\"https:\/\/aeronoticias.com.pe\/noticiero\/author\/piloto\/\"}]}<\/script>\n<!-- \/ Yoast SEO plugin. -->","yoast_head_json":{"title":"Aprueban cuarta lista de reasentamiento del Aeropuerto Jorge Chavez Jorge Ch\u00e1vez","description":"Portal de noticias del Per\u00fa sobre el transporte a\u00e9reo, aviaci\u00f3n, turismo, hoteleria, actualidad.","robots":{"index":"index","follow":"follow","max-snippet":"max-snippet:-1","max-image-preview":"max-image-preview:large","max-video-preview":"max-video-preview:-1"},"canonical":"https:\/\/aeronoticias.com.pe\/noticiero\/transporte-aereo\/nacional\/aprueban-cuarta-lista-de-reasentamiento-del-aeropuerto-jorge-chavez-jorge-chavez\/","og_locale":"es_ES","og_type":"article","og_title":"Aprueban cuarta lista de reasentamiento del Aeropuerto Jorge Chavez Jorge Ch\u00e1vez","og_description":"Portal de noticias del Per\u00fa sobre el transporte a\u00e9reo, aviaci\u00f3n, turismo, hoteleria, actualidad.","og_url":"https:\/\/aeronoticias.com.pe\/noticiero\/transporte-aereo\/nacional\/aprueban-cuarta-lista-de-reasentamiento-del-aeropuerto-jorge-chavez-jorge-chavez\/","og_site_name":"Aeronoticias.com.pe","article_publisher":"https:\/\/www.facebook.com\/Aeronoticias.com.pe\/","article_published_time":"2012-11-09T15:00:57+00:00","author":"Redacci\u00f3n Aeronoticias","twitter_card":"summary_large_image","twitter_creator":"@aeronoticias","twitter_site":"@aeronoticias","twitter_misc":{"Escrito por":"Redacci\u00f3n Aeronoticias","Tiempo de lectura":"2 minutos"},"schema":{"@context":"https:\/\/schema.org","@graph":[{"@type":"WebPage","@id":"https:\/\/aeronoticias.com.pe\/noticiero\/transporte-aereo\/nacional\/aprueban-cuarta-lista-de-reasentamiento-del-aeropuerto-jorge-chavez-jorge-chavez\/","url":"https:\/\/aeronoticias.com.pe\/noticiero\/transporte-aereo\/nacional\/aprueban-cuarta-lista-de-reasentamiento-del-aeropuerto-jorge-chavez-jorge-chavez\/","name":"Aprueban cuarta lista de reasentamiento del Aeropuerto Jorge Chavez Jorge Ch\u00e1vez","isPartOf":{"@id":"https:\/\/aeronoticias.com.pe\/noticiero\/#website"},"datePublished":"2012-11-09T15:00:57+00:00","author":{"@id":"https:\/\/aeronoticias.com.pe\/noticiero\/#\/schema\/person\/fc1e5d578f4b62ba1cf7ac2bba1170a0"},"description":"Portal de noticias del Per\u00fa sobre el transporte a\u00e9reo, aviaci\u00f3n, turismo, hoteleria, actualidad.","breadcrumb":{"@id":"https:\/\/aeronoticias.com.pe\/noticiero\/transporte-aereo\/nacional\/aprueban-cuarta-lista-de-reasentamiento-del-aeropuerto-jorge-chavez-jorge-chavez\/#breadcrumb"},"inLanguage":"es","potentialAction":[{"@type":"ReadAction","target":["https:\/\/aeronoticias.com.pe\/noticiero\/transporte-aereo\/nacional\/aprueban-cuarta-lista-de-reasentamiento-del-aeropuerto-jorge-chavez-jorge-chavez\/"]}]},{"@type":"BreadcrumbList","@id":"https:\/\/aeronoticias.com.pe\/noticiero\/transporte-aereo\/nacional\/aprueban-cuarta-lista-de-reasentamiento-del-aeropuerto-jorge-chavez-jorge-chavez\/#breadcrumb","itemListElement":[{"@type":"ListItem","position":1,"name":"Portada","item":"https:\/\/aeronoticias.com.pe\/noticiero\/"},{"@type":"ListItem","position":2,"name":"Aprueban cuarta lista de reasentamiento del Aeropuerto Jorge Chavez Jorge Ch\u00e1vez"}]},{"@type":"WebSite","@id":"https:\/\/aeronoticias.com.pe\/noticiero\/#website","url":"https:\/\/aeronoticias.com.pe\/noticiero\/","name":"Aeronoticias.com.pe","description":"Noticias de tranporte aereo, turismo, hoteles, gastronomia, actualidad, internacional","potentialAction":[{"@type":"SearchAction","target":{"@type":"EntryPoint","urlTemplate":"https:\/\/aeronoticias.com.pe\/noticiero\/?s={search_term_string}"},"query-input":{"@type":"PropertyValueSpecification","valueRequired":true,"valueName":"search_term_string"}}],"inLanguage":"es"},{"@type":"Person","@id":"https:\/\/aeronoticias.com.pe\/noticiero\/#\/schema\/person\/fc1e5d578f4b62ba1cf7ac2bba1170a0","name":"Redacci\u00f3n Aeronoticias","url":"https:\/\/aeronoticias.com.pe\/noticiero\/author\/piloto\/"}]}},"_links":{"self":[{"href":"https:\/\/aeronoticias.com.pe\/noticiero\/wp-json\/wp\/v2\/posts\/32046","targetHints":{"allow":["GET"]}}],"collection":[{"href":"https:\/\/aeronoticias.com.pe\/noticiero\/wp-json\/wp\/v2\/posts"}],"about":[{"href":"https:\/\/aeronoticias.com.pe\/noticiero\/wp-json\/wp\/v2\/types\/post"}],"author":[{"embeddable":true,"href":"https:\/\/aeronoticias.com.pe\/noticiero\/wp-json\/wp\/v2\/users\/1"}],"replies":[{"embeddable":true,"href":"https:\/\/aeronoticias.com.pe\/noticiero\/wp-json\/wp\/v2\/comments?post=32046"}],"version-history":[{"count":0,"href":"https:\/\/aeronoticias.com.pe\/noticiero\/wp-json\/wp\/v2\/posts\/32046\/revisions"}],"wp:attachment":[{"href":"https:\/\/aeronoticias.com.pe\/noticiero\/wp-json\/wp\/v2\/media?parent=32046"}],"wp:term":[{"taxonomy":"category","embeddable":true,"href":"https:\/\/aeronoticias.com.pe\/noticiero\/wp-json\/wp\/v2\/categories?post=32046"},{"taxonomy":"post_tag","embeddable":true,"href":"https:\/\/aeronoticias.com.pe\/noticiero\/wp-json\/wp\/v2\/tags?post=32046"}],"curies":[{"name":"wp","href":"https:\/\/api.w.org\/{rel}","templated":true}]}}