{"id":321,"date":"2008-08-25T20:44:51","date_gmt":"2008-08-25T20:44:51","guid":{"rendered":"http:\/\/desarrollo.mcvicious.com\/aero2020\/2008\/08\/25\/mincetur-entregarbras-de-desarrollo-turico-en-paracas-a-fines-de-septiembre\/"},"modified":"2008-08-25T20:44:51","modified_gmt":"2008-08-25T20:44:51","slug":"mincetur-entregarbras-de-desarrollo-turico-en-paracas-a-fines-de-septiembre","status":"publish","type":"post","link":"https:\/\/aeronoticias.com.pe\/noticiero\/turismo\/13\/mincetur-entregarbras-de-desarrollo-turico-en-paracas-a-fines-de-septiembre\/","title":{"rendered":"Mincetur entregar"},"content":{"rendered":"<blockquote>\n<p style=\"font-size: 12px; color: #003a75; font-family: Arial, Helvetica, sans-serif\" align=\"justify\">La titular del Mincetur, Mercedes Ar&aacute;oz inform&oacute;&nbsp;que a fines de septiembre se entregar&aacute;n las obras que se vienen ejecutando en el Malec&oacute;n&nbsp; El Chaco a fin de mejorar las condiciones de acceso y tr&aacute;nsito para los turistas nacionales y extranjeros que visitan la localidad del Chaco y las Islas Ballestas en Paracas.<\/p>\n<p style=\"font-size: 12px; color: #003a75; font-family: Arial, Helvetica, sans-serif\" align=\"justify\">&ldquo;Las obras del proyecto &ldquo;Ingreso al Malec&oacute;n&rdquo; y &ldquo;Malec&oacute;n Zona Norte&rdquo;se iniciaron a fines de&nbsp; julio y est&aacute;n avanzando.El estudio de preinversi&oacute;n y los expedientes t&eacute;cnicos se elaboraron entre abril y junio. El costo total del proyecto es de S\/. 2,05 millones de nuevos soles, de los cuales el Mincetur financiar&aacute; aproximadamente el 94% de la inversi&oacute;n. Con la ejecuci&oacute;n de estas obras se espera beneficiar a la poblaci&oacute;n local, artesanos, operadores tur&iacute;sticos y a m&aacute;s de 1 mill&oacute;n de turistas nacionales y extranjeros en los pr&oacute;ximos 10 a&ntilde;os&rdquo;, explic&oacute;. <\/p>\n<div style=\"text-align: center\"><img loading=\"lazy\" decoding=\"async\" src=\"http:\/\/aeronoticias.com.pe\/fotonoticias\/agosto\/chaco25.JPG\" alt=\" \" title=\"Vista de la maqueta de c&oacute;mo quedar&aacute; el Malec&oacute;n El Chaco.\" hspace=\"5\" vspace=\"5\" width=\"250\" height=\"177\" \/><\/div>\n<\/blockquote>\n<p> <!--more--> <\/p>\n<blockquote>\n<p style=\"font-size: 12px; color: #003a75; font-family: Arial, Helvetica, sans-serif\" align=\"center\"><strong>Acondicionamiento tur&iacute;stico<\/strong><\/p>\n<p style=\"font-size: 12px; color: #003a75; font-family: Arial, Helvetica, sans-serif\" align=\"justify\">Como parte de este proyecto se realizar&aacute; el acondicionamiento tur&iacute;stico del malec&oacute;n zona norte, a trav&eacute;s de la construcci&oacute;n de un paseo peatonal adoquinado, utilizando materiales, elementos e iconograf&iacute;a tradicional de la cultura Paracas; la construcci&oacute;n de muro de contenci&oacute;n para protecci&oacute;n del malec&oacute;n ante las constantes subidas de marea; la instalaci&oacute;n de redes el&eacute;ctricas y faroles de alumbrado, la colocaci&oacute;n de mobiliario urbano (basureros, bancas con sombra, duchas, bebederos y plantaci&oacute;n de palmeras).<\/p>\n<p style=\"font-size: 12px; color: #003a75; font-family: Arial, Helvetica, sans-serif\" align=\"justify\">Ar&aacute;oz dijo que&nbsp;se mejorar&aacute; el ingreso a los malecones, a trav&eacute;s del adoquinado de la v&iacute;a de ingreso (vehicular restringido), la construcci&oacute;n de veredas laterales, la colocaci&oacute;n de mobiliario urbano, como luminarias, basureros y bancas, el tratamiento de &aacute;reas verdes y palmerizaci&oacute;n, la construcci&oacute;n de 19 stands de artesan&iacute;a, entre otros.<\/p>\n<p style=\"font-size: 12px; color: #003a75; font-family: Arial, Helvetica, sans-serif\" align=\"justify\">&ldquo;Estas obras se complementar&aacute;n con una mejor gesti&oacute;n tur&iacute;stica y de la atenci&oacute;n al visitante, a trav&eacute;s de la elaboraci&oacute;n de ordenanzas y reglamentos municipales que estar&aacute; a cargo de la Municipalidad de Paracas, y la capacitaci&oacute;n a operadores tur&iacute;sticos y poblaci&oacute;n local, en el manejo de hoteles y restaurantes, gastronom&iacute;a, entre otros&rdquo;, se&ntilde;al&oacute;.<\/p>\n<div style=\"text-align: center\"><img loading=\"lazy\" decoding=\"async\" src=\"http:\/\/aeronoticias.com.pe\/fotonoticias\/agosto\/chaco25paracas.JPG\" alt=\" \" title=\"Muestra en maqueta de c&oacute;mo quedar&aacute; el Malec&oacute;n El Chaco.\" hspace=\"5\" vspace=\"5\" width=\"250\" height=\"188\" \/><\/div>\n<p style=\"font-size: 12px; color: #003a75; font-family: Arial, Helvetica, sans-serif\" align=\"center\"><strong>Marina Tur&iacute;stica<\/strong><\/p>\n<p style=\"font-size: 12px; color: #003a75; font-family: Arial, Helvetica, sans-serif\" align=\"justify\">La ministra Mercedes Araoz anunci&oacute; la pr&oacute;xima ejecuci&oacute;n del proyecto &ldquo;Marina Tur&iacute;stica de Paracas&rdquo;, obra que demandar&aacute; una inversi&oacute;n de S\/. 6,5 millones de nuevos soles, que ser&aacute; financiada &iacute;ntegramente por el Plan Copesco Nacional del Mincetur. <\/p>\n<p style=\"font-size: 12px; color: #003a75; font-family: Arial, Helvetica, sans-serif\" align=\"justify\">&ldquo;Este proyecto permitir&aacute; mejorar las condiciones de embarque de los turistas nacionales y extranjeros que realizan el recorrido hacia las Islas Ballestas. Este proyecto consiste en la construcci&oacute;n de un embarcadero exclusivamente tur&iacute;stico y la dotaci&oacute;n de servicios complementarios, como &aacute;reas de estacionamiento, servicios higi&eacute;nicos, boleter&iacute;a, sala de espera con sombra, sala de proyecciones, cafeter&iacute;a, oficinas administrativas, entre otros&rdquo;, acot&oacute;.<\/p>\n<p style=\"font-size: 12px; color: #003a75; font-family: Arial, Helvetica, sans-serif\" align=\"justify\">Este proyecto se encuentra en etapa de pre inversi&oacute;n, donde se viene culminando el estudio a nivel de perfil, as&iacute; como los estudios complementarios Hidro-Oceanogr&aacute;fico y de Impacto Ambiental, para gestionar las autorizaciones correspondientes con la Marina de Guerra del Per&uacute;. <br \/>&nbsp;<\/p>\n<\/blockquote>\n","protected":false},"excerpt":{"rendered":"<p>La titular del Mincetur, Mercedes Ar&aacute;oz inform&oacute;&nbsp;que a fines de septiembre se entregar&aacute;n las obras que se vienen ejecutando en el Malec&oacute;n&nbsp; El Chaco a fin de mejorar las condiciones de acceso y tr&aacute;nsito para los turistas nacionales y extranjeros que visitan la localidad del Chaco y las Islas Ballestas en Paracas. &ldquo;Las obras del [&hellip;]<\/p>\n","protected":false},"author":1,"featured_media":0,"comment_status":"open","ping_status":"open","sticky":false,"template":"","format":"standard","meta":{"tdm_status":"","tdm_grid_status":"","footnotes":""},"categories":[31],"tags":[],"class_list":{"0":"post-321","1":"post","2":"type-post","3":"status-publish","4":"format-standard","6":"category-31"},"yoast_head":"<!-- This site is optimized with the Yoast SEO plugin v25.1 - https:\/\/yoast.com\/wordpress\/plugins\/seo\/ -->\n<title>Mincetur entregar<\/title>\n<meta name=\"description\" content=\"Portal de noticias del Per\u00fa sobre el transporte a\u00e9reo, aviaci\u00f3n, turismo, hoteleria, actualidad.\" \/>\n<meta name=\"robots\" content=\"index, follow, max-snippet:-1, max-image-preview:large, max-video-preview:-1\" \/>\n<link rel=\"canonical\" href=\"https:\/\/aeronoticias.com.pe\/noticiero\/turismo\/13\/mincetur-entregarbras-de-desarrollo-turico-en-paracas-a-fines-de-septiembre\/\" \/>\n<meta property=\"og:locale\" content=\"es_ES\" \/>\n<meta property=\"og:type\" content=\"article\" \/>\n<meta property=\"og:title\" content=\"Mincetur entregar\" \/>\n<meta property=\"og:description\" content=\"Portal de noticias del Per\u00fa sobre el transporte a\u00e9reo, aviaci\u00f3n, turismo, hoteleria, actualidad.\" \/>\n<meta property=\"og:url\" content=\"https:\/\/aeronoticias.com.pe\/noticiero\/turismo\/13\/mincetur-entregarbras-de-desarrollo-turico-en-paracas-a-fines-de-septiembre\/\" \/>\n<meta property=\"og:site_name\" content=\"Aeronoticias.com.pe\" \/>\n<meta property=\"article:publisher\" content=\"https:\/\/www.facebook.com\/Aeronoticias.com.pe\/\" \/>\n<meta property=\"article:published_time\" content=\"2008-08-25T20:44:51+00:00\" \/>\n<meta property=\"og:image\" content=\"http:\/\/aeronoticias.com.pe\/fotonoticias\/agosto\/chaco25.JPG\" \/>\n<meta name=\"author\" content=\"Redacci\u00f3n Aeronoticias\" \/>\n<meta name=\"twitter:card\" content=\"summary_large_image\" \/>\n<meta name=\"twitter:creator\" content=\"@aeronoticias\" \/>\n<meta name=\"twitter:site\" content=\"@aeronoticias\" \/>\n<meta name=\"twitter:label1\" content=\"Escrito por\" \/>\n\t<meta name=\"twitter:data1\" content=\"Redacci\u00f3n Aeronoticias\" \/>\n\t<meta name=\"twitter:label2\" content=\"Tiempo de lectura\" \/>\n\t<meta name=\"twitter:data2\" content=\"3 minutos\" \/>\n<script type=\"application\/ld+json\" class=\"yoast-schema-graph\">{\"@context\":\"https:\/\/schema.org\",\"@graph\":[{\"@type\":\"WebPage\",\"@id\":\"https:\/\/aeronoticias.com.pe\/noticiero\/turismo\/13\/mincetur-entregarbras-de-desarrollo-turico-en-paracas-a-fines-de-septiembre\/\",\"url\":\"https:\/\/aeronoticias.com.pe\/noticiero\/turismo\/13\/mincetur-entregarbras-de-desarrollo-turico-en-paracas-a-fines-de-septiembre\/\",\"name\":\"Mincetur entregar\",\"isPartOf\":{\"@id\":\"https:\/\/aeronoticias.com.pe\/noticiero\/#website\"},\"primaryImageOfPage\":{\"@id\":\"https:\/\/aeronoticias.com.pe\/noticiero\/turismo\/13\/mincetur-entregarbras-de-desarrollo-turico-en-paracas-a-fines-de-septiembre\/#primaryimage\"},\"image\":{\"@id\":\"https:\/\/aeronoticias.com.pe\/noticiero\/turismo\/13\/mincetur-entregarbras-de-desarrollo-turico-en-paracas-a-fines-de-septiembre\/#primaryimage\"},\"thumbnailUrl\":\"http:\/\/aeronoticias.com.pe\/fotonoticias\/agosto\/chaco25.JPG\",\"datePublished\":\"2008-08-25T20:44:51+00:00\",\"author\":{\"@id\":\"https:\/\/aeronoticias.com.pe\/noticiero\/#\/schema\/person\/fc1e5d578f4b62ba1cf7ac2bba1170a0\"},\"description\":\"Portal de noticias del Per\u00fa sobre el transporte a\u00e9reo, aviaci\u00f3n, turismo, hoteleria, actualidad.\",\"breadcrumb\":{\"@id\":\"https:\/\/aeronoticias.com.pe\/noticiero\/turismo\/13\/mincetur-entregarbras-de-desarrollo-turico-en-paracas-a-fines-de-septiembre\/#breadcrumb\"},\"inLanguage\":\"es\",\"potentialAction\":[{\"@type\":\"ReadAction\",\"target\":[\"https:\/\/aeronoticias.com.pe\/noticiero\/turismo\/13\/mincetur-entregarbras-de-desarrollo-turico-en-paracas-a-fines-de-septiembre\/\"]}]},{\"@type\":\"ImageObject\",\"inLanguage\":\"es\",\"@id\":\"https:\/\/aeronoticias.com.pe\/noticiero\/turismo\/13\/mincetur-entregarbras-de-desarrollo-turico-en-paracas-a-fines-de-septiembre\/#primaryimage\",\"url\":\"http:\/\/aeronoticias.com.pe\/fotonoticias\/agosto\/chaco25.JPG\",\"contentUrl\":\"http:\/\/aeronoticias.com.pe\/fotonoticias\/agosto\/chaco25.JPG\"},{\"@type\":\"BreadcrumbList\",\"@id\":\"https:\/\/aeronoticias.com.pe\/noticiero\/turismo\/13\/mincetur-entregarbras-de-desarrollo-turico-en-paracas-a-fines-de-septiembre\/#breadcrumb\",\"itemListElement\":[{\"@type\":\"ListItem\",\"position\":1,\"name\":\"Portada\",\"item\":\"https:\/\/aeronoticias.com.pe\/noticiero\/\"},{\"@type\":\"ListItem\",\"position\":2,\"name\":\"Mincetur entregar\"}]},{\"@type\":\"WebSite\",\"@id\":\"https:\/\/aeronoticias.com.pe\/noticiero\/#website\",\"url\":\"https:\/\/aeronoticias.com.pe\/noticiero\/\",\"name\":\"Aeronoticias.com.pe\",\"description\":\"Noticias de tranporte aereo, turismo, hoteles, gastronomia, actualidad, internacional\",\"potentialAction\":[{\"@type\":\"SearchAction\",\"target\":{\"@type\":\"EntryPoint\",\"urlTemplate\":\"https:\/\/aeronoticias.com.pe\/noticiero\/?s={search_term_string}\"},\"query-input\":{\"@type\":\"PropertyValueSpecification\",\"valueRequired\":true,\"valueName\":\"search_term_string\"}}],\"inLanguage\":\"es\"},{\"@type\":\"Person\",\"@id\":\"https:\/\/aeronoticias.com.pe\/noticiero\/#\/schema\/person\/fc1e5d578f4b62ba1cf7ac2bba1170a0\",\"name\":\"Redacci\u00f3n Aeronoticias\",\"url\":\"https:\/\/aeronoticias.com.pe\/noticiero\/author\/piloto\/\"}]}<\/script>\n<!-- \/ Yoast SEO plugin. -->","yoast_head_json":{"title":"Mincetur entregar","description":"Portal de noticias del Per\u00fa sobre el transporte a\u00e9reo, aviaci\u00f3n, turismo, hoteleria, actualidad.","robots":{"index":"index","follow":"follow","max-snippet":"max-snippet:-1","max-image-preview":"max-image-preview:large","max-video-preview":"max-video-preview:-1"},"canonical":"https:\/\/aeronoticias.com.pe\/noticiero\/turismo\/13\/mincetur-entregarbras-de-desarrollo-turico-en-paracas-a-fines-de-septiembre\/","og_locale":"es_ES","og_type":"article","og_title":"Mincetur entregar","og_description":"Portal de noticias del Per\u00fa sobre el transporte a\u00e9reo, aviaci\u00f3n, turismo, hoteleria, actualidad.","og_url":"https:\/\/aeronoticias.com.pe\/noticiero\/turismo\/13\/mincetur-entregarbras-de-desarrollo-turico-en-paracas-a-fines-de-septiembre\/","og_site_name":"Aeronoticias.com.pe","article_publisher":"https:\/\/www.facebook.com\/Aeronoticias.com.pe\/","article_published_time":"2008-08-25T20:44:51+00:00","og_image":[{"url":"http:\/\/aeronoticias.com.pe\/fotonoticias\/agosto\/chaco25.JPG","type":"","width":"","height":""}],"author":"Redacci\u00f3n Aeronoticias","twitter_card":"summary_large_image","twitter_creator":"@aeronoticias","twitter_site":"@aeronoticias","twitter_misc":{"Escrito por":"Redacci\u00f3n Aeronoticias","Tiempo de lectura":"3 minutos"},"schema":{"@context":"https:\/\/schema.org","@graph":[{"@type":"WebPage","@id":"https:\/\/aeronoticias.com.pe\/noticiero\/turismo\/13\/mincetur-entregarbras-de-desarrollo-turico-en-paracas-a-fines-de-septiembre\/","url":"https:\/\/aeronoticias.com.pe\/noticiero\/turismo\/13\/mincetur-entregarbras-de-desarrollo-turico-en-paracas-a-fines-de-septiembre\/","name":"Mincetur entregar","isPartOf":{"@id":"https:\/\/aeronoticias.com.pe\/noticiero\/#website"},"primaryImageOfPage":{"@id":"https:\/\/aeronoticias.com.pe\/noticiero\/turismo\/13\/mincetur-entregarbras-de-desarrollo-turico-en-paracas-a-fines-de-septiembre\/#primaryimage"},"image":{"@id":"https:\/\/aeronoticias.com.pe\/noticiero\/turismo\/13\/mincetur-entregarbras-de-desarrollo-turico-en-paracas-a-fines-de-septiembre\/#primaryimage"},"thumbnailUrl":"http:\/\/aeronoticias.com.pe\/fotonoticias\/agosto\/chaco25.JPG","datePublished":"2008-08-25T20:44:51+00:00","author":{"@id":"https:\/\/aeronoticias.com.pe\/noticiero\/#\/schema\/person\/fc1e5d578f4b62ba1cf7ac2bba1170a0"},"description":"Portal de noticias del Per\u00fa sobre el transporte a\u00e9reo, aviaci\u00f3n, turismo, hoteleria, actualidad.","breadcrumb":{"@id":"https:\/\/aeronoticias.com.pe\/noticiero\/turismo\/13\/mincetur-entregarbras-de-desarrollo-turico-en-paracas-a-fines-de-septiembre\/#breadcrumb"},"inLanguage":"es","potentialAction":[{"@type":"ReadAction","target":["https:\/\/aeronoticias.com.pe\/noticiero\/turismo\/13\/mincetur-entregarbras-de-desarrollo-turico-en-paracas-a-fines-de-septiembre\/"]}]},{"@type":"ImageObject","inLanguage":"es","@id":"https:\/\/aeronoticias.com.pe\/noticiero\/turismo\/13\/mincetur-entregarbras-de-desarrollo-turico-en-paracas-a-fines-de-septiembre\/#primaryimage","url":"http:\/\/aeronoticias.com.pe\/fotonoticias\/agosto\/chaco25.JPG","contentUrl":"http:\/\/aeronoticias.com.pe\/fotonoticias\/agosto\/chaco25.JPG"},{"@type":"BreadcrumbList","@id":"https:\/\/aeronoticias.com.pe\/noticiero\/turismo\/13\/mincetur-entregarbras-de-desarrollo-turico-en-paracas-a-fines-de-septiembre\/#breadcrumb","itemListElement":[{"@type":"ListItem","position":1,"name":"Portada","item":"https:\/\/aeronoticias.com.pe\/noticiero\/"},{"@type":"ListItem","position":2,"name":"Mincetur entregar"}]},{"@type":"WebSite","@id":"https:\/\/aeronoticias.com.pe\/noticiero\/#website","url":"https:\/\/aeronoticias.com.pe\/noticiero\/","name":"Aeronoticias.com.pe","description":"Noticias de tranporte aereo, turismo, hoteles, gastronomia, actualidad, internacional","potentialAction":[{"@type":"SearchAction","target":{"@type":"EntryPoint","urlTemplate":"https:\/\/aeronoticias.com.pe\/noticiero\/?s={search_term_string}"},"query-input":{"@type":"PropertyValueSpecification","valueRequired":true,"valueName":"search_term_string"}}],"inLanguage":"es"},{"@type":"Person","@id":"https:\/\/aeronoticias.com.pe\/noticiero\/#\/schema\/person\/fc1e5d578f4b62ba1cf7ac2bba1170a0","name":"Redacci\u00f3n Aeronoticias","url":"https:\/\/aeronoticias.com.pe\/noticiero\/author\/piloto\/"}]}},"_links":{"self":[{"href":"https:\/\/aeronoticias.com.pe\/noticiero\/wp-json\/wp\/v2\/posts\/321","targetHints":{"allow":["GET"]}}],"collection":[{"href":"https:\/\/aeronoticias.com.pe\/noticiero\/wp-json\/wp\/v2\/posts"}],"about":[{"href":"https:\/\/aeronoticias.com.pe\/noticiero\/wp-json\/wp\/v2\/types\/post"}],"author":[{"embeddable":true,"href":"https:\/\/aeronoticias.com.pe\/noticiero\/wp-json\/wp\/v2\/users\/1"}],"replies":[{"embeddable":true,"href":"https:\/\/aeronoticias.com.pe\/noticiero\/wp-json\/wp\/v2\/comments?post=321"}],"version-history":[{"count":0,"href":"https:\/\/aeronoticias.com.pe\/noticiero\/wp-json\/wp\/v2\/posts\/321\/revisions"}],"wp:attachment":[{"href":"https:\/\/aeronoticias.com.pe\/noticiero\/wp-json\/wp\/v2\/media?parent=321"}],"wp:term":[{"taxonomy":"category","embeddable":true,"href":"https:\/\/aeronoticias.com.pe\/noticiero\/wp-json\/wp\/v2\/categories?post=321"},{"taxonomy":"post_tag","embeddable":true,"href":"https:\/\/aeronoticias.com.pe\/noticiero\/wp-json\/wp\/v2\/tags?post=321"}],"curies":[{"name":"wp","href":"https:\/\/api.w.org\/{rel}","templated":true}]}}