{"id":32604,"date":"2012-11-29T13:53:01","date_gmt":"2012-11-29T13:53:01","guid":{"rendered":"http:\/\/desarrollo.mcvicious.com\/aero2020\/2012\/11\/29\/barack-obama-se-reunira-con-mitt-romney-en-la-casa-blanca\/"},"modified":"2012-11-29T13:53:01","modified_gmt":"2012-11-29T13:53:01","slug":"barack-obama-se-reunira-con-mitt-romney-en-la-casa-blanca","status":"publish","type":"post","link":"https:\/\/aeronoticias.com.pe\/noticiero\/internacionales\/barack-obama-se-reunira-con-mitt-romney-en-la-casa-blanca\/","title":{"rendered":"Barack Obama se reunir\u00e1 con Mitt Romney en la Casa Blanca"},"content":{"rendered":"<p style=\"text-align: justify;\"><strong>(Aeronoticias).-<\/strong> El presidente de Estados Unidos, Barack Obama, recibir\u00e1 a su exrival de campa\u00f1a en las pasadas elecciones presidenciales, Mitt Romney, en la Casa Blanca, para discutir las propuestas que se hicieran en campa\u00f1a electoral.<\/p>\n<p style=\"text-align: justify;\">Dicha reuni\u00f3n se realizar\u00e1 este jueves en un almuerzo privado, que ser\u00e1 su primer encuentro desde que Obama triunfara en los comicios estadounidenses.<\/p>\n<p style=\"text-align: justify;\">El vocero de Obama, Jay Carney, dijo que esta reuni\u00f3n tendr\u00e1 lugar en el comedor privado presidencial y que no habr\u00e1 acceso a la prensa, informaron agencias de noticias.<\/p>\n<p>  <!--more-->  <\/p>\n<p style=\"text-align: justify;\">Tras ser proclamado vencedor de las elecciones presidenciales del pasado 6 de noviembre, Obama felicit\u00f3 a Romney por su campa\u00f1a electoral y asegur\u00f3 que buscar\u00eda concretar una reuni\u00f3n para hablar sobre los temas en los que pueden \u00abtrabajar juntos\u00bb para \u00abhacer avanzar el pa\u00eds\u201d.<\/p>\n<p style=\"text-align: justify;\"><strong>M\u00e1s informaci\u00f3n<\/strong><\/p>\n<p style=\"text-align: justify;\">El ex candidato republicano a la Presidencia no ha tenido mayor contacto con los medios de comunicaci\u00f3n desde su derrota, por lo que existe una gran expectativa sobre los temas que tocar\u00e1n en este encuentro en la Casa Blanca.<\/p>\n<p style=\"text-align: justify;\">Fuente: Andina<\/p>\n<p><img decoding=\"async\" src=\"images\/stories\/12\/11\/291112\/obamaromney.jpg\" border=\"0\" alt=\"Barack Obama se reunir\u00e1 con Mitt Romney en la Casa Blanca\" title=\"Barack Obama se reunir\u00e1 con Mitt Romney en la Casa Blanca\" \/><\/p>\n<p><\/p>\n","protected":false},"excerpt":{"rendered":"<p>(Aeronoticias).- El presidente de Estados Unidos, Barack Obama, recibir\u00e1 a su exrival de campa\u00f1a en las pasadas elecciones presidenciales, Mitt Romney, en la Casa Blanca, para discutir las propuestas que se hicieran en campa\u00f1a electoral. Dicha reuni\u00f3n se realizar\u00e1 este jueves en un almuerzo privado, que ser\u00e1 su primer encuentro desde que Obama triunfara en [&hellip;]<\/p>\n","protected":false},"author":1,"featured_media":0,"comment_status":"open","ping_status":"open","sticky":false,"template":"","format":"standard","meta":{"tdm_status":"","tdm_grid_status":"","footnotes":""},"categories":[34],"tags":[],"class_list":{"0":"post-32604","1":"post","2":"type-post","3":"status-publish","4":"format-standard","6":"category-internacionales"},"yoast_head":"<!-- This site is optimized with the Yoast SEO plugin v25.1 - https:\/\/yoast.com\/wordpress\/plugins\/seo\/ -->\n<title>Barack Obama se reunir\u00e1 con Mitt Romney en la Casa Blanca<\/title>\n<meta name=\"description\" content=\"Portal de noticias del Per\u00fa sobre el transporte a\u00e9reo, aviaci\u00f3n, turismo, hoteleria, actualidad.\" \/>\n<meta name=\"robots\" content=\"index, follow, max-snippet:-1, max-image-preview:large, max-video-preview:-1\" \/>\n<link rel=\"canonical\" href=\"https:\/\/aeronoticias.com.pe\/noticiero\/internacionales\/barack-obama-se-reunira-con-mitt-romney-en-la-casa-blanca\/\" \/>\n<meta property=\"og:locale\" content=\"es_ES\" \/>\n<meta property=\"og:type\" content=\"article\" \/>\n<meta property=\"og:title\" content=\"Barack Obama se reunir\u00e1 con Mitt Romney en la Casa Blanca\" \/>\n<meta property=\"og:description\" content=\"Portal de noticias del Per\u00fa sobre el transporte a\u00e9reo, aviaci\u00f3n, turismo, hoteleria, actualidad.\" \/>\n<meta property=\"og:url\" content=\"https:\/\/aeronoticias.com.pe\/noticiero\/internacionales\/barack-obama-se-reunira-con-mitt-romney-en-la-casa-blanca\/\" \/>\n<meta property=\"og:site_name\" content=\"Aeronoticias.com.pe\" \/>\n<meta property=\"article:publisher\" content=\"https:\/\/www.facebook.com\/Aeronoticias.com.pe\/\" \/>\n<meta property=\"article:published_time\" content=\"2012-11-29T13:53:01+00:00\" \/>\n<meta name=\"author\" content=\"Redacci\u00f3n Aeronoticias\" \/>\n<meta name=\"twitter:card\" content=\"summary_large_image\" \/>\n<meta name=\"twitter:creator\" content=\"@aeronoticias\" \/>\n<meta name=\"twitter:site\" content=\"@aeronoticias\" \/>\n<meta name=\"twitter:label1\" content=\"Escrito por\" \/>\n\t<meta name=\"twitter:data1\" content=\"Redacci\u00f3n Aeronoticias\" \/>\n\t<meta name=\"twitter:label2\" content=\"Tiempo de lectura\" \/>\n\t<meta name=\"twitter:data2\" content=\"1 minuto\" \/>\n<script type=\"application\/ld+json\" class=\"yoast-schema-graph\">{\"@context\":\"https:\/\/schema.org\",\"@graph\":[{\"@type\":\"WebPage\",\"@id\":\"https:\/\/aeronoticias.com.pe\/noticiero\/internacionales\/barack-obama-se-reunira-con-mitt-romney-en-la-casa-blanca\/\",\"url\":\"https:\/\/aeronoticias.com.pe\/noticiero\/internacionales\/barack-obama-se-reunira-con-mitt-romney-en-la-casa-blanca\/\",\"name\":\"Barack Obama se reunir\u00e1 con Mitt Romney en la Casa Blanca\",\"isPartOf\":{\"@id\":\"https:\/\/aeronoticias.com.pe\/noticiero\/#website\"},\"datePublished\":\"2012-11-29T13:53:01+00:00\",\"author\":{\"@id\":\"https:\/\/aeronoticias.com.pe\/noticiero\/#\/schema\/person\/fc1e5d578f4b62ba1cf7ac2bba1170a0\"},\"description\":\"Portal de noticias del Per\u00fa sobre el transporte a\u00e9reo, aviaci\u00f3n, turismo, hoteleria, actualidad.\",\"breadcrumb\":{\"@id\":\"https:\/\/aeronoticias.com.pe\/noticiero\/internacionales\/barack-obama-se-reunira-con-mitt-romney-en-la-casa-blanca\/#breadcrumb\"},\"inLanguage\":\"es\",\"potentialAction\":[{\"@type\":\"ReadAction\",\"target\":[\"https:\/\/aeronoticias.com.pe\/noticiero\/internacionales\/barack-obama-se-reunira-con-mitt-romney-en-la-casa-blanca\/\"]}]},{\"@type\":\"BreadcrumbList\",\"@id\":\"https:\/\/aeronoticias.com.pe\/noticiero\/internacionales\/barack-obama-se-reunira-con-mitt-romney-en-la-casa-blanca\/#breadcrumb\",\"itemListElement\":[{\"@type\":\"ListItem\",\"position\":1,\"name\":\"Portada\",\"item\":\"https:\/\/aeronoticias.com.pe\/noticiero\/\"},{\"@type\":\"ListItem\",\"position\":2,\"name\":\"Barack Obama se reunir\u00e1 con Mitt Romney en la Casa Blanca\"}]},{\"@type\":\"WebSite\",\"@id\":\"https:\/\/aeronoticias.com.pe\/noticiero\/#website\",\"url\":\"https:\/\/aeronoticias.com.pe\/noticiero\/\",\"name\":\"Aeronoticias.com.pe\",\"description\":\"Noticias de tranporte aereo, turismo, hoteles, gastronomia, actualidad, internacional\",\"potentialAction\":[{\"@type\":\"SearchAction\",\"target\":{\"@type\":\"EntryPoint\",\"urlTemplate\":\"https:\/\/aeronoticias.com.pe\/noticiero\/?s={search_term_string}\"},\"query-input\":{\"@type\":\"PropertyValueSpecification\",\"valueRequired\":true,\"valueName\":\"search_term_string\"}}],\"inLanguage\":\"es\"},{\"@type\":\"Person\",\"@id\":\"https:\/\/aeronoticias.com.pe\/noticiero\/#\/schema\/person\/fc1e5d578f4b62ba1cf7ac2bba1170a0\",\"name\":\"Redacci\u00f3n Aeronoticias\",\"url\":\"https:\/\/aeronoticias.com.pe\/noticiero\/author\/piloto\/\"}]}<\/script>\n<!-- \/ Yoast SEO plugin. -->","yoast_head_json":{"title":"Barack Obama se reunir\u00e1 con Mitt Romney en la Casa Blanca","description":"Portal de noticias del Per\u00fa sobre el transporte a\u00e9reo, aviaci\u00f3n, turismo, hoteleria, actualidad.","robots":{"index":"index","follow":"follow","max-snippet":"max-snippet:-1","max-image-preview":"max-image-preview:large","max-video-preview":"max-video-preview:-1"},"canonical":"https:\/\/aeronoticias.com.pe\/noticiero\/internacionales\/barack-obama-se-reunira-con-mitt-romney-en-la-casa-blanca\/","og_locale":"es_ES","og_type":"article","og_title":"Barack Obama se reunir\u00e1 con Mitt Romney en la Casa Blanca","og_description":"Portal de noticias del Per\u00fa sobre el transporte a\u00e9reo, aviaci\u00f3n, turismo, hoteleria, actualidad.","og_url":"https:\/\/aeronoticias.com.pe\/noticiero\/internacionales\/barack-obama-se-reunira-con-mitt-romney-en-la-casa-blanca\/","og_site_name":"Aeronoticias.com.pe","article_publisher":"https:\/\/www.facebook.com\/Aeronoticias.com.pe\/","article_published_time":"2012-11-29T13:53:01+00:00","author":"Redacci\u00f3n Aeronoticias","twitter_card":"summary_large_image","twitter_creator":"@aeronoticias","twitter_site":"@aeronoticias","twitter_misc":{"Escrito por":"Redacci\u00f3n Aeronoticias","Tiempo de lectura":"1 minuto"},"schema":{"@context":"https:\/\/schema.org","@graph":[{"@type":"WebPage","@id":"https:\/\/aeronoticias.com.pe\/noticiero\/internacionales\/barack-obama-se-reunira-con-mitt-romney-en-la-casa-blanca\/","url":"https:\/\/aeronoticias.com.pe\/noticiero\/internacionales\/barack-obama-se-reunira-con-mitt-romney-en-la-casa-blanca\/","name":"Barack Obama se reunir\u00e1 con Mitt Romney en la Casa Blanca","isPartOf":{"@id":"https:\/\/aeronoticias.com.pe\/noticiero\/#website"},"datePublished":"2012-11-29T13:53:01+00:00","author":{"@id":"https:\/\/aeronoticias.com.pe\/noticiero\/#\/schema\/person\/fc1e5d578f4b62ba1cf7ac2bba1170a0"},"description":"Portal de noticias del Per\u00fa sobre el transporte a\u00e9reo, aviaci\u00f3n, turismo, hoteleria, actualidad.","breadcrumb":{"@id":"https:\/\/aeronoticias.com.pe\/noticiero\/internacionales\/barack-obama-se-reunira-con-mitt-romney-en-la-casa-blanca\/#breadcrumb"},"inLanguage":"es","potentialAction":[{"@type":"ReadAction","target":["https:\/\/aeronoticias.com.pe\/noticiero\/internacionales\/barack-obama-se-reunira-con-mitt-romney-en-la-casa-blanca\/"]}]},{"@type":"BreadcrumbList","@id":"https:\/\/aeronoticias.com.pe\/noticiero\/internacionales\/barack-obama-se-reunira-con-mitt-romney-en-la-casa-blanca\/#breadcrumb","itemListElement":[{"@type":"ListItem","position":1,"name":"Portada","item":"https:\/\/aeronoticias.com.pe\/noticiero\/"},{"@type":"ListItem","position":2,"name":"Barack Obama se reunir\u00e1 con Mitt Romney en la Casa Blanca"}]},{"@type":"WebSite","@id":"https:\/\/aeronoticias.com.pe\/noticiero\/#website","url":"https:\/\/aeronoticias.com.pe\/noticiero\/","name":"Aeronoticias.com.pe","description":"Noticias de tranporte aereo, turismo, hoteles, gastronomia, actualidad, internacional","potentialAction":[{"@type":"SearchAction","target":{"@type":"EntryPoint","urlTemplate":"https:\/\/aeronoticias.com.pe\/noticiero\/?s={search_term_string}"},"query-input":{"@type":"PropertyValueSpecification","valueRequired":true,"valueName":"search_term_string"}}],"inLanguage":"es"},{"@type":"Person","@id":"https:\/\/aeronoticias.com.pe\/noticiero\/#\/schema\/person\/fc1e5d578f4b62ba1cf7ac2bba1170a0","name":"Redacci\u00f3n Aeronoticias","url":"https:\/\/aeronoticias.com.pe\/noticiero\/author\/piloto\/"}]}},"_links":{"self":[{"href":"https:\/\/aeronoticias.com.pe\/noticiero\/wp-json\/wp\/v2\/posts\/32604","targetHints":{"allow":["GET"]}}],"collection":[{"href":"https:\/\/aeronoticias.com.pe\/noticiero\/wp-json\/wp\/v2\/posts"}],"about":[{"href":"https:\/\/aeronoticias.com.pe\/noticiero\/wp-json\/wp\/v2\/types\/post"}],"author":[{"embeddable":true,"href":"https:\/\/aeronoticias.com.pe\/noticiero\/wp-json\/wp\/v2\/users\/1"}],"replies":[{"embeddable":true,"href":"https:\/\/aeronoticias.com.pe\/noticiero\/wp-json\/wp\/v2\/comments?post=32604"}],"version-history":[{"count":0,"href":"https:\/\/aeronoticias.com.pe\/noticiero\/wp-json\/wp\/v2\/posts\/32604\/revisions"}],"wp:attachment":[{"href":"https:\/\/aeronoticias.com.pe\/noticiero\/wp-json\/wp\/v2\/media?parent=32604"}],"wp:term":[{"taxonomy":"category","embeddable":true,"href":"https:\/\/aeronoticias.com.pe\/noticiero\/wp-json\/wp\/v2\/categories?post=32604"},{"taxonomy":"post_tag","embeddable":true,"href":"https:\/\/aeronoticias.com.pe\/noticiero\/wp-json\/wp\/v2\/tags?post=32604"}],"curies":[{"name":"wp","href":"https:\/\/api.w.org\/{rel}","templated":true}]}}