{"id":32726,"date":"2012-12-04T00:55:10","date_gmt":"2012-12-04T00:55:10","guid":{"rendered":"http:\/\/desarrollo.mcvicious.com\/aero2020\/2012\/12\/04\/gobierno-de-estados-unidos-si-toma-en-serio-la-calidad-de-aire-en-aviones\/"},"modified":"2012-12-04T00:55:10","modified_gmt":"2012-12-04T00:55:10","slug":"gobierno-de-estados-unidos-si-toma-en-serio-la-calidad-de-aire-en-aviones","status":"publish","type":"post","link":"https:\/\/aeronoticias.com.pe\/noticiero\/transporte-aereo\/internacional\/gobierno-de-estados-unidos-si-toma-en-serio-la-calidad-de-aire-en-aviones\/","title":{"rendered":"Gobierno de Estados Unidos si toma en serio la calidad de aire en aviones"},"content":{"rendered":"<p style=\"text-align: justify;\"><strong>(Aeronoticias).-<\/strong>Esta semana la Administraci\u00f3n Federal de Aviaci\u00f3n (FAA,  por sus siglas en ingl\u00e9s) ha dado el primer paso para empezar a  solucionar el problema que acarrea la exposici\u00f3n al aire interior de los aviones y va a permitir que oficiales sanitarios  estudien dichas demandas, seg\u00fan informa el diario <em>The Wall Street Journal.<\/em><\/p>\n<div id=\"cuerpo_noticia\" class=\"cuerpo_noticia\">\n<p style=\"text-align: justify;\">\u00abPor primera vez, y tras a\u00f1os de reticencia por parte de las compa\u00f1\u00edas, la medida permite al Departamento de Salud Laboral (OSHA, por sus siglas en ingl\u00e9s) realizar un seguimiento de los\u00a0<a href=\"http:\/\/www.osha.gov\/\" target=\"_blank\" rel=\"noopener noreferrer\"> <\/a> informes presentados por los trabajadores  que alegan que el aire interior est\u00e1 contaminado y es el causante de  distintas enfermedades\u00bb, ha asegurado a trav\u00e9s de un comunicado la vocera del  sindicato de empleados de aerol\u00edneas constituido por 60.000 trabajadores  de distintas compa\u00f1\u00edas a\u00e9reas. Hasta ahora en Estados Unidos, los  trabajadores de los aviones contaban tan solo con la protecci\u00f3n del OSHA  cuando estaban en tierra pero no cuando estaban en el aire.<\/p>\n<p style=\"text-align: justify;\">\u00abLa iniciativa no solo proporcionar\u00e1 m\u00e1s seguridad a la tripulaci\u00f3n  de cabina sino que tambi\u00e9n mejorar\u00e1 la calidad de los vuelos para  millones de pasajeros\u00bb,\u00a0 explic\u00f3 la Secretaria del Departamento de Trabajo en Estados Unidos, Hilda Solis. Esta iniciativa pretende acabar con la brecha que  hasta ahora separaba las leyes federales de seguridad y los estatutos de  protecci\u00f3n de los tripulantes de cabina de las distintas compa\u00f1\u00edas.  Aunque la FAA ha puntualizado que \u00aben ning\u00fan momento la aplicaci\u00f3n de  esta iniciativa deber\u00e1 interferir ni con las normas ni los  procedimientos requeridos por la seguridad a\u00e9rea\u00bb.<\/p>\n<p style=\"text-align: justify;\">Hace dos d\u00e9cadas el sindicato de tripulantes de cabina alert\u00f3 a la FAA  de que era necesario que adoptar\u00e1 para sus trabajadores las mismas  normas laborales que establece el OSHA para otras profesiones. La  finalidad de esta solicitud era proteger a los empleados de accidentes  laborales y reducir la exposici\u00f3n a materiales t\u00f3xicos durante el vuelo.  Solicitud que la FAA rechaz\u00f3 en 1997. Con el paso de los a\u00f1os, tras  varios fracasos de acuerdo y demandas judiciales interpuestas por los  sindicatos, la petici\u00f3n se hab\u00eda quedado estancada hasta ahora.<\/p>\n<p style=\"text-align: justify;\">Tal convenio llega luego de una resoluci\u00f3n aprobada por el Congreso a inicios de a\u00f1o en la que se daba autoridad a OSHA a modificar todas las cuestiones de  seguridad, sanitarias u otras  que se puedan dar en los aviones. Y  aunque, en el documento no se habla  expl\u00edcitamente de la calidad del  aire en la cabina, se ha acelerado  esta decisi\u00f3n por ser \u201cuna de las  preocupaciones m\u00e1s mencionadas a lo  largo de los a\u00f1os por los l\u00edderes  sindicales que representan a los  tripulantes de los aviones\u201d.<\/p>\n<p style=\"text-align: justify;\">\u201cAunque no va a tener un impacto inmediato sobre esta cuesti\u00f3n, s\u00ed  que va a propiciar que los funcionarios sanitarios puedan estudiar las  demandas de los trabajadores y tener acceso a sus informes e historias  m\u00e9dicas para determinar si hay, o no, relaci\u00f3n\u201d, ha concluido el  portavoz del sindicato.<\/p>\n<p><img decoding=\"async\" src=\"images\/stories\/12\/12\/031212\/avioneseeuu.jpg\" border=\"0\" alt=\"aviones\" title=\"aviones\" \/><\/p>\n<\/p><\/div>\n","protected":false},"excerpt":{"rendered":"<p>(Aeronoticias).-Esta semana la Administraci\u00f3n Federal de Aviaci\u00f3n (FAA, por sus siglas en ingl\u00e9s) ha dado el primer paso para empezar a solucionar el problema que acarrea la exposici\u00f3n al aire interior de los aviones y va a permitir que oficiales sanitarios estudien dichas demandas, seg\u00fan informa el diario The Wall Street Journal. \u00abPor primera vez, [&hellip;]<\/p>\n","protected":false},"author":1,"featured_media":0,"comment_status":"open","ping_status":"open","sticky":false,"template":"","format":"standard","meta":{"tdm_status":"","tdm_grid_status":"","footnotes":""},"categories":[32],"tags":[],"class_list":{"0":"post-32726","1":"post","2":"type-post","3":"status-publish","4":"format-standard","6":"category-internacional"},"yoast_head":"<!-- This site is optimized with the Yoast SEO plugin v25.1 - https:\/\/yoast.com\/wordpress\/plugins\/seo\/ -->\n<title>Gobierno de Estados Unidos si toma en serio la calidad de aire en aviones<\/title>\n<meta name=\"description\" content=\"Portal de noticias del Per\u00fa sobre el transporte a\u00e9reo, aviaci\u00f3n, turismo, hoteleria, actualidad.\" \/>\n<meta name=\"robots\" content=\"index, follow, max-snippet:-1, max-image-preview:large, max-video-preview:-1\" \/>\n<link rel=\"canonical\" href=\"https:\/\/aeronoticias.com.pe\/noticiero\/transporte-aereo\/internacional\/gobierno-de-estados-unidos-si-toma-en-serio-la-calidad-de-aire-en-aviones\/\" \/>\n<meta property=\"og:locale\" content=\"es_ES\" \/>\n<meta property=\"og:type\" content=\"article\" \/>\n<meta property=\"og:title\" content=\"Gobierno de Estados Unidos si toma en serio la calidad de aire en aviones\" \/>\n<meta property=\"og:description\" content=\"Portal de noticias del Per\u00fa sobre el transporte a\u00e9reo, aviaci\u00f3n, turismo, hoteleria, actualidad.\" \/>\n<meta property=\"og:url\" content=\"https:\/\/aeronoticias.com.pe\/noticiero\/transporte-aereo\/internacional\/gobierno-de-estados-unidos-si-toma-en-serio-la-calidad-de-aire-en-aviones\/\" \/>\n<meta property=\"og:site_name\" content=\"Aeronoticias.com.pe\" \/>\n<meta property=\"article:publisher\" content=\"https:\/\/www.facebook.com\/Aeronoticias.com.pe\/\" \/>\n<meta property=\"article:published_time\" content=\"2012-12-04T00:55:10+00:00\" \/>\n<meta name=\"author\" content=\"Redacci\u00f3n Aeronoticias\" \/>\n<meta name=\"twitter:card\" content=\"summary_large_image\" \/>\n<meta name=\"twitter:creator\" content=\"@aeronoticias\" \/>\n<meta name=\"twitter:site\" content=\"@aeronoticias\" \/>\n<meta name=\"twitter:label1\" content=\"Escrito por\" \/>\n\t<meta name=\"twitter:data1\" content=\"Redacci\u00f3n Aeronoticias\" \/>\n\t<meta name=\"twitter:label2\" content=\"Tiempo de lectura\" \/>\n\t<meta name=\"twitter:data2\" content=\"3 minutos\" \/>\n<script type=\"application\/ld+json\" class=\"yoast-schema-graph\">{\"@context\":\"https:\/\/schema.org\",\"@graph\":[{\"@type\":\"WebPage\",\"@id\":\"https:\/\/aeronoticias.com.pe\/noticiero\/transporte-aereo\/internacional\/gobierno-de-estados-unidos-si-toma-en-serio-la-calidad-de-aire-en-aviones\/\",\"url\":\"https:\/\/aeronoticias.com.pe\/noticiero\/transporte-aereo\/internacional\/gobierno-de-estados-unidos-si-toma-en-serio-la-calidad-de-aire-en-aviones\/\",\"name\":\"Gobierno de Estados Unidos si toma en serio la calidad de aire en aviones\",\"isPartOf\":{\"@id\":\"https:\/\/aeronoticias.com.pe\/noticiero\/#website\"},\"datePublished\":\"2012-12-04T00:55:10+00:00\",\"author\":{\"@id\":\"https:\/\/aeronoticias.com.pe\/noticiero\/#\/schema\/person\/fc1e5d578f4b62ba1cf7ac2bba1170a0\"},\"description\":\"Portal de noticias del Per\u00fa sobre el transporte a\u00e9reo, aviaci\u00f3n, turismo, hoteleria, actualidad.\",\"breadcrumb\":{\"@id\":\"https:\/\/aeronoticias.com.pe\/noticiero\/transporte-aereo\/internacional\/gobierno-de-estados-unidos-si-toma-en-serio-la-calidad-de-aire-en-aviones\/#breadcrumb\"},\"inLanguage\":\"es\",\"potentialAction\":[{\"@type\":\"ReadAction\",\"target\":[\"https:\/\/aeronoticias.com.pe\/noticiero\/transporte-aereo\/internacional\/gobierno-de-estados-unidos-si-toma-en-serio-la-calidad-de-aire-en-aviones\/\"]}]},{\"@type\":\"BreadcrumbList\",\"@id\":\"https:\/\/aeronoticias.com.pe\/noticiero\/transporte-aereo\/internacional\/gobierno-de-estados-unidos-si-toma-en-serio-la-calidad-de-aire-en-aviones\/#breadcrumb\",\"itemListElement\":[{\"@type\":\"ListItem\",\"position\":1,\"name\":\"Portada\",\"item\":\"https:\/\/aeronoticias.com.pe\/noticiero\/\"},{\"@type\":\"ListItem\",\"position\":2,\"name\":\"Gobierno de Estados Unidos si toma en serio la calidad de aire en aviones\"}]},{\"@type\":\"WebSite\",\"@id\":\"https:\/\/aeronoticias.com.pe\/noticiero\/#website\",\"url\":\"https:\/\/aeronoticias.com.pe\/noticiero\/\",\"name\":\"Aeronoticias.com.pe\",\"description\":\"Noticias de tranporte aereo, turismo, hoteles, gastronomia, actualidad, internacional\",\"potentialAction\":[{\"@type\":\"SearchAction\",\"target\":{\"@type\":\"EntryPoint\",\"urlTemplate\":\"https:\/\/aeronoticias.com.pe\/noticiero\/?s={search_term_string}\"},\"query-input\":{\"@type\":\"PropertyValueSpecification\",\"valueRequired\":true,\"valueName\":\"search_term_string\"}}],\"inLanguage\":\"es\"},{\"@type\":\"Person\",\"@id\":\"https:\/\/aeronoticias.com.pe\/noticiero\/#\/schema\/person\/fc1e5d578f4b62ba1cf7ac2bba1170a0\",\"name\":\"Redacci\u00f3n Aeronoticias\",\"url\":\"https:\/\/aeronoticias.com.pe\/noticiero\/author\/piloto\/\"}]}<\/script>\n<!-- \/ Yoast SEO plugin. -->","yoast_head_json":{"title":"Gobierno de Estados Unidos si toma en serio la calidad de aire en aviones","description":"Portal de noticias del Per\u00fa sobre el transporte a\u00e9reo, aviaci\u00f3n, turismo, hoteleria, actualidad.","robots":{"index":"index","follow":"follow","max-snippet":"max-snippet:-1","max-image-preview":"max-image-preview:large","max-video-preview":"max-video-preview:-1"},"canonical":"https:\/\/aeronoticias.com.pe\/noticiero\/transporte-aereo\/internacional\/gobierno-de-estados-unidos-si-toma-en-serio-la-calidad-de-aire-en-aviones\/","og_locale":"es_ES","og_type":"article","og_title":"Gobierno de Estados Unidos si toma en serio la calidad de aire en aviones","og_description":"Portal de noticias del Per\u00fa sobre el transporte a\u00e9reo, aviaci\u00f3n, turismo, hoteleria, actualidad.","og_url":"https:\/\/aeronoticias.com.pe\/noticiero\/transporte-aereo\/internacional\/gobierno-de-estados-unidos-si-toma-en-serio-la-calidad-de-aire-en-aviones\/","og_site_name":"Aeronoticias.com.pe","article_publisher":"https:\/\/www.facebook.com\/Aeronoticias.com.pe\/","article_published_time":"2012-12-04T00:55:10+00:00","author":"Redacci\u00f3n Aeronoticias","twitter_card":"summary_large_image","twitter_creator":"@aeronoticias","twitter_site":"@aeronoticias","twitter_misc":{"Escrito por":"Redacci\u00f3n Aeronoticias","Tiempo de lectura":"3 minutos"},"schema":{"@context":"https:\/\/schema.org","@graph":[{"@type":"WebPage","@id":"https:\/\/aeronoticias.com.pe\/noticiero\/transporte-aereo\/internacional\/gobierno-de-estados-unidos-si-toma-en-serio-la-calidad-de-aire-en-aviones\/","url":"https:\/\/aeronoticias.com.pe\/noticiero\/transporte-aereo\/internacional\/gobierno-de-estados-unidos-si-toma-en-serio-la-calidad-de-aire-en-aviones\/","name":"Gobierno de Estados Unidos si toma en serio la calidad de aire en aviones","isPartOf":{"@id":"https:\/\/aeronoticias.com.pe\/noticiero\/#website"},"datePublished":"2012-12-04T00:55:10+00:00","author":{"@id":"https:\/\/aeronoticias.com.pe\/noticiero\/#\/schema\/person\/fc1e5d578f4b62ba1cf7ac2bba1170a0"},"description":"Portal de noticias del Per\u00fa sobre el transporte a\u00e9reo, aviaci\u00f3n, turismo, hoteleria, actualidad.","breadcrumb":{"@id":"https:\/\/aeronoticias.com.pe\/noticiero\/transporte-aereo\/internacional\/gobierno-de-estados-unidos-si-toma-en-serio-la-calidad-de-aire-en-aviones\/#breadcrumb"},"inLanguage":"es","potentialAction":[{"@type":"ReadAction","target":["https:\/\/aeronoticias.com.pe\/noticiero\/transporte-aereo\/internacional\/gobierno-de-estados-unidos-si-toma-en-serio-la-calidad-de-aire-en-aviones\/"]}]},{"@type":"BreadcrumbList","@id":"https:\/\/aeronoticias.com.pe\/noticiero\/transporte-aereo\/internacional\/gobierno-de-estados-unidos-si-toma-en-serio-la-calidad-de-aire-en-aviones\/#breadcrumb","itemListElement":[{"@type":"ListItem","position":1,"name":"Portada","item":"https:\/\/aeronoticias.com.pe\/noticiero\/"},{"@type":"ListItem","position":2,"name":"Gobierno de Estados Unidos si toma en serio la calidad de aire en aviones"}]},{"@type":"WebSite","@id":"https:\/\/aeronoticias.com.pe\/noticiero\/#website","url":"https:\/\/aeronoticias.com.pe\/noticiero\/","name":"Aeronoticias.com.pe","description":"Noticias de tranporte aereo, turismo, hoteles, gastronomia, actualidad, internacional","potentialAction":[{"@type":"SearchAction","target":{"@type":"EntryPoint","urlTemplate":"https:\/\/aeronoticias.com.pe\/noticiero\/?s={search_term_string}"},"query-input":{"@type":"PropertyValueSpecification","valueRequired":true,"valueName":"search_term_string"}}],"inLanguage":"es"},{"@type":"Person","@id":"https:\/\/aeronoticias.com.pe\/noticiero\/#\/schema\/person\/fc1e5d578f4b62ba1cf7ac2bba1170a0","name":"Redacci\u00f3n Aeronoticias","url":"https:\/\/aeronoticias.com.pe\/noticiero\/author\/piloto\/"}]}},"_links":{"self":[{"href":"https:\/\/aeronoticias.com.pe\/noticiero\/wp-json\/wp\/v2\/posts\/32726","targetHints":{"allow":["GET"]}}],"collection":[{"href":"https:\/\/aeronoticias.com.pe\/noticiero\/wp-json\/wp\/v2\/posts"}],"about":[{"href":"https:\/\/aeronoticias.com.pe\/noticiero\/wp-json\/wp\/v2\/types\/post"}],"author":[{"embeddable":true,"href":"https:\/\/aeronoticias.com.pe\/noticiero\/wp-json\/wp\/v2\/users\/1"}],"replies":[{"embeddable":true,"href":"https:\/\/aeronoticias.com.pe\/noticiero\/wp-json\/wp\/v2\/comments?post=32726"}],"version-history":[{"count":0,"href":"https:\/\/aeronoticias.com.pe\/noticiero\/wp-json\/wp\/v2\/posts\/32726\/revisions"}],"wp:attachment":[{"href":"https:\/\/aeronoticias.com.pe\/noticiero\/wp-json\/wp\/v2\/media?parent=32726"}],"wp:term":[{"taxonomy":"category","embeddable":true,"href":"https:\/\/aeronoticias.com.pe\/noticiero\/wp-json\/wp\/v2\/categories?post=32726"},{"taxonomy":"post_tag","embeddable":true,"href":"https:\/\/aeronoticias.com.pe\/noticiero\/wp-json\/wp\/v2\/tags?post=32726"}],"curies":[{"name":"wp","href":"https:\/\/api.w.org\/{rel}","templated":true}]}}