{"id":330,"date":"2008-08-26T14:51:36","date_gmt":"2008-08-26T14:51:36","guid":{"rendered":"http:\/\/desarrollo.mcvicious.com\/aero2020\/2008\/08\/26\/en-199-crecico-de-contenedores-en-puertos-del-callao-paita-ilo-y-salaverry\/"},"modified":"2008-08-26T14:51:36","modified_gmt":"2008-08-26T14:51:36","slug":"en-199-crecico-de-contenedores-en-puertos-del-callao-paita-ilo-y-salaverry","status":"publish","type":"post","link":"https:\/\/aeronoticias.com.pe\/noticiero\/economia\/en-199-crecico-de-contenedores-en-puertos-del-callao-paita-ilo-y-salaverry\/","title":{"rendered":"En 19.9% creci"},"content":{"rendered":"<p style=\"font-size: 12px; color: #003a75; font-family: Arial, Helvetica, sans-serif\" align=\"justify\">Entre enero y junio de este a&ntilde;o se movilizaron 666,719 TEUS, principalmente en&nbsp; los terminales portuarios del Callao, Paita, Ilo y Salaverry, inform&oacute; la Gerencia de Servicios de ADEX, detallando que&nbsp;entre el 2003 y el 2007, el movimiento total de contenedores en los terminales portuarios nacionales administrados por ENAPU se increment&oacute; en 88%.<\/p>\n<p style=\"font-size: 12px; color: #003a75; font-family: Arial, Helvetica, sans-serif\" align=\"justify\">ADEX revel&oacute; que el a&ntilde;o pasado, el comercio exterior peruano moviliz&oacute; 556,288 TEUS, volumen inferior al de similar periodo de este a&ntilde;o (666,719 TEUS). <\/p>\n<p style=\"font-size: 12px; color: #003a75; font-family: Arial, Helvetica, sans-serif\" align=\"justify\">Los principales terminales portuarios son el del Callao que moviliz&oacute; el 84.7% del total, seguido por el de Paita que moviliz&oacute; el 10.8%, Ilo (2.4%), Salaverry (1.6%) y Chimbote (0.3%), entre otros.<\/p>\n<blockquote>\n<div style=\"text-align: center\"><img loading=\"lazy\" decoding=\"async\" src=\"http:\/\/aeronoticias.com.pe\/fotonoticias\/agosto\/puertos.JPG\" alt=\" \" title=\"En 19.9% creci&oacute; tr&aacute;fico de contenedores en puertos del Callao, Paita, Ilo y Salaverry. (Foto: ADEX)\" hspace=\"5\" vspace=\"5\" width=\"250\" height=\"168\" \/><\/div>\n<\/blockquote>\n<p> <!--more--> <\/p>\n<p style=\"font-size: 12px; color: #003a75; font-family: Arial, Helvetica, sans-serif\" align=\"center\"><strong>Movimiento del Terminal Portuarion del Callao<\/strong><\/p>\n<p style=\"font-size: 12px; color: #003a75; font-family: Arial, Helvetica, sans-serif\" align=\"justify\">El terminal portuario del Callao moviliz&oacute; 564,389 TEUS, 17.2% m&aacute;s que en similar periodo del a&ntilde;o pasado cuando el tr&aacute;fico fue de 481,692 TEUS. <\/p>\n<p style=\"font-size: 12px; color: #003a75; font-family: Arial, Helvetica, sans-serif\" align=\"justify\">La carga de los contenedores de exportaci&oacute;n era de &ldquo;Minerales de cinc y sus concentrados&rdquo;, &ldquo;Minerales de plomo y sus concentrados&rdquo;, &ldquo;Harina, polvo y pellets de pescado&rdquo;, &ldquo;Minerales de cobre y sus concentrados&rdquo;, y otras partidas m&aacute;s de los sub sectores minerales y petr&oacute;leo.<\/p>\n<p style=\"font-size: 12px; color: #003a75; font-family: Arial, Helvetica, sans-serif\" align=\"justify\">Los contenedores tambi&eacute;n conten&iacute;an en menor cuant&iacute;a productos no tradicionales como &ldquo;Esp&aacute;rragos preparados o conservados sin congelar&rdquo;, &ldquo;T-shirt de algod&oacute;n para hombre o mujer&rdquo;, &ldquo;P&aacute;prika entera&rdquo;, &ldquo;Camisas de punto &ldquo;, &ldquo;Leche evaporada&rdquo;, &ldquo;Uvas frescas&rdquo;, &ldquo;Paltas frescas&rdquo; y &ldquo;Maderas perfiladas longitudinalmente&rdquo;, entre otras.<\/p>\n<p style=\"font-size: 12px; color: #003a75; font-family: Arial, Helvetica, sans-serif\" align=\"center\"><strong>Paita es el segundo terminal portuario con mayor tr&aacute;fico<\/strong> <\/p>\n<p style=\"font-size: 12px; color: #003a75; font-family: Arial, Helvetica, sans-serif\" align=\"justify\">Paita es el segundo terminal portuario con mayor tr&aacute;fico de contenedores en el Per&uacute;. Estos sumaron 71,818 TEUS, 32% m&aacute;s que en similar periodo del a&ntilde;o pasado. <\/p>\n<p style=\"font-size: 12px; color: #003a75; font-family: Arial, Helvetica, sans-serif\" align=\"justify\">Los contenedores de exportaci&oacute;n transportaron &ldquo;Aceites crudos de petr&oacute;leo o de mineral bituminoso&rdquo;, &ldquo;Harina, polvo y pellets de pescado&rdquo;, &ldquo;Dem&aacute;s caf&eacute; sin descafeinar&rdquo;, &ldquo;Mangos y mangostanes frescos o secos&rdquo; y &ldquo;Dem&aacute;s jibias, globitos, calamares y potas&rdquo;, entre otras.<\/p>\n<p style=\"font-size: 12px; color: #003a75; font-family: Arial, Helvetica, sans-serif\" align=\"justify\">Los de mayor evoluci&oacute;nEn lo que respecta el &iacute;ndice de crecimiento, fueron los terminales portuarios de San Mart&iacute;n y de Ilo los que registraron las mayores evoluciones, de 190% y de 118%, respectivamente. <\/p>\n<p style=\"font-size: 12px; color: #003a75; font-family: Arial, Helvetica, sans-serif\" align=\"center\"><strong>Puerto de Pisco<\/strong><\/p>\n<p style=\"font-size: 12px; color: #003a75; font-family: Arial, Helvetica, sans-serif\" align=\"justify\">En el caso del puerto de San Mart&iacute;n (Pisco) la carga para exportaci&oacute;n movilizada era de las partidas &ldquo;Dem&aacute;s gasolina sin tetraetilo de plomo&rdquo;, &ldquo;Minerales de hierro y sus concentrados, sin aglomerar y aglomerados&rdquo;, &ldquo;Grasas y aceite de pescado&rdquo;, &ldquo;Piritas de hierro&rdquo;, &ldquo;Sal desnaturalizada&rdquo; y &ldquo;Uvas frescas&rdquo;, entre otras.<\/p>\n<p style=\"font-size: 12px; color: #003a75; font-family: Arial, Helvetica, sans-serif\" align=\"justify\">En el caso del puerto de Ilo, al margen de recibir carga desde otros pa&iacute;ses, se despach&oacute; &ldquo;C&aacute;todos y secciones de c&aacute;todos de cobre refinado&rdquo;, &ldquo;Minerales de molibdeno&rdquo;, &ldquo;Harina, polvo y pellets de pescado&rdquo;, &ldquo;Minerales de cobre y sus concentrados&rdquo;, &ldquo;&Aacute;cido sulf&uacute;rico&rdquo;, &ldquo;Selenio de polvo&rdquo;, &ldquo;Cenizas y residuos&nbsp; que contengan principalmente cobre&rdquo;, &ldquo;Minerales de oro&rdquo;, &ldquo;Dem&aacute;s jibias, globitos, calamares y potas&rdquo;, &ldquo;Conservas de pescado&rdquo;, &ldquo;Guano de aves marinas&rdquo; y &ldquo;Dem&aacute;s hortalizas preparadas o conservadas sin congelar&rdquo;,&nbsp; entre otras partidas.<\/p>\n<p style=\"font-size: 12px; color: #003a75; font-family: Arial, Helvetica, sans-serif\" align=\"center\"><strong>Movimiento total de contenedores<\/strong><\/p>\n<p style=\"font-size: 12px; color: #003a75; font-family: Arial, Helvetica, sans-serif\" align=\"justify\">Finalmente, la Gerencia de Servicios de ADEX manifest&oacute; que entre el 2003 y el 2007, el movimiento total de contenedores en los terminales portuarios administrados por la Empresa Nacional de Puertos (ENAPU) se increment&oacute; en 88%.<\/p>\n<p style=\"font-size: 12px; color: #003a75; font-family: Arial, Helvetica, sans-serif\" align=\"justify\">En el 2007, el Puerto del Callao y el de Paita registraron los mayores movimiento de contenedores, con el 87% y 9%, respectivamente, de participaci&oacute;n respecto al total de contenedores manipulados en los puertos nacionales.<\/p>\n<blockquote>\n<p>&nbsp;<\/p>\n<\/blockquote>\n","protected":false},"excerpt":{"rendered":"<p>Entre enero y junio de este a&ntilde;o se movilizaron 666,719 TEUS, principalmente en&nbsp; los terminales portuarios del Callao, Paita, Ilo y Salaverry, inform&oacute; la Gerencia de Servicios de ADEX, detallando que&nbsp;entre el 2003 y el 2007, el movimiento total de contenedores en los terminales portuarios nacionales administrados por ENAPU se increment&oacute; en 88%. ADEX revel&oacute; [&hellip;]<\/p>\n","protected":false},"author":1,"featured_media":0,"comment_status":"open","ping_status":"open","sticky":false,"template":"","format":"standard","meta":{"tdm_status":"","tdm_grid_status":"","footnotes":""},"categories":[33],"tags":[],"class_list":{"0":"post-330","1":"post","2":"type-post","3":"status-publish","4":"format-standard","6":"category-economia"},"yoast_head":"<!-- This site is optimized with the Yoast SEO plugin v25.1 - https:\/\/yoast.com\/wordpress\/plugins\/seo\/ -->\n<title>En 19.9% creci<\/title>\n<meta name=\"description\" content=\"Portal de noticias del Per\u00fa sobre el transporte a\u00e9reo, aviaci\u00f3n, turismo, hoteleria, actualidad.\" \/>\n<meta name=\"robots\" content=\"index, follow, max-snippet:-1, max-image-preview:large, max-video-preview:-1\" \/>\n<link rel=\"canonical\" href=\"https:\/\/aeronoticias.com.pe\/noticiero\/economia\/en-199-crecico-de-contenedores-en-puertos-del-callao-paita-ilo-y-salaverry\/\" \/>\n<meta property=\"og:locale\" content=\"es_ES\" \/>\n<meta property=\"og:type\" content=\"article\" \/>\n<meta property=\"og:title\" content=\"En 19.9% creci\" \/>\n<meta property=\"og:description\" content=\"Portal de noticias del Per\u00fa sobre el transporte a\u00e9reo, aviaci\u00f3n, turismo, hoteleria, actualidad.\" \/>\n<meta property=\"og:url\" content=\"https:\/\/aeronoticias.com.pe\/noticiero\/economia\/en-199-crecico-de-contenedores-en-puertos-del-callao-paita-ilo-y-salaverry\/\" \/>\n<meta property=\"og:site_name\" content=\"Aeronoticias.com.pe\" \/>\n<meta property=\"article:publisher\" content=\"https:\/\/www.facebook.com\/Aeronoticias.com.pe\/\" \/>\n<meta property=\"article:published_time\" content=\"2008-08-26T14:51:36+00:00\" \/>\n<meta property=\"og:image\" content=\"http:\/\/aeronoticias.com.pe\/fotonoticias\/agosto\/puertos.JPG\" \/>\n<meta name=\"author\" content=\"Redacci\u00f3n Aeronoticias\" \/>\n<meta name=\"twitter:card\" content=\"summary_large_image\" \/>\n<meta name=\"twitter:creator\" content=\"@aeronoticias\" \/>\n<meta name=\"twitter:site\" content=\"@aeronoticias\" \/>\n<meta name=\"twitter:label1\" content=\"Escrito por\" \/>\n\t<meta name=\"twitter:data1\" content=\"Redacci\u00f3n Aeronoticias\" \/>\n\t<meta name=\"twitter:label2\" content=\"Tiempo de lectura\" \/>\n\t<meta name=\"twitter:data2\" content=\"3 minutos\" \/>\n<script type=\"application\/ld+json\" class=\"yoast-schema-graph\">{\"@context\":\"https:\/\/schema.org\",\"@graph\":[{\"@type\":\"WebPage\",\"@id\":\"https:\/\/aeronoticias.com.pe\/noticiero\/economia\/en-199-crecico-de-contenedores-en-puertos-del-callao-paita-ilo-y-salaverry\/\",\"url\":\"https:\/\/aeronoticias.com.pe\/noticiero\/economia\/en-199-crecico-de-contenedores-en-puertos-del-callao-paita-ilo-y-salaverry\/\",\"name\":\"En 19.9% creci\",\"isPartOf\":{\"@id\":\"https:\/\/aeronoticias.com.pe\/noticiero\/#website\"},\"primaryImageOfPage\":{\"@id\":\"https:\/\/aeronoticias.com.pe\/noticiero\/economia\/en-199-crecico-de-contenedores-en-puertos-del-callao-paita-ilo-y-salaverry\/#primaryimage\"},\"image\":{\"@id\":\"https:\/\/aeronoticias.com.pe\/noticiero\/economia\/en-199-crecico-de-contenedores-en-puertos-del-callao-paita-ilo-y-salaverry\/#primaryimage\"},\"thumbnailUrl\":\"http:\/\/aeronoticias.com.pe\/fotonoticias\/agosto\/puertos.JPG\",\"datePublished\":\"2008-08-26T14:51:36+00:00\",\"author\":{\"@id\":\"https:\/\/aeronoticias.com.pe\/noticiero\/#\/schema\/person\/fc1e5d578f4b62ba1cf7ac2bba1170a0\"},\"description\":\"Portal de noticias del Per\u00fa sobre el transporte a\u00e9reo, aviaci\u00f3n, turismo, hoteleria, actualidad.\",\"breadcrumb\":{\"@id\":\"https:\/\/aeronoticias.com.pe\/noticiero\/economia\/en-199-crecico-de-contenedores-en-puertos-del-callao-paita-ilo-y-salaverry\/#breadcrumb\"},\"inLanguage\":\"es\",\"potentialAction\":[{\"@type\":\"ReadAction\",\"target\":[\"https:\/\/aeronoticias.com.pe\/noticiero\/economia\/en-199-crecico-de-contenedores-en-puertos-del-callao-paita-ilo-y-salaverry\/\"]}]},{\"@type\":\"ImageObject\",\"inLanguage\":\"es\",\"@id\":\"https:\/\/aeronoticias.com.pe\/noticiero\/economia\/en-199-crecico-de-contenedores-en-puertos-del-callao-paita-ilo-y-salaverry\/#primaryimage\",\"url\":\"http:\/\/aeronoticias.com.pe\/fotonoticias\/agosto\/puertos.JPG\",\"contentUrl\":\"http:\/\/aeronoticias.com.pe\/fotonoticias\/agosto\/puertos.JPG\"},{\"@type\":\"BreadcrumbList\",\"@id\":\"https:\/\/aeronoticias.com.pe\/noticiero\/economia\/en-199-crecico-de-contenedores-en-puertos-del-callao-paita-ilo-y-salaverry\/#breadcrumb\",\"itemListElement\":[{\"@type\":\"ListItem\",\"position\":1,\"name\":\"Portada\",\"item\":\"https:\/\/aeronoticias.com.pe\/noticiero\/\"},{\"@type\":\"ListItem\",\"position\":2,\"name\":\"En 19.9% creci\"}]},{\"@type\":\"WebSite\",\"@id\":\"https:\/\/aeronoticias.com.pe\/noticiero\/#website\",\"url\":\"https:\/\/aeronoticias.com.pe\/noticiero\/\",\"name\":\"Aeronoticias.com.pe\",\"description\":\"Noticias de tranporte aereo, turismo, hoteles, gastronomia, actualidad, internacional\",\"potentialAction\":[{\"@type\":\"SearchAction\",\"target\":{\"@type\":\"EntryPoint\",\"urlTemplate\":\"https:\/\/aeronoticias.com.pe\/noticiero\/?s={search_term_string}\"},\"query-input\":{\"@type\":\"PropertyValueSpecification\",\"valueRequired\":true,\"valueName\":\"search_term_string\"}}],\"inLanguage\":\"es\"},{\"@type\":\"Person\",\"@id\":\"https:\/\/aeronoticias.com.pe\/noticiero\/#\/schema\/person\/fc1e5d578f4b62ba1cf7ac2bba1170a0\",\"name\":\"Redacci\u00f3n Aeronoticias\",\"url\":\"https:\/\/aeronoticias.com.pe\/noticiero\/author\/piloto\/\"}]}<\/script>\n<!-- \/ Yoast SEO plugin. -->","yoast_head_json":{"title":"En 19.9% creci","description":"Portal de noticias del Per\u00fa sobre el transporte a\u00e9reo, aviaci\u00f3n, turismo, hoteleria, actualidad.","robots":{"index":"index","follow":"follow","max-snippet":"max-snippet:-1","max-image-preview":"max-image-preview:large","max-video-preview":"max-video-preview:-1"},"canonical":"https:\/\/aeronoticias.com.pe\/noticiero\/economia\/en-199-crecico-de-contenedores-en-puertos-del-callao-paita-ilo-y-salaverry\/","og_locale":"es_ES","og_type":"article","og_title":"En 19.9% creci","og_description":"Portal de noticias del Per\u00fa sobre el transporte a\u00e9reo, aviaci\u00f3n, turismo, hoteleria, actualidad.","og_url":"https:\/\/aeronoticias.com.pe\/noticiero\/economia\/en-199-crecico-de-contenedores-en-puertos-del-callao-paita-ilo-y-salaverry\/","og_site_name":"Aeronoticias.com.pe","article_publisher":"https:\/\/www.facebook.com\/Aeronoticias.com.pe\/","article_published_time":"2008-08-26T14:51:36+00:00","og_image":[{"url":"http:\/\/aeronoticias.com.pe\/fotonoticias\/agosto\/puertos.JPG","type":"","width":"","height":""}],"author":"Redacci\u00f3n Aeronoticias","twitter_card":"summary_large_image","twitter_creator":"@aeronoticias","twitter_site":"@aeronoticias","twitter_misc":{"Escrito por":"Redacci\u00f3n Aeronoticias","Tiempo de lectura":"3 minutos"},"schema":{"@context":"https:\/\/schema.org","@graph":[{"@type":"WebPage","@id":"https:\/\/aeronoticias.com.pe\/noticiero\/economia\/en-199-crecico-de-contenedores-en-puertos-del-callao-paita-ilo-y-salaverry\/","url":"https:\/\/aeronoticias.com.pe\/noticiero\/economia\/en-199-crecico-de-contenedores-en-puertos-del-callao-paita-ilo-y-salaverry\/","name":"En 19.9% creci","isPartOf":{"@id":"https:\/\/aeronoticias.com.pe\/noticiero\/#website"},"primaryImageOfPage":{"@id":"https:\/\/aeronoticias.com.pe\/noticiero\/economia\/en-199-crecico-de-contenedores-en-puertos-del-callao-paita-ilo-y-salaverry\/#primaryimage"},"image":{"@id":"https:\/\/aeronoticias.com.pe\/noticiero\/economia\/en-199-crecico-de-contenedores-en-puertos-del-callao-paita-ilo-y-salaverry\/#primaryimage"},"thumbnailUrl":"http:\/\/aeronoticias.com.pe\/fotonoticias\/agosto\/puertos.JPG","datePublished":"2008-08-26T14:51:36+00:00","author":{"@id":"https:\/\/aeronoticias.com.pe\/noticiero\/#\/schema\/person\/fc1e5d578f4b62ba1cf7ac2bba1170a0"},"description":"Portal de noticias del Per\u00fa sobre el transporte a\u00e9reo, aviaci\u00f3n, turismo, hoteleria, actualidad.","breadcrumb":{"@id":"https:\/\/aeronoticias.com.pe\/noticiero\/economia\/en-199-crecico-de-contenedores-en-puertos-del-callao-paita-ilo-y-salaverry\/#breadcrumb"},"inLanguage":"es","potentialAction":[{"@type":"ReadAction","target":["https:\/\/aeronoticias.com.pe\/noticiero\/economia\/en-199-crecico-de-contenedores-en-puertos-del-callao-paita-ilo-y-salaverry\/"]}]},{"@type":"ImageObject","inLanguage":"es","@id":"https:\/\/aeronoticias.com.pe\/noticiero\/economia\/en-199-crecico-de-contenedores-en-puertos-del-callao-paita-ilo-y-salaverry\/#primaryimage","url":"http:\/\/aeronoticias.com.pe\/fotonoticias\/agosto\/puertos.JPG","contentUrl":"http:\/\/aeronoticias.com.pe\/fotonoticias\/agosto\/puertos.JPG"},{"@type":"BreadcrumbList","@id":"https:\/\/aeronoticias.com.pe\/noticiero\/economia\/en-199-crecico-de-contenedores-en-puertos-del-callao-paita-ilo-y-salaverry\/#breadcrumb","itemListElement":[{"@type":"ListItem","position":1,"name":"Portada","item":"https:\/\/aeronoticias.com.pe\/noticiero\/"},{"@type":"ListItem","position":2,"name":"En 19.9% creci"}]},{"@type":"WebSite","@id":"https:\/\/aeronoticias.com.pe\/noticiero\/#website","url":"https:\/\/aeronoticias.com.pe\/noticiero\/","name":"Aeronoticias.com.pe","description":"Noticias de tranporte aereo, turismo, hoteles, gastronomia, actualidad, internacional","potentialAction":[{"@type":"SearchAction","target":{"@type":"EntryPoint","urlTemplate":"https:\/\/aeronoticias.com.pe\/noticiero\/?s={search_term_string}"},"query-input":{"@type":"PropertyValueSpecification","valueRequired":true,"valueName":"search_term_string"}}],"inLanguage":"es"},{"@type":"Person","@id":"https:\/\/aeronoticias.com.pe\/noticiero\/#\/schema\/person\/fc1e5d578f4b62ba1cf7ac2bba1170a0","name":"Redacci\u00f3n Aeronoticias","url":"https:\/\/aeronoticias.com.pe\/noticiero\/author\/piloto\/"}]}},"_links":{"self":[{"href":"https:\/\/aeronoticias.com.pe\/noticiero\/wp-json\/wp\/v2\/posts\/330","targetHints":{"allow":["GET"]}}],"collection":[{"href":"https:\/\/aeronoticias.com.pe\/noticiero\/wp-json\/wp\/v2\/posts"}],"about":[{"href":"https:\/\/aeronoticias.com.pe\/noticiero\/wp-json\/wp\/v2\/types\/post"}],"author":[{"embeddable":true,"href":"https:\/\/aeronoticias.com.pe\/noticiero\/wp-json\/wp\/v2\/users\/1"}],"replies":[{"embeddable":true,"href":"https:\/\/aeronoticias.com.pe\/noticiero\/wp-json\/wp\/v2\/comments?post=330"}],"version-history":[{"count":0,"href":"https:\/\/aeronoticias.com.pe\/noticiero\/wp-json\/wp\/v2\/posts\/330\/revisions"}],"wp:attachment":[{"href":"https:\/\/aeronoticias.com.pe\/noticiero\/wp-json\/wp\/v2\/media?parent=330"}],"wp:term":[{"taxonomy":"category","embeddable":true,"href":"https:\/\/aeronoticias.com.pe\/noticiero\/wp-json\/wp\/v2\/categories?post=330"},{"taxonomy":"post_tag","embeddable":true,"href":"https:\/\/aeronoticias.com.pe\/noticiero\/wp-json\/wp\/v2\/tags?post=330"}],"curies":[{"name":"wp","href":"https:\/\/api.w.org\/{rel}","templated":true}]}}