{"id":33113,"date":"2012-12-18T15:21:01","date_gmt":"2012-12-18T15:21:01","guid":{"rendered":"http:\/\/desarrollo.mcvicious.com\/aero2020\/2012\/12\/18\/filiales-de-latam-compartiran-vuelos-con-american-airlines\/"},"modified":"2012-12-18T15:21:01","modified_gmt":"2012-12-18T15:21:01","slug":"filiales-de-latam-compartiran-vuelos-con-american-airlines","status":"publish","type":"post","link":"https:\/\/aeronoticias.com.pe\/noticiero\/transporte-aereo\/internacional\/filiales-de-latam-compartiran-vuelos-con-american-airlines\/","title":{"rendered":"Filiales de Latam compartir\u00e1n vuelos con American Airlines"},"content":{"rendered":"<p style=\"text-align: justify;\"><strong>(Aeronoticias).-<\/strong> La brasile\u00f1a TAM Linhas A\u00e9reas y LAN Colombia, unidades del grupo Latam, firmaron este lunes acuerdos para compartir vuelos con American Airlines y as\u00ed aumentar sus opciones de destinos en Estados Unidos y Canad\u00e1.<\/p>\n<p style=\"text-align: justify;\">Los acuerdos llegan en momentos en que Latam, el mayor conglomerado a\u00e9reo de Am\u00e9rica Latina nacido de la fusi\u00f3n de la chilena LAN y TAM, debe decidir a qu\u00e9 alianza global de aerol\u00edneas se unir\u00e1 definitivamente.<\/p>\n<p style=\"text-align: justify;\">LAN integra la alianza One World, mientras que TAM forma parte de Star Alliance, un hecho que no podr\u00e1 extenderse por m\u00e1s de un a\u00f1o y medio seg\u00fan la condici\u00f3n impuesta por un ente antimonopolio al aprobar la fusi\u00f3n.<\/p>\n<p>  <!--more-->  <\/p>\n<p style=\"text-align: justify;\">Latam eval\u00faa sus opciones considerando entre otros factores el nivel de conexiones que tiene el grupo tras la fusi\u00f3n concretada en junio, los nuevos centros de operaciones que planea abrir y el flujo de pasajeros que podr\u00eda capturar hacia nuevos mercados.<\/p>\n<p style=\"text-align: justify;\">El grupo da dicho que para mediados del 2013 podr\u00eda anunciar la alianza por la que optar\u00e1, o si finalmente firmar\u00e1 m\u00e1s pactos de c\u00f3digo compartido con otras aerol\u00edneas.<\/p>\n<p style=\"text-align: justify;\">American Airlines (AA), que pertenece tambi\u00e9n a One World, podr\u00e1 ofrecer a los pasajeros provenientes de Colombia y Brasil m\u00e1s de 40 opciones de viaje hacia y dentro de Estados Unidos y Canad\u00e1, potenciando la conectividad en esa regi\u00f3n.<\/p>\n<p style=\"text-align: justify;\">Los acuerdos todav\u00eda deben ser aprobados por las autoridades de transporte a\u00e9reo de Estados Unidos, Brasil y Colombia.<\/p>\n<p style=\"text-align: justify;\">\u00abCuando se apruebe el acuerdo con American Airlines, podremos aumentar y diversificar las opciones de vuelos en Am\u00e9rica del Norte, regi\u00f3n que recibe un flujo intenso de turistas y de viajeros de negocios todos los a\u00f1os\u00bb, dijo el presidente de TAM, Marco Antonio Bologna, en un comunicado.<\/p>\n<p style=\"text-align: justify;\">Este anuncio se conoce pocas semanas despu\u00e9s de que Gol Linhas A\u00e9reas anunciara el inicio de sus vuelos regulares hacia Miami y Orlando.<\/p>\n<p style=\"text-align: justify;\">Los pasajeros de LAN Colombia, en tanto, podr\u00e1n conectar de manera directa desde Bogot\u00e1 a Miami y desde all\u00ed aprovechar la red de destinos de AA.<\/p>\n<p style=\"text-align: justify;\">\u00abEste acuerdo fortalecer\u00e1 la posici\u00f3n de la compa\u00f1\u00eda en Norteam\u00e9rica, adem\u00e1s de ofrecer m\u00e1s opciones a los pasajeros (&#8230;) con el c\u00f3digo compartido con American Airlines en Norteam\u00e9rica\u00bb, dijo Hern\u00e1n Pasman, director ejecutivo de LAN Colombia.<\/p>\n<p style=\"text-align: justify;\">Los t\u00edtulos de LATAM ca\u00edan a las 15:00 hora local (18:00 GMT) un 0,54%, a 11.055 pesos por acci\u00f3n en la Bolsa de Comercio de Santiago.<\/p>\n<p style=\"text-align: justify;\">Reuters.<\/p>\n<p style=\"text-align: justify;\"><img decoding=\"async\" src=\"images\/stories\/12\/06\/250612\/lan_tam_latam.jpg\" border=\"0\" alt=\"Filiales de Latam compartir\u00e1n vuelos con American Airlines\" title=\"Filiales de Latam compartir\u00e1n vuelos con American Airlines\" \/><\/p>\n","protected":false},"excerpt":{"rendered":"<p>(Aeronoticias).- La brasile\u00f1a TAM Linhas A\u00e9reas y LAN Colombia, unidades del grupo Latam, firmaron este lunes acuerdos para compartir vuelos con American Airlines y as\u00ed aumentar sus opciones de destinos en Estados Unidos y Canad\u00e1. Los acuerdos llegan en momentos en que Latam, el mayor conglomerado a\u00e9reo de Am\u00e9rica Latina nacido de la fusi\u00f3n de [&hellip;]<\/p>\n","protected":false},"author":1,"featured_media":0,"comment_status":"open","ping_status":"open","sticky":false,"template":"","format":"standard","meta":{"tdm_status":"","tdm_grid_status":"","footnotes":""},"categories":[32],"tags":[],"class_list":{"0":"post-33113","1":"post","2":"type-post","3":"status-publish","4":"format-standard","6":"category-internacional"},"yoast_head":"<!-- This site is optimized with the Yoast SEO plugin v25.1 - https:\/\/yoast.com\/wordpress\/plugins\/seo\/ -->\n<title>Filiales de Latam compartir\u00e1n vuelos con American Airlines<\/title>\n<meta name=\"description\" content=\"Portal de noticias del Per\u00fa sobre el transporte a\u00e9reo, aviaci\u00f3n, turismo, hoteleria, actualidad.\" \/>\n<meta name=\"robots\" content=\"index, follow, max-snippet:-1, max-image-preview:large, max-video-preview:-1\" \/>\n<link rel=\"canonical\" href=\"https:\/\/aeronoticias.com.pe\/noticiero\/transporte-aereo\/internacional\/filiales-de-latam-compartiran-vuelos-con-american-airlines\/\" \/>\n<meta property=\"og:locale\" content=\"es_ES\" \/>\n<meta property=\"og:type\" content=\"article\" \/>\n<meta property=\"og:title\" content=\"Filiales de Latam compartir\u00e1n vuelos con American Airlines\" \/>\n<meta property=\"og:description\" content=\"Portal de noticias del Per\u00fa sobre el transporte a\u00e9reo, aviaci\u00f3n, turismo, hoteleria, actualidad.\" \/>\n<meta property=\"og:url\" content=\"https:\/\/aeronoticias.com.pe\/noticiero\/transporte-aereo\/internacional\/filiales-de-latam-compartiran-vuelos-con-american-airlines\/\" \/>\n<meta property=\"og:site_name\" content=\"Aeronoticias.com.pe\" \/>\n<meta property=\"article:publisher\" content=\"https:\/\/www.facebook.com\/Aeronoticias.com.pe\/\" \/>\n<meta property=\"article:published_time\" content=\"2012-12-18T15:21:01+00:00\" \/>\n<meta name=\"author\" content=\"Redacci\u00f3n Aeronoticias\" \/>\n<meta name=\"twitter:card\" content=\"summary_large_image\" \/>\n<meta name=\"twitter:creator\" content=\"@aeronoticias\" \/>\n<meta name=\"twitter:site\" content=\"@aeronoticias\" \/>\n<meta name=\"twitter:label1\" content=\"Escrito por\" \/>\n\t<meta name=\"twitter:data1\" content=\"Redacci\u00f3n Aeronoticias\" \/>\n\t<meta name=\"twitter:label2\" content=\"Tiempo de lectura\" \/>\n\t<meta name=\"twitter:data2\" content=\"2 minutos\" \/>\n<script type=\"application\/ld+json\" class=\"yoast-schema-graph\">{\"@context\":\"https:\/\/schema.org\",\"@graph\":[{\"@type\":\"WebPage\",\"@id\":\"https:\/\/aeronoticias.com.pe\/noticiero\/transporte-aereo\/internacional\/filiales-de-latam-compartiran-vuelos-con-american-airlines\/\",\"url\":\"https:\/\/aeronoticias.com.pe\/noticiero\/transporte-aereo\/internacional\/filiales-de-latam-compartiran-vuelos-con-american-airlines\/\",\"name\":\"Filiales de Latam compartir\u00e1n vuelos con American Airlines\",\"isPartOf\":{\"@id\":\"https:\/\/aeronoticias.com.pe\/noticiero\/#website\"},\"datePublished\":\"2012-12-18T15:21:01+00:00\",\"author\":{\"@id\":\"https:\/\/aeronoticias.com.pe\/noticiero\/#\/schema\/person\/fc1e5d578f4b62ba1cf7ac2bba1170a0\"},\"description\":\"Portal de noticias del Per\u00fa sobre el transporte a\u00e9reo, aviaci\u00f3n, turismo, hoteleria, actualidad.\",\"breadcrumb\":{\"@id\":\"https:\/\/aeronoticias.com.pe\/noticiero\/transporte-aereo\/internacional\/filiales-de-latam-compartiran-vuelos-con-american-airlines\/#breadcrumb\"},\"inLanguage\":\"es\",\"potentialAction\":[{\"@type\":\"ReadAction\",\"target\":[\"https:\/\/aeronoticias.com.pe\/noticiero\/transporte-aereo\/internacional\/filiales-de-latam-compartiran-vuelos-con-american-airlines\/\"]}]},{\"@type\":\"BreadcrumbList\",\"@id\":\"https:\/\/aeronoticias.com.pe\/noticiero\/transporte-aereo\/internacional\/filiales-de-latam-compartiran-vuelos-con-american-airlines\/#breadcrumb\",\"itemListElement\":[{\"@type\":\"ListItem\",\"position\":1,\"name\":\"Portada\",\"item\":\"https:\/\/aeronoticias.com.pe\/noticiero\/\"},{\"@type\":\"ListItem\",\"position\":2,\"name\":\"Filiales de Latam compartir\u00e1n vuelos con American Airlines\"}]},{\"@type\":\"WebSite\",\"@id\":\"https:\/\/aeronoticias.com.pe\/noticiero\/#website\",\"url\":\"https:\/\/aeronoticias.com.pe\/noticiero\/\",\"name\":\"Aeronoticias.com.pe\",\"description\":\"Noticias de tranporte aereo, turismo, hoteles, gastronomia, actualidad, internacional\",\"potentialAction\":[{\"@type\":\"SearchAction\",\"target\":{\"@type\":\"EntryPoint\",\"urlTemplate\":\"https:\/\/aeronoticias.com.pe\/noticiero\/?s={search_term_string}\"},\"query-input\":{\"@type\":\"PropertyValueSpecification\",\"valueRequired\":true,\"valueName\":\"search_term_string\"}}],\"inLanguage\":\"es\"},{\"@type\":\"Person\",\"@id\":\"https:\/\/aeronoticias.com.pe\/noticiero\/#\/schema\/person\/fc1e5d578f4b62ba1cf7ac2bba1170a0\",\"name\":\"Redacci\u00f3n Aeronoticias\",\"url\":\"https:\/\/aeronoticias.com.pe\/noticiero\/author\/piloto\/\"}]}<\/script>\n<!-- \/ Yoast SEO plugin. -->","yoast_head_json":{"title":"Filiales de Latam compartir\u00e1n vuelos con American Airlines","description":"Portal de noticias del Per\u00fa sobre el transporte a\u00e9reo, aviaci\u00f3n, turismo, hoteleria, actualidad.","robots":{"index":"index","follow":"follow","max-snippet":"max-snippet:-1","max-image-preview":"max-image-preview:large","max-video-preview":"max-video-preview:-1"},"canonical":"https:\/\/aeronoticias.com.pe\/noticiero\/transporte-aereo\/internacional\/filiales-de-latam-compartiran-vuelos-con-american-airlines\/","og_locale":"es_ES","og_type":"article","og_title":"Filiales de Latam compartir\u00e1n vuelos con American Airlines","og_description":"Portal de noticias del Per\u00fa sobre el transporte a\u00e9reo, aviaci\u00f3n, turismo, hoteleria, actualidad.","og_url":"https:\/\/aeronoticias.com.pe\/noticiero\/transporte-aereo\/internacional\/filiales-de-latam-compartiran-vuelos-con-american-airlines\/","og_site_name":"Aeronoticias.com.pe","article_publisher":"https:\/\/www.facebook.com\/Aeronoticias.com.pe\/","article_published_time":"2012-12-18T15:21:01+00:00","author":"Redacci\u00f3n Aeronoticias","twitter_card":"summary_large_image","twitter_creator":"@aeronoticias","twitter_site":"@aeronoticias","twitter_misc":{"Escrito por":"Redacci\u00f3n Aeronoticias","Tiempo de lectura":"2 minutos"},"schema":{"@context":"https:\/\/schema.org","@graph":[{"@type":"WebPage","@id":"https:\/\/aeronoticias.com.pe\/noticiero\/transporte-aereo\/internacional\/filiales-de-latam-compartiran-vuelos-con-american-airlines\/","url":"https:\/\/aeronoticias.com.pe\/noticiero\/transporte-aereo\/internacional\/filiales-de-latam-compartiran-vuelos-con-american-airlines\/","name":"Filiales de Latam compartir\u00e1n vuelos con American Airlines","isPartOf":{"@id":"https:\/\/aeronoticias.com.pe\/noticiero\/#website"},"datePublished":"2012-12-18T15:21:01+00:00","author":{"@id":"https:\/\/aeronoticias.com.pe\/noticiero\/#\/schema\/person\/fc1e5d578f4b62ba1cf7ac2bba1170a0"},"description":"Portal de noticias del Per\u00fa sobre el transporte a\u00e9reo, aviaci\u00f3n, turismo, hoteleria, actualidad.","breadcrumb":{"@id":"https:\/\/aeronoticias.com.pe\/noticiero\/transporte-aereo\/internacional\/filiales-de-latam-compartiran-vuelos-con-american-airlines\/#breadcrumb"},"inLanguage":"es","potentialAction":[{"@type":"ReadAction","target":["https:\/\/aeronoticias.com.pe\/noticiero\/transporte-aereo\/internacional\/filiales-de-latam-compartiran-vuelos-con-american-airlines\/"]}]},{"@type":"BreadcrumbList","@id":"https:\/\/aeronoticias.com.pe\/noticiero\/transporte-aereo\/internacional\/filiales-de-latam-compartiran-vuelos-con-american-airlines\/#breadcrumb","itemListElement":[{"@type":"ListItem","position":1,"name":"Portada","item":"https:\/\/aeronoticias.com.pe\/noticiero\/"},{"@type":"ListItem","position":2,"name":"Filiales de Latam compartir\u00e1n vuelos con American Airlines"}]},{"@type":"WebSite","@id":"https:\/\/aeronoticias.com.pe\/noticiero\/#website","url":"https:\/\/aeronoticias.com.pe\/noticiero\/","name":"Aeronoticias.com.pe","description":"Noticias de tranporte aereo, turismo, hoteles, gastronomia, actualidad, internacional","potentialAction":[{"@type":"SearchAction","target":{"@type":"EntryPoint","urlTemplate":"https:\/\/aeronoticias.com.pe\/noticiero\/?s={search_term_string}"},"query-input":{"@type":"PropertyValueSpecification","valueRequired":true,"valueName":"search_term_string"}}],"inLanguage":"es"},{"@type":"Person","@id":"https:\/\/aeronoticias.com.pe\/noticiero\/#\/schema\/person\/fc1e5d578f4b62ba1cf7ac2bba1170a0","name":"Redacci\u00f3n Aeronoticias","url":"https:\/\/aeronoticias.com.pe\/noticiero\/author\/piloto\/"}]}},"_links":{"self":[{"href":"https:\/\/aeronoticias.com.pe\/noticiero\/wp-json\/wp\/v2\/posts\/33113","targetHints":{"allow":["GET"]}}],"collection":[{"href":"https:\/\/aeronoticias.com.pe\/noticiero\/wp-json\/wp\/v2\/posts"}],"about":[{"href":"https:\/\/aeronoticias.com.pe\/noticiero\/wp-json\/wp\/v2\/types\/post"}],"author":[{"embeddable":true,"href":"https:\/\/aeronoticias.com.pe\/noticiero\/wp-json\/wp\/v2\/users\/1"}],"replies":[{"embeddable":true,"href":"https:\/\/aeronoticias.com.pe\/noticiero\/wp-json\/wp\/v2\/comments?post=33113"}],"version-history":[{"count":0,"href":"https:\/\/aeronoticias.com.pe\/noticiero\/wp-json\/wp\/v2\/posts\/33113\/revisions"}],"wp:attachment":[{"href":"https:\/\/aeronoticias.com.pe\/noticiero\/wp-json\/wp\/v2\/media?parent=33113"}],"wp:term":[{"taxonomy":"category","embeddable":true,"href":"https:\/\/aeronoticias.com.pe\/noticiero\/wp-json\/wp\/v2\/categories?post=33113"},{"taxonomy":"post_tag","embeddable":true,"href":"https:\/\/aeronoticias.com.pe\/noticiero\/wp-json\/wp\/v2\/tags?post=33113"}],"curies":[{"name":"wp","href":"https:\/\/api.w.org\/{rel}","templated":true}]}}