{"id":33118,"date":"2012-12-18T17:08:21","date_gmt":"2012-12-18T17:08:21","guid":{"rendered":"http:\/\/desarrollo.mcvicious.com\/aero2020\/2012\/12\/18\/intensas-lluvias-afectaron-zona-de-yauyos-donde-habria-caido-nave-de-carga\/"},"modified":"2012-12-18T17:08:21","modified_gmt":"2012-12-18T17:08:21","slug":"intensas-lluvias-afectaron-zona-de-yauyos-donde-habria-caido-nave-de-carga","status":"publish","type":"post","link":"https:\/\/aeronoticias.com.pe\/noticiero\/nacionales\/intensas-lluvias-afectaron-zona-de-yauyos-donde-habria-caido-nave-de-carga\/","title":{"rendered":"Intensas lluvias afectaron zona de Yauyos donde habr\u00eda ca\u00eddo nave de carga"},"content":{"rendered":"<p style=\"text-align: justify;\"><strong>(Aeronoticias).- <\/strong>Intensas lluvias se registraron el lunes en el sector de la reserva paisaj\u00edstica Nor Yauyos Cochas, donde habr\u00eda ca\u00eddo un avi\u00f3n de carga de la empresa Amazon Sky, que fue reportado como desaparecido en la v\u00edspera, se inform\u00f3 este martes.<\/p>\n<p style=\"text-align: justify;\">Abd\u00edas Villoslada, especialista de la reserva, indic\u00f3 a la agencia Andina que el mal tiempo fue constante ayer y posiblemente durante el paso de la nave que parti\u00f3 de Lima con destino al aer\u00f3dromo de Malvinas, en Cusco.<\/p>\n<p style=\"text-align: justify;\">Dijo que, de acuerdo a informaci\u00f3n brindada por pobladores y el alcalde del distrito de Tomas, Elmer Bonilla, la m\u00e1quina fue avistada al mediod\u00eda al momento de caer, luego de lo cual se produjo una explosi\u00f3n.<\/p>\n<p>  <!--more-->  <\/p>\n<p style=\"text-align: justify;\">Se\u00f1al\u00f3 que la zona del accidente es la quebrada de Sinhua, en el sector conocido como Wichques, hasta donde habr\u00eda partido un grupo de pobladores para colaborar con las tareas de rescate.<\/p>\n<p style=\"text-align: justify;\"><strong>M\u00e1s informaci\u00f3n<\/strong><\/p>\n<p style=\"text-align: justify;\">Villoslada refiri\u00f3, adem\u00e1s, que los guardaparques de la reserva tambi\u00e9n apoyar\u00e1n en esta labor al ser conocedores del lugar, que est\u00e1 a tres horas y media de distancia desde Huancayo, capital de la regi\u00f3n Jun\u00edn.<\/p>\n<p style=\"text-align: justify;\">Fuente: Andina<\/p>\n<p><img decoding=\"async\" src=\"images\/stories\/12\/12\/181212\/yauyos.jpg\" border=\"0\" alt=\"Intensas lluvias afectaron zona de Yauyos donde habr\u00eda ca\u00eddo nave de carga\" title=\"Intensas lluvias afectaron zona de Yauyos donde habr\u00eda ca\u00eddo nave de carga\" \/><\/p>\n<p><\/p>\n","protected":false},"excerpt":{"rendered":"<p>(Aeronoticias).- Intensas lluvias se registraron el lunes en el sector de la reserva paisaj\u00edstica Nor Yauyos Cochas, donde habr\u00eda ca\u00eddo un avi\u00f3n de carga de la empresa Amazon Sky, que fue reportado como desaparecido en la v\u00edspera, se inform\u00f3 este martes. Abd\u00edas Villoslada, especialista de la reserva, indic\u00f3 a la agencia Andina que el mal [&hellip;]<\/p>\n","protected":false},"author":1,"featured_media":0,"comment_status":"open","ping_status":"open","sticky":false,"template":"","format":"standard","meta":{"tdm_status":"","tdm_grid_status":"","footnotes":""},"categories":[38],"tags":[],"class_list":{"0":"post-33118","1":"post","2":"type-post","3":"status-publish","4":"format-standard","6":"category-nacionales"},"yoast_head":"<!-- This site is optimized with the Yoast SEO plugin v25.1 - https:\/\/yoast.com\/wordpress\/plugins\/seo\/ -->\n<title>Intensas lluvias afectaron zona de Yauyos donde habr\u00eda ca\u00eddo nave de carga<\/title>\n<meta name=\"description\" content=\"Portal de noticias del Per\u00fa sobre el transporte a\u00e9reo, aviaci\u00f3n, turismo, hoteleria, actualidad.\" \/>\n<meta name=\"robots\" content=\"index, follow, max-snippet:-1, max-image-preview:large, max-video-preview:-1\" \/>\n<link rel=\"canonical\" href=\"https:\/\/aeronoticias.com.pe\/noticiero\/nacionales\/intensas-lluvias-afectaron-zona-de-yauyos-donde-habria-caido-nave-de-carga\/\" \/>\n<meta property=\"og:locale\" content=\"es_ES\" \/>\n<meta property=\"og:type\" content=\"article\" \/>\n<meta property=\"og:title\" content=\"Intensas lluvias afectaron zona de Yauyos donde habr\u00eda ca\u00eddo nave de carga\" \/>\n<meta property=\"og:description\" content=\"Portal de noticias del Per\u00fa sobre el transporte a\u00e9reo, aviaci\u00f3n, turismo, hoteleria, actualidad.\" \/>\n<meta property=\"og:url\" content=\"https:\/\/aeronoticias.com.pe\/noticiero\/nacionales\/intensas-lluvias-afectaron-zona-de-yauyos-donde-habria-caido-nave-de-carga\/\" \/>\n<meta property=\"og:site_name\" content=\"Aeronoticias.com.pe\" \/>\n<meta property=\"article:publisher\" content=\"https:\/\/www.facebook.com\/Aeronoticias.com.pe\/\" \/>\n<meta property=\"article:published_time\" content=\"2012-12-18T17:08:21+00:00\" \/>\n<meta name=\"author\" content=\"Redacci\u00f3n Aeronoticias\" \/>\n<meta name=\"twitter:card\" content=\"summary_large_image\" \/>\n<meta name=\"twitter:creator\" content=\"@aeronoticias\" \/>\n<meta name=\"twitter:site\" content=\"@aeronoticias\" \/>\n<meta name=\"twitter:label1\" content=\"Escrito por\" \/>\n\t<meta name=\"twitter:data1\" content=\"Redacci\u00f3n Aeronoticias\" \/>\n\t<meta name=\"twitter:label2\" content=\"Tiempo de lectura\" \/>\n\t<meta name=\"twitter:data2\" content=\"1 minuto\" \/>\n<script type=\"application\/ld+json\" class=\"yoast-schema-graph\">{\"@context\":\"https:\/\/schema.org\",\"@graph\":[{\"@type\":\"WebPage\",\"@id\":\"https:\/\/aeronoticias.com.pe\/noticiero\/nacionales\/intensas-lluvias-afectaron-zona-de-yauyos-donde-habria-caido-nave-de-carga\/\",\"url\":\"https:\/\/aeronoticias.com.pe\/noticiero\/nacionales\/intensas-lluvias-afectaron-zona-de-yauyos-donde-habria-caido-nave-de-carga\/\",\"name\":\"Intensas lluvias afectaron zona de Yauyos donde habr\u00eda ca\u00eddo nave de carga\",\"isPartOf\":{\"@id\":\"https:\/\/aeronoticias.com.pe\/noticiero\/#website\"},\"datePublished\":\"2012-12-18T17:08:21+00:00\",\"author\":{\"@id\":\"https:\/\/aeronoticias.com.pe\/noticiero\/#\/schema\/person\/fc1e5d578f4b62ba1cf7ac2bba1170a0\"},\"description\":\"Portal de noticias del Per\u00fa sobre el transporte a\u00e9reo, aviaci\u00f3n, turismo, hoteleria, actualidad.\",\"breadcrumb\":{\"@id\":\"https:\/\/aeronoticias.com.pe\/noticiero\/nacionales\/intensas-lluvias-afectaron-zona-de-yauyos-donde-habria-caido-nave-de-carga\/#breadcrumb\"},\"inLanguage\":\"es\",\"potentialAction\":[{\"@type\":\"ReadAction\",\"target\":[\"https:\/\/aeronoticias.com.pe\/noticiero\/nacionales\/intensas-lluvias-afectaron-zona-de-yauyos-donde-habria-caido-nave-de-carga\/\"]}]},{\"@type\":\"BreadcrumbList\",\"@id\":\"https:\/\/aeronoticias.com.pe\/noticiero\/nacionales\/intensas-lluvias-afectaron-zona-de-yauyos-donde-habria-caido-nave-de-carga\/#breadcrumb\",\"itemListElement\":[{\"@type\":\"ListItem\",\"position\":1,\"name\":\"Portada\",\"item\":\"https:\/\/aeronoticias.com.pe\/noticiero\/\"},{\"@type\":\"ListItem\",\"position\":2,\"name\":\"Intensas lluvias afectaron zona de Yauyos donde habr\u00eda ca\u00eddo nave de carga\"}]},{\"@type\":\"WebSite\",\"@id\":\"https:\/\/aeronoticias.com.pe\/noticiero\/#website\",\"url\":\"https:\/\/aeronoticias.com.pe\/noticiero\/\",\"name\":\"Aeronoticias.com.pe\",\"description\":\"Noticias de tranporte aereo, turismo, hoteles, gastronomia, actualidad, internacional\",\"potentialAction\":[{\"@type\":\"SearchAction\",\"target\":{\"@type\":\"EntryPoint\",\"urlTemplate\":\"https:\/\/aeronoticias.com.pe\/noticiero\/?s={search_term_string}\"},\"query-input\":{\"@type\":\"PropertyValueSpecification\",\"valueRequired\":true,\"valueName\":\"search_term_string\"}}],\"inLanguage\":\"es\"},{\"@type\":\"Person\",\"@id\":\"https:\/\/aeronoticias.com.pe\/noticiero\/#\/schema\/person\/fc1e5d578f4b62ba1cf7ac2bba1170a0\",\"name\":\"Redacci\u00f3n Aeronoticias\",\"url\":\"https:\/\/aeronoticias.com.pe\/noticiero\/author\/piloto\/\"}]}<\/script>\n<!-- \/ Yoast SEO plugin. -->","yoast_head_json":{"title":"Intensas lluvias afectaron zona de Yauyos donde habr\u00eda ca\u00eddo nave de carga","description":"Portal de noticias del Per\u00fa sobre el transporte a\u00e9reo, aviaci\u00f3n, turismo, hoteleria, actualidad.","robots":{"index":"index","follow":"follow","max-snippet":"max-snippet:-1","max-image-preview":"max-image-preview:large","max-video-preview":"max-video-preview:-1"},"canonical":"https:\/\/aeronoticias.com.pe\/noticiero\/nacionales\/intensas-lluvias-afectaron-zona-de-yauyos-donde-habria-caido-nave-de-carga\/","og_locale":"es_ES","og_type":"article","og_title":"Intensas lluvias afectaron zona de Yauyos donde habr\u00eda ca\u00eddo nave de carga","og_description":"Portal de noticias del Per\u00fa sobre el transporte a\u00e9reo, aviaci\u00f3n, turismo, hoteleria, actualidad.","og_url":"https:\/\/aeronoticias.com.pe\/noticiero\/nacionales\/intensas-lluvias-afectaron-zona-de-yauyos-donde-habria-caido-nave-de-carga\/","og_site_name":"Aeronoticias.com.pe","article_publisher":"https:\/\/www.facebook.com\/Aeronoticias.com.pe\/","article_published_time":"2012-12-18T17:08:21+00:00","author":"Redacci\u00f3n Aeronoticias","twitter_card":"summary_large_image","twitter_creator":"@aeronoticias","twitter_site":"@aeronoticias","twitter_misc":{"Escrito por":"Redacci\u00f3n Aeronoticias","Tiempo de lectura":"1 minuto"},"schema":{"@context":"https:\/\/schema.org","@graph":[{"@type":"WebPage","@id":"https:\/\/aeronoticias.com.pe\/noticiero\/nacionales\/intensas-lluvias-afectaron-zona-de-yauyos-donde-habria-caido-nave-de-carga\/","url":"https:\/\/aeronoticias.com.pe\/noticiero\/nacionales\/intensas-lluvias-afectaron-zona-de-yauyos-donde-habria-caido-nave-de-carga\/","name":"Intensas lluvias afectaron zona de Yauyos donde habr\u00eda ca\u00eddo nave de carga","isPartOf":{"@id":"https:\/\/aeronoticias.com.pe\/noticiero\/#website"},"datePublished":"2012-12-18T17:08:21+00:00","author":{"@id":"https:\/\/aeronoticias.com.pe\/noticiero\/#\/schema\/person\/fc1e5d578f4b62ba1cf7ac2bba1170a0"},"description":"Portal de noticias del Per\u00fa sobre el transporte a\u00e9reo, aviaci\u00f3n, turismo, hoteleria, actualidad.","breadcrumb":{"@id":"https:\/\/aeronoticias.com.pe\/noticiero\/nacionales\/intensas-lluvias-afectaron-zona-de-yauyos-donde-habria-caido-nave-de-carga\/#breadcrumb"},"inLanguage":"es","potentialAction":[{"@type":"ReadAction","target":["https:\/\/aeronoticias.com.pe\/noticiero\/nacionales\/intensas-lluvias-afectaron-zona-de-yauyos-donde-habria-caido-nave-de-carga\/"]}]},{"@type":"BreadcrumbList","@id":"https:\/\/aeronoticias.com.pe\/noticiero\/nacionales\/intensas-lluvias-afectaron-zona-de-yauyos-donde-habria-caido-nave-de-carga\/#breadcrumb","itemListElement":[{"@type":"ListItem","position":1,"name":"Portada","item":"https:\/\/aeronoticias.com.pe\/noticiero\/"},{"@type":"ListItem","position":2,"name":"Intensas lluvias afectaron zona de Yauyos donde habr\u00eda ca\u00eddo nave de carga"}]},{"@type":"WebSite","@id":"https:\/\/aeronoticias.com.pe\/noticiero\/#website","url":"https:\/\/aeronoticias.com.pe\/noticiero\/","name":"Aeronoticias.com.pe","description":"Noticias de tranporte aereo, turismo, hoteles, gastronomia, actualidad, internacional","potentialAction":[{"@type":"SearchAction","target":{"@type":"EntryPoint","urlTemplate":"https:\/\/aeronoticias.com.pe\/noticiero\/?s={search_term_string}"},"query-input":{"@type":"PropertyValueSpecification","valueRequired":true,"valueName":"search_term_string"}}],"inLanguage":"es"},{"@type":"Person","@id":"https:\/\/aeronoticias.com.pe\/noticiero\/#\/schema\/person\/fc1e5d578f4b62ba1cf7ac2bba1170a0","name":"Redacci\u00f3n Aeronoticias","url":"https:\/\/aeronoticias.com.pe\/noticiero\/author\/piloto\/"}]}},"_links":{"self":[{"href":"https:\/\/aeronoticias.com.pe\/noticiero\/wp-json\/wp\/v2\/posts\/33118","targetHints":{"allow":["GET"]}}],"collection":[{"href":"https:\/\/aeronoticias.com.pe\/noticiero\/wp-json\/wp\/v2\/posts"}],"about":[{"href":"https:\/\/aeronoticias.com.pe\/noticiero\/wp-json\/wp\/v2\/types\/post"}],"author":[{"embeddable":true,"href":"https:\/\/aeronoticias.com.pe\/noticiero\/wp-json\/wp\/v2\/users\/1"}],"replies":[{"embeddable":true,"href":"https:\/\/aeronoticias.com.pe\/noticiero\/wp-json\/wp\/v2\/comments?post=33118"}],"version-history":[{"count":0,"href":"https:\/\/aeronoticias.com.pe\/noticiero\/wp-json\/wp\/v2\/posts\/33118\/revisions"}],"wp:attachment":[{"href":"https:\/\/aeronoticias.com.pe\/noticiero\/wp-json\/wp\/v2\/media?parent=33118"}],"wp:term":[{"taxonomy":"category","embeddable":true,"href":"https:\/\/aeronoticias.com.pe\/noticiero\/wp-json\/wp\/v2\/categories?post=33118"},{"taxonomy":"post_tag","embeddable":true,"href":"https:\/\/aeronoticias.com.pe\/noticiero\/wp-json\/wp\/v2\/tags?post=33118"}],"curies":[{"name":"wp","href":"https:\/\/api.w.org\/{rel}","templated":true}]}}