{"id":332,"date":"2008-08-26T18:26:50","date_gmt":"2008-08-26T18:26:50","guid":{"rendered":"http:\/\/desarrollo.mcvicious.com\/aero2020\/2008\/08\/26\/mincetur-destaca-el-desarrollo-de-pymes-para-el-mercado-europeo\/"},"modified":"2008-08-26T18:26:50","modified_gmt":"2008-08-26T18:26:50","slug":"mincetur-destaca-el-desarrollo-de-pymes-para-el-mercado-europeo","status":"publish","type":"post","link":"https:\/\/aeronoticias.com.pe\/noticiero\/turismo\/13\/mincetur-destaca-el-desarrollo-de-pymes-para-el-mercado-europeo\/","title":{"rendered":"Mincetur destaca el desarrollo de pymes para el mercado europeo"},"content":{"rendered":"<p style=\"font-size: 12px; margin: 0cm 0cm 0pt; color: #003a75; font-family: Arial, Helvetica, sans-serif\" class=\"MsoNormal\" align=\"justify\">La titular del Mincetur, Mercedes Ar&aacute;oz, afirm&oacute; que lo que se busca con un futuro Acuerdo de Asociaci&oacute;n Comunidad Andina-Uni&oacute;n Europea (CAN-UE) es desarrollar condiciones de transparencia, estabilidad y previsibilidad para incrementar las corrientes de comercio. <\/p>\n<p style=\"font-size: 12px; margin: 0cm 0cm 0pt; color: #003a75; font-family: Arial, Helvetica, sans-serif\" class=\"MsoNormal\" align=\"justify\">&nbsp;<\/p>\n<p style=\"font-size: 12px; margin: 0cm 0cm 0pt; color: #003a75; font-family: Arial, Helvetica, sans-serif\" class=\"MsoNormal\" align=\"justify\">Adem&aacute;s, buscamos brindar condiciones de confianza para la inversi&oacute;n, en el marco de la integraci&oacute;n andina, destac&oacute;.&ldquo;Tenemos que aprovechar el mercado de nichos de productos: comercio justo, productos org&aacute;nicos, productos sostenibles; la oportunidad para exportaciones no tradicionales, las preferencias arancelarias &ndash; SGP+&rdquo;, dijo.<\/p>\n<p> <!--more--> <\/p>\n<p style=\"font-size: 12px; color: #003a75; font-family: Arial, Helvetica, sans-serif\" align=\"center\"><strong>Pymes trabajan para poder competir<\/strong><\/p>\n<p style=\"font-size: 12px; color: #003a75; font-family: Arial, Helvetica, sans-serif\" align=\"justify\">Asimismo, destac&oacute; que las pymes vienen trabajando intensamente para poder competir con los socios con los que planeamos tener acuerdos comerciales. <\/p>\n<p style=\"font-size: 12px; color: #003a75; font-family: Arial, Helvetica, sans-serif\" align=\"justify\">&ldquo;El grueso de nuestro sector productivo-exportador est&aacute; en las peque&ntilde;as empresas, son esas empresas que est&aacute;n empezando a desarrollarse para esos mercados que estamos negociando (como la UE), y es fundamental mostrar las oportunidades de negocio que se van generando con esta apertura comercial&rdquo;, refiri&oacute;.<\/p>\n<p style=\"font-size: 12px; color: #003a75; font-family: Arial, Helvetica, sans-serif\" align=\"justify\">De la misma forma, inform&oacute; que los avances y perspectivas para la IV Ronda de negociaciones est&aacute;n basadas en el intercambio de mejoras de oferta en servicios que se ver&aacute; este viernes 29 de agosto.<\/p>\n<p style=\"font-size: 12px; color: #003a75; font-family: Arial, Helvetica, sans-serif\" align=\"justify\">&ldquo;Esperamos superar el impasse andino definiendo un formato que ofrezca flexibilidades para todos los pa&iacute;ses miembros de la CAN&rdquo;, dijo.<\/p>\n<p style=\"font-size: 12px; color: #003a75; font-family: Arial, Helvetica, sans-serif\" align=\"center\"><strong>Acuerdo CAN-UE es integral<\/strong><\/p>\n<p style=\"font-size: 12px; color: #003a75; font-family: Arial, Helvetica, sans-serif\" align=\"justify\">La Ministra Araoz, record&oacute; que el acuerdo CAN-UE es un acuerdo integral, comprehensivo, con tres pilares igualmente importantes: di&aacute;logo pol&iacute;tico, cooperaci&oacute;n y comercio.<\/p>\n<p style=\"font-size: 12px; color: #003a75; font-family: Arial, Helvetica, sans-serif\" align=\"justify\">&ldquo;Eventualmente se podr&aacute; expresar diferencias entre pa&iacute;ses con el consentimiento de todos los Pa&iacute;ses Miembros de la CAN&rdquo;, agreg&oacute;.<\/p>\n<p style=\"font-size: 12px; color: #003a75; font-family: Arial, Helvetica, sans-serif\" align=\"justify\">La titular del MINCETUR particip&oacute; hoy del desayuno de trabajo con las C&aacute;maras Binacionales de la UE, Alemania, Espa&ntilde;a, Holanda, Inglaterra y Francia, donde expuso los avances del Acuerdo de Asociaci&oacute;n que se viene negociando entre la CAN y la UE.<\/p>\n","protected":false},"excerpt":{"rendered":"<p>La titular del Mincetur, Mercedes Ar&aacute;oz, afirm&oacute; que lo que se busca con un futuro Acuerdo de Asociaci&oacute;n Comunidad Andina-Uni&oacute;n Europea (CAN-UE) es desarrollar condiciones de transparencia, estabilidad y previsibilidad para incrementar las corrientes de comercio. &nbsp; Adem&aacute;s, buscamos brindar condiciones de confianza para la inversi&oacute;n, en el marco de la integraci&oacute;n andina, destac&oacute;.&ldquo;Tenemos que [&hellip;]<\/p>\n","protected":false},"author":1,"featured_media":0,"comment_status":"open","ping_status":"open","sticky":false,"template":"","format":"standard","meta":{"tdm_status":"","tdm_grid_status":"","footnotes":""},"categories":[31],"tags":[],"class_list":{"0":"post-332","1":"post","2":"type-post","3":"status-publish","4":"format-standard","6":"category-31"},"yoast_head":"<!-- This site is optimized with the Yoast SEO plugin v25.1 - https:\/\/yoast.com\/wordpress\/plugins\/seo\/ -->\n<title>Mincetur destaca el desarrollo de pymes para el mercado europeo<\/title>\n<meta name=\"description\" content=\"Portal de noticias del Per\u00fa sobre el transporte a\u00e9reo, aviaci\u00f3n, turismo, hoteleria, actualidad.\" \/>\n<meta name=\"robots\" content=\"index, follow, max-snippet:-1, max-image-preview:large, max-video-preview:-1\" \/>\n<link rel=\"canonical\" href=\"https:\/\/aeronoticias.com.pe\/noticiero\/turismo\/13\/mincetur-destaca-el-desarrollo-de-pymes-para-el-mercado-europeo\/\" \/>\n<meta property=\"og:locale\" content=\"es_ES\" \/>\n<meta property=\"og:type\" content=\"article\" \/>\n<meta property=\"og:title\" content=\"Mincetur destaca el desarrollo de pymes para el mercado europeo\" \/>\n<meta property=\"og:description\" content=\"Portal de noticias del Per\u00fa sobre el transporte a\u00e9reo, aviaci\u00f3n, turismo, hoteleria, actualidad.\" \/>\n<meta property=\"og:url\" content=\"https:\/\/aeronoticias.com.pe\/noticiero\/turismo\/13\/mincetur-destaca-el-desarrollo-de-pymes-para-el-mercado-europeo\/\" \/>\n<meta property=\"og:site_name\" content=\"Aeronoticias.com.pe\" \/>\n<meta property=\"article:publisher\" content=\"https:\/\/www.facebook.com\/Aeronoticias.com.pe\/\" \/>\n<meta property=\"article:published_time\" content=\"2008-08-26T18:26:50+00:00\" \/>\n<meta name=\"author\" content=\"Redacci\u00f3n Aeronoticias\" \/>\n<meta name=\"twitter:card\" content=\"summary_large_image\" \/>\n<meta name=\"twitter:creator\" content=\"@aeronoticias\" \/>\n<meta name=\"twitter:site\" content=\"@aeronoticias\" \/>\n<meta name=\"twitter:label1\" content=\"Escrito por\" \/>\n\t<meta name=\"twitter:data1\" content=\"Redacci\u00f3n Aeronoticias\" \/>\n\t<meta name=\"twitter:label2\" content=\"Tiempo de lectura\" \/>\n\t<meta name=\"twitter:data2\" content=\"2 minutos\" \/>\n<script type=\"application\/ld+json\" class=\"yoast-schema-graph\">{\"@context\":\"https:\/\/schema.org\",\"@graph\":[{\"@type\":\"WebPage\",\"@id\":\"https:\/\/aeronoticias.com.pe\/noticiero\/turismo\/13\/mincetur-destaca-el-desarrollo-de-pymes-para-el-mercado-europeo\/\",\"url\":\"https:\/\/aeronoticias.com.pe\/noticiero\/turismo\/13\/mincetur-destaca-el-desarrollo-de-pymes-para-el-mercado-europeo\/\",\"name\":\"Mincetur destaca el desarrollo de pymes para el mercado europeo\",\"isPartOf\":{\"@id\":\"https:\/\/aeronoticias.com.pe\/noticiero\/#website\"},\"datePublished\":\"2008-08-26T18:26:50+00:00\",\"author\":{\"@id\":\"https:\/\/aeronoticias.com.pe\/noticiero\/#\/schema\/person\/fc1e5d578f4b62ba1cf7ac2bba1170a0\"},\"description\":\"Portal de noticias del Per\u00fa sobre el transporte a\u00e9reo, aviaci\u00f3n, turismo, hoteleria, actualidad.\",\"breadcrumb\":{\"@id\":\"https:\/\/aeronoticias.com.pe\/noticiero\/turismo\/13\/mincetur-destaca-el-desarrollo-de-pymes-para-el-mercado-europeo\/#breadcrumb\"},\"inLanguage\":\"es\",\"potentialAction\":[{\"@type\":\"ReadAction\",\"target\":[\"https:\/\/aeronoticias.com.pe\/noticiero\/turismo\/13\/mincetur-destaca-el-desarrollo-de-pymes-para-el-mercado-europeo\/\"]}]},{\"@type\":\"BreadcrumbList\",\"@id\":\"https:\/\/aeronoticias.com.pe\/noticiero\/turismo\/13\/mincetur-destaca-el-desarrollo-de-pymes-para-el-mercado-europeo\/#breadcrumb\",\"itemListElement\":[{\"@type\":\"ListItem\",\"position\":1,\"name\":\"Portada\",\"item\":\"https:\/\/aeronoticias.com.pe\/noticiero\/\"},{\"@type\":\"ListItem\",\"position\":2,\"name\":\"Mincetur destaca el desarrollo de pymes para el mercado europeo\"}]},{\"@type\":\"WebSite\",\"@id\":\"https:\/\/aeronoticias.com.pe\/noticiero\/#website\",\"url\":\"https:\/\/aeronoticias.com.pe\/noticiero\/\",\"name\":\"Aeronoticias.com.pe\",\"description\":\"Noticias de tranporte aereo, turismo, hoteles, gastronomia, actualidad, internacional\",\"potentialAction\":[{\"@type\":\"SearchAction\",\"target\":{\"@type\":\"EntryPoint\",\"urlTemplate\":\"https:\/\/aeronoticias.com.pe\/noticiero\/?s={search_term_string}\"},\"query-input\":{\"@type\":\"PropertyValueSpecification\",\"valueRequired\":true,\"valueName\":\"search_term_string\"}}],\"inLanguage\":\"es\"},{\"@type\":\"Person\",\"@id\":\"https:\/\/aeronoticias.com.pe\/noticiero\/#\/schema\/person\/fc1e5d578f4b62ba1cf7ac2bba1170a0\",\"name\":\"Redacci\u00f3n Aeronoticias\",\"url\":\"https:\/\/aeronoticias.com.pe\/noticiero\/author\/piloto\/\"}]}<\/script>\n<!-- \/ Yoast SEO plugin. -->","yoast_head_json":{"title":"Mincetur destaca el desarrollo de pymes para el mercado europeo","description":"Portal de noticias del Per\u00fa sobre el transporte a\u00e9reo, aviaci\u00f3n, turismo, hoteleria, actualidad.","robots":{"index":"index","follow":"follow","max-snippet":"max-snippet:-1","max-image-preview":"max-image-preview:large","max-video-preview":"max-video-preview:-1"},"canonical":"https:\/\/aeronoticias.com.pe\/noticiero\/turismo\/13\/mincetur-destaca-el-desarrollo-de-pymes-para-el-mercado-europeo\/","og_locale":"es_ES","og_type":"article","og_title":"Mincetur destaca el desarrollo de pymes para el mercado europeo","og_description":"Portal de noticias del Per\u00fa sobre el transporte a\u00e9reo, aviaci\u00f3n, turismo, hoteleria, actualidad.","og_url":"https:\/\/aeronoticias.com.pe\/noticiero\/turismo\/13\/mincetur-destaca-el-desarrollo-de-pymes-para-el-mercado-europeo\/","og_site_name":"Aeronoticias.com.pe","article_publisher":"https:\/\/www.facebook.com\/Aeronoticias.com.pe\/","article_published_time":"2008-08-26T18:26:50+00:00","author":"Redacci\u00f3n Aeronoticias","twitter_card":"summary_large_image","twitter_creator":"@aeronoticias","twitter_site":"@aeronoticias","twitter_misc":{"Escrito por":"Redacci\u00f3n Aeronoticias","Tiempo de lectura":"2 minutos"},"schema":{"@context":"https:\/\/schema.org","@graph":[{"@type":"WebPage","@id":"https:\/\/aeronoticias.com.pe\/noticiero\/turismo\/13\/mincetur-destaca-el-desarrollo-de-pymes-para-el-mercado-europeo\/","url":"https:\/\/aeronoticias.com.pe\/noticiero\/turismo\/13\/mincetur-destaca-el-desarrollo-de-pymes-para-el-mercado-europeo\/","name":"Mincetur destaca el desarrollo de pymes para el mercado europeo","isPartOf":{"@id":"https:\/\/aeronoticias.com.pe\/noticiero\/#website"},"datePublished":"2008-08-26T18:26:50+00:00","author":{"@id":"https:\/\/aeronoticias.com.pe\/noticiero\/#\/schema\/person\/fc1e5d578f4b62ba1cf7ac2bba1170a0"},"description":"Portal de noticias del Per\u00fa sobre el transporte a\u00e9reo, aviaci\u00f3n, turismo, hoteleria, actualidad.","breadcrumb":{"@id":"https:\/\/aeronoticias.com.pe\/noticiero\/turismo\/13\/mincetur-destaca-el-desarrollo-de-pymes-para-el-mercado-europeo\/#breadcrumb"},"inLanguage":"es","potentialAction":[{"@type":"ReadAction","target":["https:\/\/aeronoticias.com.pe\/noticiero\/turismo\/13\/mincetur-destaca-el-desarrollo-de-pymes-para-el-mercado-europeo\/"]}]},{"@type":"BreadcrumbList","@id":"https:\/\/aeronoticias.com.pe\/noticiero\/turismo\/13\/mincetur-destaca-el-desarrollo-de-pymes-para-el-mercado-europeo\/#breadcrumb","itemListElement":[{"@type":"ListItem","position":1,"name":"Portada","item":"https:\/\/aeronoticias.com.pe\/noticiero\/"},{"@type":"ListItem","position":2,"name":"Mincetur destaca el desarrollo de pymes para el mercado europeo"}]},{"@type":"WebSite","@id":"https:\/\/aeronoticias.com.pe\/noticiero\/#website","url":"https:\/\/aeronoticias.com.pe\/noticiero\/","name":"Aeronoticias.com.pe","description":"Noticias de tranporte aereo, turismo, hoteles, gastronomia, actualidad, internacional","potentialAction":[{"@type":"SearchAction","target":{"@type":"EntryPoint","urlTemplate":"https:\/\/aeronoticias.com.pe\/noticiero\/?s={search_term_string}"},"query-input":{"@type":"PropertyValueSpecification","valueRequired":true,"valueName":"search_term_string"}}],"inLanguage":"es"},{"@type":"Person","@id":"https:\/\/aeronoticias.com.pe\/noticiero\/#\/schema\/person\/fc1e5d578f4b62ba1cf7ac2bba1170a0","name":"Redacci\u00f3n Aeronoticias","url":"https:\/\/aeronoticias.com.pe\/noticiero\/author\/piloto\/"}]}},"_links":{"self":[{"href":"https:\/\/aeronoticias.com.pe\/noticiero\/wp-json\/wp\/v2\/posts\/332","targetHints":{"allow":["GET"]}}],"collection":[{"href":"https:\/\/aeronoticias.com.pe\/noticiero\/wp-json\/wp\/v2\/posts"}],"about":[{"href":"https:\/\/aeronoticias.com.pe\/noticiero\/wp-json\/wp\/v2\/types\/post"}],"author":[{"embeddable":true,"href":"https:\/\/aeronoticias.com.pe\/noticiero\/wp-json\/wp\/v2\/users\/1"}],"replies":[{"embeddable":true,"href":"https:\/\/aeronoticias.com.pe\/noticiero\/wp-json\/wp\/v2\/comments?post=332"}],"version-history":[{"count":0,"href":"https:\/\/aeronoticias.com.pe\/noticiero\/wp-json\/wp\/v2\/posts\/332\/revisions"}],"wp:attachment":[{"href":"https:\/\/aeronoticias.com.pe\/noticiero\/wp-json\/wp\/v2\/media?parent=332"}],"wp:term":[{"taxonomy":"category","embeddable":true,"href":"https:\/\/aeronoticias.com.pe\/noticiero\/wp-json\/wp\/v2\/categories?post=332"},{"taxonomy":"post_tag","embeddable":true,"href":"https:\/\/aeronoticias.com.pe\/noticiero\/wp-json\/wp\/v2\/tags?post=332"}],"curies":[{"name":"wp","href":"https:\/\/api.w.org\/{rel}","templated":true}]}}